{"id":62123,"date":"2012-07-07T09:26:14","date_gmt":"2012-07-07T08:26:14","guid":{"rendered":"http:\/\/www.visit-ulcinj.com\/blog\/?p=62123"},"modified":"2012-07-07T18:05:19","modified_gmt":"2012-07-07T17:05:19","slug":"orange-gym-fitnes-ben-perurimin-e-celjes-me-9-7-2012","status":"publish","type":"post","link":"https:\/\/www.visit-ulcinj.com\/blog\/2012\/07\/07\/orange-gym-fitnes-ben-perurimin-e-celjes-me-9-7-2012\/","title":{"rendered":"Orange Gym Fitnes b\u00ebn p\u00ebrurimin e \u00e7eljes m\u00eb 9.7.2012"},"content":{"rendered":"<p><strong><a href=\"http:\/\/www.visit-ulcinj.com\/blog\/wp-content\/uploads\/2012\/07\/Orange-Gym-Fitnes-Ulqin.jpg\"><img loading=\"lazy\" class=\"alignleft  wp-image-62124\" title=\"Orange Gym Fitnes Ulqin\" src=\"http:\/\/www.visit-ulcinj.com\/blog\/wp-content\/uploads\/2012\/07\/Orange-Gym-Fitnes-Ulqin.jpg\" alt=\"\" width=\"508\" height=\"360\" \/><\/a>Filloi pun\u00ebn Fitnes Club Orange Gym \u00a0n\u00eb Ulqin.Orange Gym Fitnes b\u00ebn p\u00ebrurimin e \u00e7eljes m\u00eb 9.7.2012 n\u00eb ora 21:00<br \/>\n<\/strong><\/p>\n<p>Fitnesi I sapo hapur eshte hapur \u00ebshte ma I avansuari n\u00eb rajonin e Ulqinit,I pajisur me mjetet bashkohore.N\u00eb fitness pos tjerash,menjanoni monotonin\u00eb dhe stresin e juaj nga puna ditore,motivoheni dhe ndjeheni gjithmon n\u00eb form.<br \/>\nOrange Fitnes gym ju ofron cil\u00ebsin m\u00eb modern.<br \/>\nKlubi Orange Gym aktivitetin e tij e zhvillon n\u00ebrrug\u00ebn q\u00eb \u00e7on p\u00ebr n\u00eb pinjesh., n\u00eb nj\u00eb hap\u00ebsir\u00eb shum\u00eb t\u00eb madhe t\u00eb pajisur me mjete m\u00eb t\u00eb sofistikuara dhe m\u00eb t\u00eb adaptueshme p\u00ebr t\u00eb gjitha moshat dhe gjinit\u00eb.<br \/>\nUshtrimet zhvillohen n\u00ebn mbikqyrjen e trajnerit Adnan Rasulbegut.<\/p>\n<p>P\u00ebrurimi\u00a0 i Orange Gym Fitnes Club do t\u00eb b\u00ebhet t\u00eb h\u00ebn\u00ebn, m\u00eb 09 qershor 2012, n\u00eb or\u00ebn 21:00, n\u00eb mjediset e lokalit t\u00eb Orange Gym n\u00eb pinjesh.<\/p>\n<p><a href=\"https:\/\/www.facebook.com\/orange.gymul\" target=\"_blank\"><strong>P\u00ebr m\u00eb tep\u00ebr informata na kontaktoni ne faqen e Facebookut.<\/strong><\/a><\/p>\n\n\t\t<style type=\"text\/css\">\n\t\t\t#gallery-1 {\n\t\t\t\tmargin: auto;\n\t\t\t}\n\t\t\t#gallery-1 .gallery-item {\n\t\t\t\tfloat: left;\n\t\t\t\tmargin-top: 10px;\n\t\t\t\ttext-align: center;\n\t\t\t\twidth: 33%;\n\t\t\t}\n\t\t\t#gallery-1 img {\n\t\t\t\tborder: 2px solid #cfcfcf;\n\t\t\t}\n\t\t\t#gallery-1 .gallery-caption {\n\t\t\t\tmargin-left: 0;\n\t\t\t}\n\t\t\t\/* see gallery_shortcode() in wp-includes\/media.php *\/\n\t\t<\/style>\n\t\t<div id='gallery-1' class='gallery galleryid-62123 gallery-columns-3 gallery-size-thumbnail'><dl class='gallery-item'>\n\t\t\t<dt class='gallery-icon landscape'>\n\t\t\t\t<a href='https:\/\/www.visit-ulcinj.com\/blog\/wp-content\/uploads\/2012\/07\/Orange-Gym-Fitnes-Ulqin.1.jpg'><img width=\"150\" height=\"150\" src=\"https:\/\/www.visit-ulcinj.com\/blog\/wp-content\/uploads\/2012\/07\/Orange-Gym-Fitnes-Ulqin.1-150x150.jpg\" class=\"attachment-thumbnail size-thumbnail\" alt=\"\" loading=\"lazy\" \/><\/a>\n\t\t\t<\/dt><\/dl><dl class='gallery-item'>\n\t\t\t<dt class='gallery-icon landscape'>\n\t\t\t\t<a href='https:\/\/www.visit-ulcinj.com\/blog\/wp-content\/uploads\/2012\/07\/Orange-Gym-Fitnes-Ulqin.2.jpg'><img width=\"150\" height=\"150\" src=\"https:\/\/www.visit-ulcinj.com\/blog\/wp-content\/uploads\/2012\/07\/Orange-Gym-Fitnes-Ulqin.2-150x150.jpg\" class=\"attachment-thumbnail size-thumbnail\" alt=\"\" loading=\"lazy\" \/><\/a>\n\t\t\t<\/dt><\/dl><dl class='gallery-item'>\n\t\t\t<dt class='gallery-icon landscape'>\n\t\t\t\t<a href='https:\/\/www.visit-ulcinj.com\/blog\/wp-content\/uploads\/2012\/07\/Orange-Gym-Fitnes-Ulqin.3.jpg'><img width=\"150\" height=\"150\" src=\"https:\/\/www.visit-ulcinj.com\/blog\/wp-content\/uploads\/2012\/07\/Orange-Gym-Fitnes-Ulqin.3-150x150.jpg\" class=\"attachment-thumbnail size-thumbnail\" alt=\"\" loading=\"lazy\" \/><\/a>\n\t\t\t<\/dt><\/dl><br style=\"clear: both\" \/><dl class='gallery-item'>\n\t\t\t<dt class='gallery-icon landscape'>\n\t\t\t\t<a href='https:\/\/www.visit-ulcinj.com\/blog\/wp-content\/uploads\/2012\/07\/Orange-Gym-Fitnes-Ulqin.4.jpg'><img width=\"150\" height=\"150\" src=\"https:\/\/www.visit-ulcinj.com\/blog\/wp-content\/uploads\/2012\/07\/Orange-Gym-Fitnes-Ulqin.4-150x150.jpg\" class=\"attachment-thumbnail size-thumbnail\" alt=\"\" loading=\"lazy\" \/><\/a>\n\t\t\t<\/dt><\/dl><dl class='gallery-item'>\n\t\t\t<dt class='gallery-icon landscape'>\n\t\t\t\t<a href='https:\/\/www.visit-ulcinj.com\/blog\/wp-content\/uploads\/2012\/07\/Orange-Gym-Fitnes-Ulqin.5.jpg'><img width=\"150\" height=\"150\" src=\"https:\/\/www.visit-ulcinj.com\/blog\/wp-content\/uploads\/2012\/07\/Orange-Gym-Fitnes-Ulqin.5-150x150.jpg\" class=\"attachment-thumbnail size-thumbnail\" alt=\"\" loading=\"lazy\" \/><\/a>\n\t\t\t<\/dt><\/dl>\n\t\t\t<br style='clear: both' \/>\n\t\t<\/div>\n\n","protected":false},"excerpt":{"rendered":"<p>Filloi pun\u00ebn Fitnes Club Orange Gym \u00a0n\u00eb Ulqin.Orange Gym Fitnes b\u00ebn p\u00ebrurimin e \u00e7eljes m\u00eb 9.7.2012 n\u00eb ora 21:00 Fitnesi I sapo hapur eshte hapur \u00ebshte ma I avansuari n\u00eb rajonin e Ulqinit,I pajisur me mjetet bashkohore.N\u00eb fitness pos tjerash,menjanoni monotonin\u00eb dhe stresin e juaj nga puna ditore,motivoheni dhe ndjeheni gjithmon n\u00eb form. Orange Fitnes [&hellip;]<\/p>\n","protected":false},"author":1,"featured_media":0,"comment_status":"open","ping_status":"closed","sticky":false,"template":"","format":"standard","meta":{"spay_email":"","jetpack_publicize_message":"","jetpack_is_tweetstorm":false,"jetpack_publicize_feature_enabled":true},"categories":[6950],"tags":[20827,200,18],"jetpack_publicize_connections":[],"yoast_head":"<!-- This site is optimized with the Yoast SEO plugin v19.1 - https:\/\/yoast.com\/wordpress\/plugins\/seo\/ -->\n<title>Orange Gym Fitnes b\u00ebn p\u00ebrurimin e \u00e7eljes m\u00eb 9.7.2012 - Lajme nga Ulqini<\/title>\n<meta name=\"description\" content=\"Filloi pun\u00ebn Fitnes Club Orange Gym \u00a0n\u00eb Ulqin.Orange Gym Fitnes b\u00ebn p\u00ebrurimin e \u00e7eljes m\u00eb 9.7.2012 n\u00eb ora 21:00 Fitnesi I sapo hapur eshte hapur \u00ebshte ma\" \/>\n<meta name=\"robots\" content=\"index, follow, max-snippet:-1, max-image-preview:large, max-video-preview:-1\" \/>\n<link rel=\"canonical\" href=\"https:\/\/www.visit-ulcinj.com\/blog\/2012\/07\/07\/orange-gym-fitnes-ben-perurimin-e-celjes-me-9-7-2012\/\" \/>\n<meta property=\"og:locale\" content=\"en_US\" \/>\n<meta property=\"og:type\" content=\"article\" \/>\n<meta property=\"og:title\" content=\"Orange Gym Fitnes b\u00ebn p\u00ebrurimin e \u00e7eljes m\u00eb 9.7.2012 - Lajme nga Ulqini\" \/>\n<meta property=\"og:description\" content=\"Filloi pun\u00ebn Fitnes Club Orange Gym \u00a0n\u00eb Ulqin.Orange Gym Fitnes b\u00ebn p\u00ebrurimin e \u00e7eljes m\u00eb 9.7.2012 n\u00eb ora 21:00 Fitnesi I sapo hapur eshte hapur \u00ebshte ma\" \/>\n<meta property=\"og:url\" content=\"https:\/\/www.visit-ulcinj.com\/blog\/2012\/07\/07\/orange-gym-fitnes-ben-perurimin-e-celjes-me-9-7-2012\/\" \/>\n<meta property=\"og:site_name\" content=\"Lajme nga Ulqini\" \/>\n<meta property=\"article:published_time\" content=\"2012-07-07T08:26:14+00:00\" \/>\n<meta property=\"article:modified_time\" content=\"2012-07-07T17:05:19+00:00\" \/>\n<meta property=\"og:image\" content=\"https:\/\/www.visit-ulcinj.com\/blog\/wp-content\/uploads\/2012\/07\/Orange-Gym-Fitnes-Ulqin-150x150.jpg\" \/>\n<meta name=\"twitter:label1\" content=\"Written by\" \/>\n\t<meta name=\"twitter:data1\" content=\"ulqini\" \/>\n\t<meta name=\"twitter:label2\" content=\"Est. reading time\" \/>\n\t<meta name=\"twitter:data2\" content=\"1 minute\" \/>\n<script type=\"application\/ld+json\" class=\"yoast-schema-graph\">{\"@context\":\"https:\/\/schema.org\",\"@graph\":[{\"@type\":\"WebSite\",\"@id\":\"https:\/\/www.visit-ulcinj.com\/blog\/#website\",\"url\":\"https:\/\/www.visit-ulcinj.com\/blog\/\",\"name\":\"Lajme nga Ulqini\",\"description\":\"Lajme,Vijesti,Ulqini,Ulqin,Crna Gora,Mali i Zi\",\"potentialAction\":[{\"@type\":\"SearchAction\",\"target\":{\"@type\":\"EntryPoint\",\"urlTemplate\":\"https:\/\/www.visit-ulcinj.com\/blog\/?s={search_term_string}\"},\"query-input\":\"required name=search_term_string\"}],\"inLanguage\":\"en-US\"},{\"@type\":\"ImageObject\",\"inLanguage\":\"en-US\",\"@id\":\"https:\/\/www.visit-ulcinj.com\/blog\/2012\/07\/07\/orange-gym-fitnes-ben-perurimin-e-celjes-me-9-7-2012\/#primaryimage\",\"url\":\"http:\/\/www.visit-ulcinj.com\/blog\/wp-content\/uploads\/2012\/07\/Orange-Gym-Fitnes-Ulqin.jpg\",\"contentUrl\":\"http:\/\/www.visit-ulcinj.com\/blog\/wp-content\/uploads\/2012\/07\/Orange-Gym-Fitnes-Ulqin.jpg\"},{\"@type\":\"WebPage\",\"@id\":\"https:\/\/www.visit-ulcinj.com\/blog\/2012\/07\/07\/orange-gym-fitnes-ben-perurimin-e-celjes-me-9-7-2012\/#webpage\",\"url\":\"https:\/\/www.visit-ulcinj.com\/blog\/2012\/07\/07\/orange-gym-fitnes-ben-perurimin-e-celjes-me-9-7-2012\/\",\"name\":\"Orange Gym Fitnes b\u00ebn p\u00ebrurimin e \u00e7eljes m\u00eb 9.7.2012 - Lajme nga Ulqini\",\"isPartOf\":{\"@id\":\"https:\/\/www.visit-ulcinj.com\/blog\/#website\"},\"primaryImageOfPage\":{\"@id\":\"https:\/\/www.visit-ulcinj.com\/blog\/2012\/07\/07\/orange-gym-fitnes-ben-perurimin-e-celjes-me-9-7-2012\/#primaryimage\"},\"datePublished\":\"2012-07-07T08:26:14+00:00\",\"dateModified\":\"2012-07-07T17:05:19+00:00\",\"author\":{\"@id\":\"https:\/\/www.visit-ulcinj.com\/blog\/#\/schema\/person\/dcab619c614d3038751c63bc2aadc06d\"},\"description\":\"Filloi pun\u00ebn Fitnes Club Orange Gym \u00a0n\u00eb Ulqin.Orange Gym Fitnes b\u00ebn p\u00ebrurimin e \u00e7eljes m\u00eb 9.7.2012 n\u00eb ora 21:00 Fitnesi I sapo hapur eshte hapur \u00ebshte ma\",\"breadcrumb\":{\"@id\":\"https:\/\/www.visit-ulcinj.com\/blog\/2012\/07\/07\/orange-gym-fitnes-ben-perurimin-e-celjes-me-9-7-2012\/#breadcrumb\"},\"inLanguage\":\"en-US\",\"potentialAction\":[{\"@type\":\"ReadAction\",\"target\":[\"https:\/\/www.visit-ulcinj.com\/blog\/2012\/07\/07\/orange-gym-fitnes-ben-perurimin-e-celjes-me-9-7-2012\/\"]}]},{\"@type\":\"BreadcrumbList\",\"@id\":\"https:\/\/www.visit-ulcinj.com\/blog\/2012\/07\/07\/orange-gym-fitnes-ben-perurimin-e-celjes-me-9-7-2012\/#breadcrumb\",\"itemListElement\":[{\"@type\":\"ListItem\",\"position\":1,\"name\":\"Orange Gym Fitnes b\u00ebn p\u00ebrurimin e \u00e7eljes m\u00eb 9.7.2012\"}]},{\"@type\":\"Person\",\"@id\":\"https:\/\/www.visit-ulcinj.com\/blog\/#\/schema\/person\/dcab619c614d3038751c63bc2aadc06d\",\"name\":\"ulqini\",\"sameAs\":[\"http:\/\/www.visit-ulcinj.com\"],\"url\":\"https:\/\/www.visit-ulcinj.com\/blog\/author\/admin\/\"}]}<\/script>\n<!-- \/ Yoast SEO plugin. -->","yoast_head_json":{"title":"Orange Gym Fitnes b\u00ebn p\u00ebrurimin e \u00e7eljes m\u00eb 9.7.2012 - Lajme nga Ulqini","description":"Filloi pun\u00ebn Fitnes Club Orange Gym \u00a0n\u00eb Ulqin.Orange Gym Fitnes b\u00ebn p\u00ebrurimin e \u00e7eljes m\u00eb 9.7.2012 n\u00eb ora 21:00 Fitnesi I sapo hapur eshte hapur \u00ebshte ma","robots":{"index":"index","follow":"follow","max-snippet":"max-snippet:-1","max-image-preview":"max-image-preview:large","max-video-preview":"max-video-preview:-1"},"canonical":"https:\/\/www.visit-ulcinj.com\/blog\/2012\/07\/07\/orange-gym-fitnes-ben-perurimin-e-celjes-me-9-7-2012\/","og_locale":"en_US","og_type":"article","og_title":"Orange Gym Fitnes b\u00ebn p\u00ebrurimin e \u00e7eljes m\u00eb 9.7.2012 - Lajme nga Ulqini","og_description":"Filloi pun\u00ebn Fitnes Club Orange Gym \u00a0n\u00eb Ulqin.Orange Gym Fitnes b\u00ebn p\u00ebrurimin e \u00e7eljes m\u00eb 9.7.2012 n\u00eb ora 21:00 Fitnesi I sapo hapur eshte hapur \u00ebshte ma","og_url":"https:\/\/www.visit-ulcinj.com\/blog\/2012\/07\/07\/orange-gym-fitnes-ben-perurimin-e-celjes-me-9-7-2012\/","og_site_name":"Lajme nga Ulqini","article_published_time":"2012-07-07T08:26:14+00:00","article_modified_time":"2012-07-07T17:05:19+00:00","og_image":[{"url":"https:\/\/www.visit-ulcinj.com\/blog\/wp-content\/uploads\/2012\/07\/Orange-Gym-Fitnes-Ulqin-150x150.jpg"}],"twitter_misc":{"Written by":"ulqini","Est. reading time":"1 minute"},"schema":{"@context":"https:\/\/schema.org","@graph":[{"@type":"WebSite","@id":"https:\/\/www.visit-ulcinj.com\/blog\/#website","url":"https:\/\/www.visit-ulcinj.com\/blog\/","name":"Lajme nga Ulqini","description":"Lajme,Vijesti,Ulqini,Ulqin,Crna Gora,Mali i Zi","potentialAction":[{"@type":"SearchAction","target":{"@type":"EntryPoint","urlTemplate":"https:\/\/www.visit-ulcinj.com\/blog\/?s={search_term_string}"},"query-input":"required name=search_term_string"}],"inLanguage":"en-US"},{"@type":"ImageObject","inLanguage":"en-US","@id":"https:\/\/www.visit-ulcinj.com\/blog\/2012\/07\/07\/orange-gym-fitnes-ben-perurimin-e-celjes-me-9-7-2012\/#primaryimage","url":"http:\/\/www.visit-ulcinj.com\/blog\/wp-content\/uploads\/2012\/07\/Orange-Gym-Fitnes-Ulqin.jpg","contentUrl":"http:\/\/www.visit-ulcinj.com\/blog\/wp-content\/uploads\/2012\/07\/Orange-Gym-Fitnes-Ulqin.jpg"},{"@type":"WebPage","@id":"https:\/\/www.visit-ulcinj.com\/blog\/2012\/07\/07\/orange-gym-fitnes-ben-perurimin-e-celjes-me-9-7-2012\/#webpage","url":"https:\/\/www.visit-ulcinj.com\/blog\/2012\/07\/07\/orange-gym-fitnes-ben-perurimin-e-celjes-me-9-7-2012\/","name":"Orange Gym Fitnes b\u00ebn p\u00ebrurimin e \u00e7eljes m\u00eb 9.7.2012 - Lajme nga Ulqini","isPartOf":{"@id":"https:\/\/www.visit-ulcinj.com\/blog\/#website"},"primaryImageOfPage":{"@id":"https:\/\/www.visit-ulcinj.com\/blog\/2012\/07\/07\/orange-gym-fitnes-ben-perurimin-e-celjes-me-9-7-2012\/#primaryimage"},"datePublished":"2012-07-07T08:26:14+00:00","dateModified":"2012-07-07T17:05:19+00:00","author":{"@id":"https:\/\/www.visit-ulcinj.com\/blog\/#\/schema\/person\/dcab619c614d3038751c63bc2aadc06d"},"description":"Filloi pun\u00ebn Fitnes Club Orange Gym \u00a0n\u00eb Ulqin.Orange Gym Fitnes b\u00ebn p\u00ebrurimin e \u00e7eljes m\u00eb 9.7.2012 n\u00eb ora 21:00 Fitnesi I sapo hapur eshte hapur \u00ebshte ma","breadcrumb":{"@id":"https:\/\/www.visit-ulcinj.com\/blog\/2012\/07\/07\/orange-gym-fitnes-ben-perurimin-e-celjes-me-9-7-2012\/#breadcrumb"},"inLanguage":"en-US","potentialAction":[{"@type":"ReadAction","target":["https:\/\/www.visit-ulcinj.com\/blog\/2012\/07\/07\/orange-gym-fitnes-ben-perurimin-e-celjes-me-9-7-2012\/"]}]},{"@type":"BreadcrumbList","@id":"https:\/\/www.visit-ulcinj.com\/blog\/2012\/07\/07\/orange-gym-fitnes-ben-perurimin-e-celjes-me-9-7-2012\/#breadcrumb","itemListElement":[{"@type":"ListItem","position":1,"name":"Orange Gym Fitnes b\u00ebn p\u00ebrurimin e \u00e7eljes m\u00eb 9.7.2012"}]},{"@type":"Person","@id":"https:\/\/www.visit-ulcinj.com\/blog\/#\/schema\/person\/dcab619c614d3038751c63bc2aadc06d","name":"ulqini","sameAs":["http:\/\/www.visit-ulcinj.com"],"url":"https:\/\/www.visit-ulcinj.com\/blog\/author\/admin\/"}]}},"jetpack_featured_media_url":"","jetpack_sharing_enabled":true,"jetpack_shortlink":"https:\/\/wp.me\/pe6lTn-g9Z","_links":{"self":[{"href":"https:\/\/www.visit-ulcinj.com\/blog\/wp-json\/wp\/v2\/posts\/62123"}],"collection":[{"href":"https:\/\/www.visit-ulcinj.com\/blog\/wp-json\/wp\/v2\/posts"}],"about":[{"href":"https:\/\/www.visit-ulcinj.com\/blog\/wp-json\/wp\/v2\/types\/post"}],"author":[{"embeddable":true,"href":"https:\/\/www.visit-ulcinj.com\/blog\/wp-json\/wp\/v2\/users\/1"}],"replies":[{"embeddable":true,"href":"https:\/\/www.visit-ulcinj.com\/blog\/wp-json\/wp\/v2\/comments?post=62123"}],"version-history":[{"count":2,"href":"https:\/\/www.visit-ulcinj.com\/blog\/wp-json\/wp\/v2\/posts\/62123\/revisions"}],"predecessor-version":[{"id":62131,"href":"https:\/\/www.visit-ulcinj.com\/blog\/wp-json\/wp\/v2\/posts\/62123\/revisions\/62131"}],"wp:attachment":[{"href":"https:\/\/www.visit-ulcinj.com\/blog\/wp-json\/wp\/v2\/media?parent=62123"}],"wp:term":[{"taxonomy":"category","embeddable":true,"href":"https:\/\/www.visit-ulcinj.com\/blog\/wp-json\/wp\/v2\/categories?post=62123"},{"taxonomy":"post_tag","embeddable":true,"href":"https:\/\/www.visit-ulcinj.com\/blog\/wp-json\/wp\/v2\/tags?post=62123"}],"curies":[{"name":"wp","href":"https:\/\/api.w.org\/{rel}","templated":true}]}}