{"id":62135,"date":"2012-07-08T09:21:06","date_gmt":"2012-07-08T08:21:06","guid":{"rendered":"http:\/\/www.visit-ulcinj.com\/blog\/?p=62135"},"modified":"2012-07-08T09:30:38","modified_gmt":"2012-07-08T08:30:38","slug":"pacolli-blen-hotelin-otrant-ne-ulqin","status":"publish","type":"post","link":"https:\/\/www.visit-ulcinj.com\/blog\/2012\/07\/08\/pacolli-blen-hotelin-otrant-ne-ulqin\/","title":{"rendered":"Pacolli blen hotelin \u201cOtrant\u201d n\u00eb Ulqin"},"content":{"rendered":"<p><strong><a href=\"http:\/\/www.visit-ulcinj.com\/blog\/wp-content\/uploads\/2012\/07\/Hotel-Otranti-n\u00eb-Ulqin.1.jpg\"><img loading=\"lazy\" class=\"alignleft  wp-image-62136\" title=\"Hotel-Otranti-n\u00eb-Ulqin.1\" src=\"http:\/\/www.visit-ulcinj.com\/blog\/wp-content\/uploads\/2012\/07\/Hotel-Otranti-n\u00eb-Ulqin.1.jpg\" alt=\"\" width=\"508\" height=\"360\" \/><\/a>Kompania \u201cMebetex\u201d ka shprehur interesim p\u00ebr ta bler\u00eb hotelin \u201cOtrant\u201d, n\u00eb plazhin e Ulqinit. Lajmin e kan\u00eb konfirmuar kryetari i Komun\u00ebs s\u00eb Ulqinit, Nazif Cungu dhe Selim Pacolli nga \u201cMabetexi\u201d. <\/strong><\/p>\n<p>Kryetari Cungu ka th\u00ebn\u00eb se zyrtar\u00ebt dhe qytetar\u00ebt e Ulqinit ndjehen shum\u00eb t\u00eb lumtur q\u00eb ka interesim nga biznesmen\u00ebt e Kosov\u00ebs p\u00ebr t\u00eb investuar n\u00eb k\u00ebt\u00eb komun\u00eb me shumic\u00eb shqiptare. \u201cKomuna dhe t\u00eb gjith\u00eb qytetar\u00ebt e Ulqinit presin me padurim t\u00eb vijn\u00eb bizneset kosovare ta zgjerojn\u00eb aktivitetin biznesor dhe turistik n\u00eb k\u00ebt\u00eb komun\u00eb\u201d, ka deklaruar ai.<br \/>\n\u201c\u00cbsht\u00eb e v\u00ebrtet\u00eb se Behgjet Pacolli e ka vizituar Ulqinin para disa dit\u00ebsh dhe ka shprehur gatishm\u00ebrin\u00eb t\u2019i shikoj\u00eb mund\u00ebsit\u00eb p\u00ebr t\u00eb investuar k\u00ebtu. Ne jemi shum\u00eb t\u00eb k\u00ebnaqur q\u00eb ai po shpreh gatishm\u00ebrin\u00eb e tij q\u00eb t\u00eb sjell\u00eb kapital k\u00ebtu dhe t\u00eb nd\u00ebrtoj\u00eb qoft\u00eb hotele, apo edhe investime t\u00eb tjera\u201d, ka th\u00ebn\u00eb Cungu.<\/p>\n<p>Cungu nuk ka treguar se kur do t\u00eb mund t\u00eb shihen rezultatet e vizit\u00ebs s\u00eb Pacollit dhe premtimit t\u00eb tij p\u00ebr t\u00eb investuar n\u00eb k\u00ebt\u00eb komun\u00eb.<\/p>\n<p>Por, z\u00ebvend\u00ebskryeministri i Kosov\u00ebs, Behgjet Pacolli, ka deklaruar se kompania \u201cMabetex\u201d \u00ebsht\u00eb e interesuar p\u00ebr t\u00eb investuar n\u00eb Ulqin. \u201c\u2018Mabetexi\u2019 \u00ebsht\u00eb i interesuar t\u00eb b\u00ebj\u00eb investime n\u00eb Ulqin, n\u00eb sektorin e turizmit. Un\u00eb jo\u201d, ka deklaruar Pacolli.<\/p>\n<p>Selim Pacolli nga kompania \u201cMabetex\u201d ka konfirmuar se jan\u00eb n\u00eb bisedime p\u00ebr ta bler\u00eb hotelin \u201cOtrant\u201d n\u00eb Ulqin. Ai i ka th\u00ebn\u00eb gazet\u00ebs se kan\u00eb diskutuar p\u00ebr k\u00ebt\u00eb \u00e7\u00ebshtje me zyrtar\u00eb t\u00eb Komun\u00ebs s\u00eb Ulqinit. \u201cPo, \u00ebsht\u00eb e v\u00ebrtet\u00eb se \u2018Mabetex\u2019-i \u00ebsht\u00eb n\u00eb bisedime. Tani p\u00ebr tani jemi para finalizimit t\u00eb pun\u00ebve. Jemi duke e b\u00ebr\u00eb studimin e fizibilitetit t\u00eb hotelit t\u00eb \u2018Otrant\u2019-it dhe besoj se do t\u00eb kemi lajme t\u00eb mira n\u00eb muajt n\u00eb vijim\u201d, ka theksuar ai.<\/p>\n<p>Pacolli ka deklaruar se n\u00ebse bisedat shkojn\u00eb sipas planeve dhe dinamik\u00ebs s\u00eb studimit t\u00eb fizibilitetit t\u00eb hotelit \u201cOtrant\u201d, at\u00ebher\u00eb pas disa muajve mund t\u00eb fillojn\u00eb punimet n\u00eb k\u00ebt\u00eb hotel. \u201cBesojm\u00eb se deri n\u00eb shtator t\u00eb k\u00ebtij viti do t\u00eb kemi lajme t\u00eb mira, t\u00eb cilat mund t\u00eb jen\u00eb pozitive\u201d, \u00ebsht\u00eb shprehur ai.<br \/>\n<a href=\"http:\/\/www.visit-ulcinj.com\/blog\/wp-content\/uploads\/2012\/07\/Behgjet-Pacolli-_Nazif-Cungu_Ulqin..jpg\"><img loading=\"lazy\" class=\"alignleft  wp-image-62137\" title=\"Behgjet-Pacolli-_Nazif-Cungu_Ulqin.\" src=\"http:\/\/www.visit-ulcinj.com\/blog\/wp-content\/uploads\/2012\/07\/Behgjet-Pacolli-_Nazif-Cungu_Ulqin..jpg\" alt=\"\" width=\"508\" height=\"300\" \/><\/a><\/p>\n<p>\u201cOtrant\u201d \u00ebsht\u00eb nj\u00ebri nd\u00ebr hotelet m\u00eb t\u00eb m\u00ebdha n\u00eb Ulqin dhe n\u00eb Mal t\u00eb Zi. Ai gjendet n\u00eb Plazhin e Madh dhe \u00ebsht\u00eb nd\u00ebrtuar n\u00eb vitin 1986, n\u00eb koh\u00ebn e ish-Jugosllavis\u00eb. \u201cOtrant\u201d ishte privatizuar para disa viteve nga kompania \u201cBarkli Montenegro\u201d, por m\u00eb von\u00eb ishte kthyer prap\u00eb n\u00eb pron\u00ebsi shtet\u00ebrore, pasi investitori nuk i kishte p\u00ebrmbushur zotimet.<\/p>\n<p>Epoka e Re<\/p>\n","protected":false},"excerpt":{"rendered":"<p>Kompania \u201cMebetex\u201d ka shprehur interesim p\u00ebr ta bler\u00eb hotelin \u201cOtrant\u201d, n\u00eb plazhin e Ulqinit. Lajmin e kan\u00eb konfirmuar kryetari i Komun\u00ebs s\u00eb Ulqinit, Nazif Cungu dhe Selim Pacolli nga \u201cMabetexi\u201d. Kryetari Cungu ka th\u00ebn\u00eb se zyrtar\u00ebt dhe qytetar\u00ebt e Ulqinit ndjehen shum\u00eb t\u00eb lumtur q\u00eb ka interesim nga biznesmen\u00ebt e Kosov\u00ebs p\u00ebr t\u00eb investuar n\u00eb [&hellip;]<\/p>\n","protected":false},"author":1,"featured_media":0,"comment_status":"open","ping_status":"closed","sticky":false,"template":"","format":"standard","meta":{"spay_email":"","jetpack_publicize_message":"","jetpack_is_tweetstorm":false,"jetpack_publicize_feature_enabled":true},"categories":[10],"tags":[855,200],"jetpack_publicize_connections":[],"yoast_head":"<!-- This site is optimized with the Yoast SEO plugin v19.1 - https:\/\/yoast.com\/wordpress\/plugins\/seo\/ -->\n<title>Pacolli blen hotelin \u201cOtrant\u201d n\u00eb Ulqin - Lajme nga Ulqini<\/title>\n<meta name=\"description\" content=\"Kompania \u201cMebetex\u201d ka shprehur interesim p\u00ebr ta bler\u00eb hotelin \u201cOtrant\u201d, n\u00eb plazhin e Ulqinit. Lajmin e kan\u00eb konfirmuar kryetari i Komun\u00ebs s\u00eb Ulqinit,\" \/>\n<meta name=\"robots\" content=\"index, follow, max-snippet:-1, max-image-preview:large, max-video-preview:-1\" \/>\n<link rel=\"canonical\" href=\"https:\/\/www.visit-ulcinj.com\/blog\/2012\/07\/08\/pacolli-blen-hotelin-otrant-ne-ulqin\/\" \/>\n<meta property=\"og:locale\" content=\"en_US\" \/>\n<meta property=\"og:type\" content=\"article\" \/>\n<meta property=\"og:title\" content=\"Pacolli blen hotelin \u201cOtrant\u201d n\u00eb Ulqin - Lajme nga Ulqini\" \/>\n<meta property=\"og:description\" content=\"Kompania \u201cMebetex\u201d ka shprehur interesim p\u00ebr ta bler\u00eb hotelin \u201cOtrant\u201d, n\u00eb plazhin e Ulqinit. Lajmin e kan\u00eb konfirmuar kryetari i Komun\u00ebs s\u00eb Ulqinit,\" \/>\n<meta property=\"og:url\" content=\"https:\/\/www.visit-ulcinj.com\/blog\/2012\/07\/08\/pacolli-blen-hotelin-otrant-ne-ulqin\/\" \/>\n<meta property=\"og:site_name\" content=\"Lajme nga Ulqini\" \/>\n<meta property=\"article:published_time\" content=\"2012-07-08T08:21:06+00:00\" \/>\n<meta property=\"article:modified_time\" content=\"2012-07-08T08:30:38+00:00\" \/>\n<meta property=\"og:image\" content=\"http:\/\/www.visit-ulcinj.com\/blog\/wp-content\/uploads\/2012\/07\/Behgjet-Pacolli-_Nazif-Cungu_Ulqin..jpg\" \/>\n<meta name=\"twitter:label1\" content=\"Written by\" \/>\n\t<meta name=\"twitter:data1\" content=\"ulqini\" \/>\n\t<meta name=\"twitter:label2\" content=\"Est. reading time\" \/>\n\t<meta name=\"twitter:data2\" content=\"2 minutes\" \/>\n<script type=\"application\/ld+json\" class=\"yoast-schema-graph\">{\"@context\":\"https:\/\/schema.org\",\"@graph\":[{\"@type\":\"WebSite\",\"@id\":\"https:\/\/www.visit-ulcinj.com\/blog\/#website\",\"url\":\"https:\/\/www.visit-ulcinj.com\/blog\/\",\"name\":\"Lajme nga Ulqini\",\"description\":\"Lajme,Vijesti,Ulqini,Ulqin,Crna Gora,Mali i Zi\",\"potentialAction\":[{\"@type\":\"SearchAction\",\"target\":{\"@type\":\"EntryPoint\",\"urlTemplate\":\"https:\/\/www.visit-ulcinj.com\/blog\/?s={search_term_string}\"},\"query-input\":\"required name=search_term_string\"}],\"inLanguage\":\"en-US\"},{\"@type\":\"ImageObject\",\"inLanguage\":\"en-US\",\"@id\":\"https:\/\/www.visit-ulcinj.com\/blog\/2012\/07\/08\/pacolli-blen-hotelin-otrant-ne-ulqin\/#primaryimage\",\"url\":\"https:\/\/www.visit-ulcinj.com\/blog\/wp-content\/uploads\/2012\/07\/Behgjet-Pacolli-_Nazif-Cungu_Ulqin..jpg\",\"contentUrl\":\"https:\/\/www.visit-ulcinj.com\/blog\/wp-content\/uploads\/2012\/07\/Behgjet-Pacolli-_Nazif-Cungu_Ulqin..jpg\",\"width\":\"640\",\"height\":\"424\"},{\"@type\":\"WebPage\",\"@id\":\"https:\/\/www.visit-ulcinj.com\/blog\/2012\/07\/08\/pacolli-blen-hotelin-otrant-ne-ulqin\/#webpage\",\"url\":\"https:\/\/www.visit-ulcinj.com\/blog\/2012\/07\/08\/pacolli-blen-hotelin-otrant-ne-ulqin\/\",\"name\":\"Pacolli blen hotelin \u201cOtrant\u201d n\u00eb Ulqin - Lajme nga Ulqini\",\"isPartOf\":{\"@id\":\"https:\/\/www.visit-ulcinj.com\/blog\/#website\"},\"primaryImageOfPage\":{\"@id\":\"https:\/\/www.visit-ulcinj.com\/blog\/2012\/07\/08\/pacolli-blen-hotelin-otrant-ne-ulqin\/#primaryimage\"},\"datePublished\":\"2012-07-08T08:21:06+00:00\",\"dateModified\":\"2012-07-08T08:30:38+00:00\",\"author\":{\"@id\":\"https:\/\/www.visit-ulcinj.com\/blog\/#\/schema\/person\/dcab619c614d3038751c63bc2aadc06d\"},\"description\":\"Kompania \u201cMebetex\u201d ka shprehur interesim p\u00ebr ta bler\u00eb hotelin \u201cOtrant\u201d, n\u00eb plazhin e Ulqinit. Lajmin e kan\u00eb konfirmuar kryetari i Komun\u00ebs s\u00eb Ulqinit,\",\"breadcrumb\":{\"@id\":\"https:\/\/www.visit-ulcinj.com\/blog\/2012\/07\/08\/pacolli-blen-hotelin-otrant-ne-ulqin\/#breadcrumb\"},\"inLanguage\":\"en-US\",\"potentialAction\":[{\"@type\":\"ReadAction\",\"target\":[\"https:\/\/www.visit-ulcinj.com\/blog\/2012\/07\/08\/pacolli-blen-hotelin-otrant-ne-ulqin\/\"]}]},{\"@type\":\"BreadcrumbList\",\"@id\":\"https:\/\/www.visit-ulcinj.com\/blog\/2012\/07\/08\/pacolli-blen-hotelin-otrant-ne-ulqin\/#breadcrumb\",\"itemListElement\":[{\"@type\":\"ListItem\",\"position\":1,\"name\":\"Pacolli blen hotelin \u201cOtrant\u201d n\u00eb Ulqin\"}]},{\"@type\":\"Person\",\"@id\":\"https:\/\/www.visit-ulcinj.com\/blog\/#\/schema\/person\/dcab619c614d3038751c63bc2aadc06d\",\"name\":\"ulqini\",\"sameAs\":[\"http:\/\/www.visit-ulcinj.com\"],\"url\":\"https:\/\/www.visit-ulcinj.com\/blog\/author\/admin\/\"}]}<\/script>\n<!-- \/ Yoast SEO plugin. -->","yoast_head_json":{"title":"Pacolli blen hotelin \u201cOtrant\u201d n\u00eb Ulqin - Lajme nga Ulqini","description":"Kompania \u201cMebetex\u201d ka shprehur interesim p\u00ebr ta bler\u00eb hotelin \u201cOtrant\u201d, n\u00eb plazhin e Ulqinit. Lajmin e kan\u00eb konfirmuar kryetari i Komun\u00ebs s\u00eb Ulqinit,","robots":{"index":"index","follow":"follow","max-snippet":"max-snippet:-1","max-image-preview":"max-image-preview:large","max-video-preview":"max-video-preview:-1"},"canonical":"https:\/\/www.visit-ulcinj.com\/blog\/2012\/07\/08\/pacolli-blen-hotelin-otrant-ne-ulqin\/","og_locale":"en_US","og_type":"article","og_title":"Pacolli blen hotelin \u201cOtrant\u201d n\u00eb Ulqin - Lajme nga Ulqini","og_description":"Kompania \u201cMebetex\u201d ka shprehur interesim p\u00ebr ta bler\u00eb hotelin \u201cOtrant\u201d, n\u00eb plazhin e Ulqinit. Lajmin e kan\u00eb konfirmuar kryetari i Komun\u00ebs s\u00eb Ulqinit,","og_url":"https:\/\/www.visit-ulcinj.com\/blog\/2012\/07\/08\/pacolli-blen-hotelin-otrant-ne-ulqin\/","og_site_name":"Lajme nga Ulqini","article_published_time":"2012-07-08T08:21:06+00:00","article_modified_time":"2012-07-08T08:30:38+00:00","og_image":[{"url":"http:\/\/www.visit-ulcinj.com\/blog\/wp-content\/uploads\/2012\/07\/Behgjet-Pacolli-_Nazif-Cungu_Ulqin..jpg"}],"twitter_misc":{"Written by":"ulqini","Est. reading time":"2 minutes"},"schema":{"@context":"https:\/\/schema.org","@graph":[{"@type":"WebSite","@id":"https:\/\/www.visit-ulcinj.com\/blog\/#website","url":"https:\/\/www.visit-ulcinj.com\/blog\/","name":"Lajme nga Ulqini","description":"Lajme,Vijesti,Ulqini,Ulqin,Crna Gora,Mali i Zi","potentialAction":[{"@type":"SearchAction","target":{"@type":"EntryPoint","urlTemplate":"https:\/\/www.visit-ulcinj.com\/blog\/?s={search_term_string}"},"query-input":"required name=search_term_string"}],"inLanguage":"en-US"},{"@type":"ImageObject","inLanguage":"en-US","@id":"https:\/\/www.visit-ulcinj.com\/blog\/2012\/07\/08\/pacolli-blen-hotelin-otrant-ne-ulqin\/#primaryimage","url":"https:\/\/www.visit-ulcinj.com\/blog\/wp-content\/uploads\/2012\/07\/Behgjet-Pacolli-_Nazif-Cungu_Ulqin..jpg","contentUrl":"https:\/\/www.visit-ulcinj.com\/blog\/wp-content\/uploads\/2012\/07\/Behgjet-Pacolli-_Nazif-Cungu_Ulqin..jpg","width":"640","height":"424"},{"@type":"WebPage","@id":"https:\/\/www.visit-ulcinj.com\/blog\/2012\/07\/08\/pacolli-blen-hotelin-otrant-ne-ulqin\/#webpage","url":"https:\/\/www.visit-ulcinj.com\/blog\/2012\/07\/08\/pacolli-blen-hotelin-otrant-ne-ulqin\/","name":"Pacolli blen hotelin \u201cOtrant\u201d n\u00eb Ulqin - Lajme nga Ulqini","isPartOf":{"@id":"https:\/\/www.visit-ulcinj.com\/blog\/#website"},"primaryImageOfPage":{"@id":"https:\/\/www.visit-ulcinj.com\/blog\/2012\/07\/08\/pacolli-blen-hotelin-otrant-ne-ulqin\/#primaryimage"},"datePublished":"2012-07-08T08:21:06+00:00","dateModified":"2012-07-08T08:30:38+00:00","author":{"@id":"https:\/\/www.visit-ulcinj.com\/blog\/#\/schema\/person\/dcab619c614d3038751c63bc2aadc06d"},"description":"Kompania \u201cMebetex\u201d ka shprehur interesim p\u00ebr ta bler\u00eb hotelin \u201cOtrant\u201d, n\u00eb plazhin e Ulqinit. Lajmin e kan\u00eb konfirmuar kryetari i Komun\u00ebs s\u00eb Ulqinit,","breadcrumb":{"@id":"https:\/\/www.visit-ulcinj.com\/blog\/2012\/07\/08\/pacolli-blen-hotelin-otrant-ne-ulqin\/#breadcrumb"},"inLanguage":"en-US","potentialAction":[{"@type":"ReadAction","target":["https:\/\/www.visit-ulcinj.com\/blog\/2012\/07\/08\/pacolli-blen-hotelin-otrant-ne-ulqin\/"]}]},{"@type":"BreadcrumbList","@id":"https:\/\/www.visit-ulcinj.com\/blog\/2012\/07\/08\/pacolli-blen-hotelin-otrant-ne-ulqin\/#breadcrumb","itemListElement":[{"@type":"ListItem","position":1,"name":"Pacolli blen hotelin \u201cOtrant\u201d n\u00eb Ulqin"}]},{"@type":"Person","@id":"https:\/\/www.visit-ulcinj.com\/blog\/#\/schema\/person\/dcab619c614d3038751c63bc2aadc06d","name":"ulqini","sameAs":["http:\/\/www.visit-ulcinj.com"],"url":"https:\/\/www.visit-ulcinj.com\/blog\/author\/admin\/"}]}},"jetpack_featured_media_url":"","jetpack_sharing_enabled":true,"jetpack_shortlink":"https:\/\/wp.me\/pe6lTn-gab","_links":{"self":[{"href":"https:\/\/www.visit-ulcinj.com\/blog\/wp-json\/wp\/v2\/posts\/62135"}],"collection":[{"href":"https:\/\/www.visit-ulcinj.com\/blog\/wp-json\/wp\/v2\/posts"}],"about":[{"href":"https:\/\/www.visit-ulcinj.com\/blog\/wp-json\/wp\/v2\/types\/post"}],"author":[{"embeddable":true,"href":"https:\/\/www.visit-ulcinj.com\/blog\/wp-json\/wp\/v2\/users\/1"}],"replies":[{"embeddable":true,"href":"https:\/\/www.visit-ulcinj.com\/blog\/wp-json\/wp\/v2\/comments?post=62135"}],"version-history":[{"count":4,"href":"https:\/\/www.visit-ulcinj.com\/blog\/wp-json\/wp\/v2\/posts\/62135\/revisions"}],"predecessor-version":[{"id":62668,"href":"https:\/\/www.visit-ulcinj.com\/blog\/wp-json\/wp\/v2\/posts\/62135\/revisions\/62668"}],"wp:attachment":[{"href":"https:\/\/www.visit-ulcinj.com\/blog\/wp-json\/wp\/v2\/media?parent=62135"}],"wp:term":[{"taxonomy":"category","embeddable":true,"href":"https:\/\/www.visit-ulcinj.com\/blog\/wp-json\/wp\/v2\/categories?post=62135"},{"taxonomy":"post_tag","embeddable":true,"href":"https:\/\/www.visit-ulcinj.com\/blog\/wp-json\/wp\/v2\/tags?post=62135"}],"curies":[{"name":"wp","href":"https:\/\/api.w.org\/{rel}","templated":true}]}}