{"id":62146,"date":"2012-07-09T17:24:41","date_gmt":"2012-07-09T16:24:41","guid":{"rendered":"http:\/\/www.visit-ulcinj.com\/blog\/?p=62146"},"modified":"2012-07-09T17:25:07","modified_gmt":"2012-07-09T16:25:07","slug":"shqiptaret-ne-mal-te-zi-dhe-zgjedhjet-e-ardhshme-parlamentare","status":"publish","type":"post","link":"https:\/\/www.visit-ulcinj.com\/blog\/2012\/07\/09\/shqiptaret-ne-mal-te-zi-dhe-zgjedhjet-e-ardhshme-parlamentare\/","title":{"rendered":"Shqiptar\u00ebt n\u00eb Mal t\u00eb Zi  dhe zgjedhjet e ardhshme  parlamentare"},"content":{"rendered":"<p><a href=\"http:\/\/www.visit-ulcinj.com\/blog\/wp-content\/uploads\/2012\/07\/Xheladin-Zeneli_NEW-YORK.jpg\"><img loading=\"lazy\" class=\"alignleft size-medium wp-image-62147\" title=\"Xheladin-Zeneli_NEW YORK\" src=\"http:\/\/www.visit-ulcinj.com\/blog\/wp-content\/uploads\/2012\/07\/Xheladin-Zeneli_NEW-YORK-224x300.jpg\" alt=\"\" width=\"224\" height=\"300\" srcset=\"https:\/\/www.visit-ulcinj.com\/blog\/wp-content\/uploads\/2012\/07\/Xheladin-Zeneli_NEW-YORK-224x300.jpg 224w, https:\/\/www.visit-ulcinj.com\/blog\/wp-content\/uploads\/2012\/07\/Xheladin-Zeneli_NEW-YORK-768x1024.jpg 768w, https:\/\/www.visit-ulcinj.com\/blog\/wp-content\/uploads\/2012\/07\/Xheladin-Zeneli_NEW-YORK.jpg 780w\" sizes=\"(max-width: 224px) 100vw, 224px\" \/><\/a>N\u00eb zgjedhjet e ardhshme,vet\u00ebm me frontin e p\u00ebrbashk\u00ebt t\u00eb subjekteve politike shqiptare mund t\u00eb arrihet rezultati i d\u00ebshiruar p\u00ebr shqiptar\u00ebt<\/p>\n<p>Me rastin e zgjedhjeve t\u00eb jasht\u00ebzakonshme parlamentare ,t\u00eb cilat jan\u00eb t\u00eb parashikuara t\u00eb mbahen n\u00eb vjesht\u00eb t\u00eb k\u00ebtij viti, \u00ebsht\u00eb paralajm\u00ebruar formimi i t\u00eb ashtuquajturit &#8220;front i p\u00ebrbash\u00ebt demokratik &#8221; i partive opozitare n\u00eb Mal t\u00eb Zi.Me k\u00ebte rast,si\u00e7 u njoftua nga mediumet,disa nga subjektet politike shqiptare po shqyrtojn\u00eb mund\u00ebsin\u00eb e inkuadrimit t\u00eb tyre dhe mb\u00ebshtetjen p\u00ebr k\u00ebte inicijativ\u00eb t\u00eb opozit\u00ebs malazeze.Gjithashtu ,inicijativa n\u00eb fjal\u00eb ka ndikuar n\u00eb ndarjen e q\u00ebndrimeve n\u00eb mesin e p\u00ebrfaq\u00ebsuesve t\u00eb subjekteve politike shqiptare n\u00eb aspektin e p\u00ebrkrahjes apo mosp\u00ebrkrahjes s\u00eb tyre ndaj Frontit t\u00eb lart\u00ebp\u00ebrmendur.<br \/>\nInicijativa t\u00eb ngjajshme t\u00eb nd\u00ebrmarra nga opozita ka pasur edhe n\u00eb t\u00eb kaluar\u00ebn dhe shpesh\u00ebher\u00eb elementi shqiptar \u00ebsht\u00eb shfryt\u00ebzuar p\u00ebr &#8220;larje hesapesh&#8221; n\u00eb mes atyre q\u00eb d\u00ebshirojn\u00eb t\u00eb mbajn\u00eb pushtetin dhe atyre q\u00eb aspirojn\u00eb t&#8217;a marrin k\u00ebt\u00eb pushtet.Kuptohet q\u00eb shqiptar\u00ebve n\u00eb Mal t\u00eb ZI iu intereson se kush do t\u00eb udh\u00ebheq me pushtetin qendror n\u00eb Podgoric\u00eb, por n\u00ebse nuk ka dallim apo ka pak dallim n\u00eb politik\u00ebn q\u00eb udh\u00ebhiqet ndaj shqiptar\u00ebve,si nga ana e atyre q\u00eb jan\u00eb n\u00eb pushtet por edhe nga ana e atyre q\u00eb pretendojn\u00eb t\u00eb vijn\u00eb n\u00eb pushtet,at\u00ebher\u00eb seriozisht vihet n\u00eb dyshim p\u00ebrkrahja tyre.<br \/>\nQ\u00ebllimi dhe p\u00ebrqendrimi i vazhduesh\u00ebm i shqiptar\u00ebve \u00ebshte avancimi i t\u00eb drejtave t\u00eb tyre komb\u00ebtare dhe p\u00ebrmir\u00ebsimi i statusit t\u00eb tyre t\u00eb diskriminuar q\u00eb ato p\u00ebrjetojn\u00eb sot n\u00eb shum\u00eb sfera t\u00eb jet\u00ebs shoq\u00ebrore n\u00eb shtetin e Malit t\u00eb Zi.<br \/>\nA mund t\u00eb arrihet kjo brenda nj\u00eb spektri politik malazez? Un\u00eb mendoj se jo.<br \/>\nNga e kaluara kemi m\u00ebsuar se as pozita dhe as opozita malazeze nuk kan\u00eb treguar gatishm\u00ebri serioze ,deri m\u00eb tani ,p\u00ebr realizimin e t\u00eb drejtave legjitime t\u00eb shqiptar\u00ebve, por p\u00ebrkundrazi ,k\u00ebto parti ( si n\u00eb pushtet ashtu edhe n\u00eb opozit\u00eb) jan\u00eb munduar q\u00eb t\u00eb shfryt\u00ebzojn\u00eb faktorin politik shqiptar p\u00ebr q\u00ebllimet dhe agjendat e veta politike.Derisa partia n\u00eb pushtet (PDS) ka aprovuar dhe aprovon ligje diskriminuese ndaj shqiptar\u00ebve n\u00eb Kuvendin e Malit t\u00eb Zi, opozita jo vet\u00ebm q\u00eb nuk reagon dhe hesht,por ajo shpesh\u00ebher\u00eb i bashkangjitet dhe i mb\u00ebshtet qendrimet e pozit\u00ebs .Pra, ajo \u00e7ka \u00ebsht\u00eb e p\u00ebrbashk\u00ebt p\u00ebr pozit\u00ebn dhe opozit\u00ebn malazeze, \u00ebsht\u00eb margjinalizimi i vazhduesh\u00ebm i shqiptar\u00ebve.<br \/>\nKoha tashm\u00eb e ka d\u00ebshmuar se sa her\u00eb q\u00eb shqiptar\u00ebt kan\u00eb shfaqur p\u00ebrkrahjen e tyre dhe mb\u00ebshtejen ndaj subjekteve apo kualicioneve t\u00eb t\u00eb dy an\u00ebve t\u00eb spektrit politik malazez, asnj\u00ebher\u00eb nuk iu \u00ebsht\u00eb rikthyer sh\u00ebrbimi. At\u00ebher\u00eb vetvehtiu b\u00ebhet pyetja se p\u00ebrse dhe me \u00e7far\u00eb motivi shqiptar\u00ebt duhet t\u00eb p\u00ebrkrahin inicijativa, fronte, aleanca apo kualicione t\u00eb tilla t\u00eb cilat nuk shkojn\u00eb n\u00eb favor t\u00eb interesave t\u00eb shqiptar\u00ebve n\u00eb Mal t\u00eb Zi.Aq m\u00eb tep\u00ebr kur fronti i tanish\u00ebm opozitar n\u00eb Mal t\u00eb Zi \u00ebsht\u00eb paralajm\u00ebruar se do t\u00eb udh\u00ebhiqet nga politikan\u00eb q\u00eb kan\u00eb p\u00ebrkrahur politik\u00ebn serbo-madhe dhe ultra-nacionalizmin sllav.<br \/>\n\u00cbsht\u00eb tep\u00ebr imperativ q\u00eb faktori politik shqiptar,respektivisht sukjektet politike q\u00eb p\u00ebrb\u00ebjn\u00eb ate, t\u00eb formojn\u00eb frontin e tyre t\u00eb p\u00ebrbashk\u00ebt dhe t\u00eb ve\u00e7ant\u00eb opozitar i cili me nj\u00eb agjend\u00eb t\u00eb qart\u00eb t\u00eb dalin n\u00eb zgjedhjet e ardhshme parlamentare.<br \/>\nS&#8217;ka dyshim se edhe k\u00ebsaj rradhe,ashtu si edhe n\u00eb zgjedhjet e m\u00ebparshme sfid\u00eb kryesore e faktorit politik shqiptar do t\u00eb jet\u00eb formimi i nj\u00eb kualicioni t\u00eb p\u00ebrbashk\u00ebt parazgjedhor.Nga kjo p\u00ebrspektiv\u00eb, zgjedhjet e ardhshme do t\u00eb v\u00ebrtetojn\u00eb ,edhe nj\u00eb her\u00eb , se sa \u00ebsht\u00eb vet\u00ebdijsuar apo nd\u00ebrgjegj\u00ebsuar faktori politik shqiptar ,si dhe n\u00eb \u00e7&#8217;mas\u00eb \u00ebsht\u00eb arritur t\u00eb kuptohet nocioni, se pa nj\u00eb unifikim t\u00eb mir\u00ebfillt\u00eb t\u00eb trupit t\u00eb tyre votues, v\u00ebshtir\u00eb mund t\u00eb arrihet suksesi i d\u00ebshiruar elektoral,respektivisht p\u00ebrfaq\u00ebsimi maksimal i shqiptar\u00ebve n\u00eb Parlamentin e Malit t\u00eb Zi.Duke pasur parasysh ndryshimet e fundit t\u00eb Ligjit Zgjedhor ( q\u00eb \u00ebsht\u00eb n\u00eb disfavor t\u00eb shqiptar\u00ebve) si dhe rritjen e numrit t\u00eb partive politike shqiptare, nga zgjedhjet e kaluara,( q\u00eb n\u00ebnkupton kristalizimin e m\u00ebt\u00ebtejsh\u00ebm t\u00eb vot\u00ebs s\u00eb shqiptar\u00ebve),at\u00ebher\u00eb nuk mbetet alternativ\u00eb tjet\u00ebr p\u00ebrve\u00e7 asaj t\u00eb bashkimit t\u00eb forcave politike dhe formimit t\u00eb nj\u00eb koalicioni t\u00eb p\u00ebrbashk\u00ebt apo s\u00eb paku nj\u00eb kualicion t\u00eb pjes\u00ebrish\u00ebm, si ndoshta opcion i vet\u00ebm i t\u00eb mbijetuarit politik t\u00eb shqiptar\u00ebve n\u00eb Mal t\u00eb Zi.<\/p>\n<p><strong>Xheladin Zeneli<\/strong><\/p>\n<p>8 Korrik 2012<\/p>\n","protected":false},"excerpt":{"rendered":"<p>N\u00eb zgjedhjet e ardhshme,vet\u00ebm me frontin e p\u00ebrbashk\u00ebt t\u00eb subjekteve politike shqiptare mund t\u00eb arrihet rezultati i d\u00ebshiruar p\u00ebr shqiptar\u00ebt Me rastin e zgjedhjeve t\u00eb jasht\u00ebzakonshme parlamentare ,t\u00eb cilat jan\u00eb t\u00eb parashikuara t\u00eb mbahen n\u00eb vjesht\u00eb t\u00eb k\u00ebtij viti, \u00ebsht\u00eb paralajm\u00ebruar formimi i t\u00eb ashtuquajturit &#8220;front i p\u00ebrbash\u00ebt demokratik &#8221; i partive opozitare n\u00eb Mal [&hellip;]<\/p>\n","protected":false},"author":1,"featured_media":0,"comment_status":"open","ping_status":"closed","sticky":false,"template":"","format":"standard","meta":{"spay_email":"","jetpack_publicize_message":"","jetpack_is_tweetstorm":false,"jetpack_publicize_feature_enabled":true},"categories":[14249],"tags":[11863],"jetpack_publicize_connections":[],"yoast_head":"<!-- This site is optimized with the Yoast SEO plugin v19.1 - https:\/\/yoast.com\/wordpress\/plugins\/seo\/ -->\n<title>Shqiptar\u00ebt n\u00eb Mal t\u00eb Zi dhe zgjedhjet e ardhshme parlamentare - Lajme nga Ulqini<\/title>\n<meta name=\"description\" content=\"N\u00eb zgjedhjet e ardhshme,vet\u00ebm me frontin e p\u00ebrbashk\u00ebt t\u00eb subjekteve politike shqiptare mund t\u00eb arrihet rezultati i d\u00ebshiruar p\u00ebr shqiptar\u00ebt Me rastin e\" \/>\n<meta name=\"robots\" content=\"index, follow, max-snippet:-1, max-image-preview:large, max-video-preview:-1\" \/>\n<link rel=\"canonical\" href=\"https:\/\/www.visit-ulcinj.com\/blog\/2012\/07\/09\/shqiptaret-ne-mal-te-zi-dhe-zgjedhjet-e-ardhshme-parlamentare\/\" \/>\n<meta property=\"og:locale\" content=\"en_US\" \/>\n<meta property=\"og:type\" content=\"article\" \/>\n<meta property=\"og:title\" content=\"Shqiptar\u00ebt n\u00eb Mal t\u00eb Zi dhe zgjedhjet e ardhshme parlamentare - Lajme nga Ulqini\" \/>\n<meta property=\"og:description\" content=\"N\u00eb zgjedhjet e ardhshme,vet\u00ebm me frontin e p\u00ebrbashk\u00ebt t\u00eb subjekteve politike shqiptare mund t\u00eb arrihet rezultati i d\u00ebshiruar p\u00ebr shqiptar\u00ebt Me rastin e\" \/>\n<meta property=\"og:url\" content=\"https:\/\/www.visit-ulcinj.com\/blog\/2012\/07\/09\/shqiptaret-ne-mal-te-zi-dhe-zgjedhjet-e-ardhshme-parlamentare\/\" \/>\n<meta property=\"og:site_name\" content=\"Lajme nga Ulqini\" \/>\n<meta property=\"article:published_time\" content=\"2012-07-09T16:24:41+00:00\" \/>\n<meta property=\"article:modified_time\" content=\"2012-07-09T16:25:07+00:00\" \/>\n<meta property=\"og:image\" content=\"http:\/\/www.visit-ulcinj.com\/blog\/wp-content\/uploads\/2012\/07\/Xheladin-Zeneli_NEW-YORK-224x300.jpg\" \/>\n<meta name=\"twitter:label1\" content=\"Written by\" \/>\n\t<meta name=\"twitter:data1\" content=\"ulqini\" \/>\n\t<meta name=\"twitter:label2\" content=\"Est. reading time\" \/>\n\t<meta name=\"twitter:data2\" content=\"4 minutes\" \/>\n<script type=\"application\/ld+json\" class=\"yoast-schema-graph\">{\"@context\":\"https:\/\/schema.org\",\"@graph\":[{\"@type\":\"WebSite\",\"@id\":\"https:\/\/www.visit-ulcinj.com\/blog\/#website\",\"url\":\"https:\/\/www.visit-ulcinj.com\/blog\/\",\"name\":\"Lajme nga Ulqini\",\"description\":\"Lajme,Vijesti,Ulqini,Ulqin,Crna Gora,Mali i Zi\",\"potentialAction\":[{\"@type\":\"SearchAction\",\"target\":{\"@type\":\"EntryPoint\",\"urlTemplate\":\"https:\/\/www.visit-ulcinj.com\/blog\/?s={search_term_string}\"},\"query-input\":\"required name=search_term_string\"}],\"inLanguage\":\"en-US\"},{\"@type\":\"ImageObject\",\"inLanguage\":\"en-US\",\"@id\":\"https:\/\/www.visit-ulcinj.com\/blog\/2012\/07\/09\/shqiptaret-ne-mal-te-zi-dhe-zgjedhjet-e-ardhshme-parlamentare\/#primaryimage\",\"url\":\"https:\/\/www.visit-ulcinj.com\/blog\/wp-content\/uploads\/2012\/07\/Xheladin-Zeneli_NEW-YORK.jpg\",\"contentUrl\":\"https:\/\/www.visit-ulcinj.com\/blog\/wp-content\/uploads\/2012\/07\/Xheladin-Zeneli_NEW-YORK.jpg\",\"width\":\"780\",\"height\":\"1040\"},{\"@type\":\"WebPage\",\"@id\":\"https:\/\/www.visit-ulcinj.com\/blog\/2012\/07\/09\/shqiptaret-ne-mal-te-zi-dhe-zgjedhjet-e-ardhshme-parlamentare\/#webpage\",\"url\":\"https:\/\/www.visit-ulcinj.com\/blog\/2012\/07\/09\/shqiptaret-ne-mal-te-zi-dhe-zgjedhjet-e-ardhshme-parlamentare\/\",\"name\":\"Shqiptar\u00ebt n\u00eb Mal t\u00eb Zi dhe zgjedhjet e ardhshme parlamentare - Lajme nga Ulqini\",\"isPartOf\":{\"@id\":\"https:\/\/www.visit-ulcinj.com\/blog\/#website\"},\"primaryImageOfPage\":{\"@id\":\"https:\/\/www.visit-ulcinj.com\/blog\/2012\/07\/09\/shqiptaret-ne-mal-te-zi-dhe-zgjedhjet-e-ardhshme-parlamentare\/#primaryimage\"},\"datePublished\":\"2012-07-09T16:24:41+00:00\",\"dateModified\":\"2012-07-09T16:25:07+00:00\",\"author\":{\"@id\":\"https:\/\/www.visit-ulcinj.com\/blog\/#\/schema\/person\/dcab619c614d3038751c63bc2aadc06d\"},\"description\":\"N\u00eb zgjedhjet e ardhshme,vet\u00ebm me frontin e p\u00ebrbashk\u00ebt t\u00eb subjekteve politike shqiptare mund t\u00eb arrihet rezultati i d\u00ebshiruar p\u00ebr shqiptar\u00ebt Me rastin e\",\"breadcrumb\":{\"@id\":\"https:\/\/www.visit-ulcinj.com\/blog\/2012\/07\/09\/shqiptaret-ne-mal-te-zi-dhe-zgjedhjet-e-ardhshme-parlamentare\/#breadcrumb\"},\"inLanguage\":\"en-US\",\"potentialAction\":[{\"@type\":\"ReadAction\",\"target\":[\"https:\/\/www.visit-ulcinj.com\/blog\/2012\/07\/09\/shqiptaret-ne-mal-te-zi-dhe-zgjedhjet-e-ardhshme-parlamentare\/\"]}]},{\"@type\":\"BreadcrumbList\",\"@id\":\"https:\/\/www.visit-ulcinj.com\/blog\/2012\/07\/09\/shqiptaret-ne-mal-te-zi-dhe-zgjedhjet-e-ardhshme-parlamentare\/#breadcrumb\",\"itemListElement\":[{\"@type\":\"ListItem\",\"position\":1,\"name\":\"Shqiptar\u00ebt n\u00eb Mal t\u00eb Zi dhe zgjedhjet e ardhshme parlamentare\"}]},{\"@type\":\"Person\",\"@id\":\"https:\/\/www.visit-ulcinj.com\/blog\/#\/schema\/person\/dcab619c614d3038751c63bc2aadc06d\",\"name\":\"ulqini\",\"sameAs\":[\"http:\/\/www.visit-ulcinj.com\"],\"url\":\"https:\/\/www.visit-ulcinj.com\/blog\/author\/admin\/\"}]}<\/script>\n<!-- \/ Yoast SEO plugin. -->","yoast_head_json":{"title":"Shqiptar\u00ebt n\u00eb Mal t\u00eb Zi dhe zgjedhjet e ardhshme parlamentare - Lajme nga Ulqini","description":"N\u00eb zgjedhjet e ardhshme,vet\u00ebm me frontin e p\u00ebrbashk\u00ebt t\u00eb subjekteve politike shqiptare mund t\u00eb arrihet rezultati i d\u00ebshiruar p\u00ebr shqiptar\u00ebt Me rastin e","robots":{"index":"index","follow":"follow","max-snippet":"max-snippet:-1","max-image-preview":"max-image-preview:large","max-video-preview":"max-video-preview:-1"},"canonical":"https:\/\/www.visit-ulcinj.com\/blog\/2012\/07\/09\/shqiptaret-ne-mal-te-zi-dhe-zgjedhjet-e-ardhshme-parlamentare\/","og_locale":"en_US","og_type":"article","og_title":"Shqiptar\u00ebt n\u00eb Mal t\u00eb Zi dhe zgjedhjet e ardhshme parlamentare - Lajme nga Ulqini","og_description":"N\u00eb zgjedhjet e ardhshme,vet\u00ebm me frontin e p\u00ebrbashk\u00ebt t\u00eb subjekteve politike shqiptare mund t\u00eb arrihet rezultati i d\u00ebshiruar p\u00ebr shqiptar\u00ebt Me rastin e","og_url":"https:\/\/www.visit-ulcinj.com\/blog\/2012\/07\/09\/shqiptaret-ne-mal-te-zi-dhe-zgjedhjet-e-ardhshme-parlamentare\/","og_site_name":"Lajme nga Ulqini","article_published_time":"2012-07-09T16:24:41+00:00","article_modified_time":"2012-07-09T16:25:07+00:00","og_image":[{"url":"http:\/\/www.visit-ulcinj.com\/blog\/wp-content\/uploads\/2012\/07\/Xheladin-Zeneli_NEW-YORK-224x300.jpg"}],"twitter_misc":{"Written by":"ulqini","Est. reading time":"4 minutes"},"schema":{"@context":"https:\/\/schema.org","@graph":[{"@type":"WebSite","@id":"https:\/\/www.visit-ulcinj.com\/blog\/#website","url":"https:\/\/www.visit-ulcinj.com\/blog\/","name":"Lajme nga Ulqini","description":"Lajme,Vijesti,Ulqini,Ulqin,Crna Gora,Mali i Zi","potentialAction":[{"@type":"SearchAction","target":{"@type":"EntryPoint","urlTemplate":"https:\/\/www.visit-ulcinj.com\/blog\/?s={search_term_string}"},"query-input":"required name=search_term_string"}],"inLanguage":"en-US"},{"@type":"ImageObject","inLanguage":"en-US","@id":"https:\/\/www.visit-ulcinj.com\/blog\/2012\/07\/09\/shqiptaret-ne-mal-te-zi-dhe-zgjedhjet-e-ardhshme-parlamentare\/#primaryimage","url":"https:\/\/www.visit-ulcinj.com\/blog\/wp-content\/uploads\/2012\/07\/Xheladin-Zeneli_NEW-YORK.jpg","contentUrl":"https:\/\/www.visit-ulcinj.com\/blog\/wp-content\/uploads\/2012\/07\/Xheladin-Zeneli_NEW-YORK.jpg","width":"780","height":"1040"},{"@type":"WebPage","@id":"https:\/\/www.visit-ulcinj.com\/blog\/2012\/07\/09\/shqiptaret-ne-mal-te-zi-dhe-zgjedhjet-e-ardhshme-parlamentare\/#webpage","url":"https:\/\/www.visit-ulcinj.com\/blog\/2012\/07\/09\/shqiptaret-ne-mal-te-zi-dhe-zgjedhjet-e-ardhshme-parlamentare\/","name":"Shqiptar\u00ebt n\u00eb Mal t\u00eb Zi dhe zgjedhjet e ardhshme parlamentare - Lajme nga Ulqini","isPartOf":{"@id":"https:\/\/www.visit-ulcinj.com\/blog\/#website"},"primaryImageOfPage":{"@id":"https:\/\/www.visit-ulcinj.com\/blog\/2012\/07\/09\/shqiptaret-ne-mal-te-zi-dhe-zgjedhjet-e-ardhshme-parlamentare\/#primaryimage"},"datePublished":"2012-07-09T16:24:41+00:00","dateModified":"2012-07-09T16:25:07+00:00","author":{"@id":"https:\/\/www.visit-ulcinj.com\/blog\/#\/schema\/person\/dcab619c614d3038751c63bc2aadc06d"},"description":"N\u00eb zgjedhjet e ardhshme,vet\u00ebm me frontin e p\u00ebrbashk\u00ebt t\u00eb subjekteve politike shqiptare mund t\u00eb arrihet rezultati i d\u00ebshiruar p\u00ebr shqiptar\u00ebt Me rastin e","breadcrumb":{"@id":"https:\/\/www.visit-ulcinj.com\/blog\/2012\/07\/09\/shqiptaret-ne-mal-te-zi-dhe-zgjedhjet-e-ardhshme-parlamentare\/#breadcrumb"},"inLanguage":"en-US","potentialAction":[{"@type":"ReadAction","target":["https:\/\/www.visit-ulcinj.com\/blog\/2012\/07\/09\/shqiptaret-ne-mal-te-zi-dhe-zgjedhjet-e-ardhshme-parlamentare\/"]}]},{"@type":"BreadcrumbList","@id":"https:\/\/www.visit-ulcinj.com\/blog\/2012\/07\/09\/shqiptaret-ne-mal-te-zi-dhe-zgjedhjet-e-ardhshme-parlamentare\/#breadcrumb","itemListElement":[{"@type":"ListItem","position":1,"name":"Shqiptar\u00ebt n\u00eb Mal t\u00eb Zi dhe zgjedhjet e ardhshme parlamentare"}]},{"@type":"Person","@id":"https:\/\/www.visit-ulcinj.com\/blog\/#\/schema\/person\/dcab619c614d3038751c63bc2aadc06d","name":"ulqini","sameAs":["http:\/\/www.visit-ulcinj.com"],"url":"https:\/\/www.visit-ulcinj.com\/blog\/author\/admin\/"}]}},"jetpack_featured_media_url":"","jetpack_sharing_enabled":true,"jetpack_shortlink":"https:\/\/wp.me\/pe6lTn-gam","_links":{"self":[{"href":"https:\/\/www.visit-ulcinj.com\/blog\/wp-json\/wp\/v2\/posts\/62146"}],"collection":[{"href":"https:\/\/www.visit-ulcinj.com\/blog\/wp-json\/wp\/v2\/posts"}],"about":[{"href":"https:\/\/www.visit-ulcinj.com\/blog\/wp-json\/wp\/v2\/types\/post"}],"author":[{"embeddable":true,"href":"https:\/\/www.visit-ulcinj.com\/blog\/wp-json\/wp\/v2\/users\/1"}],"replies":[{"embeddable":true,"href":"https:\/\/www.visit-ulcinj.com\/blog\/wp-json\/wp\/v2\/comments?post=62146"}],"version-history":[{"count":2,"href":"https:\/\/www.visit-ulcinj.com\/blog\/wp-json\/wp\/v2\/posts\/62146\/revisions"}],"predecessor-version":[{"id":62149,"href":"https:\/\/www.visit-ulcinj.com\/blog\/wp-json\/wp\/v2\/posts\/62146\/revisions\/62149"}],"wp:attachment":[{"href":"https:\/\/www.visit-ulcinj.com\/blog\/wp-json\/wp\/v2\/media?parent=62146"}],"wp:term":[{"taxonomy":"category","embeddable":true,"href":"https:\/\/www.visit-ulcinj.com\/blog\/wp-json\/wp\/v2\/categories?post=62146"},{"taxonomy":"post_tag","embeddable":true,"href":"https:\/\/www.visit-ulcinj.com\/blog\/wp-json\/wp\/v2\/tags?post=62146"}],"curies":[{"name":"wp","href":"https:\/\/api.w.org\/{rel}","templated":true}]}}