{"id":62150,"date":"2012-07-09T17:34:11","date_gmt":"2012-07-09T16:34:11","guid":{"rendered":"http:\/\/www.visit-ulcinj.com\/blog\/?p=62150"},"modified":"2012-07-09T17:34:11","modified_gmt":"2012-07-09T16:34:11","slug":"reagovanje-cungua-na-izjave-selima-resulbegovica","status":"publish","type":"post","link":"https:\/\/www.visit-ulcinj.com\/blog\/2012\/07\/09\/reagovanje-cungua-na-izjave-selima-resulbegovica\/","title":{"rendered":"Reagovanje Cungua na izjave Selima Resulbegovica"},"content":{"rendered":"<p><a href=\"http:\/\/www.visit-ulcinj.com\/blog\/wp-content\/uploads\/2012\/07\/Reagovanje-Cungua-na-izjave-Selima-Resulbegovica.jpg\"><img loading=\"lazy\" class=\"alignleft  wp-image-62151\" title=\"Reagovanje Cungua na izjave Selima Resulbegovica\" src=\"http:\/\/www.visit-ulcinj.com\/blog\/wp-content\/uploads\/2012\/07\/Reagovanje-Cungua-na-izjave-Selima-Resulbegovica.jpg\" alt=\"\" width=\"400\" height=\"343\" \/><\/a>Nemam namjeru da nastavim sa medijskim prepucavanjima sa g-dinom Resulbegovi\u0107em, koja su njegovim istupima poprimila karakter lo\u0161eg ukusa i zadr\u017eavaju se na nivou li\u010dnih napada i nipodo\u0161tavanja mog li\u010dnog karaktera, mog duha i duha mojih sardanika, a posebno nipodo\u0161tavanje i omalova\u017eavanje funkcije predsjednika op\u0161tine. To najmanje treba da \u010dini jedan od koalicionih partnera i to Potpredsjednik op\u0161tine, zna\u010di, kao \u0161to i on navodi,prvi saradnik predsjednika op\u0161tine.<br \/>\nPosilje 6 godina u vlasti SDP-a u Opstini Ulcinj, konacno je g-din Resulbegovi\u0107 smogao snage da javno kritikuje predsjednika. Sada je jasno da za to nije imao hrabrosti u prethodnih pet godina jer je u tom periodu vlast vrsio vlast sa drugim koalicionim partnerima. Godinama su u fijokama drzali ostavke koje nikada nisu aktivirane.<br \/>\nSelim Resulbegovic u svom reagovanju nije odgovorio ni na jednu moju optuzbu, vec da bi prikrio svoje radnje, svjesno I na maliciozan nacin zemenjuje teze. Ono sto je najbitnije za interese gradjana Ulcinja, a da on uporno pokusava da zataska, dezavuise i izbjegava da da odgovor, jeste cinjenica da lokalna vlast je diskriminisana od JP Morsko dobro,u kome je on \u010dlan Upravnog odbora, koji se centralisticki ponasae prema gradjanima Ulcinja.<br \/>\nBez postovanja misljenja lokalne samouprave,koje je propisano Zakonom, odredjuju kako I ko ce koristiti najatraktivnije lokacije u opstini Ulcinj. Zanemaruju da je Opstina Ulcinj duzna da stiti interese svojih gradjana,sto ne smije biti uzrok licnih sukoba,niti je, kako on ka\u017ee, &#8220;nesto upereno protiv njega I njegove porodice&#8221; vec sukob izmedju ineresa Opstine i interesa JP Morsko dobro.<br \/>\nSada je svima jasno da je g-din Resulbegovic dobio zadatak da brani JP Morsko dobro da bi se otkupio za sve privilegije koje je imao i koje ima.<br \/>\nNiko nema pravo da drzi monopol nad Morskim dobrom i mislim da imajuci u vidu priblizavanje Evropskoj Uniji i novim pravilima u uspostavljanju odnosa izmedju centralnih i lokalnih vlasti kao i na vec predlozeni novi Zakon o Morskom dobru,to nece jos dugo trajati. Po meni to znaci da ce Ulcinj steci respektabilno mjesto u upravljanju Morskim dobrom jer mu to ina\u010de i pripada sa 57% teritorije.<br \/>\nSmatram da bi SDP trebao ozbiljno da preispita mogucnost nastavka koalicije zasnovanoj na postojecim kadrovskim rijesenjimai i da kroz kadrovske promjene pristupi ozdravljenju partnerskih odnosa medju koalicionim partnerima.<\/p>\n<p>Nazif Cungu<\/p>\n","protected":false},"excerpt":{"rendered":"<p>Nemam namjeru da nastavim sa medijskim prepucavanjima sa g-dinom Resulbegovi\u0107em, koja su njegovim istupima poprimila karakter lo\u0161eg ukusa i zadr\u017eavaju se na nivou li\u010dnih napada i nipodo\u0161tavanja mog li\u010dnog karaktera, mog duha i duha mojih sardanika, a posebno nipodo\u0161tavanje i omalova\u017eavanje funkcije predsjednika op\u0161tine. To najmanje treba da \u010dini jedan od koalicionih partnera i to [&hellip;]<\/p>\n","protected":false},"author":1,"featured_media":0,"comment_status":"open","ping_status":"closed","sticky":false,"template":"","format":"standard","meta":{"spay_email":"","jetpack_publicize_message":"","jetpack_is_tweetstorm":false,"jetpack_publicize_feature_enabled":true},"categories":[8337],"tags":[118,264,1055],"jetpack_publicize_connections":[],"yoast_head":"<!-- This site is optimized with the Yoast SEO plugin v19.1 - https:\/\/yoast.com\/wordpress\/plugins\/seo\/ -->\n<title>Reagovanje Cungua na izjave Selima Resulbegovica - Lajme nga Ulqini<\/title>\n<meta name=\"description\" content=\"Nemam namjeru da nastavim sa medijskim prepucavanjima sa g-dinom Resulbegovi\u0107em, koja su njegovim istupima poprimila karakter lo\u0161eg ukusa i zadr\u017eavaju se\" \/>\n<meta name=\"robots\" content=\"index, follow, max-snippet:-1, max-image-preview:large, max-video-preview:-1\" \/>\n<link rel=\"canonical\" href=\"https:\/\/www.visit-ulcinj.com\/blog\/2012\/07\/09\/reagovanje-cungua-na-izjave-selima-resulbegovica\/\" \/>\n<meta property=\"og:locale\" content=\"en_US\" \/>\n<meta property=\"og:type\" content=\"article\" \/>\n<meta property=\"og:title\" content=\"Reagovanje Cungua na izjave Selima Resulbegovica - Lajme nga Ulqini\" \/>\n<meta property=\"og:description\" content=\"Nemam namjeru da nastavim sa medijskim prepucavanjima sa g-dinom Resulbegovi\u0107em, koja su njegovim istupima poprimila karakter lo\u0161eg ukusa i zadr\u017eavaju se\" \/>\n<meta property=\"og:url\" content=\"https:\/\/www.visit-ulcinj.com\/blog\/2012\/07\/09\/reagovanje-cungua-na-izjave-selima-resulbegovica\/\" \/>\n<meta property=\"og:site_name\" content=\"Lajme nga Ulqini\" \/>\n<meta property=\"article:published_time\" content=\"2012-07-09T16:34:11+00:00\" \/>\n<meta property=\"og:image\" content=\"http:\/\/www.visit-ulcinj.com\/blog\/wp-content\/uploads\/2012\/07\/Reagovanje-Cungua-na-izjave-Selima-Resulbegovica.jpg\" \/>\n<meta name=\"twitter:label1\" content=\"Written by\" \/>\n\t<meta name=\"twitter:data1\" content=\"ulqini\" \/>\n\t<meta name=\"twitter:label2\" content=\"Est. reading time\" \/>\n\t<meta name=\"twitter:data2\" content=\"2 minutes\" \/>\n<script type=\"application\/ld+json\" class=\"yoast-schema-graph\">{\"@context\":\"https:\/\/schema.org\",\"@graph\":[{\"@type\":\"WebSite\",\"@id\":\"https:\/\/www.visit-ulcinj.com\/blog\/#website\",\"url\":\"https:\/\/www.visit-ulcinj.com\/blog\/\",\"name\":\"Lajme nga Ulqini\",\"description\":\"Lajme,Vijesti,Ulqini,Ulqin,Crna Gora,Mali i Zi\",\"potentialAction\":[{\"@type\":\"SearchAction\",\"target\":{\"@type\":\"EntryPoint\",\"urlTemplate\":\"https:\/\/www.visit-ulcinj.com\/blog\/?s={search_term_string}\"},\"query-input\":\"required name=search_term_string\"}],\"inLanguage\":\"en-US\"},{\"@type\":\"ImageObject\",\"inLanguage\":\"en-US\",\"@id\":\"https:\/\/www.visit-ulcinj.com\/blog\/2012\/07\/09\/reagovanje-cungua-na-izjave-selima-resulbegovica\/#primaryimage\",\"url\":\"https:\/\/www.visit-ulcinj.com\/blog\/wp-content\/uploads\/2012\/07\/Reagovanje-Cungua-na-izjave-Selima-Resulbegovica.jpg\",\"contentUrl\":\"https:\/\/www.visit-ulcinj.com\/blog\/wp-content\/uploads\/2012\/07\/Reagovanje-Cungua-na-izjave-Selima-Resulbegovica.jpg\",\"width\":\"432\",\"height\":\"343\"},{\"@type\":\"WebPage\",\"@id\":\"https:\/\/www.visit-ulcinj.com\/blog\/2012\/07\/09\/reagovanje-cungua-na-izjave-selima-resulbegovica\/#webpage\",\"url\":\"https:\/\/www.visit-ulcinj.com\/blog\/2012\/07\/09\/reagovanje-cungua-na-izjave-selima-resulbegovica\/\",\"name\":\"Reagovanje Cungua na izjave Selima Resulbegovica - Lajme nga Ulqini\",\"isPartOf\":{\"@id\":\"https:\/\/www.visit-ulcinj.com\/blog\/#website\"},\"primaryImageOfPage\":{\"@id\":\"https:\/\/www.visit-ulcinj.com\/blog\/2012\/07\/09\/reagovanje-cungua-na-izjave-selima-resulbegovica\/#primaryimage\"},\"datePublished\":\"2012-07-09T16:34:11+00:00\",\"dateModified\":\"2012-07-09T16:34:11+00:00\",\"author\":{\"@id\":\"https:\/\/www.visit-ulcinj.com\/blog\/#\/schema\/person\/dcab619c614d3038751c63bc2aadc06d\"},\"description\":\"Nemam namjeru da nastavim sa medijskim prepucavanjima sa g-dinom Resulbegovi\u0107em, koja su njegovim istupima poprimila karakter lo\u0161eg ukusa i zadr\u017eavaju se\",\"breadcrumb\":{\"@id\":\"https:\/\/www.visit-ulcinj.com\/blog\/2012\/07\/09\/reagovanje-cungua-na-izjave-selima-resulbegovica\/#breadcrumb\"},\"inLanguage\":\"en-US\",\"potentialAction\":[{\"@type\":\"ReadAction\",\"target\":[\"https:\/\/www.visit-ulcinj.com\/blog\/2012\/07\/09\/reagovanje-cungua-na-izjave-selima-resulbegovica\/\"]}]},{\"@type\":\"BreadcrumbList\",\"@id\":\"https:\/\/www.visit-ulcinj.com\/blog\/2012\/07\/09\/reagovanje-cungua-na-izjave-selima-resulbegovica\/#breadcrumb\",\"itemListElement\":[{\"@type\":\"ListItem\",\"position\":1,\"name\":\"Reagovanje Cungua na izjave Selima Resulbegovica\"}]},{\"@type\":\"Person\",\"@id\":\"https:\/\/www.visit-ulcinj.com\/blog\/#\/schema\/person\/dcab619c614d3038751c63bc2aadc06d\",\"name\":\"ulqini\",\"sameAs\":[\"http:\/\/www.visit-ulcinj.com\"],\"url\":\"https:\/\/www.visit-ulcinj.com\/blog\/author\/admin\/\"}]}<\/script>\n<!-- \/ Yoast SEO plugin. -->","yoast_head_json":{"title":"Reagovanje Cungua na izjave Selima Resulbegovica - Lajme nga Ulqini","description":"Nemam namjeru da nastavim sa medijskim prepucavanjima sa g-dinom Resulbegovi\u0107em, koja su njegovim istupima poprimila karakter lo\u0161eg ukusa i zadr\u017eavaju se","robots":{"index":"index","follow":"follow","max-snippet":"max-snippet:-1","max-image-preview":"max-image-preview:large","max-video-preview":"max-video-preview:-1"},"canonical":"https:\/\/www.visit-ulcinj.com\/blog\/2012\/07\/09\/reagovanje-cungua-na-izjave-selima-resulbegovica\/","og_locale":"en_US","og_type":"article","og_title":"Reagovanje Cungua na izjave Selima Resulbegovica - Lajme nga Ulqini","og_description":"Nemam namjeru da nastavim sa medijskim prepucavanjima sa g-dinom Resulbegovi\u0107em, koja su njegovim istupima poprimila karakter lo\u0161eg ukusa i zadr\u017eavaju se","og_url":"https:\/\/www.visit-ulcinj.com\/blog\/2012\/07\/09\/reagovanje-cungua-na-izjave-selima-resulbegovica\/","og_site_name":"Lajme nga Ulqini","article_published_time":"2012-07-09T16:34:11+00:00","og_image":[{"url":"http:\/\/www.visit-ulcinj.com\/blog\/wp-content\/uploads\/2012\/07\/Reagovanje-Cungua-na-izjave-Selima-Resulbegovica.jpg"}],"twitter_misc":{"Written by":"ulqini","Est. reading time":"2 minutes"},"schema":{"@context":"https:\/\/schema.org","@graph":[{"@type":"WebSite","@id":"https:\/\/www.visit-ulcinj.com\/blog\/#website","url":"https:\/\/www.visit-ulcinj.com\/blog\/","name":"Lajme nga Ulqini","description":"Lajme,Vijesti,Ulqini,Ulqin,Crna Gora,Mali i Zi","potentialAction":[{"@type":"SearchAction","target":{"@type":"EntryPoint","urlTemplate":"https:\/\/www.visit-ulcinj.com\/blog\/?s={search_term_string}"},"query-input":"required name=search_term_string"}],"inLanguage":"en-US"},{"@type":"ImageObject","inLanguage":"en-US","@id":"https:\/\/www.visit-ulcinj.com\/blog\/2012\/07\/09\/reagovanje-cungua-na-izjave-selima-resulbegovica\/#primaryimage","url":"https:\/\/www.visit-ulcinj.com\/blog\/wp-content\/uploads\/2012\/07\/Reagovanje-Cungua-na-izjave-Selima-Resulbegovica.jpg","contentUrl":"https:\/\/www.visit-ulcinj.com\/blog\/wp-content\/uploads\/2012\/07\/Reagovanje-Cungua-na-izjave-Selima-Resulbegovica.jpg","width":"432","height":"343"},{"@type":"WebPage","@id":"https:\/\/www.visit-ulcinj.com\/blog\/2012\/07\/09\/reagovanje-cungua-na-izjave-selima-resulbegovica\/#webpage","url":"https:\/\/www.visit-ulcinj.com\/blog\/2012\/07\/09\/reagovanje-cungua-na-izjave-selima-resulbegovica\/","name":"Reagovanje Cungua na izjave Selima Resulbegovica - Lajme nga Ulqini","isPartOf":{"@id":"https:\/\/www.visit-ulcinj.com\/blog\/#website"},"primaryImageOfPage":{"@id":"https:\/\/www.visit-ulcinj.com\/blog\/2012\/07\/09\/reagovanje-cungua-na-izjave-selima-resulbegovica\/#primaryimage"},"datePublished":"2012-07-09T16:34:11+00:00","dateModified":"2012-07-09T16:34:11+00:00","author":{"@id":"https:\/\/www.visit-ulcinj.com\/blog\/#\/schema\/person\/dcab619c614d3038751c63bc2aadc06d"},"description":"Nemam namjeru da nastavim sa medijskim prepucavanjima sa g-dinom Resulbegovi\u0107em, koja su njegovim istupima poprimila karakter lo\u0161eg ukusa i zadr\u017eavaju se","breadcrumb":{"@id":"https:\/\/www.visit-ulcinj.com\/blog\/2012\/07\/09\/reagovanje-cungua-na-izjave-selima-resulbegovica\/#breadcrumb"},"inLanguage":"en-US","potentialAction":[{"@type":"ReadAction","target":["https:\/\/www.visit-ulcinj.com\/blog\/2012\/07\/09\/reagovanje-cungua-na-izjave-selima-resulbegovica\/"]}]},{"@type":"BreadcrumbList","@id":"https:\/\/www.visit-ulcinj.com\/blog\/2012\/07\/09\/reagovanje-cungua-na-izjave-selima-resulbegovica\/#breadcrumb","itemListElement":[{"@type":"ListItem","position":1,"name":"Reagovanje Cungua na izjave Selima Resulbegovica"}]},{"@type":"Person","@id":"https:\/\/www.visit-ulcinj.com\/blog\/#\/schema\/person\/dcab619c614d3038751c63bc2aadc06d","name":"ulqini","sameAs":["http:\/\/www.visit-ulcinj.com"],"url":"https:\/\/www.visit-ulcinj.com\/blog\/author\/admin\/"}]}},"jetpack_featured_media_url":"","jetpack_sharing_enabled":true,"jetpack_shortlink":"https:\/\/wp.me\/pe6lTn-gaq","_links":{"self":[{"href":"https:\/\/www.visit-ulcinj.com\/blog\/wp-json\/wp\/v2\/posts\/62150"}],"collection":[{"href":"https:\/\/www.visit-ulcinj.com\/blog\/wp-json\/wp\/v2\/posts"}],"about":[{"href":"https:\/\/www.visit-ulcinj.com\/blog\/wp-json\/wp\/v2\/types\/post"}],"author":[{"embeddable":true,"href":"https:\/\/www.visit-ulcinj.com\/blog\/wp-json\/wp\/v2\/users\/1"}],"replies":[{"embeddable":true,"href":"https:\/\/www.visit-ulcinj.com\/blog\/wp-json\/wp\/v2\/comments?post=62150"}],"version-history":[{"count":1,"href":"https:\/\/www.visit-ulcinj.com\/blog\/wp-json\/wp\/v2\/posts\/62150\/revisions"}],"predecessor-version":[{"id":62152,"href":"https:\/\/www.visit-ulcinj.com\/blog\/wp-json\/wp\/v2\/posts\/62150\/revisions\/62152"}],"wp:attachment":[{"href":"https:\/\/www.visit-ulcinj.com\/blog\/wp-json\/wp\/v2\/media?parent=62150"}],"wp:term":[{"taxonomy":"category","embeddable":true,"href":"https:\/\/www.visit-ulcinj.com\/blog\/wp-json\/wp\/v2\/categories?post=62150"},{"taxonomy":"post_tag","embeddable":true,"href":"https:\/\/www.visit-ulcinj.com\/blog\/wp-json\/wp\/v2\/tags?post=62150"}],"curies":[{"name":"wp","href":"https:\/\/api.w.org\/{rel}","templated":true}]}}