{"id":62153,"date":"2012-07-09T17:37:47","date_gmt":"2012-07-09T16:37:47","guid":{"rendered":"http:\/\/www.visit-ulcinj.com\/blog\/?p=62153"},"modified":"2012-07-11T00:12:05","modified_gmt":"2012-07-10T23:12:05","slug":"nazif-cungu-reagon-ndaj-deklaratave-te-selim-resulbegoviqit","status":"publish","type":"post","link":"https:\/\/www.visit-ulcinj.com\/blog\/2012\/07\/09\/nazif-cungu-reagon-ndaj-deklaratave-te-selim-resulbegoviqit\/","title":{"rendered":"Nazif Cungu reagon ndaj deklaratave t\u00eb Selim Resulbegoviqit"},"content":{"rendered":"<p><a href=\"http:\/\/www.visit-ulcinj.com\/blog\/wp-content\/uploads\/2012\/07\/Nazif-Cungu-reagon-ndaj-deklaratave-t\u00eb-Selim-Resulbegoviq.jpg\"><img loading=\"lazy\" class=\"alignleft size-full wp-image-62154\" title=\"Nazif Cungu reagon ndaj deklaratave t\u00eb Selim Resulbegoviq\" src=\"http:\/\/www.visit-ulcinj.com\/blog\/wp-content\/uploads\/2012\/07\/Nazif-Cungu-reagon-ndaj-deklaratave-t\u00eb-Selim-Resulbegoviq.jpg\" alt=\"\" width=\"432\" height=\"343\" srcset=\"https:\/\/www.visit-ulcinj.com\/blog\/wp-content\/uploads\/2012\/07\/Nazif-Cungu-reagon-ndaj-deklaratave-t\u00eb-Selim-Resulbegoviq.jpg 432w, https:\/\/www.visit-ulcinj.com\/blog\/wp-content\/uploads\/2012\/07\/Nazif-Cungu-reagon-ndaj-deklaratave-t\u00eb-Selim-Resulbegoviq-300x238.jpg 300w\" sizes=\"(max-width: 432px) 100vw, 432px\" \/><\/a>Ulqin, 08.07.2012<br \/>\nNuk kem p\u00ebr q\u00ebllim vazhdimin e polemik\u00ebs n\u00eb media me z. Resulbegoviq, e cila me paraqitjet e tija ka marr\u00eb tone t\u00eb pahijshme dhe merret vet\u00ebm me sulme personale, n\u00ebnvler\u00ebsim t\u00eb karakterit dhe bindjeve t\u00eb mija dhe bashk\u00ebpun\u00ebtor\u00ebve t\u00eb mi dhe posa\u00e7\u00ebrisht me n\u00ebp\u00ebrk\u00ebmbjen e institucionit t\u00eb Kryetarit t\u00eb Komun\u00ebs. K\u00ebt\u00eb nuk duhet ta b\u00ebj nj\u00eb partner i koalicionit q\u00eb \u00ebsht\u00eb dhe N\u00ebnkryetar i Komun\u00ebs, si\u00e7 thot\u00eb edhe ai vet, bashk\u00ebpun\u00ebtori i par\u00eb i Kryetarit t\u00eb Komun\u00ebs.<br \/>\nPas 6 viteve t\u00eb pushtetit t\u00eb PDS n\u00eb komun\u00ebn e Ulqinit, m\u00eb n\u00eb fund Z. Resulbegoviq ka marr guximin t\u00eb kritikoj publikisht Kryetarin. Tani \u00ebsht\u00eb e qart\u00eb se p\u00ebr k\u00ebt\u00eb veprim nuk ka pasur guxim 5 vitet e fundit sepse at\u00ebher\u00eb ka ushtrua pushtetin me partner tjet\u00ebr t\u00eb koalicionit. Vite me radh\u00eb kan\u00eb mbajtur n\u00eb sirtar\u00eb dor\u00ebheqjet t\u00eb cilat kurr\u00eb nuk i kan\u00eb realizuar.<br \/>\nSelim Resulbegoviqi n\u00eb reagimin e vet nuk \u00ebsht\u00eb p\u00ebrgjigjur n\u00eb asnj\u00ebr\u00ebn akuz\u00eb q\u00eb i kam b\u00ebr\u00eb, por p\u00ebr t\u00eb fshehur veprimet e veta, me qellin me keqdashje i ngat\u00ebrron (z\u00ebvend\u00ebson ) tezat. Ajo \u00e7ka \u00ebsht\u00eb m\u00eb e r\u00ebnd\u00ebsishme, e \u00e7ka ai me k\u00ebmb\u00ebngulje tenton ta fsheh, t\u00eb b\u00ebj dredhi q\u00eb mos t\u00eb p\u00ebrgjigjet , \u00ebsht\u00eb fakti se ky pushtet vendor\u00eb \u00ebsht\u00eb i diskriminuar nga ana e NP Morsko dobro, ku ai \u00ebsht\u00eb an\u00ebtar\u00eb i k\u00ebshillit drejtues, dhe kjo Nd\u00ebrmarrje vazhdon t\u00eb sillet si autoritet centralist ndaj qytetar\u00ebve t\u00eb Ulqinit.<\/p>\n<p>Pa respektuar mendimet dhe q\u00ebndrimet e vet\u00ebqeverisjes lokale, p\u00ebr \u00e7ka i obligon Ligji, ata vazhdojn\u00eb t\u00eb caktojn\u00eb kush dhe si do t\u00eb shfryt\u00ebzojn\u00eb lokalitetet m\u00eb atraktive n\u00eb komun\u00ebn e Ulqinit. Anashkalojn\u00eb faktin se komuna e Ulqinit ka p\u00ebr detyr\u00eb t\u00eb mbroj interesat e qytetar\u00ebve t\u00eb vet, dhe nuk guxon t\u00eb jet\u00eb \u00e7\u00ebshtje e konfliktit personal, as, si\u00e7 thot\u00eb ai, di\u00e7ka kund\u00ebr tij dhe familjes s\u00eb tij, por vet\u00ebm konflikt mes interesave t\u00eb Komun\u00ebs dhe interesave t\u00eb NP Morsko dobro.<br \/>\nTani m\u00eb \u00ebsht\u00eb e qart\u00eb se Z Resulbegoviq ka marr\u00eb rolin e mbrojt\u00ebsit t\u00eb NP Morsko dobro p\u00ebr t\u00eb shp\u00ebrblyer ata, p\u00ebr privilegjet q\u00eb ka pasur dhe vazhdon t\u00eb ket\u00eb.<br \/>\nAskush nuk ka t\u00eb drejt\u00eb t\u00eb mbaj monopol mbi t\u00eb mirat detare, dhe mendoj se, kur kemi para sysh af\u00ebrsin\u00eb e integrimit n\u00eb BE, dhe standardet e reja n\u00eb relacion mes pushtetit qendror dhe atij vendor\u00eb , si dhe Ligjin e ri p\u00ebr t\u00eb mirat detare, kjo nuk do zgjas m\u00eb tutje. Mendoj se Ulqini do t\u00eb marri nj\u00eb pozit\u00eb p\u00ebr respekt n\u00eb administrimin e k\u00ebsaj Nd\u00ebrmarrje, sepse kjo edhe i takon, p\u00ebr shkak t\u00eb territorit prej 57% q\u00eb i takon n\u00eb brezin detar.<br \/>\nBesoj se PSD duhet t\u00eb rishikoj edhe nj\u00eb her\u00eb mund\u00ebsit\u00eb e vazhdimit t\u00eb Koalicionit t\u00eb bazuar n\u00eb struktur\u00ebn e deritanishme t\u00eb kuadrove dhe p\u00ebrmes z\u00ebvend\u00ebsimeve t\u00eb kuadrove ti p\u00ebrmir\u00ebsoj marr\u00ebdh\u00ebniet mes partner\u00ebve t\u00eb Koalicionit.<\/p>\n<p>&nbsp;<\/p>\n<p>Nazif Cungu<\/p>\n","protected":false},"excerpt":{"rendered":"<p>Ulqin, 08.07.2012 Nuk kem p\u00ebr q\u00ebllim vazhdimin e polemik\u00ebs n\u00eb media me z. Resulbegoviq, e cila me paraqitjet e tija ka marr\u00eb tone t\u00eb pahijshme dhe merret vet\u00ebm me sulme personale, n\u00ebnvler\u00ebsim t\u00eb karakterit dhe bindjeve t\u00eb mija dhe bashk\u00ebpun\u00ebtor\u00ebve t\u00eb mi dhe posa\u00e7\u00ebrisht me n\u00ebp\u00ebrk\u00ebmbjen e institucionit t\u00eb Kryetarit t\u00eb Komun\u00ebs. K\u00ebt\u00eb nuk duhet [&hellip;]<\/p>\n","protected":false},"author":1,"featured_media":0,"comment_status":"open","ping_status":"closed","sticky":false,"template":"","format":"standard","meta":{"spay_email":"","jetpack_publicize_message":"","jetpack_is_tweetstorm":false,"jetpack_publicize_feature_enabled":true},"categories":[1,6],"tags":[118,14387,200,18],"jetpack_publicize_connections":[],"yoast_head":"<!-- This site is optimized with the Yoast SEO plugin v19.1 - https:\/\/yoast.com\/wordpress\/plugins\/seo\/ -->\n<title>Nazif Cungu reagon ndaj deklaratave t\u00eb Selim Resulbegoviqit - Lajme nga Ulqini<\/title>\n<meta name=\"description\" content=\"Ulqin, 08.07.2012 Nuk kem p\u00ebr q\u00ebllim vazhdimin e polemik\u00ebs n\u00eb media me z. Resulbegoviq, e cila me paraqitjet e tija ka marr\u00eb tone t\u00eb pahijshme dhe merret\" \/>\n<meta name=\"robots\" content=\"index, follow, max-snippet:-1, max-image-preview:large, max-video-preview:-1\" \/>\n<link rel=\"canonical\" href=\"https:\/\/www.visit-ulcinj.com\/blog\/2012\/07\/09\/nazif-cungu-reagon-ndaj-deklaratave-te-selim-resulbegoviqit\/\" \/>\n<meta property=\"og:locale\" content=\"en_US\" \/>\n<meta property=\"og:type\" content=\"article\" \/>\n<meta property=\"og:title\" content=\"Nazif Cungu reagon ndaj deklaratave t\u00eb Selim Resulbegoviqit - Lajme nga Ulqini\" \/>\n<meta property=\"og:description\" content=\"Ulqin, 08.07.2012 Nuk kem p\u00ebr q\u00ebllim vazhdimin e polemik\u00ebs n\u00eb media me z. Resulbegoviq, e cila me paraqitjet e tija ka marr\u00eb tone t\u00eb pahijshme dhe merret\" \/>\n<meta property=\"og:url\" content=\"https:\/\/www.visit-ulcinj.com\/blog\/2012\/07\/09\/nazif-cungu-reagon-ndaj-deklaratave-te-selim-resulbegoviqit\/\" \/>\n<meta property=\"og:site_name\" content=\"Lajme nga Ulqini\" \/>\n<meta property=\"article:published_time\" content=\"2012-07-09T16:37:47+00:00\" \/>\n<meta property=\"article:modified_time\" content=\"2012-07-10T23:12:05+00:00\" \/>\n<meta name=\"twitter:label1\" content=\"Written by\" \/>\n\t<meta name=\"twitter:data1\" content=\"ulqini\" \/>\n\t<meta name=\"twitter:label2\" content=\"Est. reading time\" \/>\n\t<meta name=\"twitter:data2\" content=\"3 minutes\" \/>\n<script type=\"application\/ld+json\" class=\"yoast-schema-graph\">{\"@context\":\"https:\/\/schema.org\",\"@graph\":[{\"@type\":\"WebSite\",\"@id\":\"https:\/\/www.visit-ulcinj.com\/blog\/#website\",\"url\":\"https:\/\/www.visit-ulcinj.com\/blog\/\",\"name\":\"Lajme nga Ulqini\",\"description\":\"Lajme,Vijesti,Ulqini,Ulqin,Crna Gora,Mali i Zi\",\"potentialAction\":[{\"@type\":\"SearchAction\",\"target\":{\"@type\":\"EntryPoint\",\"urlTemplate\":\"https:\/\/www.visit-ulcinj.com\/blog\/?s={search_term_string}\"},\"query-input\":\"required name=search_term_string\"}],\"inLanguage\":\"en-US\"},{\"@type\":\"WebPage\",\"@id\":\"https:\/\/www.visit-ulcinj.com\/blog\/2012\/07\/09\/nazif-cungu-reagon-ndaj-deklaratave-te-selim-resulbegoviqit\/#webpage\",\"url\":\"https:\/\/www.visit-ulcinj.com\/blog\/2012\/07\/09\/nazif-cungu-reagon-ndaj-deklaratave-te-selim-resulbegoviqit\/\",\"name\":\"Nazif Cungu reagon ndaj deklaratave t\u00eb Selim Resulbegoviqit - Lajme nga Ulqini\",\"isPartOf\":{\"@id\":\"https:\/\/www.visit-ulcinj.com\/blog\/#website\"},\"datePublished\":\"2012-07-09T16:37:47+00:00\",\"dateModified\":\"2012-07-10T23:12:05+00:00\",\"author\":{\"@id\":\"https:\/\/www.visit-ulcinj.com\/blog\/#\/schema\/person\/dcab619c614d3038751c63bc2aadc06d\"},\"description\":\"Ulqin, 08.07.2012 Nuk kem p\u00ebr q\u00ebllim vazhdimin e polemik\u00ebs n\u00eb media me z. Resulbegoviq, e cila me paraqitjet e tija ka marr\u00eb tone t\u00eb pahijshme dhe merret\",\"breadcrumb\":{\"@id\":\"https:\/\/www.visit-ulcinj.com\/blog\/2012\/07\/09\/nazif-cungu-reagon-ndaj-deklaratave-te-selim-resulbegoviqit\/#breadcrumb\"},\"inLanguage\":\"en-US\",\"potentialAction\":[{\"@type\":\"ReadAction\",\"target\":[\"https:\/\/www.visit-ulcinj.com\/blog\/2012\/07\/09\/nazif-cungu-reagon-ndaj-deklaratave-te-selim-resulbegoviqit\/\"]}]},{\"@type\":\"BreadcrumbList\",\"@id\":\"https:\/\/www.visit-ulcinj.com\/blog\/2012\/07\/09\/nazif-cungu-reagon-ndaj-deklaratave-te-selim-resulbegoviqit\/#breadcrumb\",\"itemListElement\":[{\"@type\":\"ListItem\",\"position\":1,\"name\":\"Nazif Cungu reagon ndaj deklaratave t\u00eb Selim Resulbegoviqit\"}]},{\"@type\":\"Person\",\"@id\":\"https:\/\/www.visit-ulcinj.com\/blog\/#\/schema\/person\/dcab619c614d3038751c63bc2aadc06d\",\"name\":\"ulqini\",\"sameAs\":[\"http:\/\/www.visit-ulcinj.com\"],\"url\":\"https:\/\/www.visit-ulcinj.com\/blog\/author\/admin\/\"}]}<\/script>\n<!-- \/ Yoast SEO plugin. -->","yoast_head_json":{"title":"Nazif Cungu reagon ndaj deklaratave t\u00eb Selim Resulbegoviqit - Lajme nga Ulqini","description":"Ulqin, 08.07.2012 Nuk kem p\u00ebr q\u00ebllim vazhdimin e polemik\u00ebs n\u00eb media me z. Resulbegoviq, e cila me paraqitjet e tija ka marr\u00eb tone t\u00eb pahijshme dhe merret","robots":{"index":"index","follow":"follow","max-snippet":"max-snippet:-1","max-image-preview":"max-image-preview:large","max-video-preview":"max-video-preview:-1"},"canonical":"https:\/\/www.visit-ulcinj.com\/blog\/2012\/07\/09\/nazif-cungu-reagon-ndaj-deklaratave-te-selim-resulbegoviqit\/","og_locale":"en_US","og_type":"article","og_title":"Nazif Cungu reagon ndaj deklaratave t\u00eb Selim Resulbegoviqit - Lajme nga Ulqini","og_description":"Ulqin, 08.07.2012 Nuk kem p\u00ebr q\u00ebllim vazhdimin e polemik\u00ebs n\u00eb media me z. Resulbegoviq, e cila me paraqitjet e tija ka marr\u00eb tone t\u00eb pahijshme dhe merret","og_url":"https:\/\/www.visit-ulcinj.com\/blog\/2012\/07\/09\/nazif-cungu-reagon-ndaj-deklaratave-te-selim-resulbegoviqit\/","og_site_name":"Lajme nga Ulqini","article_published_time":"2012-07-09T16:37:47+00:00","article_modified_time":"2012-07-10T23:12:05+00:00","twitter_misc":{"Written by":"ulqini","Est. reading time":"3 minutes"},"schema":{"@context":"https:\/\/schema.org","@graph":[{"@type":"WebSite","@id":"https:\/\/www.visit-ulcinj.com\/blog\/#website","url":"https:\/\/www.visit-ulcinj.com\/blog\/","name":"Lajme nga Ulqini","description":"Lajme,Vijesti,Ulqini,Ulqin,Crna Gora,Mali i Zi","potentialAction":[{"@type":"SearchAction","target":{"@type":"EntryPoint","urlTemplate":"https:\/\/www.visit-ulcinj.com\/blog\/?s={search_term_string}"},"query-input":"required name=search_term_string"}],"inLanguage":"en-US"},{"@type":"WebPage","@id":"https:\/\/www.visit-ulcinj.com\/blog\/2012\/07\/09\/nazif-cungu-reagon-ndaj-deklaratave-te-selim-resulbegoviqit\/#webpage","url":"https:\/\/www.visit-ulcinj.com\/blog\/2012\/07\/09\/nazif-cungu-reagon-ndaj-deklaratave-te-selim-resulbegoviqit\/","name":"Nazif Cungu reagon ndaj deklaratave t\u00eb Selim Resulbegoviqit - Lajme nga Ulqini","isPartOf":{"@id":"https:\/\/www.visit-ulcinj.com\/blog\/#website"},"datePublished":"2012-07-09T16:37:47+00:00","dateModified":"2012-07-10T23:12:05+00:00","author":{"@id":"https:\/\/www.visit-ulcinj.com\/blog\/#\/schema\/person\/dcab619c614d3038751c63bc2aadc06d"},"description":"Ulqin, 08.07.2012 Nuk kem p\u00ebr q\u00ebllim vazhdimin e polemik\u00ebs n\u00eb media me z. Resulbegoviq, e cila me paraqitjet e tija ka marr\u00eb tone t\u00eb pahijshme dhe merret","breadcrumb":{"@id":"https:\/\/www.visit-ulcinj.com\/blog\/2012\/07\/09\/nazif-cungu-reagon-ndaj-deklaratave-te-selim-resulbegoviqit\/#breadcrumb"},"inLanguage":"en-US","potentialAction":[{"@type":"ReadAction","target":["https:\/\/www.visit-ulcinj.com\/blog\/2012\/07\/09\/nazif-cungu-reagon-ndaj-deklaratave-te-selim-resulbegoviqit\/"]}]},{"@type":"BreadcrumbList","@id":"https:\/\/www.visit-ulcinj.com\/blog\/2012\/07\/09\/nazif-cungu-reagon-ndaj-deklaratave-te-selim-resulbegoviqit\/#breadcrumb","itemListElement":[{"@type":"ListItem","position":1,"name":"Nazif Cungu reagon ndaj deklaratave t\u00eb Selim Resulbegoviqit"}]},{"@type":"Person","@id":"https:\/\/www.visit-ulcinj.com\/blog\/#\/schema\/person\/dcab619c614d3038751c63bc2aadc06d","name":"ulqini","sameAs":["http:\/\/www.visit-ulcinj.com"],"url":"https:\/\/www.visit-ulcinj.com\/blog\/author\/admin\/"}]}},"jetpack_featured_media_url":"","jetpack_sharing_enabled":true,"jetpack_shortlink":"https:\/\/wp.me\/pe6lTn-gat","_links":{"self":[{"href":"https:\/\/www.visit-ulcinj.com\/blog\/wp-json\/wp\/v2\/posts\/62153"}],"collection":[{"href":"https:\/\/www.visit-ulcinj.com\/blog\/wp-json\/wp\/v2\/posts"}],"about":[{"href":"https:\/\/www.visit-ulcinj.com\/blog\/wp-json\/wp\/v2\/types\/post"}],"author":[{"embeddable":true,"href":"https:\/\/www.visit-ulcinj.com\/blog\/wp-json\/wp\/v2\/users\/1"}],"replies":[{"embeddable":true,"href":"https:\/\/www.visit-ulcinj.com\/blog\/wp-json\/wp\/v2\/comments?post=62153"}],"version-history":[{"count":3,"href":"https:\/\/www.visit-ulcinj.com\/blog\/wp-json\/wp\/v2\/posts\/62153\/revisions"}],"predecessor-version":[{"id":62167,"href":"https:\/\/www.visit-ulcinj.com\/blog\/wp-json\/wp\/v2\/posts\/62153\/revisions\/62167"}],"wp:attachment":[{"href":"https:\/\/www.visit-ulcinj.com\/blog\/wp-json\/wp\/v2\/media?parent=62153"}],"wp:term":[{"taxonomy":"category","embeddable":true,"href":"https:\/\/www.visit-ulcinj.com\/blog\/wp-json\/wp\/v2\/categories?post=62153"},{"taxonomy":"post_tag","embeddable":true,"href":"https:\/\/www.visit-ulcinj.com\/blog\/wp-json\/wp\/v2\/tags?post=62153"}],"curies":[{"name":"wp","href":"https:\/\/api.w.org\/{rel}","templated":true}]}}