{"id":6216,"date":"2008-11-17T07:55:13","date_gmt":"2008-11-17T12:55:13","guid":{"rendered":"http:\/\/www.visit-ulcinj.com\/blog\/?p=6216"},"modified":"2008-11-17T07:55:13","modified_gmt":"2008-11-17T12:55:13","slug":"politika-shqiptare-me-thashetheme-mundohen-te-mbijetojne","status":"publish","type":"post","link":"https:\/\/www.visit-ulcinj.com\/blog\/2008\/11\/17\/politika-shqiptare-me-thashetheme-mundohen-te-mbijetojne\/","title":{"rendered":"Politika Shqiptare me thashetheme mundohen t\u00eb mbijetojn\u00eb"},"content":{"rendered":"<p><a href=\"http:\/\/www.visit-ulcinj.com\/blog\/wp-content\/uploads\/2008\/11\/thashetheme_.jpg\"><img loading=\"lazy\" class=\"alignleft size-medium wp-image-6217\" title=\"thashetheme_\" src=\"http:\/\/www.visit-ulcinj.com\/blog\/wp-content\/uploads\/2008\/11\/thashetheme_-263x300.jpg\" alt=\"\" width=\"263\" height=\"300\" srcset=\"https:\/\/www.visit-ulcinj.com\/blog\/wp-content\/uploads\/2008\/11\/thashetheme_-263x300.jpg 263w, https:\/\/www.visit-ulcinj.com\/blog\/wp-content\/uploads\/2008\/11\/thashetheme_.jpg 353w\" sizes=\"(max-width: 263px) 100vw, 263px\" \/><\/a><strong>Politika shqiptare dhe lider\u00ebt politik\u00eb shqiptar\u00eb n\u00eb mal t\u00eb zi<\/strong><br \/>\nPozit\u00ebs dhe opozit\u00ebs malazeze k\u00ebshtu i duhet faktori shqiptar, me z\u00ebnka nga m\u00eb t\u00eb ndryshmet, me grindje t\u00eb pand\u00ebrprera mes politikan\u00ebve, por ajo p\u00ebr t\u00eb cil\u00ebn shtrohet pyetja \u00ebsht\u00eb: pse duhet pranuar ky status i shqiptar\u00ebve n\u00eb Mal t\u00eb Zi nga k\u00ebta lider\u00eb q\u00eb nuk shohin se asgj\u00eb nuk \u00ebsht\u00eb b\u00ebr\u00eb p\u00ebr p\u00ebrmir\u00ebsimin e pozit\u00ebs s\u00eb shqiptar\u00ebve, dhe n\u00ebse vet\u00ebm di\u00e7ka \u00ebsht\u00eb b\u00ebr\u00eb, ajo \u00ebsht\u00eb fars\u00eb para opinionit.<br \/>\nNga ajo q\u00eb lexohet sot lidhur me aktivitetet e subjekteve politike shqiptare n\u00eb Mal t\u00eb Zi nuk mund t\u00eb kuptohet se cila nga k\u00ebta ka nj\u00eb avantazh ndaj tjetr\u00ebs. T`i l\u00ebm\u00eb m\u00ebnjan\u00eb se cila nga k\u00ebto ishte dhe \u00ebsht\u00eb m\u00eb vizionare se tjetra, kjo ka pak r\u00ebnd\u00ebsi, qoft\u00eb kur u votua p\u00ebr pavar\u00ebsin\u00eb e Malit t\u00eb Zi, qoft\u00eb kur u miratua n\u00eb Parlamentin malazez Rezoluta p\u00ebr njohjen e Kosov\u00ebs, qoft\u00eb deklaratat e lider\u00ebve t\u00eb subjekteve politike shqiptare lidhur me njohjen e Kosov\u00ebs shtet t\u00eb pavarur e demokratik nga ana e Malit t\u00eb Zi.<br \/>\nN\u00eb k\u00ebto raste le t\u00eb marrim n\u00eb konsiderat\u00eb shkrimet q\u00eb b\u00ebhen nga politikan\u00eb &#8211; gazetar\u00eb, jo edhe aq kund\u00ebr t\u00eb tjer\u00ebve sa lavd\u00ebrimet, rrahagjokset e atyre q\u00eb shkruajn\u00eb p\u00ebr vete me \u00e7ka duan t\u00eb tregojn\u00eb se k\u00ebtu fillon \u00e7do gj\u00eb, me bezdin\u00eb e p\u00ebrs\u00ebritjes s\u00eb asaj \u00e7far\u00eb ndodhi n\u00eb k\u00ebto vite t\u00eb demokracis\u00eb nga ku e vetmja risi \u00ebsht\u00eb se k\u00ebtu nuk ka asgj\u00eb t\u00eb re. Nuk ka asgj\u00eb t\u00eb re p\u00ebr faktin se frazat e p\u00ebrdorura d\u00ebgjohen p\u00ebr t\u00eb sat\u00ebn her\u00eb t\u00eb nj\u00ebjta, sulmet po ashtu t\u00eb nj\u00ebjta nga ku nuk mund t\u00eb shihet ndonj\u00eb bosht se ku mund t\u00eb mb\u00ebshteten argumentet se nj\u00ebri krah \u00ebsht\u00eb profet, kurse t\u00eb tjer\u00ebt jan\u00eb d\u00ebshtak\u00eb, pa vizion e profil politik. P\u00ebr k\u00ebt\u00eb tashm\u00eb t\u00eb gjith\u00eb ata q\u00eb p\u00ebrcjellin sadopak ngjarjet politike n\u00eb Mal t\u00eb Zi \u00ebsht\u00eb e qart\u00eb se nuk ka ndonj\u00eb strategji politike q\u00eb do t`i bashkonte k\u00ebta lider\u00eb nga ku vet\u00ebm me thashetheme mundohen t\u00eb q\u00ebndrojn\u00eb n\u00eb piramid\u00ebn politike, pa transparenc\u00eb, pa shtjellim idesh, t\u00eb cil\u00ebt para se t\u00eb shfryt\u00ebzojn\u00eb maksimumin e mundsh\u00ebm politik duan t\u00eb heqin qafe, n\u00eb kuptimin politik, p\u00ebrfaq\u00ebsuesit e partive t\u00eb tjera shqiptare duke prezantuar veten si largpam\u00ebs e profet\u00eb.<br \/>\nKur Dekarti thoshte &#8220;Mendoj, pra jam&#8221;, p\u00ebrmblidhte n\u00eb dy-tri fjal\u00eb q\u00ebllimin dhe synimin e jet\u00ebs, urt\u00ebsin\u00eb dhe shkakun e ekzistenc\u00ebs. Vet\u00ebm se asnj\u00ebri prej nesh nuk mund ta shpreh\u00eb t\u00eb nj\u00ebjt\u00ebn ide me t\u00eb nj\u00ebjt\u00ebn form\u00eb mendimi. Dhe po t`i pyes\u00ebsh lider\u00ebt tan\u00eb p\u00ebr idet\u00eb e hedhura lidhur me pozit\u00ebn e shqiptar\u00ebve n\u00eb Mal t\u00eb Zi, do t\u00eb shprehin mendime t\u00eb nj\u00ebjta, ku i dallon forma e t\u00eb shprehurit dhe kjo nuk \u00ebsht\u00eb gj\u00eb tjet\u00ebr por identitet vet\u00ebm i vetvetes. Asgj\u00eb nuk \u00ebsht\u00eb reale dhe e paprekshme, nga fjal\u00ebt e tyre mund t\u00eb konstatohet se k\u00ebta duhet z\u00ebvend\u00ebsuar me kuadro t\u00eb reja, p\u00ebr t\u00eb larguar ata q\u00eb p\u00ebr dekada kan\u00eb vet\u00ebm fjal\u00eb se do t\u00eb jet\u00eb m\u00eb mir\u00eb n\u00eb arsim, kultur\u00eb, sh\u00ebndet\u00ebsi, etj., di\u00e7ka q\u00eb transmetohet q\u00eb nga periudha komuniste, di\u00e7ka e d\u00ebgjuar edhe m\u00eb par\u00eb me \u00e7ka mbyllet mund\u00ebsia p\u00ebr t`u takuar s\u00eb bashku kudo qoft\u00eb e p\u00ebr t\u00eb biseduar qart\u00eb se a ka ndonj\u00eb strategji afatgjate kund\u00ebr k\u00ebtyre problemeve q\u00eb jan\u00eb grumbulluar aq shum\u00eb sa q\u00eb do t\u00eb na mallkojn\u00eb gjeneratat e ardhshme. Ky komunitet i k\u00ebtush\u00ebm nuk e meriton t\u00eb d\u00ebgjoj\u00eb e lexoj\u00eb fraza nga m\u00eb t\u00eb ndryshmet se ishim &#8220;ne&#8221; e jo &#8220;ata&#8221; q\u00eb dham\u00eb ide p\u00ebr k\u00ebt\u00eb e at\u00eb problem, se ne kemi t\u00eb drejt\u00eb t`u premtojm\u00eb shqiptar\u00ebve n\u00eb Mal t\u00eb Zi se kan\u00eb p\u00ebr t\u00eb p\u00ebrfituar shum\u00eb n\u00eb baz\u00eb t\u00eb projekteve tona, nga ku vet\u00ebm fjala politike ka pesh\u00ebn e saj p\u00ebr l\u00ebnien e trojeve shqiptare n\u00eb k\u00ebt\u00eb situat\u00eb.<br \/>\nSipas tyre shqiptar\u00ebt n\u00eb Mal t\u00eb Zi nuk duhet t\u00eb luftojn\u00eb me ndonj\u00eb &#8220;armik&#8221;, por vet\u00ebm me ndonj\u00ebrin nga lider\u00ebt e subjekteve politike shqiptare p\u00ebr t\u00eb b\u00ebr\u00eb nj\u00eb politik\u00eb &#8220;p\u00ebr\u00e7aj e sundo&#8221;, dhe kjo jo p\u00ebr t\u00eb p\u00ebrmir\u00ebsuar pozit\u00ebn e shqiptar\u00ebve n\u00eb Mal t\u00eb Zi, por p\u00ebr t\u00eb p\u00ebrfituar sa m\u00eb shum\u00eb p\u00ebrkrah\u00ebs q\u00eb t\u00eb sigurohet edhe ndonj\u00eb mandat tjet\u00ebr. Kjo \u00ebsht\u00eb nj\u00eb prej sindromeve t\u00eb politikan\u00ebve-gazetar\u00eb t\u00eb sot\u00ebm q\u00eb nuk duan, apo nuk din\u00eb se i talentuari nuk punon p\u00ebr eliminimin e t\u00eb talentuarve, por lufton q\u00eb t\u00eb z\u00ebj\u00eb vend e t\u00eb radhitet krah tyre. N\u00ebse jo k\u00ebshtu, at\u00ebher\u00eb p\u00ebrgjigjja ndaj t\u00eb keqes me t\u00eb keqe tregon p\u00ebr mang\u00ebsi serioze t\u00eb karakterit te njeriu, kurse p\u00ebrgjigjja ndaj s\u00eb keqes me t\u00eb mir\u00eb flet p\u00ebr burr\u00ebri dhe dinjitet.<br \/>\nNatyrisht se pozit\u00ebs dhe opozit\u00ebs malazeze k\u00ebshtu i duhet faktori shqiptar, me z\u00ebnka nga m\u00eb t\u00eb ndryshmet, me grindje t\u00eb pand\u00ebrprer\u00eb mes politikan\u00ebve, por ajo p\u00ebr t\u00eb cil\u00ebn shtrohet pyetja \u00ebsht\u00eb: pse duhet pranuar ky status i shqiptar\u00ebve n\u00eb Mal t\u00eb Zi nga k\u00ebta lider\u00eb q\u00eb nuk shohin se asgj\u00eb nuk \u00ebsht\u00eb b\u00ebr\u00eb p\u00ebr p\u00ebrmir\u00ebsimin e pozit\u00ebs s\u00eb shqiptar\u00ebve, dhe n\u00ebse vet\u00ebm di\u00e7ka \u00ebsht\u00eb b\u00ebr\u00eb, ajo \u00ebsht\u00eb fars\u00eb para opinionit, rezultatet shihen. Kur kjo t\u00eb b\u00ebhet faktike p\u00ebr ta, ndoshta vet\u00ebm at\u00ebher\u00eb do t\u00eb lindin forca t\u00eb reja ku p\u00ebr \u00e7do veprim t\u00eb hyjn\u00eb s\u00eb bashku p\u00ebr t\u00eb p\u00ebrcaktuar gjith\u00e7ka q\u00eb \u00ebsht\u00eb n\u00eb dobi t\u00eb komunitetit t\u00eb k\u00ebtush\u00ebm. K\u00ebshtu me veprimet e tyre, qofshin pro apo kund\u00ebr, mbajn\u00eb n\u00eb k\u00ebmb\u00eb shtetin malazez dhe p\u00ebrmir\u00ebsojn\u00eb ardhm\u00ebrin\u00eb e tyre.<br \/>\nSa her\u00eb q\u00eb merret ndonj\u00eb hap politik e q\u00eb reflektohet p\u00ebrmes gjuh\u00ebs s\u00eb urrejtjes t\u00eb nj\u00ebrit krah ndaj tjetrit i atakojm\u00eb politikan\u00ebt tan\u00eb, sepse nuk din\u00eb t\u00eb flasin e t\u00eb merren vesh, nga ku si hileqar t\u00eb mbrojtjes s\u00eb sistemit p\u00ebrpiqen t\u00eb ruajn\u00eb vetveten. N\u00eb k\u00ebt\u00eb atmosfer\u00eb politike q\u00eb po i rritet me shpejt\u00ebsi nxeht\u00ebsia s`ka se si t\u00eb lihet jasht\u00eb v\u00ebmendjes fakti ku politikan\u00ebt neglizhojn\u00eb etik\u00ebn e komunikimit, pavar\u00ebsisht se nga burojn\u00eb idet\u00eb e tyre, pranimi i nj\u00eb realiteti \u00ebsht\u00eb si nj\u00eb e v\u00ebrtet\u00eb absolute.<br \/>\n<strong>Shaban Peraj<br \/>\nKoha Javore<\/strong><\/p>\n","protected":false},"excerpt":{"rendered":"<p>Politika shqiptare dhe lider\u00ebt politik\u00eb shqiptar\u00eb n\u00eb mal t\u00eb zi Pozit\u00ebs dhe opozit\u00ebs malazeze k\u00ebshtu i duhet faktori shqiptar, me z\u00ebnka nga m\u00eb t\u00eb ndryshmet, me grindje t\u00eb pand\u00ebrprera mes politikan\u00ebve, por ajo p\u00ebr t\u00eb cil\u00ebn shtrohet pyetja \u00ebsht\u00eb: pse duhet pranuar ky status i shqiptar\u00ebve n\u00eb Mal t\u00eb Zi nga k\u00ebta lider\u00eb q\u00eb nuk [&hellip;]<\/p>\n","protected":false},"author":1,"featured_media":0,"comment_status":"open","ping_status":"closed","sticky":false,"template":"","format":"standard","meta":{"spay_email":"","jetpack_publicize_message":"","jetpack_is_tweetstorm":false,"jetpack_publicize_feature_enabled":true},"categories":[12],"tags":[5066],"jetpack_publicize_connections":[],"yoast_head":"<!-- This site is optimized with the Yoast SEO plugin v19.1 - https:\/\/yoast.com\/wordpress\/plugins\/seo\/ -->\n<title>Politika Shqiptare me thashetheme mundohen t\u00eb mbijetojn\u00eb - Lajme nga Ulqini<\/title>\n<meta name=\"description\" content=\"Politika shqiptare dhe lider\u00ebt politik\u00eb shqiptar\u00eb n\u00eb mal t\u00eb zi Pozit\u00ebs dhe opozit\u00ebs malazeze k\u00ebshtu i duhet faktori shqiptar, me z\u00ebnka nga m\u00eb t\u00eb\" \/>\n<meta name=\"robots\" content=\"index, follow, max-snippet:-1, max-image-preview:large, max-video-preview:-1\" \/>\n<link rel=\"canonical\" href=\"https:\/\/www.visit-ulcinj.com\/blog\/2008\/11\/17\/politika-shqiptare-me-thashetheme-mundohen-te-mbijetojne\/\" \/>\n<meta property=\"og:locale\" content=\"en_US\" \/>\n<meta property=\"og:type\" content=\"article\" \/>\n<meta property=\"og:title\" content=\"Politika Shqiptare me thashetheme mundohen t\u00eb mbijetojn\u00eb - Lajme nga Ulqini\" \/>\n<meta property=\"og:description\" content=\"Politika shqiptare dhe lider\u00ebt politik\u00eb shqiptar\u00eb n\u00eb mal t\u00eb zi Pozit\u00ebs dhe opozit\u00ebs malazeze k\u00ebshtu i duhet faktori shqiptar, me z\u00ebnka nga m\u00eb t\u00eb\" \/>\n<meta property=\"og:url\" content=\"https:\/\/www.visit-ulcinj.com\/blog\/2008\/11\/17\/politika-shqiptare-me-thashetheme-mundohen-te-mbijetojne\/\" \/>\n<meta property=\"og:site_name\" content=\"Lajme nga Ulqini\" \/>\n<meta property=\"article:published_time\" content=\"2008-11-17T12:55:13+00:00\" \/>\n<meta property=\"og:image\" content=\"http:\/\/www.visit-ulcinj.com\/blog\/wp-content\/uploads\/2008\/11\/thashetheme_-263x300.jpg\" \/>\n<meta name=\"twitter:label1\" content=\"Written by\" \/>\n\t<meta name=\"twitter:data1\" content=\"ulqini\" \/>\n\t<meta name=\"twitter:label2\" content=\"Est. reading time\" \/>\n\t<meta name=\"twitter:data2\" content=\"6 minutes\" \/>\n<script type=\"application\/ld+json\" class=\"yoast-schema-graph\">{\"@context\":\"https:\/\/schema.org\",\"@graph\":[{\"@type\":\"WebSite\",\"@id\":\"https:\/\/www.visit-ulcinj.com\/blog\/#website\",\"url\":\"https:\/\/www.visit-ulcinj.com\/blog\/\",\"name\":\"Lajme nga Ulqini\",\"description\":\"Lajme,Vijesti,Ulqini,Ulqin,Crna Gora,Mali i Zi\",\"potentialAction\":[{\"@type\":\"SearchAction\",\"target\":{\"@type\":\"EntryPoint\",\"urlTemplate\":\"https:\/\/www.visit-ulcinj.com\/blog\/?s={search_term_string}\"},\"query-input\":\"required name=search_term_string\"}],\"inLanguage\":\"en-US\"},{\"@type\":\"ImageObject\",\"inLanguage\":\"en-US\",\"@id\":\"https:\/\/www.visit-ulcinj.com\/blog\/2008\/11\/17\/politika-shqiptare-me-thashetheme-mundohen-te-mbijetojne\/#primaryimage\",\"url\":\"http:\/\/www.visit-ulcinj.com\/blog\/wp-content\/uploads\/2008\/11\/thashetheme_-263x300.jpg\",\"contentUrl\":\"http:\/\/www.visit-ulcinj.com\/blog\/wp-content\/uploads\/2008\/11\/thashetheme_-263x300.jpg\"},{\"@type\":\"WebPage\",\"@id\":\"https:\/\/www.visit-ulcinj.com\/blog\/2008\/11\/17\/politika-shqiptare-me-thashetheme-mundohen-te-mbijetojne\/#webpage\",\"url\":\"https:\/\/www.visit-ulcinj.com\/blog\/2008\/11\/17\/politika-shqiptare-me-thashetheme-mundohen-te-mbijetojne\/\",\"name\":\"Politika Shqiptare me thashetheme mundohen t\u00eb mbijetojn\u00eb - Lajme nga Ulqini\",\"isPartOf\":{\"@id\":\"https:\/\/www.visit-ulcinj.com\/blog\/#website\"},\"primaryImageOfPage\":{\"@id\":\"https:\/\/www.visit-ulcinj.com\/blog\/2008\/11\/17\/politika-shqiptare-me-thashetheme-mundohen-te-mbijetojne\/#primaryimage\"},\"datePublished\":\"2008-11-17T12:55:13+00:00\",\"dateModified\":\"2008-11-17T12:55:13+00:00\",\"author\":{\"@id\":\"https:\/\/www.visit-ulcinj.com\/blog\/#\/schema\/person\/dcab619c614d3038751c63bc2aadc06d\"},\"description\":\"Politika shqiptare dhe lider\u00ebt politik\u00eb shqiptar\u00eb n\u00eb mal t\u00eb zi Pozit\u00ebs dhe opozit\u00ebs malazeze k\u00ebshtu i duhet faktori shqiptar, me z\u00ebnka nga m\u00eb t\u00eb\",\"breadcrumb\":{\"@id\":\"https:\/\/www.visit-ulcinj.com\/blog\/2008\/11\/17\/politika-shqiptare-me-thashetheme-mundohen-te-mbijetojne\/#breadcrumb\"},\"inLanguage\":\"en-US\",\"potentialAction\":[{\"@type\":\"ReadAction\",\"target\":[\"https:\/\/www.visit-ulcinj.com\/blog\/2008\/11\/17\/politika-shqiptare-me-thashetheme-mundohen-te-mbijetojne\/\"]}]},{\"@type\":\"BreadcrumbList\",\"@id\":\"https:\/\/www.visit-ulcinj.com\/blog\/2008\/11\/17\/politika-shqiptare-me-thashetheme-mundohen-te-mbijetojne\/#breadcrumb\",\"itemListElement\":[{\"@type\":\"ListItem\",\"position\":1,\"name\":\"Politika Shqiptare me thashetheme mundohen t\u00eb mbijetojn\u00eb\"}]},{\"@type\":\"Person\",\"@id\":\"https:\/\/www.visit-ulcinj.com\/blog\/#\/schema\/person\/dcab619c614d3038751c63bc2aadc06d\",\"name\":\"ulqini\",\"sameAs\":[\"http:\/\/www.visit-ulcinj.com\"],\"url\":\"https:\/\/www.visit-ulcinj.com\/blog\/author\/admin\/\"}]}<\/script>\n<!-- \/ Yoast SEO plugin. -->","yoast_head_json":{"title":"Politika Shqiptare me thashetheme mundohen t\u00eb mbijetojn\u00eb - Lajme nga Ulqini","description":"Politika shqiptare dhe lider\u00ebt politik\u00eb shqiptar\u00eb n\u00eb mal t\u00eb zi Pozit\u00ebs dhe opozit\u00ebs malazeze k\u00ebshtu i duhet faktori shqiptar, me z\u00ebnka nga m\u00eb t\u00eb","robots":{"index":"index","follow":"follow","max-snippet":"max-snippet:-1","max-image-preview":"max-image-preview:large","max-video-preview":"max-video-preview:-1"},"canonical":"https:\/\/www.visit-ulcinj.com\/blog\/2008\/11\/17\/politika-shqiptare-me-thashetheme-mundohen-te-mbijetojne\/","og_locale":"en_US","og_type":"article","og_title":"Politika Shqiptare me thashetheme mundohen t\u00eb mbijetojn\u00eb - Lajme nga Ulqini","og_description":"Politika shqiptare dhe lider\u00ebt politik\u00eb shqiptar\u00eb n\u00eb mal t\u00eb zi Pozit\u00ebs dhe opozit\u00ebs malazeze k\u00ebshtu i duhet faktori shqiptar, me z\u00ebnka nga m\u00eb t\u00eb","og_url":"https:\/\/www.visit-ulcinj.com\/blog\/2008\/11\/17\/politika-shqiptare-me-thashetheme-mundohen-te-mbijetojne\/","og_site_name":"Lajme nga Ulqini","article_published_time":"2008-11-17T12:55:13+00:00","og_image":[{"url":"http:\/\/www.visit-ulcinj.com\/blog\/wp-content\/uploads\/2008\/11\/thashetheme_-263x300.jpg"}],"twitter_misc":{"Written by":"ulqini","Est. reading time":"6 minutes"},"schema":{"@context":"https:\/\/schema.org","@graph":[{"@type":"WebSite","@id":"https:\/\/www.visit-ulcinj.com\/blog\/#website","url":"https:\/\/www.visit-ulcinj.com\/blog\/","name":"Lajme nga Ulqini","description":"Lajme,Vijesti,Ulqini,Ulqin,Crna Gora,Mali i Zi","potentialAction":[{"@type":"SearchAction","target":{"@type":"EntryPoint","urlTemplate":"https:\/\/www.visit-ulcinj.com\/blog\/?s={search_term_string}"},"query-input":"required name=search_term_string"}],"inLanguage":"en-US"},{"@type":"ImageObject","inLanguage":"en-US","@id":"https:\/\/www.visit-ulcinj.com\/blog\/2008\/11\/17\/politika-shqiptare-me-thashetheme-mundohen-te-mbijetojne\/#primaryimage","url":"http:\/\/www.visit-ulcinj.com\/blog\/wp-content\/uploads\/2008\/11\/thashetheme_-263x300.jpg","contentUrl":"http:\/\/www.visit-ulcinj.com\/blog\/wp-content\/uploads\/2008\/11\/thashetheme_-263x300.jpg"},{"@type":"WebPage","@id":"https:\/\/www.visit-ulcinj.com\/blog\/2008\/11\/17\/politika-shqiptare-me-thashetheme-mundohen-te-mbijetojne\/#webpage","url":"https:\/\/www.visit-ulcinj.com\/blog\/2008\/11\/17\/politika-shqiptare-me-thashetheme-mundohen-te-mbijetojne\/","name":"Politika Shqiptare me thashetheme mundohen t\u00eb mbijetojn\u00eb - Lajme nga Ulqini","isPartOf":{"@id":"https:\/\/www.visit-ulcinj.com\/blog\/#website"},"primaryImageOfPage":{"@id":"https:\/\/www.visit-ulcinj.com\/blog\/2008\/11\/17\/politika-shqiptare-me-thashetheme-mundohen-te-mbijetojne\/#primaryimage"},"datePublished":"2008-11-17T12:55:13+00:00","dateModified":"2008-11-17T12:55:13+00:00","author":{"@id":"https:\/\/www.visit-ulcinj.com\/blog\/#\/schema\/person\/dcab619c614d3038751c63bc2aadc06d"},"description":"Politika shqiptare dhe lider\u00ebt politik\u00eb shqiptar\u00eb n\u00eb mal t\u00eb zi Pozit\u00ebs dhe opozit\u00ebs malazeze k\u00ebshtu i duhet faktori shqiptar, me z\u00ebnka nga m\u00eb t\u00eb","breadcrumb":{"@id":"https:\/\/www.visit-ulcinj.com\/blog\/2008\/11\/17\/politika-shqiptare-me-thashetheme-mundohen-te-mbijetojne\/#breadcrumb"},"inLanguage":"en-US","potentialAction":[{"@type":"ReadAction","target":["https:\/\/www.visit-ulcinj.com\/blog\/2008\/11\/17\/politika-shqiptare-me-thashetheme-mundohen-te-mbijetojne\/"]}]},{"@type":"BreadcrumbList","@id":"https:\/\/www.visit-ulcinj.com\/blog\/2008\/11\/17\/politika-shqiptare-me-thashetheme-mundohen-te-mbijetojne\/#breadcrumb","itemListElement":[{"@type":"ListItem","position":1,"name":"Politika Shqiptare me thashetheme mundohen t\u00eb mbijetojn\u00eb"}]},{"@type":"Person","@id":"https:\/\/www.visit-ulcinj.com\/blog\/#\/schema\/person\/dcab619c614d3038751c63bc2aadc06d","name":"ulqini","sameAs":["http:\/\/www.visit-ulcinj.com"],"url":"https:\/\/www.visit-ulcinj.com\/blog\/author\/admin\/"}]}},"jetpack_featured_media_url":"","jetpack_sharing_enabled":true,"jetpack_shortlink":"https:\/\/wp.me\/pe6lTn-1Cg","_links":{"self":[{"href":"https:\/\/www.visit-ulcinj.com\/blog\/wp-json\/wp\/v2\/posts\/6216"}],"collection":[{"href":"https:\/\/www.visit-ulcinj.com\/blog\/wp-json\/wp\/v2\/posts"}],"about":[{"href":"https:\/\/www.visit-ulcinj.com\/blog\/wp-json\/wp\/v2\/types\/post"}],"author":[{"embeddable":true,"href":"https:\/\/www.visit-ulcinj.com\/blog\/wp-json\/wp\/v2\/users\/1"}],"replies":[{"embeddable":true,"href":"https:\/\/www.visit-ulcinj.com\/blog\/wp-json\/wp\/v2\/comments?post=6216"}],"version-history":[{"count":0,"href":"https:\/\/www.visit-ulcinj.com\/blog\/wp-json\/wp\/v2\/posts\/6216\/revisions"}],"wp:attachment":[{"href":"https:\/\/www.visit-ulcinj.com\/blog\/wp-json\/wp\/v2\/media?parent=6216"}],"wp:term":[{"taxonomy":"category","embeddable":true,"href":"https:\/\/www.visit-ulcinj.com\/blog\/wp-json\/wp\/v2\/categories?post=6216"},{"taxonomy":"post_tag","embeddable":true,"href":"https:\/\/www.visit-ulcinj.com\/blog\/wp-json\/wp\/v2\/tags?post=6216"}],"curies":[{"name":"wp","href":"https:\/\/api.w.org\/{rel}","templated":true}]}}