{"id":62168,"date":"2012-07-11T19:48:11","date_gmt":"2012-07-11T18:48:11","guid":{"rendered":"http:\/\/www.visit-ulcinj.com\/blog\/?p=62168"},"modified":"2012-07-12T18:50:31","modified_gmt":"2012-07-12T17:50:31","slug":"aktualisht-mbi-100-mije-pushues-ne-ulqin","status":"publish","type":"post","link":"https:\/\/www.visit-ulcinj.com\/blog\/2012\/07\/11\/aktualisht-mbi-100-mije-pushues-ne-ulqin\/","title":{"rendered":"Aktualisht mbi 100 mij\u00eb pushues n\u00eb Ulqin"},"content":{"rendered":"<p><a href=\"http:\/\/www.visit-ulcinj.com\/blog\/wp-content\/uploads\/2012\/07\/Pushimet-n\u00eb-plazhin-Tropicana-Beach-UlqinUlqini.1.jpg\"><img loading=\"lazy\" class=\"alignleft  wp-image-62169\" title=\"Pushimet-n\u00eb-plazhin-Tropicana-Beach-UlqinUlqini.1\" src=\"http:\/\/www.visit-ulcinj.com\/blog\/wp-content\/uploads\/2012\/07\/Pushimet-n\u00eb-plazhin-Tropicana-Beach-UlqinUlqini.1.jpg\" alt=\"\" width=\"508\" height=\"360\" \/><\/a>Plazhi i Ulqinit edhe m\u00eb tutje mbetet nj\u00ebri nd\u00ebr plazhet m\u00eb t\u00eb frekuentuar nga qytetar\u00ebt dhe diaspora e Republik\u00ebs s\u00eb Kosov\u00ebs.<br \/>\nKryetari i Komun\u00ebs s\u00eb Ulqinit, Nazif Cungu, ka treguar se jan\u00eb b\u00ebr\u00eb t\u00eb gjitha p\u00ebrgatitjet p\u00ebr pritjen e turist\u00ebve, t\u00eb cil\u00ebt i ka siguruar se kushtet jan\u00eb p\u00ebrmir\u00ebsuar duksh\u00ebm, kurse \u00e7mimet nuk jan\u00eb ngritur.<br \/>\nMbi bazat e t\u00eb gjitha parametrave vler\u00ebsuese, Ulqini jeton me mbi 100 mij\u00eb pushues jo vet\u00ebm nga Kosova, Shqip\u00ebria, Maqedonia, si dhe t\u00eb vendeve p\u00ebr rreth, por ka edhe turist\u00eb gjerman\u00eb, \u00e7ek\u00eb, polak\u00eb, etj. Arsyet e shtimit te numrit te turisteve, sipas tij, jane permiresimi i promocionit qe i behet Ulqinit ne fushen e turizmit, per shkak te kontakteve te shumta te organizuar dhe &#8220;lidhjet relativisht te shumta qe kane vendosur tashme agjencite turistike shqiptare me &#8216;tur operatoret&#8217; evropiane dhe me agjencite turistike evropiane&#8221;, ku jane paraqitur guida me pamjet te ndryshme te zonave turistike.<\/p>\n<p><a href=\"http:\/\/www.visit-ulcinj.com\/blog\/wp-content\/uploads\/2012\/07\/nazif-cungu.jpg\"><img loading=\"lazy\" class=\"alignleft  wp-image-62170\" title=\"nazif cungu\" src=\"http:\/\/www.visit-ulcinj.com\/blog\/wp-content\/uploads\/2012\/07\/nazif-cungu.jpg\" alt=\"\" width=\"350\" height=\"250\" \/><\/a>&#8220;Turizmi eshte sektori me i studiuar ne Ulqin ., por sipas specialisteve turizmi ka nevoje per nje mbeshtetje me te forte dhe perkrahje te gjitheanshme ne menyre qe te permiresohet infrastruktura e Ulqinit.<br \/>\nEshte karakteristike se nje numer te konsiderueshem te lokaleve turistike- hoteliere, e sidomos restorantet, edhe ate ne zonat me te kerkuara, si\u00e7 eshte Rana (Plazhi i qytetit) dhe Plazhi i Madh, i kane marre me qira shqiptare t\u00eb Kosoves, per te punuar gjate stines se veres.<\/p>\n<p>Ne saje te prodhimtarise se madhe bujqesore ne fshatrat e Ulqinit, tregu i pemeve dhe perimeve eshte i furnizuar mire. Pengesa me e madhe ne kete qytet eshte mungesa e hapesirave te duhura, qe nuk mjaftojne as per parkimin e automjeteve te ketushme e lere me te turisteve.<\/p>\n<p>Kryetari i Komun\u00ebs s\u00eb Ulqinit, Nazif Cungu, thot\u00eb se Ulqini vazhdon t\u00eb jet\u00eb destinacion i preferuar i turist\u00ebve nga Kosova, Shqip\u00ebria, Maqedonia, si dhe t\u00eb vendeve p\u00ebr rreth, por sivjet jan\u00eb kthyer edhe turist\u00ebt gjerman\u00eb, \u00e7ek\u00eb, polak\u00eb, etj. Ai shton se sivjet \u00ebsht\u00eb shtuar tej mase interesimi i mysafir\u00ebve nga Bosnja, b\u00ebn t\u00eb ditur mediat kosovare.<\/p>\n<p>\u201cThem t\u00eb drejt\u00ebn, p\u00ebr nj\u00eb sezon t\u00eb suksesh\u00ebm, si\u00e7 po konkretizohet tashm\u00eb n\u00eb Ulqin, n\u00eb koh\u00ebn e duhur jan\u00eb angazhuar t\u00eb gjith\u00eb institucionet q\u00eb jan\u00eb ngusht t\u00eb lidhura me turizmin, si qeverisja vendore, policia, sh\u00ebrbimi i mbrojtjes dhe siguris\u00eb, Nd\u00ebrmarrja komunale publike, Sht\u00ebpia e Sh\u00ebndetit dhe vet\u00eb qytetar\u00ebt\u201d, potencon Cungu.<\/p>\n<p><a href=\"http:\/\/www.visit-ulcinj.com\/blog\/wp-content\/uploads\/2012\/07\/Selatin-GjeloshiDrejtor-i-Hotel-Mediteran-Ulqin.jpg\"><img loading=\"lazy\" class=\"alignleft  wp-image-62171\" title=\"Selatin-GjeloshiDrejtor-i-Hotel-Mediteran-Ulqin\" src=\"http:\/\/www.visit-ulcinj.com\/blog\/wp-content\/uploads\/2012\/07\/Selatin-GjeloshiDrejtor-i-Hotel-Mediteran-Ulqin.jpg\" alt=\"\" width=\"508\" height=\"300\" \/><\/a>N\u00eb k\u00ebt\u00eb kontekst, drejtori ekzekutiv i hotelit \u201cMediteran\u201d, Selatin Gjeloshi, tregon se hotelet n\u00eb Ulqin jan\u00eb t\u00eb pajisur me gjith\u00eb komfortin e nevojsh\u00ebm p\u00ebr t\u00eb kaluar pushime t\u00eb paharruara: sh\u00ebrbimi i kulturuar, i alternuar me kuzhin\u00ebn e pasur tradicionale dhe mesdhetare.<\/p>\n<p>Turist\u00ebt kan\u00eb n\u00eb disponim hotelet luksoze, hotelet e vogla, apartamentet e kompletuara, dhomat e mobiluara n\u00eb sht\u00ebpit\u00eb private, motelet p\u00ebr shijen dhe buxhetin e secilit turist.<\/p>\n<p>Pika e p\u00ebrbashk\u00ebt kufitare, Mal i Zi &#8211; Shqip\u00ebri, ajo n\u00eb Sukubin\u00eb &#8211; Muriqan \u00ebsht\u00eb gjall\u00ebruar tej mase. Gjat\u00eb 24 or\u00ebve sh\u00ebnohen deri n\u00eb 12 mij\u00eb hyrje \u2013 dalje, ose deri n\u00eb 5 mij\u00eb makina.<\/p>\n<p>Lajme nga Ulqini<br \/>\n<!--YouTube Error: bad URL entered--><\/p>\n","protected":false},"excerpt":{"rendered":"<p>Plazhi i Ulqinit edhe m\u00eb tutje mbetet nj\u00ebri nd\u00ebr plazhet m\u00eb t\u00eb frekuentuar nga qytetar\u00ebt dhe diaspora e Republik\u00ebs s\u00eb Kosov\u00ebs. Kryetari i Komun\u00ebs s\u00eb Ulqinit, Nazif Cungu, ka treguar se jan\u00eb b\u00ebr\u00eb t\u00eb gjitha p\u00ebrgatitjet p\u00ebr pritjen e turist\u00ebve, t\u00eb cil\u00ebt i ka siguruar se kushtet jan\u00eb p\u00ebrmir\u00ebsuar duksh\u00ebm, kurse \u00e7mimet nuk jan\u00eb ngritur. [&hellip;]<\/p>\n","protected":false},"author":1,"featured_media":0,"comment_status":"open","ping_status":"closed","sticky":false,"template":"","format":"standard","meta":{"spay_email":"","jetpack_publicize_message":"","jetpack_is_tweetstorm":false,"jetpack_publicize_feature_enabled":true},"categories":[1,15],"tags":[18758,14887],"jetpack_publicize_connections":[],"yoast_head":"<!-- This site is optimized with the Yoast SEO plugin v19.1 - https:\/\/yoast.com\/wordpress\/plugins\/seo\/ -->\n<title>Aktualisht mbi 100 mij\u00eb pushues n\u00eb Ulqin - Lajme nga Ulqini<\/title>\n<meta name=\"description\" content=\"Plazhi i Ulqinit edhe m\u00eb tutje mbetet nj\u00ebri nd\u00ebr plazhet m\u00eb t\u00eb frekuentuar nga qytetar\u00ebt dhe diaspora e Republik\u00ebs s\u00eb Kosov\u00ebs. Kryetari i Komun\u00ebs s\u00eb\" \/>\n<meta name=\"robots\" content=\"index, follow, max-snippet:-1, max-image-preview:large, max-video-preview:-1\" \/>\n<link rel=\"canonical\" href=\"https:\/\/www.visit-ulcinj.com\/blog\/2012\/07\/11\/aktualisht-mbi-100-mije-pushues-ne-ulqin\/\" \/>\n<meta property=\"og:locale\" content=\"en_US\" \/>\n<meta property=\"og:type\" content=\"article\" \/>\n<meta property=\"og:title\" content=\"Aktualisht mbi 100 mij\u00eb pushues n\u00eb Ulqin - Lajme nga Ulqini\" \/>\n<meta property=\"og:description\" content=\"Plazhi i Ulqinit edhe m\u00eb tutje mbetet nj\u00ebri nd\u00ebr plazhet m\u00eb t\u00eb frekuentuar nga qytetar\u00ebt dhe diaspora e Republik\u00ebs s\u00eb Kosov\u00ebs. Kryetari i Komun\u00ebs s\u00eb\" \/>\n<meta property=\"og:url\" content=\"https:\/\/www.visit-ulcinj.com\/blog\/2012\/07\/11\/aktualisht-mbi-100-mije-pushues-ne-ulqin\/\" \/>\n<meta property=\"og:site_name\" content=\"Lajme nga Ulqini\" \/>\n<meta property=\"article:published_time\" content=\"2012-07-11T18:48:11+00:00\" \/>\n<meta property=\"article:modified_time\" content=\"2012-07-12T17:50:31+00:00\" \/>\n<meta property=\"og:image\" content=\"http:\/\/www.visit-ulcinj.com\/blog\/wp-content\/uploads\/2012\/07\/nazif-cungu.jpg\" \/>\n<meta name=\"twitter:label1\" content=\"Written by\" \/>\n\t<meta name=\"twitter:data1\" content=\"ulqini\" \/>\n\t<meta name=\"twitter:label2\" content=\"Est. reading time\" \/>\n\t<meta name=\"twitter:data2\" content=\"3 minutes\" \/>\n<script type=\"application\/ld+json\" class=\"yoast-schema-graph\">{\"@context\":\"https:\/\/schema.org\",\"@graph\":[{\"@type\":\"WebSite\",\"@id\":\"https:\/\/www.visit-ulcinj.com\/blog\/#website\",\"url\":\"https:\/\/www.visit-ulcinj.com\/blog\/\",\"name\":\"Lajme nga Ulqini\",\"description\":\"Lajme,Vijesti,Ulqini,Ulqin,Crna Gora,Mali i Zi\",\"potentialAction\":[{\"@type\":\"SearchAction\",\"target\":{\"@type\":\"EntryPoint\",\"urlTemplate\":\"https:\/\/www.visit-ulcinj.com\/blog\/?s={search_term_string}\"},\"query-input\":\"required name=search_term_string\"}],\"inLanguage\":\"en-US\"},{\"@type\":\"ImageObject\",\"inLanguage\":\"en-US\",\"@id\":\"https:\/\/www.visit-ulcinj.com\/blog\/2012\/07\/11\/aktualisht-mbi-100-mije-pushues-ne-ulqin\/#primaryimage\",\"url\":\"https:\/\/www.visit-ulcinj.com\/blog\/wp-content\/uploads\/2012\/07\/nazif-cungu.jpg\",\"contentUrl\":\"https:\/\/www.visit-ulcinj.com\/blog\/wp-content\/uploads\/2012\/07\/nazif-cungu.jpg\",\"width\":\"440\",\"height\":\"291\"},{\"@type\":\"WebPage\",\"@id\":\"https:\/\/www.visit-ulcinj.com\/blog\/2012\/07\/11\/aktualisht-mbi-100-mije-pushues-ne-ulqin\/#webpage\",\"url\":\"https:\/\/www.visit-ulcinj.com\/blog\/2012\/07\/11\/aktualisht-mbi-100-mije-pushues-ne-ulqin\/\",\"name\":\"Aktualisht mbi 100 mij\u00eb pushues n\u00eb Ulqin - Lajme nga Ulqini\",\"isPartOf\":{\"@id\":\"https:\/\/www.visit-ulcinj.com\/blog\/#website\"},\"primaryImageOfPage\":{\"@id\":\"https:\/\/www.visit-ulcinj.com\/blog\/2012\/07\/11\/aktualisht-mbi-100-mije-pushues-ne-ulqin\/#primaryimage\"},\"datePublished\":\"2012-07-11T18:48:11+00:00\",\"dateModified\":\"2012-07-12T17:50:31+00:00\",\"author\":{\"@id\":\"https:\/\/www.visit-ulcinj.com\/blog\/#\/schema\/person\/dcab619c614d3038751c63bc2aadc06d\"},\"description\":\"Plazhi i Ulqinit edhe m\u00eb tutje mbetet nj\u00ebri nd\u00ebr plazhet m\u00eb t\u00eb frekuentuar nga qytetar\u00ebt dhe diaspora e Republik\u00ebs s\u00eb Kosov\u00ebs. Kryetari i Komun\u00ebs s\u00eb\",\"breadcrumb\":{\"@id\":\"https:\/\/www.visit-ulcinj.com\/blog\/2012\/07\/11\/aktualisht-mbi-100-mije-pushues-ne-ulqin\/#breadcrumb\"},\"inLanguage\":\"en-US\",\"potentialAction\":[{\"@type\":\"ReadAction\",\"target\":[\"https:\/\/www.visit-ulcinj.com\/blog\/2012\/07\/11\/aktualisht-mbi-100-mije-pushues-ne-ulqin\/\"]}]},{\"@type\":\"BreadcrumbList\",\"@id\":\"https:\/\/www.visit-ulcinj.com\/blog\/2012\/07\/11\/aktualisht-mbi-100-mije-pushues-ne-ulqin\/#breadcrumb\",\"itemListElement\":[{\"@type\":\"ListItem\",\"position\":1,\"name\":\"Aktualisht mbi 100 mij\u00eb pushues n\u00eb Ulqin\"}]},{\"@type\":\"Person\",\"@id\":\"https:\/\/www.visit-ulcinj.com\/blog\/#\/schema\/person\/dcab619c614d3038751c63bc2aadc06d\",\"name\":\"ulqini\",\"sameAs\":[\"http:\/\/www.visit-ulcinj.com\"],\"url\":\"https:\/\/www.visit-ulcinj.com\/blog\/author\/admin\/\"}]}<\/script>\n<!-- \/ Yoast SEO plugin. -->","yoast_head_json":{"title":"Aktualisht mbi 100 mij\u00eb pushues n\u00eb Ulqin - Lajme nga Ulqini","description":"Plazhi i Ulqinit edhe m\u00eb tutje mbetet nj\u00ebri nd\u00ebr plazhet m\u00eb t\u00eb frekuentuar nga qytetar\u00ebt dhe diaspora e Republik\u00ebs s\u00eb Kosov\u00ebs. Kryetari i Komun\u00ebs s\u00eb","robots":{"index":"index","follow":"follow","max-snippet":"max-snippet:-1","max-image-preview":"max-image-preview:large","max-video-preview":"max-video-preview:-1"},"canonical":"https:\/\/www.visit-ulcinj.com\/blog\/2012\/07\/11\/aktualisht-mbi-100-mije-pushues-ne-ulqin\/","og_locale":"en_US","og_type":"article","og_title":"Aktualisht mbi 100 mij\u00eb pushues n\u00eb Ulqin - Lajme nga Ulqini","og_description":"Plazhi i Ulqinit edhe m\u00eb tutje mbetet nj\u00ebri nd\u00ebr plazhet m\u00eb t\u00eb frekuentuar nga qytetar\u00ebt dhe diaspora e Republik\u00ebs s\u00eb Kosov\u00ebs. Kryetari i Komun\u00ebs s\u00eb","og_url":"https:\/\/www.visit-ulcinj.com\/blog\/2012\/07\/11\/aktualisht-mbi-100-mije-pushues-ne-ulqin\/","og_site_name":"Lajme nga Ulqini","article_published_time":"2012-07-11T18:48:11+00:00","article_modified_time":"2012-07-12T17:50:31+00:00","og_image":[{"url":"http:\/\/www.visit-ulcinj.com\/blog\/wp-content\/uploads\/2012\/07\/nazif-cungu.jpg"}],"twitter_misc":{"Written by":"ulqini","Est. reading time":"3 minutes"},"schema":{"@context":"https:\/\/schema.org","@graph":[{"@type":"WebSite","@id":"https:\/\/www.visit-ulcinj.com\/blog\/#website","url":"https:\/\/www.visit-ulcinj.com\/blog\/","name":"Lajme nga Ulqini","description":"Lajme,Vijesti,Ulqini,Ulqin,Crna Gora,Mali i Zi","potentialAction":[{"@type":"SearchAction","target":{"@type":"EntryPoint","urlTemplate":"https:\/\/www.visit-ulcinj.com\/blog\/?s={search_term_string}"},"query-input":"required name=search_term_string"}],"inLanguage":"en-US"},{"@type":"ImageObject","inLanguage":"en-US","@id":"https:\/\/www.visit-ulcinj.com\/blog\/2012\/07\/11\/aktualisht-mbi-100-mije-pushues-ne-ulqin\/#primaryimage","url":"https:\/\/www.visit-ulcinj.com\/blog\/wp-content\/uploads\/2012\/07\/nazif-cungu.jpg","contentUrl":"https:\/\/www.visit-ulcinj.com\/blog\/wp-content\/uploads\/2012\/07\/nazif-cungu.jpg","width":"440","height":"291"},{"@type":"WebPage","@id":"https:\/\/www.visit-ulcinj.com\/blog\/2012\/07\/11\/aktualisht-mbi-100-mije-pushues-ne-ulqin\/#webpage","url":"https:\/\/www.visit-ulcinj.com\/blog\/2012\/07\/11\/aktualisht-mbi-100-mije-pushues-ne-ulqin\/","name":"Aktualisht mbi 100 mij\u00eb pushues n\u00eb Ulqin - Lajme nga Ulqini","isPartOf":{"@id":"https:\/\/www.visit-ulcinj.com\/blog\/#website"},"primaryImageOfPage":{"@id":"https:\/\/www.visit-ulcinj.com\/blog\/2012\/07\/11\/aktualisht-mbi-100-mije-pushues-ne-ulqin\/#primaryimage"},"datePublished":"2012-07-11T18:48:11+00:00","dateModified":"2012-07-12T17:50:31+00:00","author":{"@id":"https:\/\/www.visit-ulcinj.com\/blog\/#\/schema\/person\/dcab619c614d3038751c63bc2aadc06d"},"description":"Plazhi i Ulqinit edhe m\u00eb tutje mbetet nj\u00ebri nd\u00ebr plazhet m\u00eb t\u00eb frekuentuar nga qytetar\u00ebt dhe diaspora e Republik\u00ebs s\u00eb Kosov\u00ebs. Kryetari i Komun\u00ebs s\u00eb","breadcrumb":{"@id":"https:\/\/www.visit-ulcinj.com\/blog\/2012\/07\/11\/aktualisht-mbi-100-mije-pushues-ne-ulqin\/#breadcrumb"},"inLanguage":"en-US","potentialAction":[{"@type":"ReadAction","target":["https:\/\/www.visit-ulcinj.com\/blog\/2012\/07\/11\/aktualisht-mbi-100-mije-pushues-ne-ulqin\/"]}]},{"@type":"BreadcrumbList","@id":"https:\/\/www.visit-ulcinj.com\/blog\/2012\/07\/11\/aktualisht-mbi-100-mije-pushues-ne-ulqin\/#breadcrumb","itemListElement":[{"@type":"ListItem","position":1,"name":"Aktualisht mbi 100 mij\u00eb pushues n\u00eb Ulqin"}]},{"@type":"Person","@id":"https:\/\/www.visit-ulcinj.com\/blog\/#\/schema\/person\/dcab619c614d3038751c63bc2aadc06d","name":"ulqini","sameAs":["http:\/\/www.visit-ulcinj.com"],"url":"https:\/\/www.visit-ulcinj.com\/blog\/author\/admin\/"}]}},"jetpack_featured_media_url":"","jetpack_sharing_enabled":true,"jetpack_shortlink":"https:\/\/wp.me\/pe6lTn-gaI","_links":{"self":[{"href":"https:\/\/www.visit-ulcinj.com\/blog\/wp-json\/wp\/v2\/posts\/62168"}],"collection":[{"href":"https:\/\/www.visit-ulcinj.com\/blog\/wp-json\/wp\/v2\/posts"}],"about":[{"href":"https:\/\/www.visit-ulcinj.com\/blog\/wp-json\/wp\/v2\/types\/post"}],"author":[{"embeddable":true,"href":"https:\/\/www.visit-ulcinj.com\/blog\/wp-json\/wp\/v2\/users\/1"}],"replies":[{"embeddable":true,"href":"https:\/\/www.visit-ulcinj.com\/blog\/wp-json\/wp\/v2\/comments?post=62168"}],"version-history":[{"count":3,"href":"https:\/\/www.visit-ulcinj.com\/blog\/wp-json\/wp\/v2\/posts\/62168\/revisions"}],"predecessor-version":[{"id":62173,"href":"https:\/\/www.visit-ulcinj.com\/blog\/wp-json\/wp\/v2\/posts\/62168\/revisions\/62173"}],"wp:attachment":[{"href":"https:\/\/www.visit-ulcinj.com\/blog\/wp-json\/wp\/v2\/media?parent=62168"}],"wp:term":[{"taxonomy":"category","embeddable":true,"href":"https:\/\/www.visit-ulcinj.com\/blog\/wp-json\/wp\/v2\/categories?post=62168"},{"taxonomy":"post_tag","embeddable":true,"href":"https:\/\/www.visit-ulcinj.com\/blog\/wp-json\/wp\/v2\/tags?post=62168"}],"curies":[{"name":"wp","href":"https:\/\/api.w.org\/{rel}","templated":true}]}}