{"id":6219,"date":"2008-11-17T08:15:29","date_gmt":"2008-11-17T13:15:29","guid":{"rendered":"http:\/\/www.visit-ulcinj.com\/blog\/?p=6219"},"modified":"2008-11-18T12:46:38","modified_gmt":"2008-11-18T17:46:38","slug":"kompania-holandeze-ofron-projektin-me-te-mire-per-plazhin-e-madh","status":"publish","type":"post","link":"https:\/\/www.visit-ulcinj.com\/blog\/2008\/11\/17\/kompania-holandeze-ofron-projektin-me-te-mire-per-plazhin-e-madh\/","title":{"rendered":"Kompania holandeze ofron projektin m\u00eb t\u00eb mir\u00eb p\u00ebr Plazhin e madh"},"content":{"rendered":"<p><a href=\"http:\/\/www.velikaplaza.info\/?a=planners\"><img loading=\"lazy\" class=\"alignleft size-medium wp-image-6139\" title=\"projekat-holandske-kompanije-zaaijer-partners-za-veliku-plazu_ulcinj\" src=\"http:\/\/www.visit-ulcinj.com\/blog\/wp-content\/uploads\/2008\/11\/projekat-holandske-kompanije-zaaijer-partners-za-veliku-plazu_ulcinj-300x254.jpg\" alt=\"\" width=\"300\" height=\"254\" srcset=\"https:\/\/www.visit-ulcinj.com\/blog\/wp-content\/uploads\/2008\/11\/projekat-holandske-kompanije-zaaijer-partners-za-veliku-plazu_ulcinj-300x254.jpg 300w, https:\/\/www.visit-ulcinj.com\/blog\/wp-content\/uploads\/2008\/11\/projekat-holandske-kompanije-zaaijer-partners-za-veliku-plazu_ulcinj.jpg 550w\" sizes=\"(max-width: 300px) 100vw, 300px\" \/><\/a><strong>Shpallet fituesi i konkursit &#8220;plazhi i madh, kompleks i q\u00ebndruesh\u00ebm turistik n\u00eb bregdet&#8221;<\/strong><br \/>\nN\u00eb konkursin p\u00ebr zgjidhjen m\u00eb t\u00eb mir\u00eb planifikuese &#8220;Plazhi i Madh, kompleks i q\u00ebndruesh\u00ebm turistik n\u00eb bregdet&#8221;, ka fituar projekti i kompanis\u00eb arkitektonike holandeze &#8220;Van Den Oever Zaaijer &amp; Partners&#8221;. Fituesi \u00ebsht\u00eb shpallur n\u00eb nj\u00eb konferenc\u00eb p\u00ebr shtyp t\u00eb organizuar t\u00eb mart\u00ebn n\u00eb kuad\u00ebr t\u00eb World Travel Market n\u00eb Lond\u00ebr.<br \/>\nPas kompanis\u00eb holandeze, n\u00eb vend t\u00eb dyt\u00eb \u00ebsht\u00eb renditur ajo britanike PRP Architects, n\u00eb vendin e tret\u00eb ajo amerikane Crawford Architects, kurse \u00e7mime speciale p\u00ebr zgjidhjet e ofruara urbanistike jan\u00eb dh\u00ebn\u00eb Archipelagos\/Aedas Team po nga SHBA dhe SSSCCM+PM nga Italia.<br \/>\n&#8220;Na vjen jasht\u00ebzakonisht mir\u00eb q\u00eb kemi fituar n\u00eb konkurs. Ka qen\u00eb nj\u00eb sfid\u00eb e madhe p\u00ebr ne jo vet\u00ebm p\u00ebr shkak t\u00eb specifik\u00ebs s\u00eb mjedisit, por edhe ngaq\u00eb kriteret e q\u00ebndrueshm\u00ebris\u00eb kan\u00eb qen\u00eb shum\u00eb t\u00eb lart\u00eb, nd\u00ebrsa n\u00eb t\u00eb nj\u00ebjt\u00ebn koh\u00eb nuk kemi dashur q\u00eb t\u00eb humbet autenticiteti i Ulqinit dhe Plazhit t\u00eb Madh. Kemi qen\u00eb atje dhe kemi zbuluar diamantin t\u00eb cilit ne jemi munduar t`i japim form\u00eb p\u00ebrmes zgjidhjes son\u00eb planifikuese. Ky \u00ebsht\u00eb nj\u00eb projekt i madh dhe k\u00ebrkon shum\u00eb koh\u00eb p\u00ebr p\u00ebrpunim dhe jemi shum\u00eb t\u00eb k\u00ebnaqur me bashk\u00ebpunimin e mundsh\u00ebm me arkitekt\u00ebt n\u00eb Mal t\u00eb Zi&#8221;, ka th\u00ebn\u00eb Kris Zviers, p\u00ebrfaq\u00ebsues i kompanis\u00eb fituese &#8220;Van Den Oever Zaaijer &amp; Partners&#8221;.<a href=\"http:\/\/www.visit-ulcinj.com\/blog\/wp-content\/uploads\/2008\/11\/delegacia-crne-gore.jpg\"><img loading=\"lazy\" class=\"alignright size-thumbnail wp-image-6140\" title=\"delegacia-crne-gore\" src=\"http:\/\/www.visit-ulcinj.com\/blog\/wp-content\/uploads\/2008\/11\/delegacia-crne-gore-150x150.jpg\" alt=\"\" width=\"210\" height=\"150\" \/><\/a><br \/>\nKryetari i juris\u00eb \u00c7arls Hjuz ka theksuar se projekti fitues \u00ebsht\u00eb i madh dhe atraktiv dhe se t\u00ebrheq v\u00ebmendjen e planifikuesve dhe arkitekt\u00ebve t\u00eb njohur nga rajoni dhe Europa.<br \/>\n&#8220;Rezultate t\u00eb konkursit jan\u00eb pes\u00eb oferta tejet cil\u00ebsore, t\u00eb cilat kan\u00eb qen\u00eb shum\u00eb t\u00eb ndryshme nga nj\u00ebra tjetra dhe t\u00eb cilat gjithsesi do t\u00eb jen\u00eb t\u00eb dobishme jo vet\u00ebm p\u00ebr projektin e Plazhit t\u00eb Madh, por edhe p\u00ebr projekte t\u00eb tjera t\u00eb m\u00ebdha q\u00eb do t\u00eb realizohen n\u00eb Mal t\u00eb Zi n\u00eb pes\u00eb deri dhjet\u00eb vitet e ardhshme. Projekti i Plazhit t\u00eb Madh \u00ebsht\u00eb d\u00ebshmi se Qeveria e Malit t\u00eb Zi jo vet\u00ebm q\u00eb flet p\u00ebr zhvillimin e q\u00ebndruesh\u00ebm, por d\u00ebshiron q\u00eb Mali i Zi t\u00eb b\u00ebhet vend i njohur dhe krejt i ndrysh\u00ebm nga vendet e tjera&#8221;, ka th\u00ebn\u00eb Hjuz.<br \/>\n<a href=\"http:\/\/www.velikaplaza.info\/gallery\/images\/winners\/Crawford_Architects-second_runner_up.jpg\" target=\"_blank\"><img loading=\"lazy\" class=\"alignleft size-thumbnail wp-image-5871\" title=\"velika-plaza-ulcinj_1\" src=\"http:\/\/www.visit-ulcinj.com\/blog\/wp-content\/uploads\/2008\/11\/velika-plaza-ulcinj_1-150x150.jpg\" alt=\"\" width=\"245\" height=\"150\" \/><\/a>Ministri malazez p\u00ebr Zhvillim Ekonomik, Branimir Gvozdenoviq, ka theksuar se ky projekt p\u00ebrb\u00ebn investimin m\u00eb t\u00eb madh individual n\u00eb fush\u00ebn e pasurive t\u00eb paluajtshme n\u00eb k\u00ebt\u00eb hap\u00ebsir\u00eb dhe se \u00ebsht\u00eb nj\u00ebri nd\u00ebr projektet m\u00eb t\u00eb m\u00ebdha n\u00eb bot\u00eb, n\u00eb nj\u00eb sip\u00ebrfaqe prej 1450 hektar\u00eb dhe me 30 mij\u00eb shtret\u00ebr t\u00eb projektuar.<br \/>\n&#8220;Duke pasur parasysh r\u00ebnd\u00ebsin\u00eb strategjike t\u00eb projektit Plazhi i Madh, Qeveria p\u00ebrcjell procedur\u00ebn e tenderimit me q\u00ebllim t\u00eb realizimit t\u00eb standardeve m\u00eb t\u00eb larta nd\u00ebrkomb\u00ebtare t\u00eb projektimit t\u00eb q\u00ebndruesh\u00ebm, nd\u00ebrtimit dhe menaxhimit afatgjat\u00eb. Realizimi i projektit t\u00eb k\u00ebtill\u00eb do ta pozicionoj\u00eb Malin e Zi si destinacion turistik t\u00eb njohur bot\u00ebror, por do t\u00eb jet\u00eb edhe nj\u00eb impuls p\u00ebr zhvillimin e tij t\u00eb m\u00ebtejsh\u00ebm ekonomik&#8221;, ka vler\u00ebsuar Gvozdenoviq.<a href=\"http:\/\/www.velikaplaza.info\/gallery\/images\/winners\/Archipelagos_Aedas-first_special_commendation.jpg\" target=\"_blank\"><img loading=\"lazy\" class=\"alignright size-thumbnail wp-image-5870\" title=\"velika-plaza-ulcinj\" src=\"http:\/\/www.visit-ulcinj.com\/blog\/wp-content\/uploads\/2008\/11\/velika-plaza-ulcinj-150x150.jpg\" alt=\"\" width=\"222\" height=\"150\" \/><\/a><br \/>\nKompanis\u00eb holandeze &#8220;Van Den Oever Zaaijer &amp; Partners&#8221;, fituese e konkursit, do t`i takojn\u00eb 50 mij\u00eb euro, kompanive fituese t\u00eb vendit t\u00eb dyt\u00eb dhe t\u00eb tret\u00eb nga 20 mij\u00eb euro, kurse fituesit e \u00e7mimeve speciale do t\u00eb p\u00ebrfitojn\u00eb nga 10 mij\u00eb euro.<br \/>\nJuria e konkursit p\u00ebrb\u00ebhej nga kryetari i saj \u00c7arls Hjuz, president i kompanis\u00eb Smart Futures nga Britania e Madhe, e specializuar n\u00eb fush\u00ebn e zhvillimit t\u00eb q\u00ebndruesh\u00ebm, zhvillimit ekonomik dhe strategjis\u00eb investuese si n\u00eb sektorin shtet\u00ebror ashtu edhe n\u00eb at\u00eb privat, ministri malazez p\u00ebr Zhvillim Ekonomik, Branimir Gvozdenoviq, ministri i Turizmit dhe Mbrojtjes s\u00eb Mjedisit Jet\u00ebsor, Predrag Neneziq, kryetari i Komun\u00ebs s\u00eb Ulqinit, G\u00ebzim Hajdinaga, n\u00ebnpresidenti p\u00ebr zhvillim dhe menaxhim t\u00eb projektit Marriot Vacation Club, Miguel Ruano, kryetari i Urban Land Institute, Bill Kistler, si dhe arkitekti partner n\u00eb Architecture &amp; Urban Systems, Josep Acebillo, i cili ka punuar n\u00eb p\u00ebrgatitjen e Barcelon\u00ebs p\u00ebr Loj\u00ebrat Olimpike.<br \/>\n<a href=\"http:\/\/www.velikaplaza.info\/gallery\/images\/winners\/SSSSCC_PM-second_special_commendation.jpg\" target=\"_blank\"><img loading=\"lazy\" class=\"alignleft size-medium wp-image-5872\" title=\"velika-plaza-ulcinj_2\" src=\"http:\/\/www.visit-ulcinj.com\/blog\/wp-content\/uploads\/2008\/11\/velika-plaza-ulcinj_2-300x126.jpg\" alt=\"\" width=\"300\" height=\"126\" \/><\/a>P\u00ebrve\u00e7 \u00e7mimeve, t\u00eb pes\u00eb kompanit\u00eb finaliste do t\u00eb ken\u00eb mund\u00ebsi t\u00eb prezantojn\u00eb projektet e tyre n\u00eb Panairin e Kan\u00ebs MIPIM Horizons, nj\u00ebrin prej panaireve m\u00eb t\u00eb m\u00ebdha t\u00eb pasurive t\u00eb paluajtshme n\u00eb bot\u00eb n\u00eb t\u00eb cilin do t\u00eb marr\u00eb pjes\u00eb edhe Ministria p\u00ebr Zhvillim Ekonomik e Malit t\u00eb Zi.<br \/>\nKonkursi p\u00ebr zgjidhjen m\u00eb t\u00eb mir\u00eb planifikuese &#8220;Plazhi i Madh, kompleks i q\u00ebndruesh\u00ebm turistik n\u00eb bregdet&#8221; \u00ebsht\u00eb hapur n\u00eb qershor t\u00eb k\u00ebtij viti nga Ministria p\u00ebr Zhvillim Ekonomik. Pas faz\u00ebs parakualifikuese dhe p\u00ebrzgjedhjes s\u00eb dhjet\u00eb kompanive t\u00eb cilat i kan\u00eb plot\u00ebsuar kriteret p\u00ebr t\u00eb kaluar n\u00eb faz\u00ebn e m\u00ebtejshme, kompanit\u00eb e p\u00ebrzgjedhura kan\u00eb pasur mund\u00ebsin\u00eb t\u00eb vizitojn\u00eb Plazhin e Madh n\u00eb gjat\u00ebsi prej 13 kilometrash dhe n\u00eb bised\u00eb me p\u00ebrfaq\u00ebsuesit e k\u00ebsaj ministrie t\u00eb fitojn\u00eb t\u00eb dh\u00ebnat baz\u00eb p\u00ebr vizionin e Qeveris\u00eb s\u00eb Malit t\u00eb Zi lidhur me k\u00ebt\u00eb projekt, unik n\u00eb Europ\u00eb. Ato i kan\u00eb dor\u00ebzuar ofertat e tyre deri m\u00eb 15 tetor, kurse m\u00eb 28 tetor, juria me karakter nd\u00ebrkomb\u00ebtar, e p\u00ebrb\u00ebr\u00eb nga ekspert\u00eb t\u00eb k\u00ebsaj fushe ka p\u00ebrcaktuar pes\u00eb kompanit\u00eb q\u00eb u prezantuan n\u00eb World Trade Market.<br \/>\nWorld Trade Market organizohet p\u00ebr \u00e7do vit dhe paraqet rast unik n\u00eb industrin\u00eb turistike globale p\u00ebr takime dhe bisedime. N\u00eb k\u00ebt\u00eb aktivitet sivjet mor\u00ebn pjes\u00eb rreth 48 mij\u00eb punonj\u00ebs profesionist\u00eb t\u00eb fush\u00ebs s\u00eb turizmit, nj\u00eb num\u00ebr ky rekord i pjes\u00ebmarr\u00ebsve.<br \/>\n<strong>I. Kallaba<br \/>\nKoha Javore<\/strong><\/p>\n<p><strong>Kliko n\u00eb Fotografi<br \/>\n<\/strong><\/p>\n<p><a href=\"http:\/\/www.velikaplaza.info\/zoning_flash.html\" target=\"_blank\"><img loading=\"lazy\" class=\"alignleft\" title=\"Zoning Velika Paza Ulcinj\" src=\"http:\/\/www.visit-ulcinj.com\/blog\/wp-content\/uploads\/2008\/11\/zoning-flash.jpg\" alt=\"\" width=\"542\" height=\"162\" \/><\/a><\/p>\n","protected":false},"excerpt":{"rendered":"<p>Shpallet fituesi i konkursit &#8220;plazhi i madh, kompleks i q\u00ebndruesh\u00ebm turistik n\u00eb bregdet&#8221; N\u00eb konkursin p\u00ebr zgjidhjen m\u00eb t\u00eb mir\u00eb planifikuese &#8220;Plazhi i Madh, kompleks i q\u00ebndruesh\u00ebm turistik n\u00eb bregdet&#8221;, ka fituar projekti i kompanis\u00eb arkitektonike holandeze &#8220;Van Den Oever Zaaijer &amp; Partners&#8221;. Fituesi \u00ebsht\u00eb shpallur n\u00eb nj\u00eb konferenc\u00eb p\u00ebr shtyp t\u00eb organizuar t\u00eb mart\u00ebn [&hellip;]<\/p>\n","protected":false},"author":1,"featured_media":0,"comment_status":"open","ping_status":"closed","sticky":false,"template":"","format":"standard","meta":{"spay_email":"","jetpack_publicize_message":"","jetpack_is_tweetstorm":false,"jetpack_publicize_feature_enabled":true},"categories":[15],"tags":[95,5067],"jetpack_publicize_connections":[],"yoast_head":"<!-- This site is optimized with the Yoast SEO plugin v19.1 - https:\/\/yoast.com\/wordpress\/plugins\/seo\/ -->\n<title>Kompania holandeze ofron projektin m\u00eb t\u00eb mir\u00eb p\u00ebr Plazhin e madh - Lajme nga Ulqini<\/title>\n<meta name=\"description\" content=\"Shpallet fituesi i konkursit &quot;plazhi i madh, kompleks i q\u00ebndruesh\u00ebm turistik n\u00eb bregdet&quot; N\u00eb konkursin p\u00ebr zgjidhjen m\u00eb t\u00eb mir\u00eb planifikuese &quot;Plazhi i\" \/>\n<meta name=\"robots\" content=\"index, follow, max-snippet:-1, max-image-preview:large, max-video-preview:-1\" \/>\n<link rel=\"canonical\" href=\"https:\/\/www.visit-ulcinj.com\/blog\/2008\/11\/17\/kompania-holandeze-ofron-projektin-me-te-mire-per-plazhin-e-madh\/\" \/>\n<meta property=\"og:locale\" content=\"en_US\" \/>\n<meta property=\"og:type\" content=\"article\" \/>\n<meta property=\"og:title\" content=\"Kompania holandeze ofron projektin m\u00eb t\u00eb mir\u00eb p\u00ebr Plazhin e madh - Lajme nga Ulqini\" \/>\n<meta property=\"og:description\" content=\"Shpallet fituesi i konkursit &quot;plazhi i madh, kompleks i q\u00ebndruesh\u00ebm turistik n\u00eb bregdet&quot; N\u00eb konkursin p\u00ebr zgjidhjen m\u00eb t\u00eb mir\u00eb planifikuese &quot;Plazhi i\" \/>\n<meta property=\"og:url\" content=\"https:\/\/www.visit-ulcinj.com\/blog\/2008\/11\/17\/kompania-holandeze-ofron-projektin-me-te-mire-per-plazhin-e-madh\/\" \/>\n<meta property=\"og:site_name\" content=\"Lajme nga Ulqini\" \/>\n<meta property=\"article:published_time\" content=\"2008-11-17T13:15:29+00:00\" \/>\n<meta property=\"article:modified_time\" content=\"2008-11-18T17:46:38+00:00\" \/>\n<meta property=\"og:image\" content=\"http:\/\/www.visit-ulcinj.com\/blog\/wp-content\/uploads\/2008\/11\/projekat-holandske-kompanije-zaaijer-partners-za-veliku-plazu_ulcinj-300x254.jpg\" \/>\n<meta name=\"twitter:label1\" content=\"Written by\" \/>\n\t<meta name=\"twitter:data1\" content=\"ulqini\" \/>\n\t<meta name=\"twitter:label2\" content=\"Est. reading time\" \/>\n\t<meta name=\"twitter:data2\" content=\"5 minutes\" \/>\n<script type=\"application\/ld+json\" class=\"yoast-schema-graph\">{\"@context\":\"https:\/\/schema.org\",\"@graph\":[{\"@type\":\"WebSite\",\"@id\":\"https:\/\/www.visit-ulcinj.com\/blog\/#website\",\"url\":\"https:\/\/www.visit-ulcinj.com\/blog\/\",\"name\":\"Lajme nga Ulqini\",\"description\":\"Lajme,Vijesti,Ulqini,Ulqin,Crna Gora,Mali i Zi\",\"potentialAction\":[{\"@type\":\"SearchAction\",\"target\":{\"@type\":\"EntryPoint\",\"urlTemplate\":\"https:\/\/www.visit-ulcinj.com\/blog\/?s={search_term_string}\"},\"query-input\":\"required name=search_term_string\"}],\"inLanguage\":\"en-US\"},{\"@type\":\"ImageObject\",\"inLanguage\":\"en-US\",\"@id\":\"https:\/\/www.visit-ulcinj.com\/blog\/2008\/11\/17\/kompania-holandeze-ofron-projektin-me-te-mire-per-plazhin-e-madh\/#primaryimage\",\"url\":\"http:\/\/www.visit-ulcinj.com\/blog\/wp-content\/uploads\/2008\/11\/projekat-holandske-kompanije-zaaijer-partners-za-veliku-plazu_ulcinj-300x254.jpg\",\"contentUrl\":\"http:\/\/www.visit-ulcinj.com\/blog\/wp-content\/uploads\/2008\/11\/projekat-holandske-kompanije-zaaijer-partners-za-veliku-plazu_ulcinj-300x254.jpg\"},{\"@type\":\"WebPage\",\"@id\":\"https:\/\/www.visit-ulcinj.com\/blog\/2008\/11\/17\/kompania-holandeze-ofron-projektin-me-te-mire-per-plazhin-e-madh\/#webpage\",\"url\":\"https:\/\/www.visit-ulcinj.com\/blog\/2008\/11\/17\/kompania-holandeze-ofron-projektin-me-te-mire-per-plazhin-e-madh\/\",\"name\":\"Kompania holandeze ofron projektin m\u00eb t\u00eb mir\u00eb p\u00ebr Plazhin e madh - Lajme nga Ulqini\",\"isPartOf\":{\"@id\":\"https:\/\/www.visit-ulcinj.com\/blog\/#website\"},\"primaryImageOfPage\":{\"@id\":\"https:\/\/www.visit-ulcinj.com\/blog\/2008\/11\/17\/kompania-holandeze-ofron-projektin-me-te-mire-per-plazhin-e-madh\/#primaryimage\"},\"datePublished\":\"2008-11-17T13:15:29+00:00\",\"dateModified\":\"2008-11-18T17:46:38+00:00\",\"author\":{\"@id\":\"https:\/\/www.visit-ulcinj.com\/blog\/#\/schema\/person\/dcab619c614d3038751c63bc2aadc06d\"},\"description\":\"Shpallet fituesi i konkursit \\\"plazhi i madh, kompleks i q\u00ebndruesh\u00ebm turistik n\u00eb bregdet\\\" N\u00eb konkursin p\u00ebr zgjidhjen m\u00eb t\u00eb mir\u00eb planifikuese \\\"Plazhi i\",\"breadcrumb\":{\"@id\":\"https:\/\/www.visit-ulcinj.com\/blog\/2008\/11\/17\/kompania-holandeze-ofron-projektin-me-te-mire-per-plazhin-e-madh\/#breadcrumb\"},\"inLanguage\":\"en-US\",\"potentialAction\":[{\"@type\":\"ReadAction\",\"target\":[\"https:\/\/www.visit-ulcinj.com\/blog\/2008\/11\/17\/kompania-holandeze-ofron-projektin-me-te-mire-per-plazhin-e-madh\/\"]}]},{\"@type\":\"BreadcrumbList\",\"@id\":\"https:\/\/www.visit-ulcinj.com\/blog\/2008\/11\/17\/kompania-holandeze-ofron-projektin-me-te-mire-per-plazhin-e-madh\/#breadcrumb\",\"itemListElement\":[{\"@type\":\"ListItem\",\"position\":1,\"name\":\"Kompania holandeze ofron projektin m\u00eb t\u00eb mir\u00eb p\u00ebr Plazhin e madh\"}]},{\"@type\":\"Person\",\"@id\":\"https:\/\/www.visit-ulcinj.com\/blog\/#\/schema\/person\/dcab619c614d3038751c63bc2aadc06d\",\"name\":\"ulqini\",\"sameAs\":[\"http:\/\/www.visit-ulcinj.com\"],\"url\":\"https:\/\/www.visit-ulcinj.com\/blog\/author\/admin\/\"}]}<\/script>\n<!-- \/ Yoast SEO plugin. -->","yoast_head_json":{"title":"Kompania holandeze ofron projektin m\u00eb t\u00eb mir\u00eb p\u00ebr Plazhin e madh - Lajme nga Ulqini","description":"Shpallet fituesi i konkursit \"plazhi i madh, kompleks i q\u00ebndruesh\u00ebm turistik n\u00eb bregdet\" N\u00eb konkursin p\u00ebr zgjidhjen m\u00eb t\u00eb mir\u00eb planifikuese \"Plazhi i","robots":{"index":"index","follow":"follow","max-snippet":"max-snippet:-1","max-image-preview":"max-image-preview:large","max-video-preview":"max-video-preview:-1"},"canonical":"https:\/\/www.visit-ulcinj.com\/blog\/2008\/11\/17\/kompania-holandeze-ofron-projektin-me-te-mire-per-plazhin-e-madh\/","og_locale":"en_US","og_type":"article","og_title":"Kompania holandeze ofron projektin m\u00eb t\u00eb mir\u00eb p\u00ebr Plazhin e madh - Lajme nga Ulqini","og_description":"Shpallet fituesi i konkursit \"plazhi i madh, kompleks i q\u00ebndruesh\u00ebm turistik n\u00eb bregdet\" N\u00eb konkursin p\u00ebr zgjidhjen m\u00eb t\u00eb mir\u00eb planifikuese \"Plazhi i","og_url":"https:\/\/www.visit-ulcinj.com\/blog\/2008\/11\/17\/kompania-holandeze-ofron-projektin-me-te-mire-per-plazhin-e-madh\/","og_site_name":"Lajme nga Ulqini","article_published_time":"2008-11-17T13:15:29+00:00","article_modified_time":"2008-11-18T17:46:38+00:00","og_image":[{"url":"http:\/\/www.visit-ulcinj.com\/blog\/wp-content\/uploads\/2008\/11\/projekat-holandske-kompanije-zaaijer-partners-za-veliku-plazu_ulcinj-300x254.jpg"}],"twitter_misc":{"Written by":"ulqini","Est. reading time":"5 minutes"},"schema":{"@context":"https:\/\/schema.org","@graph":[{"@type":"WebSite","@id":"https:\/\/www.visit-ulcinj.com\/blog\/#website","url":"https:\/\/www.visit-ulcinj.com\/blog\/","name":"Lajme nga Ulqini","description":"Lajme,Vijesti,Ulqini,Ulqin,Crna Gora,Mali i Zi","potentialAction":[{"@type":"SearchAction","target":{"@type":"EntryPoint","urlTemplate":"https:\/\/www.visit-ulcinj.com\/blog\/?s={search_term_string}"},"query-input":"required name=search_term_string"}],"inLanguage":"en-US"},{"@type":"ImageObject","inLanguage":"en-US","@id":"https:\/\/www.visit-ulcinj.com\/blog\/2008\/11\/17\/kompania-holandeze-ofron-projektin-me-te-mire-per-plazhin-e-madh\/#primaryimage","url":"http:\/\/www.visit-ulcinj.com\/blog\/wp-content\/uploads\/2008\/11\/projekat-holandske-kompanije-zaaijer-partners-za-veliku-plazu_ulcinj-300x254.jpg","contentUrl":"http:\/\/www.visit-ulcinj.com\/blog\/wp-content\/uploads\/2008\/11\/projekat-holandske-kompanije-zaaijer-partners-za-veliku-plazu_ulcinj-300x254.jpg"},{"@type":"WebPage","@id":"https:\/\/www.visit-ulcinj.com\/blog\/2008\/11\/17\/kompania-holandeze-ofron-projektin-me-te-mire-per-plazhin-e-madh\/#webpage","url":"https:\/\/www.visit-ulcinj.com\/blog\/2008\/11\/17\/kompania-holandeze-ofron-projektin-me-te-mire-per-plazhin-e-madh\/","name":"Kompania holandeze ofron projektin m\u00eb t\u00eb mir\u00eb p\u00ebr Plazhin e madh - Lajme nga Ulqini","isPartOf":{"@id":"https:\/\/www.visit-ulcinj.com\/blog\/#website"},"primaryImageOfPage":{"@id":"https:\/\/www.visit-ulcinj.com\/blog\/2008\/11\/17\/kompania-holandeze-ofron-projektin-me-te-mire-per-plazhin-e-madh\/#primaryimage"},"datePublished":"2008-11-17T13:15:29+00:00","dateModified":"2008-11-18T17:46:38+00:00","author":{"@id":"https:\/\/www.visit-ulcinj.com\/blog\/#\/schema\/person\/dcab619c614d3038751c63bc2aadc06d"},"description":"Shpallet fituesi i konkursit \"plazhi i madh, kompleks i q\u00ebndruesh\u00ebm turistik n\u00eb bregdet\" N\u00eb konkursin p\u00ebr zgjidhjen m\u00eb t\u00eb mir\u00eb planifikuese \"Plazhi i","breadcrumb":{"@id":"https:\/\/www.visit-ulcinj.com\/blog\/2008\/11\/17\/kompania-holandeze-ofron-projektin-me-te-mire-per-plazhin-e-madh\/#breadcrumb"},"inLanguage":"en-US","potentialAction":[{"@type":"ReadAction","target":["https:\/\/www.visit-ulcinj.com\/blog\/2008\/11\/17\/kompania-holandeze-ofron-projektin-me-te-mire-per-plazhin-e-madh\/"]}]},{"@type":"BreadcrumbList","@id":"https:\/\/www.visit-ulcinj.com\/blog\/2008\/11\/17\/kompania-holandeze-ofron-projektin-me-te-mire-per-plazhin-e-madh\/#breadcrumb","itemListElement":[{"@type":"ListItem","position":1,"name":"Kompania holandeze ofron projektin m\u00eb t\u00eb mir\u00eb p\u00ebr Plazhin e madh"}]},{"@type":"Person","@id":"https:\/\/www.visit-ulcinj.com\/blog\/#\/schema\/person\/dcab619c614d3038751c63bc2aadc06d","name":"ulqini","sameAs":["http:\/\/www.visit-ulcinj.com"],"url":"https:\/\/www.visit-ulcinj.com\/blog\/author\/admin\/"}]}},"jetpack_featured_media_url":"","jetpack_sharing_enabled":true,"jetpack_shortlink":"https:\/\/wp.me\/pe6lTn-1Cj","_links":{"self":[{"href":"https:\/\/www.visit-ulcinj.com\/blog\/wp-json\/wp\/v2\/posts\/6219"}],"collection":[{"href":"https:\/\/www.visit-ulcinj.com\/blog\/wp-json\/wp\/v2\/posts"}],"about":[{"href":"https:\/\/www.visit-ulcinj.com\/blog\/wp-json\/wp\/v2\/types\/post"}],"author":[{"embeddable":true,"href":"https:\/\/www.visit-ulcinj.com\/blog\/wp-json\/wp\/v2\/users\/1"}],"replies":[{"embeddable":true,"href":"https:\/\/www.visit-ulcinj.com\/blog\/wp-json\/wp\/v2\/comments?post=6219"}],"version-history":[{"count":0,"href":"https:\/\/www.visit-ulcinj.com\/blog\/wp-json\/wp\/v2\/posts\/6219\/revisions"}],"wp:attachment":[{"href":"https:\/\/www.visit-ulcinj.com\/blog\/wp-json\/wp\/v2\/media?parent=6219"}],"wp:term":[{"taxonomy":"category","embeddable":true,"href":"https:\/\/www.visit-ulcinj.com\/blog\/wp-json\/wp\/v2\/categories?post=6219"},{"taxonomy":"post_tag","embeddable":true,"href":"https:\/\/www.visit-ulcinj.com\/blog\/wp-json\/wp\/v2\/tags?post=6219"}],"curies":[{"name":"wp","href":"https:\/\/api.w.org\/{rel}","templated":true}]}}