{"id":62200,"date":"2012-07-12T18:48:01","date_gmt":"2012-07-12T17:48:01","guid":{"rendered":"http:\/\/www.visit-ulcinj.com\/blog\/?p=62200"},"modified":"2012-07-13T19:18:28","modified_gmt":"2012-07-13T18:18:28","slug":"reagim-i-sherbimit-teknik-te-organizates-turistike-te-ulqinit","status":"publish","type":"post","link":"https:\/\/www.visit-ulcinj.com\/blog\/2012\/07\/12\/reagim-i-sherbimit-teknik-te-organizates-turistike-te-ulqinit\/","title":{"rendered":"Reagim i Sh\u00ebrbimit teknik t\u00eb organizat\u00ebs turistike t\u00eb Ulqinit"},"content":{"rendered":"<p><a href=\"http:\/\/www.visit-ulcinj.com\/blog\/wp-content\/uploads\/2012\/07\/Organizata-turistike-e-Ulqinit.jpg\"><img loading=\"lazy\" class=\"alignleft  wp-image-62201\" title=\"Organizata turistike e Ulqinit\" src=\"http:\/\/www.visit-ulcinj.com\/blog\/wp-content\/uploads\/2012\/07\/Organizata-turistike-e-Ulqinit.jpg\" alt=\"\" width=\"508\" height=\"360\" \/><\/a>\u00cbsht\u00eb e pakuptueshme q\u00eb Ushtruesi i detyr\u00ebs s\u00eb Drejtori t\u00eb Organizat\u00ebs Turistike t\u00eb Ulqinit z. Minir Karamanaga, n\u00eb vrullin e sezonit turistik, kur aktivitetet e stafit jan\u00eb n\u00eb kulmin e tyre,\u00a0 d\u00ebrgon\u00a0 n\u00eb pushim t\u00eb DETYRUAR \u00a0gjith\u00eb personelin e k\u00ebtij sh\u00ebrbimi, ne kat\u00ebr.\u00a0 P\u00ebr k\u00ebt\u00eb arsye Organizata Nacionale Turistike nuk pranon t\u00eb bashk\u00ebpunoj\u00eb me z. Minir Karamanaga dhe t\u00eb gjitha informatat \u00a0i merr\u00a0 nga Sh\u00ebrbimi teknik i Organizat\u00ebs turistike.<\/p>\n<p>Ai me siguri ka parapar\u00eb t\u00eb na z\u00ebvend\u00ebsoj\u00eb me pun\u00ebtor\u00eb t\u00eb rinj sepse nuk arriti t\u00eb zgjeroj\u00eb sistematizimin n\u00eb p\u00ebrputhje me d\u00ebshirat e tija personale.<\/p>\n<p>&nbsp;<\/p>\n<p>\u00cbsht\u00eb e pakuptueshme q\u00eb po ky Ushtrues i detyr\u00ebs s\u00eb Drejtorit, z. Minir Karamanaga pas disa dit\u00ebsh shfuqizon Vendimin e vet, nd\u00ebrkoh\u00eb q\u00eb nuk bazohet n\u00eb asnj\u00eb nen t\u00eb ligjit, sepse ligji as nuk njeh e as nuk \u00a0egziston nj\u00eb\u00a0 mund\u00ebsi t\u00eb till\u00eb n\u00eb ligj.<\/p>\n<p>&nbsp;<\/p>\n<p>Si\u00e7 shihet ai nuk i njeh fare ligjet dhe rregulloret e pun\u00ebs\u00a0 ndon\u00ebse p\u00ebrpiqet t\u00eb jet\u00eb drejtor i sh\u00ebrbimit teknik t\u00eb organizat\u00ebs turistike t\u00eb Ulqinit.<\/p>\n<p>&nbsp;<\/p>\n<p>As n\u00eb teori e as n\u00eb praktik\u00eb nuk egziston mund\u00ebsia q\u00eb dikush <strong>\u201cT\u00cb SHFUQIZOJ\u00cb VENDIMIN\u201d<\/strong>,\u00a0 gjat\u00eb pushimit vjetor, i cili sipas nesh \u00ebsht\u00eb nj\u00eb pushim i detyruar, \u00a0e \u00a0as nuk mund t\u00eb shfuqizohet kontrata mbi pun\u00ebsimin apo t\u00eb bihet nj\u00eb Vendim p\u00ebr pezullim sepse k\u00ebto dy kategori jan\u00eb n\u00eb kund\u00ebrshtim me veprimtarin\u00eb e tyre.<\/p>\n<p>&nbsp;<\/p>\n<p>Megjithat\u00eb, ne do t\u00eb realizojm\u00eb t\u00eb drejtat tona n\u00ebp\u00ebrmjet autoriteteve kompetente dhe n\u00eb t\u00eb nj\u00ebjt\u00ebn koh\u00eb nga\u00a0 Gjykata Themelore do t\u00eb k\u00ebrkojm\u00eb MAS\u00cbN E P\u00cbRKOHSHME p\u00ebr t\u00eb ndaluar shkeljet e k\u00ebtilla flagrante jo vet\u00ebm t\u00eb marr\u00ebdh\u00ebnieve t\u00eb pun\u00ebs, por edhe t\u00eb <strong>NORMAVE MORALE.<\/strong><\/p>\n<p>Mbi k\u00ebt\u00eb situat\u00eb jan\u00eb t\u00eb informuara Institucionet shtet\u00ebrore, t\u00eb cilat p\u00ebrkund\u00ebr k\u00ebtyre Vendimeve t\u00eb paligjshme t\u00eb UD drejtorit t\u00eb OT, nga ne pun\u00ebtor\u00ebt\u00a0 k\u00ebrkojn\u00eb t\u00eb gjitha\u00a0 informatat dhe t\u00eb dh\u00ebnat \u00a0p\u00ebr t\u00eb kompletuar statistikat e p\u00ebrgjithshme.<\/p>\n<p>&nbsp;<\/p>\n<p>Sh\u00ebrbimi teknik i Organizat\u00ebs turistike Ulqin:<\/p>\n<p>Beqir Zati<\/p>\n<p>Merita Rexha<\/p>\n<p>Aleksandar Jacoviq<\/p>\n<p>Muharem Beqoviq<\/p>\n<!--YouTube Error: bad URL entered-->\n","protected":false},"excerpt":{"rendered":"<p>\u00cbsht\u00eb e pakuptueshme q\u00eb Ushtruesi i detyr\u00ebs s\u00eb Drejtori t\u00eb Organizat\u00ebs Turistike t\u00eb Ulqinit z. Minir Karamanaga, n\u00eb vrullin e sezonit turistik, kur aktivitetet e stafit jan\u00eb n\u00eb kulmin e tyre,\u00a0 d\u00ebrgon\u00a0 n\u00eb pushim t\u00eb DETYRUAR \u00a0gjith\u00eb personelin e k\u00ebtij sh\u00ebrbimi, ne kat\u00ebr.\u00a0 P\u00ebr k\u00ebt\u00eb arsye Organizata Nacionale Turistike nuk pranon t\u00eb bashk\u00ebpunoj\u00eb me z. [&hellip;]<\/p>\n","protected":false},"author":1,"featured_media":0,"comment_status":"open","ping_status":"closed","sticky":false,"template":"","format":"standard","meta":{"spay_email":"","jetpack_publicize_message":"","jetpack_is_tweetstorm":false,"jetpack_publicize_feature_enabled":true},"categories":[1,6],"tags":[671],"jetpack_publicize_connections":[],"yoast_head":"<!-- This site is optimized with the Yoast SEO plugin v19.1 - https:\/\/yoast.com\/wordpress\/plugins\/seo\/ -->\n<title>Reagim i Sh\u00ebrbimit teknik t\u00eb organizat\u00ebs turistike t\u00eb Ulqinit - Lajme nga Ulqini<\/title>\n<meta name=\"description\" content=\"\u00cbsht\u00eb e pakuptueshme q\u00eb Ushtruesi i detyr\u00ebs s\u00eb Drejtori t\u00eb Organizat\u00ebs Turistike t\u00eb Ulqinit z. Minir Karamanaga, n\u00eb vrullin e sezonit turistik, kur\" \/>\n<meta name=\"robots\" content=\"index, follow, max-snippet:-1, max-image-preview:large, max-video-preview:-1\" \/>\n<link rel=\"canonical\" href=\"https:\/\/www.visit-ulcinj.com\/blog\/2012\/07\/12\/reagim-i-sherbimit-teknik-te-organizates-turistike-te-ulqinit\/\" \/>\n<meta property=\"og:locale\" content=\"en_US\" \/>\n<meta property=\"og:type\" content=\"article\" \/>\n<meta property=\"og:title\" content=\"Reagim i Sh\u00ebrbimit teknik t\u00eb organizat\u00ebs turistike t\u00eb Ulqinit - Lajme nga Ulqini\" \/>\n<meta property=\"og:description\" content=\"\u00cbsht\u00eb e pakuptueshme q\u00eb Ushtruesi i detyr\u00ebs s\u00eb Drejtori t\u00eb Organizat\u00ebs Turistike t\u00eb Ulqinit z. Minir Karamanaga, n\u00eb vrullin e sezonit turistik, kur\" \/>\n<meta property=\"og:url\" content=\"https:\/\/www.visit-ulcinj.com\/blog\/2012\/07\/12\/reagim-i-sherbimit-teknik-te-organizates-turistike-te-ulqinit\/\" \/>\n<meta property=\"og:site_name\" content=\"Lajme nga Ulqini\" \/>\n<meta property=\"article:published_time\" content=\"2012-07-12T17:48:01+00:00\" \/>\n<meta property=\"article:modified_time\" content=\"2012-07-13T18:18:28+00:00\" \/>\n<meta property=\"og:image\" content=\"http:\/\/www.visit-ulcinj.com\/blog\/wp-content\/uploads\/2012\/07\/Organizata-turistike-e-Ulqinit.jpg\" \/>\n<meta name=\"twitter:label1\" content=\"Written by\" \/>\n\t<meta name=\"twitter:data1\" content=\"ulqini\" \/>\n\t<meta name=\"twitter:label2\" content=\"Est. reading time\" \/>\n\t<meta name=\"twitter:data2\" content=\"2 minutes\" \/>\n<script type=\"application\/ld+json\" class=\"yoast-schema-graph\">{\"@context\":\"https:\/\/schema.org\",\"@graph\":[{\"@type\":\"WebSite\",\"@id\":\"https:\/\/www.visit-ulcinj.com\/blog\/#website\",\"url\":\"https:\/\/www.visit-ulcinj.com\/blog\/\",\"name\":\"Lajme nga Ulqini\",\"description\":\"Lajme,Vijesti,Ulqini,Ulqin,Crna Gora,Mali i Zi\",\"potentialAction\":[{\"@type\":\"SearchAction\",\"target\":{\"@type\":\"EntryPoint\",\"urlTemplate\":\"https:\/\/www.visit-ulcinj.com\/blog\/?s={search_term_string}\"},\"query-input\":\"required name=search_term_string\"}],\"inLanguage\":\"en-US\"},{\"@type\":\"ImageObject\",\"inLanguage\":\"en-US\",\"@id\":\"https:\/\/www.visit-ulcinj.com\/blog\/2012\/07\/12\/reagim-i-sherbimit-teknik-te-organizates-turistike-te-ulqinit\/#primaryimage\",\"url\":\"https:\/\/www.visit-ulcinj.com\/blog\/wp-content\/uploads\/2012\/07\/Organizata-turistike-e-Ulqinit.jpg\",\"contentUrl\":\"https:\/\/www.visit-ulcinj.com\/blog\/wp-content\/uploads\/2012\/07\/Organizata-turistike-e-Ulqinit.jpg\",\"width\":\"640\",\"height\":\"480\"},{\"@type\":\"WebPage\",\"@id\":\"https:\/\/www.visit-ulcinj.com\/blog\/2012\/07\/12\/reagim-i-sherbimit-teknik-te-organizates-turistike-te-ulqinit\/#webpage\",\"url\":\"https:\/\/www.visit-ulcinj.com\/blog\/2012\/07\/12\/reagim-i-sherbimit-teknik-te-organizates-turistike-te-ulqinit\/\",\"name\":\"Reagim i Sh\u00ebrbimit teknik t\u00eb organizat\u00ebs turistike t\u00eb Ulqinit - Lajme nga Ulqini\",\"isPartOf\":{\"@id\":\"https:\/\/www.visit-ulcinj.com\/blog\/#website\"},\"primaryImageOfPage\":{\"@id\":\"https:\/\/www.visit-ulcinj.com\/blog\/2012\/07\/12\/reagim-i-sherbimit-teknik-te-organizates-turistike-te-ulqinit\/#primaryimage\"},\"datePublished\":\"2012-07-12T17:48:01+00:00\",\"dateModified\":\"2012-07-13T18:18:28+00:00\",\"author\":{\"@id\":\"https:\/\/www.visit-ulcinj.com\/blog\/#\/schema\/person\/dcab619c614d3038751c63bc2aadc06d\"},\"description\":\"\u00cbsht\u00eb e pakuptueshme q\u00eb Ushtruesi i detyr\u00ebs s\u00eb Drejtori t\u00eb Organizat\u00ebs Turistike t\u00eb Ulqinit z. Minir Karamanaga, n\u00eb vrullin e sezonit turistik, kur\",\"breadcrumb\":{\"@id\":\"https:\/\/www.visit-ulcinj.com\/blog\/2012\/07\/12\/reagim-i-sherbimit-teknik-te-organizates-turistike-te-ulqinit\/#breadcrumb\"},\"inLanguage\":\"en-US\",\"potentialAction\":[{\"@type\":\"ReadAction\",\"target\":[\"https:\/\/www.visit-ulcinj.com\/blog\/2012\/07\/12\/reagim-i-sherbimit-teknik-te-organizates-turistike-te-ulqinit\/\"]}]},{\"@type\":\"BreadcrumbList\",\"@id\":\"https:\/\/www.visit-ulcinj.com\/blog\/2012\/07\/12\/reagim-i-sherbimit-teknik-te-organizates-turistike-te-ulqinit\/#breadcrumb\",\"itemListElement\":[{\"@type\":\"ListItem\",\"position\":1,\"name\":\"Reagim i Sh\u00ebrbimit teknik t\u00eb organizat\u00ebs turistike t\u00eb Ulqinit\"}]},{\"@type\":\"Person\",\"@id\":\"https:\/\/www.visit-ulcinj.com\/blog\/#\/schema\/person\/dcab619c614d3038751c63bc2aadc06d\",\"name\":\"ulqini\",\"sameAs\":[\"http:\/\/www.visit-ulcinj.com\"],\"url\":\"https:\/\/www.visit-ulcinj.com\/blog\/author\/admin\/\"}]}<\/script>\n<!-- \/ Yoast SEO plugin. -->","yoast_head_json":{"title":"Reagim i Sh\u00ebrbimit teknik t\u00eb organizat\u00ebs turistike t\u00eb Ulqinit - Lajme nga Ulqini","description":"\u00cbsht\u00eb e pakuptueshme q\u00eb Ushtruesi i detyr\u00ebs s\u00eb Drejtori t\u00eb Organizat\u00ebs Turistike t\u00eb Ulqinit z. Minir Karamanaga, n\u00eb vrullin e sezonit turistik, kur","robots":{"index":"index","follow":"follow","max-snippet":"max-snippet:-1","max-image-preview":"max-image-preview:large","max-video-preview":"max-video-preview:-1"},"canonical":"https:\/\/www.visit-ulcinj.com\/blog\/2012\/07\/12\/reagim-i-sherbimit-teknik-te-organizates-turistike-te-ulqinit\/","og_locale":"en_US","og_type":"article","og_title":"Reagim i Sh\u00ebrbimit teknik t\u00eb organizat\u00ebs turistike t\u00eb Ulqinit - Lajme nga Ulqini","og_description":"\u00cbsht\u00eb e pakuptueshme q\u00eb Ushtruesi i detyr\u00ebs s\u00eb Drejtori t\u00eb Organizat\u00ebs Turistike t\u00eb Ulqinit z. Minir Karamanaga, n\u00eb vrullin e sezonit turistik, kur","og_url":"https:\/\/www.visit-ulcinj.com\/blog\/2012\/07\/12\/reagim-i-sherbimit-teknik-te-organizates-turistike-te-ulqinit\/","og_site_name":"Lajme nga Ulqini","article_published_time":"2012-07-12T17:48:01+00:00","article_modified_time":"2012-07-13T18:18:28+00:00","og_image":[{"url":"http:\/\/www.visit-ulcinj.com\/blog\/wp-content\/uploads\/2012\/07\/Organizata-turistike-e-Ulqinit.jpg"}],"twitter_misc":{"Written by":"ulqini","Est. reading time":"2 minutes"},"schema":{"@context":"https:\/\/schema.org","@graph":[{"@type":"WebSite","@id":"https:\/\/www.visit-ulcinj.com\/blog\/#website","url":"https:\/\/www.visit-ulcinj.com\/blog\/","name":"Lajme nga Ulqini","description":"Lajme,Vijesti,Ulqini,Ulqin,Crna Gora,Mali i Zi","potentialAction":[{"@type":"SearchAction","target":{"@type":"EntryPoint","urlTemplate":"https:\/\/www.visit-ulcinj.com\/blog\/?s={search_term_string}"},"query-input":"required name=search_term_string"}],"inLanguage":"en-US"},{"@type":"ImageObject","inLanguage":"en-US","@id":"https:\/\/www.visit-ulcinj.com\/blog\/2012\/07\/12\/reagim-i-sherbimit-teknik-te-organizates-turistike-te-ulqinit\/#primaryimage","url":"https:\/\/www.visit-ulcinj.com\/blog\/wp-content\/uploads\/2012\/07\/Organizata-turistike-e-Ulqinit.jpg","contentUrl":"https:\/\/www.visit-ulcinj.com\/blog\/wp-content\/uploads\/2012\/07\/Organizata-turistike-e-Ulqinit.jpg","width":"640","height":"480"},{"@type":"WebPage","@id":"https:\/\/www.visit-ulcinj.com\/blog\/2012\/07\/12\/reagim-i-sherbimit-teknik-te-organizates-turistike-te-ulqinit\/#webpage","url":"https:\/\/www.visit-ulcinj.com\/blog\/2012\/07\/12\/reagim-i-sherbimit-teknik-te-organizates-turistike-te-ulqinit\/","name":"Reagim i Sh\u00ebrbimit teknik t\u00eb organizat\u00ebs turistike t\u00eb Ulqinit - Lajme nga Ulqini","isPartOf":{"@id":"https:\/\/www.visit-ulcinj.com\/blog\/#website"},"primaryImageOfPage":{"@id":"https:\/\/www.visit-ulcinj.com\/blog\/2012\/07\/12\/reagim-i-sherbimit-teknik-te-organizates-turistike-te-ulqinit\/#primaryimage"},"datePublished":"2012-07-12T17:48:01+00:00","dateModified":"2012-07-13T18:18:28+00:00","author":{"@id":"https:\/\/www.visit-ulcinj.com\/blog\/#\/schema\/person\/dcab619c614d3038751c63bc2aadc06d"},"description":"\u00cbsht\u00eb e pakuptueshme q\u00eb Ushtruesi i detyr\u00ebs s\u00eb Drejtori t\u00eb Organizat\u00ebs Turistike t\u00eb Ulqinit z. Minir Karamanaga, n\u00eb vrullin e sezonit turistik, kur","breadcrumb":{"@id":"https:\/\/www.visit-ulcinj.com\/blog\/2012\/07\/12\/reagim-i-sherbimit-teknik-te-organizates-turistike-te-ulqinit\/#breadcrumb"},"inLanguage":"en-US","potentialAction":[{"@type":"ReadAction","target":["https:\/\/www.visit-ulcinj.com\/blog\/2012\/07\/12\/reagim-i-sherbimit-teknik-te-organizates-turistike-te-ulqinit\/"]}]},{"@type":"BreadcrumbList","@id":"https:\/\/www.visit-ulcinj.com\/blog\/2012\/07\/12\/reagim-i-sherbimit-teknik-te-organizates-turistike-te-ulqinit\/#breadcrumb","itemListElement":[{"@type":"ListItem","position":1,"name":"Reagim i Sh\u00ebrbimit teknik t\u00eb organizat\u00ebs turistike t\u00eb Ulqinit"}]},{"@type":"Person","@id":"https:\/\/www.visit-ulcinj.com\/blog\/#\/schema\/person\/dcab619c614d3038751c63bc2aadc06d","name":"ulqini","sameAs":["http:\/\/www.visit-ulcinj.com"],"url":"https:\/\/www.visit-ulcinj.com\/blog\/author\/admin\/"}]}},"jetpack_featured_media_url":"","jetpack_sharing_enabled":true,"jetpack_shortlink":"https:\/\/wp.me\/pe6lTn-gbe","_links":{"self":[{"href":"https:\/\/www.visit-ulcinj.com\/blog\/wp-json\/wp\/v2\/posts\/62200"}],"collection":[{"href":"https:\/\/www.visit-ulcinj.com\/blog\/wp-json\/wp\/v2\/posts"}],"about":[{"href":"https:\/\/www.visit-ulcinj.com\/blog\/wp-json\/wp\/v2\/types\/post"}],"author":[{"embeddable":true,"href":"https:\/\/www.visit-ulcinj.com\/blog\/wp-json\/wp\/v2\/users\/1"}],"replies":[{"embeddable":true,"href":"https:\/\/www.visit-ulcinj.com\/blog\/wp-json\/wp\/v2\/comments?post=62200"}],"version-history":[{"count":4,"href":"https:\/\/www.visit-ulcinj.com\/blog\/wp-json\/wp\/v2\/posts\/62200\/revisions"}],"predecessor-version":[{"id":62242,"href":"https:\/\/www.visit-ulcinj.com\/blog\/wp-json\/wp\/v2\/posts\/62200\/revisions\/62242"}],"wp:attachment":[{"href":"https:\/\/www.visit-ulcinj.com\/blog\/wp-json\/wp\/v2\/media?parent=62200"}],"wp:term":[{"taxonomy":"category","embeddable":true,"href":"https:\/\/www.visit-ulcinj.com\/blog\/wp-json\/wp\/v2\/categories?post=62200"},{"taxonomy":"post_tag","embeddable":true,"href":"https:\/\/www.visit-ulcinj.com\/blog\/wp-json\/wp\/v2\/tags?post=62200"}],"curies":[{"name":"wp","href":"https:\/\/api.w.org\/{rel}","templated":true}]}}