{"id":62214,"date":"2012-07-12T19:20:59","date_gmt":"2012-07-12T18:20:59","guid":{"rendered":"http:\/\/www.visit-ulcinj.com\/blog\/?p=62214"},"modified":"2012-07-12T19:23:06","modified_gmt":"2012-07-12T18:23:06","slug":"zgjedhet-asllan-llunji-kryetar-i-forces-rinore","status":"publish","type":"post","link":"https:\/\/www.visit-ulcinj.com\/blog\/2012\/07\/12\/zgjedhet-asllan-llunji-kryetar-i-forces-rinore\/","title":{"rendered":"Zgjedhet Asllan Llunji kryetar i Forc\u00ebs Rinore"},"content":{"rendered":"<p align=\"center\"><strong><a href=\"http:\/\/www.visit-ulcinj.com\/blog\/wp-content\/uploads\/2012\/07\/Asllan-Llunji-zgjedhet-kryetar-i-Forc\u00ebs-Rinore.jpg\"><img loading=\"lazy\" class=\"alignleft  wp-image-62220\" title=\"Asllan Llunji zgjedhet kryetar i Forc\u00ebs Rinore\" src=\"http:\/\/www.visit-ulcinj.com\/blog\/wp-content\/uploads\/2012\/07\/Asllan-Llunji-zgjedhet-kryetar-i-Forc\u00ebs-Rinore.jpg\" alt=\"\" width=\"508\" height=\"360\" \/><\/a>Deklarat\u00eb p\u00ebr media<\/strong><\/p>\n<p align=\"center\"><strong>me rastin e zgjedhjes s\u00eb kryesis\u00eb s\u00eb re t\u00eb Forc\u00ebs Rinore<\/strong><\/p>\n<p>&nbsp;<\/p>\n<p>&nbsp;<\/p>\n<p>T\u00eb m\u00ebrkuren me dat\u00ebn 11.07.2012 n\u00eb Hotelin \u201dOtrant\u201d u mbajt Kuvendi i dyt\u00eb zgjedhor\u00eb i Forumit Rinor t\u00eb Forc\u00ebs s\u00eb r\u00eb demokratike. P\u00ebrve\u00e7 delegat\u00ebve t\u00eb forumit dhe udh\u00ebheq\u00ebsis\u00eb s\u00eb pun\u00ebs t\u00eb pranish\u00ebm ishin edhe kryetari i partis\u00eb z. Nazif Cungu, n\u00ebnkryetari Xhaudet Cakuli, deputeti Genci Nimanbegu si dhe funksionar\u00eb\u00a0 t\u00eb tjer\u00eb partiak.<br \/>\n<a href=\"http:\/\/www.visit-ulcinj.com\/blog\/wp-content\/uploads\/2012\/07\/Asllan-Llunji-zgjedhet-kryetar-i-Forc\u00ebs-Rinore.1.jpg\"><img loading=\"lazy\" class=\"alignleft  wp-image-62221\" title=\"Asllan Llunji zgjedhet kryetar i Forc\u00ebs Rinore.1\" src=\"http:\/\/www.visit-ulcinj.com\/blog\/wp-content\/uploads\/2012\/07\/Asllan-Llunji-zgjedhet-kryetar-i-Forc\u00ebs-Rinore.1.jpg\" alt=\"\" width=\"508\" height=\"300\" \/><\/a><\/p>\n<p>N\u00eb k\u00ebt\u00eb kuvend u aprovua Statuti i ri i Forumit Rinor, rregullorja e pun\u00ebs, program i forumit dhe u zgjodh\u00ebn organet e Forumit: K\u00ebshilli i Forumit, K\u00ebshilli mbikqyr\u00ebs dhe Kryesia e Forumit rinor.<\/p>\n<p>Kryetar i Forumit Rinor \u00ebsht\u00eb zgjedhur Asllan Llunji, kurse p\u00ebr n\u00ebnkryetar u zgjodhen Eliana Hasanaga, Faik Nika dhe Behar Nikaj.<br \/>\n<a href=\"http:\/\/www.visit-ulcinj.com\/blog\/wp-content\/uploads\/2012\/07\/Asllan-Llunji-zgjedhet-kryetar-i-Forc\u00ebs-Rinore.3.jpg\"><img loading=\"lazy\" class=\"alignleft  wp-image-62222\" title=\"Asllan Llunji zgjedhet kryetar i Forc\u00ebs Rinore.3\" src=\"http:\/\/www.visit-ulcinj.com\/blog\/wp-content\/uploads\/2012\/07\/Asllan-Llunji-zgjedhet-kryetar-i-Forc\u00ebs-Rinore.3.jpg\" alt=\"\" width=\"508\" height=\"300\" \/><\/a><\/p>\n<p>Kryetari i ri i Forc\u00ebs Rinore tha se ai dhe udh\u00ebheqsia e re si q\u00ebllim kryesor\u00eb do t\u00eb ket\u00eb stimulimin e t\u00eb rinjve q\u00eb t\u00eb angazhohen\u00a0 edhe m\u00eb tep\u00ebr n\u00eb \u00e7eshtjet politike dhe t\u00eb krijojn\u00eb kuadro t\u00eb reja profesionale n\u00eb k\u00ebt\u00eb fush\u00eb por nj\u00ebkoh\u00ebsisht duke i stimuluar edhe n\u00eb profesionalizimin e m\u00ebtejsh\u00ebm t\u00eb veprimtarive dhe profesioneve t\u00eb tyre. Poashtu kryetari i ri i ka ftuar t\u00eb gjith\u00eb t\u00eb rinj\u00ebt q\u00eb tu bashkangjiten dhe s\u00eb bashku t\u00eb angazhohen p\u00ebr t\u00eb drejtat e veta, t\u00eb drejtat e t\u00eb rinjve n\u00eb Mal t\u00eb Zi, t\u00eb drejtat t\u00eb cilat do t\u00eb jen\u00eb t\u00eb barabarta me t\u00eb rinj\u00ebt nga Bashkimi Europian.<\/p>\n<p>Forca Rinore<br \/>\n<!--YouTube Error: bad URL entered--><\/p>\n","protected":false},"excerpt":{"rendered":"<p>Deklarat\u00eb p\u00ebr media me rastin e zgjedhjes s\u00eb kryesis\u00eb s\u00eb re t\u00eb Forc\u00ebs Rinore &nbsp; &nbsp; T\u00eb m\u00ebrkuren me dat\u00ebn 11.07.2012 n\u00eb Hotelin \u201dOtrant\u201d u mbajt Kuvendi i dyt\u00eb zgjedhor\u00eb i Forumit Rinor t\u00eb Forc\u00ebs s\u00eb r\u00eb demokratike. P\u00ebrve\u00e7 delegat\u00ebve t\u00eb forumit dhe udh\u00ebheq\u00ebsis\u00eb s\u00eb pun\u00ebs t\u00eb pranish\u00ebm ishin edhe kryetari i partis\u00eb z. Nazif [&hellip;]<\/p>\n","protected":false},"author":1,"featured_media":0,"comment_status":"open","ping_status":"closed","sticky":false,"template":"","format":"standard","meta":{"spay_email":"","jetpack_publicize_message":"","jetpack_is_tweetstorm":false,"jetpack_publicize_feature_enabled":true},"categories":[12],"tags":[7603,200],"jetpack_publicize_connections":[],"yoast_head":"<!-- This site is optimized with the Yoast SEO plugin v19.1 - https:\/\/yoast.com\/wordpress\/plugins\/seo\/ -->\n<title>Zgjedhet Asllan Llunji kryetar i Forc\u00ebs Rinore - Lajme nga Ulqini<\/title>\n<meta name=\"description\" content=\"Deklarat\u00eb p\u00ebr media me rastin e zgjedhjes s\u00eb kryesis\u00eb s\u00eb re t\u00eb Forc\u00ebs Rinore &nbsp; &nbsp; T\u00eb m\u00ebrkuren me dat\u00ebn 11.07.2012 n\u00eb Hotelin \u201dOtrant\u201d u mbajt\" \/>\n<meta name=\"robots\" content=\"index, follow, max-snippet:-1, max-image-preview:large, max-video-preview:-1\" \/>\n<link rel=\"canonical\" href=\"https:\/\/www.visit-ulcinj.com\/blog\/2012\/07\/12\/zgjedhet-asllan-llunji-kryetar-i-forces-rinore\/\" \/>\n<meta property=\"og:locale\" content=\"en_US\" \/>\n<meta property=\"og:type\" content=\"article\" \/>\n<meta property=\"og:title\" content=\"Zgjedhet Asllan Llunji kryetar i Forc\u00ebs Rinore - Lajme nga Ulqini\" \/>\n<meta property=\"og:description\" content=\"Deklarat\u00eb p\u00ebr media me rastin e zgjedhjes s\u00eb kryesis\u00eb s\u00eb re t\u00eb Forc\u00ebs Rinore &nbsp; &nbsp; T\u00eb m\u00ebrkuren me dat\u00ebn 11.07.2012 n\u00eb Hotelin \u201dOtrant\u201d u mbajt\" \/>\n<meta property=\"og:url\" content=\"https:\/\/www.visit-ulcinj.com\/blog\/2012\/07\/12\/zgjedhet-asllan-llunji-kryetar-i-forces-rinore\/\" \/>\n<meta property=\"og:site_name\" content=\"Lajme nga Ulqini\" \/>\n<meta property=\"article:published_time\" content=\"2012-07-12T18:20:59+00:00\" \/>\n<meta property=\"article:modified_time\" content=\"2012-07-12T18:23:06+00:00\" \/>\n<meta name=\"twitter:label1\" content=\"Written by\" \/>\n\t<meta name=\"twitter:data1\" content=\"ulqini\" \/>\n\t<meta name=\"twitter:label2\" content=\"Est. reading time\" \/>\n\t<meta name=\"twitter:data2\" content=\"1 minute\" \/>\n<script type=\"application\/ld+json\" class=\"yoast-schema-graph\">{\"@context\":\"https:\/\/schema.org\",\"@graph\":[{\"@type\":\"WebSite\",\"@id\":\"https:\/\/www.visit-ulcinj.com\/blog\/#website\",\"url\":\"https:\/\/www.visit-ulcinj.com\/blog\/\",\"name\":\"Lajme nga Ulqini\",\"description\":\"Lajme,Vijesti,Ulqini,Ulqin,Crna Gora,Mali i Zi\",\"potentialAction\":[{\"@type\":\"SearchAction\",\"target\":{\"@type\":\"EntryPoint\",\"urlTemplate\":\"https:\/\/www.visit-ulcinj.com\/blog\/?s={search_term_string}\"},\"query-input\":\"required name=search_term_string\"}],\"inLanguage\":\"en-US\"},{\"@type\":\"WebPage\",\"@id\":\"https:\/\/www.visit-ulcinj.com\/blog\/2012\/07\/12\/zgjedhet-asllan-llunji-kryetar-i-forces-rinore\/#webpage\",\"url\":\"https:\/\/www.visit-ulcinj.com\/blog\/2012\/07\/12\/zgjedhet-asllan-llunji-kryetar-i-forces-rinore\/\",\"name\":\"Zgjedhet Asllan Llunji kryetar i Forc\u00ebs Rinore - Lajme nga Ulqini\",\"isPartOf\":{\"@id\":\"https:\/\/www.visit-ulcinj.com\/blog\/#website\"},\"datePublished\":\"2012-07-12T18:20:59+00:00\",\"dateModified\":\"2012-07-12T18:23:06+00:00\",\"author\":{\"@id\":\"https:\/\/www.visit-ulcinj.com\/blog\/#\/schema\/person\/dcab619c614d3038751c63bc2aadc06d\"},\"description\":\"Deklarat\u00eb p\u00ebr media me rastin e zgjedhjes s\u00eb kryesis\u00eb s\u00eb re t\u00eb Forc\u00ebs Rinore &nbsp; &nbsp; T\u00eb m\u00ebrkuren me dat\u00ebn 11.07.2012 n\u00eb Hotelin \u201dOtrant\u201d u mbajt\",\"breadcrumb\":{\"@id\":\"https:\/\/www.visit-ulcinj.com\/blog\/2012\/07\/12\/zgjedhet-asllan-llunji-kryetar-i-forces-rinore\/#breadcrumb\"},\"inLanguage\":\"en-US\",\"potentialAction\":[{\"@type\":\"ReadAction\",\"target\":[\"https:\/\/www.visit-ulcinj.com\/blog\/2012\/07\/12\/zgjedhet-asllan-llunji-kryetar-i-forces-rinore\/\"]}]},{\"@type\":\"BreadcrumbList\",\"@id\":\"https:\/\/www.visit-ulcinj.com\/blog\/2012\/07\/12\/zgjedhet-asllan-llunji-kryetar-i-forces-rinore\/#breadcrumb\",\"itemListElement\":[{\"@type\":\"ListItem\",\"position\":1,\"name\":\"Zgjedhet Asllan Llunji kryetar i Forc\u00ebs Rinore\"}]},{\"@type\":\"Person\",\"@id\":\"https:\/\/www.visit-ulcinj.com\/blog\/#\/schema\/person\/dcab619c614d3038751c63bc2aadc06d\",\"name\":\"ulqini\",\"sameAs\":[\"http:\/\/www.visit-ulcinj.com\"],\"url\":\"https:\/\/www.visit-ulcinj.com\/blog\/author\/admin\/\"}]}<\/script>\n<!-- \/ Yoast SEO plugin. -->","yoast_head_json":{"title":"Zgjedhet Asllan Llunji kryetar i Forc\u00ebs Rinore - Lajme nga Ulqini","description":"Deklarat\u00eb p\u00ebr media me rastin e zgjedhjes s\u00eb kryesis\u00eb s\u00eb re t\u00eb Forc\u00ebs Rinore &nbsp; &nbsp; T\u00eb m\u00ebrkuren me dat\u00ebn 11.07.2012 n\u00eb Hotelin \u201dOtrant\u201d u mbajt","robots":{"index":"index","follow":"follow","max-snippet":"max-snippet:-1","max-image-preview":"max-image-preview:large","max-video-preview":"max-video-preview:-1"},"canonical":"https:\/\/www.visit-ulcinj.com\/blog\/2012\/07\/12\/zgjedhet-asllan-llunji-kryetar-i-forces-rinore\/","og_locale":"en_US","og_type":"article","og_title":"Zgjedhet Asllan Llunji kryetar i Forc\u00ebs Rinore - Lajme nga Ulqini","og_description":"Deklarat\u00eb p\u00ebr media me rastin e zgjedhjes s\u00eb kryesis\u00eb s\u00eb re t\u00eb Forc\u00ebs Rinore &nbsp; &nbsp; T\u00eb m\u00ebrkuren me dat\u00ebn 11.07.2012 n\u00eb Hotelin \u201dOtrant\u201d u mbajt","og_url":"https:\/\/www.visit-ulcinj.com\/blog\/2012\/07\/12\/zgjedhet-asllan-llunji-kryetar-i-forces-rinore\/","og_site_name":"Lajme nga Ulqini","article_published_time":"2012-07-12T18:20:59+00:00","article_modified_time":"2012-07-12T18:23:06+00:00","twitter_misc":{"Written by":"ulqini","Est. reading time":"1 minute"},"schema":{"@context":"https:\/\/schema.org","@graph":[{"@type":"WebSite","@id":"https:\/\/www.visit-ulcinj.com\/blog\/#website","url":"https:\/\/www.visit-ulcinj.com\/blog\/","name":"Lajme nga Ulqini","description":"Lajme,Vijesti,Ulqini,Ulqin,Crna Gora,Mali i Zi","potentialAction":[{"@type":"SearchAction","target":{"@type":"EntryPoint","urlTemplate":"https:\/\/www.visit-ulcinj.com\/blog\/?s={search_term_string}"},"query-input":"required name=search_term_string"}],"inLanguage":"en-US"},{"@type":"WebPage","@id":"https:\/\/www.visit-ulcinj.com\/blog\/2012\/07\/12\/zgjedhet-asllan-llunji-kryetar-i-forces-rinore\/#webpage","url":"https:\/\/www.visit-ulcinj.com\/blog\/2012\/07\/12\/zgjedhet-asllan-llunji-kryetar-i-forces-rinore\/","name":"Zgjedhet Asllan Llunji kryetar i Forc\u00ebs Rinore - Lajme nga Ulqini","isPartOf":{"@id":"https:\/\/www.visit-ulcinj.com\/blog\/#website"},"datePublished":"2012-07-12T18:20:59+00:00","dateModified":"2012-07-12T18:23:06+00:00","author":{"@id":"https:\/\/www.visit-ulcinj.com\/blog\/#\/schema\/person\/dcab619c614d3038751c63bc2aadc06d"},"description":"Deklarat\u00eb p\u00ebr media me rastin e zgjedhjes s\u00eb kryesis\u00eb s\u00eb re t\u00eb Forc\u00ebs Rinore &nbsp; &nbsp; T\u00eb m\u00ebrkuren me dat\u00ebn 11.07.2012 n\u00eb Hotelin \u201dOtrant\u201d u mbajt","breadcrumb":{"@id":"https:\/\/www.visit-ulcinj.com\/blog\/2012\/07\/12\/zgjedhet-asllan-llunji-kryetar-i-forces-rinore\/#breadcrumb"},"inLanguage":"en-US","potentialAction":[{"@type":"ReadAction","target":["https:\/\/www.visit-ulcinj.com\/blog\/2012\/07\/12\/zgjedhet-asllan-llunji-kryetar-i-forces-rinore\/"]}]},{"@type":"BreadcrumbList","@id":"https:\/\/www.visit-ulcinj.com\/blog\/2012\/07\/12\/zgjedhet-asllan-llunji-kryetar-i-forces-rinore\/#breadcrumb","itemListElement":[{"@type":"ListItem","position":1,"name":"Zgjedhet Asllan Llunji kryetar i Forc\u00ebs Rinore"}]},{"@type":"Person","@id":"https:\/\/www.visit-ulcinj.com\/blog\/#\/schema\/person\/dcab619c614d3038751c63bc2aadc06d","name":"ulqini","sameAs":["http:\/\/www.visit-ulcinj.com"],"url":"https:\/\/www.visit-ulcinj.com\/blog\/author\/admin\/"}]}},"jetpack_featured_media_url":"","jetpack_sharing_enabled":true,"jetpack_shortlink":"https:\/\/wp.me\/pe6lTn-gbs","_links":{"self":[{"href":"https:\/\/www.visit-ulcinj.com\/blog\/wp-json\/wp\/v2\/posts\/62214"}],"collection":[{"href":"https:\/\/www.visit-ulcinj.com\/blog\/wp-json\/wp\/v2\/posts"}],"about":[{"href":"https:\/\/www.visit-ulcinj.com\/blog\/wp-json\/wp\/v2\/types\/post"}],"author":[{"embeddable":true,"href":"https:\/\/www.visit-ulcinj.com\/blog\/wp-json\/wp\/v2\/users\/1"}],"replies":[{"embeddable":true,"href":"https:\/\/www.visit-ulcinj.com\/blog\/wp-json\/wp\/v2\/comments?post=62214"}],"version-history":[{"count":3,"href":"https:\/\/www.visit-ulcinj.com\/blog\/wp-json\/wp\/v2\/posts\/62214\/revisions"}],"predecessor-version":[{"id":62224,"href":"https:\/\/www.visit-ulcinj.com\/blog\/wp-json\/wp\/v2\/posts\/62214\/revisions\/62224"}],"wp:attachment":[{"href":"https:\/\/www.visit-ulcinj.com\/blog\/wp-json\/wp\/v2\/media?parent=62214"}],"wp:term":[{"taxonomy":"category","embeddable":true,"href":"https:\/\/www.visit-ulcinj.com\/blog\/wp-json\/wp\/v2\/categories?post=62214"},{"taxonomy":"post_tag","embeddable":true,"href":"https:\/\/www.visit-ulcinj.com\/blog\/wp-json\/wp\/v2\/tags?post=62214"}],"curies":[{"name":"wp","href":"https:\/\/api.w.org\/{rel}","templated":true}]}}