{"id":62226,"date":"2012-07-12T19:29:14","date_gmt":"2012-07-12T18:29:14","guid":{"rendered":"http:\/\/www.visit-ulcinj.com\/blog\/?p=62226"},"modified":"2012-07-12T19:29:14","modified_gmt":"2012-07-12T18:29:14","slug":"port-milena-eko-bomba","status":"publish","type":"post","link":"https:\/\/www.visit-ulcinj.com\/blog\/2012\/07\/12\/port-milena-eko-bomba\/","title":{"rendered":"Port Milena &#8211; eko bomba"},"content":{"rendered":"<p><a href=\"http:\/\/www.visit-ulcinj.com\/blog\/wp-content\/uploads\/2012\/07\/Port-Milena-Ulcinj_Crna-Gora-eko-bomba.jpg\"><img loading=\"lazy\" class=\"alignleft  wp-image-62227\" title=\"Port-Milena-Ulcinj_Crna-Gora - eko bomba\" src=\"http:\/\/www.visit-ulcinj.com\/blog\/wp-content\/uploads\/2012\/07\/Port-Milena-Ulcinj_Crna-Gora-eko-bomba.jpg\" alt=\"\" width=\"508\" height=\"360\" \/><\/a>U ovim vrelim tropskim danima,uo\u010di velikog crnogorskog praznika 13. jula-Dana dr\u017eavnosti,svjedoci smo velikih saobra\u0107ajnih gu\u017evi i dugih kilometarskih kolona automobila koji mile preko starog mosta uz i dalje nepodno\u0161ljiv miris-smrad koji se \u0161iri iz Port Milene, a na\u0161 pogled sa \u010de\u017enjom odbrojava sate i dane do momenta pu\u0161tanja u saobra\u0107aj novog mosta, \u010dije se konture nadziru ali \u010diji zavr\u0161etak je izgleda neizvjestan do kraja ove ljetnje turisti\u010dke sezone.<br \/>\n-Kanal Port Milena kod Ulcinja, najizrazitija je ekolo\u0161ka crna ta\u010dka na crnogorskoj obali.Dug \u010detiri kilometara,\u0161irok 80-120m,on je danas\u201cperformans\u201c ljudskog nemara i nekulture.Oki\u0107en je plasti\u010dnim kesama svih mogu\u0107ih boja,limenkama,automobilskim gumama&#8230;<br \/>\n\u201eNekada je ovdje voda bila \u010dista i bistra.U njoj smo se \u010dak i kupali.A skakavice i jegulje lovili smo toliko da smo morali i\u0107i u Bar,pa \u010dak i u Dubrovnik da ih prodamo\u201c,prisje\u0107aju se ovda\u0161nji ribari.<br \/>\n-Kanal Port Milena nadaleko je bio poznat i kao veliko stani\u0161te ptica.Ogromna jata \u0161ljuka,divljih pataka,jarebica&#8230;ovdje su odmarala na putu od sjevera prema jugu.Danas Port Milena podsje\u0107a na onemo\u0107alu staricu kojoj je hitno potrebna ljudska pa\u017enja.<br \/>\n-Zbog komaraca i malarije koji su harali ovim podru\u010djem krajem 19.og vjeka kralj Nikola je nalo\u017eio ruskom in\u017eenjeru Vladimiru Ivanovi\u010du-Varmanu da projektuje kanal.Pod njegovim nadzorom kanal je iskopan u cik cak cik formi od Zoganjskog jezera do mora.On je drugi put o\u010di\u0161\u0107en 1896. godine,a u jednom djelu je ispravljen i produbljen.To je omogu\u0107ilo da morska voda prodre u polje.Te godine pale su velike ki\u0161e u slivu Drima,pa se Drim izlio i podigao nivo Bojane,koja se izlila u kanal i na taj ga na\u010din pro\u0161irila i produbila.Nakon tih poplava brodovi su mogli da ulaze u kanal.Stvorena je luka \u0110erane,koja je dobila ime kneginje Milene-Port Milena.<br \/>\n-Katastrofalnu sliku o stanju Port Milene,upotpunjuje D\u017eeljalj Hod\u017ei\u0107,predsjednik ekolo\u0161kog dru\u0161tva Zeleni korak,nabrajaju\u010di kakav se sve otpad godinama bukvalno skladi\u0161ti u koritu Port Milene.Ovdje se,ka\u017ee,iz obli\u017enjih autoservisa prosipaju motorna ulja,zaga\u0111iva\u010di dolaze potokom Bratice,u njega sti\u017eu pesticidi i herbicidi iz ulcinjskog polja,pa i fekalije iz jednog djela grada, zbog neadekvatnog kolektora na Velikoj pla\u017ei,na kome se trenutno radi,jer je skoro 20 godina bio u kvaru i van upotrebe.<br \/>\n-\u201eOvim se spisak eko-trova\u010da ne zavr\u0161ava\u201c,ka\u017ee Hod\u017ei\u0107,nagla\u0161avaju\u0107i da je problem za\u0161tite i revitalizacije Port Milene posljedica sporenja oko nadle\u017enosti,mada u posljednje vrijeme zbog du\u017eine trajanja tog problema je ipak dogovoren neki konsenzus.<br \/>\n-Napori lokalne samouprave da ubrza po\u010detak rje\u0161avanja problema Port Milena nai\u0161li su na dobar odaziv kod uprave JP Morsko dobro,\u010dime je vpo\u010dela realizacija idejnogf proekta a najvjerovatnije \u0107e se na\u0107i i pouzdani finansijer koji bi pokrio tu finansijsku konstrukciju.<br \/>\n-Postavlja se pitanje na\u010dina spa\u0161avanja samog kanala.Izgradnjom novog kolektora ve\u0107e propusne mo\u0107i,na koji bi se priklju\u010dili svi novoizgra\u0111eni objekti u zale\u0111u Port Milene.Produbljivanjem i pro\u0161irenjem kanala od novog mosta do u\u0161\u0107a,kako bi voda br\u017ee oticala.Povremenim ispu\u0161tanjem \u010diste vode iz Bojane sistemom \u0161lajzni,koja bi se sa Port Milenom spojila iskopavanjem novog kanala u du\u017eini od 800m i podizanjem nasipa od kamena na samom u\u0161\u0107u Port Milene u more,\u010dime bi se sprije\u010dilo nano\u0161enje morskog pjeska u kanal prilikom jakog juga i ve\u0107ih talasa.Jedno od novih rije\u0161enja ozdravljenja Port Milene je i uklanjanje-ru\u0161enje starog mosta da bi se pove\u0107ala propusna mo\u0107 Port Milene.Tako bi Port Milena,nakon par godina ponovo \u201eo\u017eivjela\u201c.<br \/>\n-Da bi kanal Port Milena sa ponosom nosio ime Kneginje Milene,ovo je posljednji SOS za spas ovog zaga\u0111enog i uni\u0161tenog dragulja u ekolo\u0161koj Crnoj Gori.<\/p>\n<p>Naser Mehmedovi\u0107<\/p>\n","protected":false},"excerpt":{"rendered":"<p>U ovim vrelim tropskim danima,uo\u010di velikog crnogorskog praznika 13. jula-Dana dr\u017eavnosti,svjedoci smo velikih saobra\u0107ajnih gu\u017evi i dugih kilometarskih kolona automobila koji mile preko starog mosta uz i dalje nepodno\u0161ljiv miris-smrad koji se \u0161iri iz Port Milene, a na\u0161 pogled sa \u010de\u017enjom odbrojava sate i dane do momenta pu\u0161tanja u saobra\u0107aj novog mosta, \u010dije se konture [&hellip;]<\/p>\n","protected":false},"author":1,"featured_media":0,"comment_status":"open","ping_status":"closed","sticky":false,"template":"","format":"standard","meta":{"spay_email":"","jetpack_publicize_message":"","jetpack_is_tweetstorm":false,"jetpack_publicize_feature_enabled":true},"categories":[8337],"tags":[20830,295,19],"jetpack_publicize_connections":[],"yoast_head":"<!-- This site is optimized with the Yoast SEO plugin v19.1 - https:\/\/yoast.com\/wordpress\/plugins\/seo\/ -->\n<title>Port Milena - eko bomba - Lajme nga Ulqini<\/title>\n<meta name=\"description\" content=\"U ovim vrelim tropskim danima,uo\u010di velikog crnogorskog praznika 13. jula-Dana dr\u017eavnosti,svjedoci smo velikih saobra\u0107ajnih gu\u017evi i dugih kilometarskih\" \/>\n<meta name=\"robots\" content=\"index, follow, max-snippet:-1, max-image-preview:large, max-video-preview:-1\" \/>\n<link rel=\"canonical\" href=\"https:\/\/www.visit-ulcinj.com\/blog\/2012\/07\/12\/port-milena-eko-bomba\/\" \/>\n<meta property=\"og:locale\" content=\"en_US\" \/>\n<meta property=\"og:type\" content=\"article\" \/>\n<meta property=\"og:title\" content=\"Port Milena - eko bomba - Lajme nga Ulqini\" \/>\n<meta property=\"og:description\" content=\"U ovim vrelim tropskim danima,uo\u010di velikog crnogorskog praznika 13. jula-Dana dr\u017eavnosti,svjedoci smo velikih saobra\u0107ajnih gu\u017evi i dugih kilometarskih\" \/>\n<meta property=\"og:url\" content=\"https:\/\/www.visit-ulcinj.com\/blog\/2012\/07\/12\/port-milena-eko-bomba\/\" \/>\n<meta property=\"og:site_name\" content=\"Lajme nga Ulqini\" \/>\n<meta property=\"article:published_time\" content=\"2012-07-12T18:29:14+00:00\" \/>\n<meta property=\"og:image\" content=\"http:\/\/www.visit-ulcinj.com\/blog\/wp-content\/uploads\/2012\/07\/Port-Milena-Ulcinj_Crna-Gora-eko-bomba.jpg\" \/>\n<meta name=\"twitter:label1\" content=\"Written by\" \/>\n\t<meta name=\"twitter:data1\" content=\"ulqini\" \/>\n\t<meta name=\"twitter:label2\" content=\"Est. reading time\" \/>\n\t<meta name=\"twitter:data2\" content=\"3 minutes\" \/>\n<script type=\"application\/ld+json\" class=\"yoast-schema-graph\">{\"@context\":\"https:\/\/schema.org\",\"@graph\":[{\"@type\":\"WebSite\",\"@id\":\"https:\/\/www.visit-ulcinj.com\/blog\/#website\",\"url\":\"https:\/\/www.visit-ulcinj.com\/blog\/\",\"name\":\"Lajme nga Ulqini\",\"description\":\"Lajme,Vijesti,Ulqini,Ulqin,Crna Gora,Mali i Zi\",\"potentialAction\":[{\"@type\":\"SearchAction\",\"target\":{\"@type\":\"EntryPoint\",\"urlTemplate\":\"https:\/\/www.visit-ulcinj.com\/blog\/?s={search_term_string}\"},\"query-input\":\"required name=search_term_string\"}],\"inLanguage\":\"en-US\"},{\"@type\":\"ImageObject\",\"inLanguage\":\"en-US\",\"@id\":\"https:\/\/www.visit-ulcinj.com\/blog\/2012\/07\/12\/port-milena-eko-bomba\/#primaryimage\",\"url\":\"https:\/\/www.visit-ulcinj.com\/blog\/wp-content\/uploads\/2012\/07\/Port-Milena-Ulcinj_Crna-Gora-eko-bomba.jpg\",\"contentUrl\":\"https:\/\/www.visit-ulcinj.com\/blog\/wp-content\/uploads\/2012\/07\/Port-Milena-Ulcinj_Crna-Gora-eko-bomba.jpg\",\"width\":\"800\",\"height\":\"531\"},{\"@type\":\"WebPage\",\"@id\":\"https:\/\/www.visit-ulcinj.com\/blog\/2012\/07\/12\/port-milena-eko-bomba\/#webpage\",\"url\":\"https:\/\/www.visit-ulcinj.com\/blog\/2012\/07\/12\/port-milena-eko-bomba\/\",\"name\":\"Port Milena - eko bomba - Lajme nga Ulqini\",\"isPartOf\":{\"@id\":\"https:\/\/www.visit-ulcinj.com\/blog\/#website\"},\"primaryImageOfPage\":{\"@id\":\"https:\/\/www.visit-ulcinj.com\/blog\/2012\/07\/12\/port-milena-eko-bomba\/#primaryimage\"},\"datePublished\":\"2012-07-12T18:29:14+00:00\",\"dateModified\":\"2012-07-12T18:29:14+00:00\",\"author\":{\"@id\":\"https:\/\/www.visit-ulcinj.com\/blog\/#\/schema\/person\/dcab619c614d3038751c63bc2aadc06d\"},\"description\":\"U ovim vrelim tropskim danima,uo\u010di velikog crnogorskog praznika 13. jula-Dana dr\u017eavnosti,svjedoci smo velikih saobra\u0107ajnih gu\u017evi i dugih kilometarskih\",\"breadcrumb\":{\"@id\":\"https:\/\/www.visit-ulcinj.com\/blog\/2012\/07\/12\/port-milena-eko-bomba\/#breadcrumb\"},\"inLanguage\":\"en-US\",\"potentialAction\":[{\"@type\":\"ReadAction\",\"target\":[\"https:\/\/www.visit-ulcinj.com\/blog\/2012\/07\/12\/port-milena-eko-bomba\/\"]}]},{\"@type\":\"BreadcrumbList\",\"@id\":\"https:\/\/www.visit-ulcinj.com\/blog\/2012\/07\/12\/port-milena-eko-bomba\/#breadcrumb\",\"itemListElement\":[{\"@type\":\"ListItem\",\"position\":1,\"name\":\"Port Milena &#8211; eko bomba\"}]},{\"@type\":\"Person\",\"@id\":\"https:\/\/www.visit-ulcinj.com\/blog\/#\/schema\/person\/dcab619c614d3038751c63bc2aadc06d\",\"name\":\"ulqini\",\"sameAs\":[\"http:\/\/www.visit-ulcinj.com\"],\"url\":\"https:\/\/www.visit-ulcinj.com\/blog\/author\/admin\/\"}]}<\/script>\n<!-- \/ Yoast SEO plugin. -->","yoast_head_json":{"title":"Port Milena - eko bomba - Lajme nga Ulqini","description":"U ovim vrelim tropskim danima,uo\u010di velikog crnogorskog praznika 13. jula-Dana dr\u017eavnosti,svjedoci smo velikih saobra\u0107ajnih gu\u017evi i dugih kilometarskih","robots":{"index":"index","follow":"follow","max-snippet":"max-snippet:-1","max-image-preview":"max-image-preview:large","max-video-preview":"max-video-preview:-1"},"canonical":"https:\/\/www.visit-ulcinj.com\/blog\/2012\/07\/12\/port-milena-eko-bomba\/","og_locale":"en_US","og_type":"article","og_title":"Port Milena - eko bomba - Lajme nga Ulqini","og_description":"U ovim vrelim tropskim danima,uo\u010di velikog crnogorskog praznika 13. jula-Dana dr\u017eavnosti,svjedoci smo velikih saobra\u0107ajnih gu\u017evi i dugih kilometarskih","og_url":"https:\/\/www.visit-ulcinj.com\/blog\/2012\/07\/12\/port-milena-eko-bomba\/","og_site_name":"Lajme nga Ulqini","article_published_time":"2012-07-12T18:29:14+00:00","og_image":[{"url":"http:\/\/www.visit-ulcinj.com\/blog\/wp-content\/uploads\/2012\/07\/Port-Milena-Ulcinj_Crna-Gora-eko-bomba.jpg"}],"twitter_misc":{"Written by":"ulqini","Est. reading time":"3 minutes"},"schema":{"@context":"https:\/\/schema.org","@graph":[{"@type":"WebSite","@id":"https:\/\/www.visit-ulcinj.com\/blog\/#website","url":"https:\/\/www.visit-ulcinj.com\/blog\/","name":"Lajme nga Ulqini","description":"Lajme,Vijesti,Ulqini,Ulqin,Crna Gora,Mali i Zi","potentialAction":[{"@type":"SearchAction","target":{"@type":"EntryPoint","urlTemplate":"https:\/\/www.visit-ulcinj.com\/blog\/?s={search_term_string}"},"query-input":"required name=search_term_string"}],"inLanguage":"en-US"},{"@type":"ImageObject","inLanguage":"en-US","@id":"https:\/\/www.visit-ulcinj.com\/blog\/2012\/07\/12\/port-milena-eko-bomba\/#primaryimage","url":"https:\/\/www.visit-ulcinj.com\/blog\/wp-content\/uploads\/2012\/07\/Port-Milena-Ulcinj_Crna-Gora-eko-bomba.jpg","contentUrl":"https:\/\/www.visit-ulcinj.com\/blog\/wp-content\/uploads\/2012\/07\/Port-Milena-Ulcinj_Crna-Gora-eko-bomba.jpg","width":"800","height":"531"},{"@type":"WebPage","@id":"https:\/\/www.visit-ulcinj.com\/blog\/2012\/07\/12\/port-milena-eko-bomba\/#webpage","url":"https:\/\/www.visit-ulcinj.com\/blog\/2012\/07\/12\/port-milena-eko-bomba\/","name":"Port Milena - eko bomba - Lajme nga Ulqini","isPartOf":{"@id":"https:\/\/www.visit-ulcinj.com\/blog\/#website"},"primaryImageOfPage":{"@id":"https:\/\/www.visit-ulcinj.com\/blog\/2012\/07\/12\/port-milena-eko-bomba\/#primaryimage"},"datePublished":"2012-07-12T18:29:14+00:00","dateModified":"2012-07-12T18:29:14+00:00","author":{"@id":"https:\/\/www.visit-ulcinj.com\/blog\/#\/schema\/person\/dcab619c614d3038751c63bc2aadc06d"},"description":"U ovim vrelim tropskim danima,uo\u010di velikog crnogorskog praznika 13. jula-Dana dr\u017eavnosti,svjedoci smo velikih saobra\u0107ajnih gu\u017evi i dugih kilometarskih","breadcrumb":{"@id":"https:\/\/www.visit-ulcinj.com\/blog\/2012\/07\/12\/port-milena-eko-bomba\/#breadcrumb"},"inLanguage":"en-US","potentialAction":[{"@type":"ReadAction","target":["https:\/\/www.visit-ulcinj.com\/blog\/2012\/07\/12\/port-milena-eko-bomba\/"]}]},{"@type":"BreadcrumbList","@id":"https:\/\/www.visit-ulcinj.com\/blog\/2012\/07\/12\/port-milena-eko-bomba\/#breadcrumb","itemListElement":[{"@type":"ListItem","position":1,"name":"Port Milena &#8211; eko bomba"}]},{"@type":"Person","@id":"https:\/\/www.visit-ulcinj.com\/blog\/#\/schema\/person\/dcab619c614d3038751c63bc2aadc06d","name":"ulqini","sameAs":["http:\/\/www.visit-ulcinj.com"],"url":"https:\/\/www.visit-ulcinj.com\/blog\/author\/admin\/"}]}},"jetpack_featured_media_url":"","jetpack_sharing_enabled":true,"jetpack_shortlink":"https:\/\/wp.me\/pe6lTn-gbE","_links":{"self":[{"href":"https:\/\/www.visit-ulcinj.com\/blog\/wp-json\/wp\/v2\/posts\/62226"}],"collection":[{"href":"https:\/\/www.visit-ulcinj.com\/blog\/wp-json\/wp\/v2\/posts"}],"about":[{"href":"https:\/\/www.visit-ulcinj.com\/blog\/wp-json\/wp\/v2\/types\/post"}],"author":[{"embeddable":true,"href":"https:\/\/www.visit-ulcinj.com\/blog\/wp-json\/wp\/v2\/users\/1"}],"replies":[{"embeddable":true,"href":"https:\/\/www.visit-ulcinj.com\/blog\/wp-json\/wp\/v2\/comments?post=62226"}],"version-history":[{"count":1,"href":"https:\/\/www.visit-ulcinj.com\/blog\/wp-json\/wp\/v2\/posts\/62226\/revisions"}],"predecessor-version":[{"id":62228,"href":"https:\/\/www.visit-ulcinj.com\/blog\/wp-json\/wp\/v2\/posts\/62226\/revisions\/62228"}],"wp:attachment":[{"href":"https:\/\/www.visit-ulcinj.com\/blog\/wp-json\/wp\/v2\/media?parent=62226"}],"wp:term":[{"taxonomy":"category","embeddable":true,"href":"https:\/\/www.visit-ulcinj.com\/blog\/wp-json\/wp\/v2\/categories?post=62226"},{"taxonomy":"post_tag","embeddable":true,"href":"https:\/\/www.visit-ulcinj.com\/blog\/wp-json\/wp\/v2\/tags?post=62226"}],"curies":[{"name":"wp","href":"https:\/\/api.w.org\/{rel}","templated":true}]}}