{"id":62233,"date":"2012-07-13T19:16:31","date_gmt":"2012-07-13T18:16:31","guid":{"rendered":"http:\/\/www.visit-ulcinj.com\/blog\/?p=62233"},"modified":"2012-07-18T19:44:48","modified_gmt":"2012-07-18T18:44:48","slug":"u-be-inagurimi-i-rruges-nga-sukobina-deri-ne-katerkolle-video","status":"publish","type":"post","link":"https:\/\/www.visit-ulcinj.com\/blog\/2012\/07\/13\/u-be-inagurimi-i-rruges-nga-sukobina-deri-ne-katerkolle-video\/","title":{"rendered":"U b\u00eb Inagurimi i rruges nga Sukobina deri n\u00eb Kat\u00ebrkoll\u00eb &#8211; Video"},"content":{"rendered":"<p><a href=\"http:\/\/www.visit-ulcinj.com\/blog\/wp-content\/uploads\/2012\/07\/Igor-Lluksic_Nazif-Cungu_Sukobin_Ulqin.jpg\"><img loading=\"lazy\" class=\"alignleft  wp-image-62234\" title=\"Igor Lluksic_Nazif Cungu_Sukobin_Ulqin\" src=\"http:\/\/www.visit-ulcinj.com\/blog\/wp-content\/uploads\/2012\/07\/Igor-Lluksic_Nazif-Cungu_Sukobin_Ulqin.jpg\" alt=\"\" width=\"508\" height=\"360\" \/><\/a>Kryministri i Malit t\u00eb Zi Igor Llukshiq ka inaguruar s\u00eb bashku me\u00a0 kryetarin e \u00a0komun\u00ebs s\u00eb Ulqinit Nazif Cungun \u00a0pjes\u00ebn e rrug\u00ebs nga Sukobina deri n\u00eb Kat\u00ebrkoll\u00eb,kjo esht\u00eb pika e kalimit kufitar q\u00eb \u00e7on\u00eb p\u00ebr \u00a0Muriqan , e cila lidh Shqip\u00ebrin\u00eb me Malin e Zi.<\/p>\n<p>Nd\u00ebrtimi i lidhjeve rrugore nd\u00ebrkomb\u00ebtare t\u00eb Shqip\u00ebris\u00eb \u00ebsht\u00eb nj\u00eb nga p\u00ebrpar\u00ebsit\u00eb m\u00eb madhore. Me nd\u00ebrtimin e k\u00ebsaj autostrade Shqip\u00ebria ka nj\u00eb trafik t\u00eb ri me vendin mik, Malin e Zi. S\u00eb shpejti, fillon projekti i autostrad\u00ebs tjet\u00ebr q\u00eb lidh Velipoj\u00ebn me Ulqinin. N\u00eb k\u00ebt\u00eb m\u00ebnyr\u00eb, do\u00a0 intensifikohen lidhjet me Malin e Zi.<\/p>\n<p>Kryeministri i Malit t\u00eb Zi,Igor Llukshiq me k\u00ebt\u00eb rast deklaroi para gazetar\u00ebve se puna n\u00eb ket\u00eb aks\u00eb rrugor\u00eb nuk ka p\u00ebrfunduar ende,dhe puna do t\u00eb vazhdoj\u00eb menj\u00ebher\u00eb pas p\u00ebrfundimit t\u00eb sezonit turistik, n\u00eb aksin rrugor nga Kat\u00ebrkolla deri n\u00eb Kryth\u00eb.<br \/>\n<a href=\"http:\/\/www.visit-ulcinj.com\/blog\/wp-content\/uploads\/2012\/07\/Nazif-Cungu_Igor-Lluksic_Zarko-Pavicevic.jpg\"><img loading=\"lazy\" class=\"alignleft  wp-image-62235\" title=\"Nazif Cungu_Igor Lluksic_Zarko Pavicevic\" src=\"http:\/\/www.visit-ulcinj.com\/blog\/wp-content\/uploads\/2012\/07\/Nazif-Cungu_Igor-Lluksic_Zarko-Pavicevic.jpg\" alt=\"\" width=\"508\" height=\"312\" \/><\/a><\/p>\n<p>Gjithashtu Kryministri i Malit t\u00eb Zi Igor Llukshiq,Zharko Paviqeviq dhe Nazif Cungu\u00a0 inaguruan edhe projektin si deponia e p\u00ebrbashk\u00ebt e komunave Ulqin dhe Tivar dhe uj\u00ebsjell\u00ebsi rajonal.<\/p>\n<p>Lajme nga Ulqini<\/p>\n<!--YouTube Error: bad URL entered-->\n","protected":false},"excerpt":{"rendered":"<p>Kryministri i Malit t\u00eb Zi Igor Llukshiq ka inaguruar s\u00eb bashku me\u00a0 kryetarin e \u00a0komun\u00ebs s\u00eb Ulqinit Nazif Cungun \u00a0pjes\u00ebn e rrug\u00ebs nga Sukobina deri n\u00eb Kat\u00ebrkoll\u00eb,kjo esht\u00eb pika e kalimit kufitar q\u00eb \u00e7on\u00eb p\u00ebr \u00a0Muriqan , e cila lidh Shqip\u00ebrin\u00eb me Malin e Zi. Nd\u00ebrtimi i lidhjeve rrugore nd\u00ebrkomb\u00ebtare t\u00eb Shqip\u00ebris\u00eb \u00ebsht\u00eb nj\u00eb nga [&hellip;]<\/p>\n","protected":false},"author":1,"featured_media":0,"comment_status":"open","ping_status":"closed","sticky":false,"template":"","format":"standard","meta":{"spay_email":"","jetpack_publicize_message":"","jetpack_is_tweetstorm":false,"jetpack_publicize_feature_enabled":true},"categories":[10,1],"tags":[214,20666,200,18],"jetpack_publicize_connections":[],"yoast_head":"<!-- This site is optimized with the Yoast SEO plugin v19.1 - https:\/\/yoast.com\/wordpress\/plugins\/seo\/ -->\n<title>U b\u00eb Inagurimi i rruges nga Sukobina deri n\u00eb Kat\u00ebrkoll\u00eb - Video - Lajme nga Ulqini<\/title>\n<meta name=\"description\" content=\"Kryministri i Malit t\u00eb Zi Igor Llukshiq ka inaguruar s\u00eb bashku me\u00a0 kryetarin e \u00a0komun\u00ebs s\u00eb Ulqinit Nazif Cungun \u00a0pjes\u00ebn e rrug\u00ebs nga Sukobina deri n\u00eb\" \/>\n<meta name=\"robots\" content=\"index, follow, max-snippet:-1, max-image-preview:large, max-video-preview:-1\" \/>\n<link rel=\"canonical\" href=\"https:\/\/www.visit-ulcinj.com\/blog\/2012\/07\/13\/u-be-inagurimi-i-rruges-nga-sukobina-deri-ne-katerkolle-video\/\" \/>\n<meta property=\"og:locale\" content=\"en_US\" \/>\n<meta property=\"og:type\" content=\"article\" \/>\n<meta property=\"og:title\" content=\"U b\u00eb Inagurimi i rruges nga Sukobina deri n\u00eb Kat\u00ebrkoll\u00eb - Video - Lajme nga Ulqini\" \/>\n<meta property=\"og:description\" content=\"Kryministri i Malit t\u00eb Zi Igor Llukshiq ka inaguruar s\u00eb bashku me\u00a0 kryetarin e \u00a0komun\u00ebs s\u00eb Ulqinit Nazif Cungun \u00a0pjes\u00ebn e rrug\u00ebs nga Sukobina deri n\u00eb\" \/>\n<meta property=\"og:url\" content=\"https:\/\/www.visit-ulcinj.com\/blog\/2012\/07\/13\/u-be-inagurimi-i-rruges-nga-sukobina-deri-ne-katerkolle-video\/\" \/>\n<meta property=\"og:site_name\" content=\"Lajme nga Ulqini\" \/>\n<meta property=\"article:published_time\" content=\"2012-07-13T18:16:31+00:00\" \/>\n<meta property=\"article:modified_time\" content=\"2012-07-18T18:44:48+00:00\" \/>\n<meta property=\"og:image\" content=\"http:\/\/www.visit-ulcinj.com\/blog\/wp-content\/uploads\/2012\/07\/Igor-Lluksic_Nazif-Cungu_Sukobin_Ulqin.jpg\" \/>\n<meta name=\"twitter:label1\" content=\"Written by\" \/>\n\t<meta name=\"twitter:data1\" content=\"ulqini\" \/>\n\t<meta name=\"twitter:label2\" content=\"Est. reading time\" \/>\n\t<meta name=\"twitter:data2\" content=\"1 minute\" \/>\n<script type=\"application\/ld+json\" class=\"yoast-schema-graph\">{\"@context\":\"https:\/\/schema.org\",\"@graph\":[{\"@type\":\"WebSite\",\"@id\":\"https:\/\/www.visit-ulcinj.com\/blog\/#website\",\"url\":\"https:\/\/www.visit-ulcinj.com\/blog\/\",\"name\":\"Lajme nga Ulqini\",\"description\":\"Lajme,Vijesti,Ulqini,Ulqin,Crna Gora,Mali i Zi\",\"potentialAction\":[{\"@type\":\"SearchAction\",\"target\":{\"@type\":\"EntryPoint\",\"urlTemplate\":\"https:\/\/www.visit-ulcinj.com\/blog\/?s={search_term_string}\"},\"query-input\":\"required name=search_term_string\"}],\"inLanguage\":\"en-US\"},{\"@type\":\"ImageObject\",\"inLanguage\":\"en-US\",\"@id\":\"https:\/\/www.visit-ulcinj.com\/blog\/2012\/07\/13\/u-be-inagurimi-i-rruges-nga-sukobina-deri-ne-katerkolle-video\/#primaryimage\",\"url\":\"https:\/\/www.visit-ulcinj.com\/blog\/wp-content\/uploads\/2012\/07\/Igor-Lluksic_Nazif-Cungu_Sukobin_Ulqin.jpg\",\"contentUrl\":\"https:\/\/www.visit-ulcinj.com\/blog\/wp-content\/uploads\/2012\/07\/Igor-Lluksic_Nazif-Cungu_Sukobin_Ulqin.jpg\",\"width\":\"788\",\"height\":\"477\"},{\"@type\":\"WebPage\",\"@id\":\"https:\/\/www.visit-ulcinj.com\/blog\/2012\/07\/13\/u-be-inagurimi-i-rruges-nga-sukobina-deri-ne-katerkolle-video\/#webpage\",\"url\":\"https:\/\/www.visit-ulcinj.com\/blog\/2012\/07\/13\/u-be-inagurimi-i-rruges-nga-sukobina-deri-ne-katerkolle-video\/\",\"name\":\"U b\u00eb Inagurimi i rruges nga Sukobina deri n\u00eb Kat\u00ebrkoll\u00eb - Video - Lajme nga Ulqini\",\"isPartOf\":{\"@id\":\"https:\/\/www.visit-ulcinj.com\/blog\/#website\"},\"primaryImageOfPage\":{\"@id\":\"https:\/\/www.visit-ulcinj.com\/blog\/2012\/07\/13\/u-be-inagurimi-i-rruges-nga-sukobina-deri-ne-katerkolle-video\/#primaryimage\"},\"datePublished\":\"2012-07-13T18:16:31+00:00\",\"dateModified\":\"2012-07-18T18:44:48+00:00\",\"author\":{\"@id\":\"https:\/\/www.visit-ulcinj.com\/blog\/#\/schema\/person\/dcab619c614d3038751c63bc2aadc06d\"},\"description\":\"Kryministri i Malit t\u00eb Zi Igor Llukshiq ka inaguruar s\u00eb bashku me\u00a0 kryetarin e \u00a0komun\u00ebs s\u00eb Ulqinit Nazif Cungun \u00a0pjes\u00ebn e rrug\u00ebs nga Sukobina deri n\u00eb\",\"breadcrumb\":{\"@id\":\"https:\/\/www.visit-ulcinj.com\/blog\/2012\/07\/13\/u-be-inagurimi-i-rruges-nga-sukobina-deri-ne-katerkolle-video\/#breadcrumb\"},\"inLanguage\":\"en-US\",\"potentialAction\":[{\"@type\":\"ReadAction\",\"target\":[\"https:\/\/www.visit-ulcinj.com\/blog\/2012\/07\/13\/u-be-inagurimi-i-rruges-nga-sukobina-deri-ne-katerkolle-video\/\"]}]},{\"@type\":\"BreadcrumbList\",\"@id\":\"https:\/\/www.visit-ulcinj.com\/blog\/2012\/07\/13\/u-be-inagurimi-i-rruges-nga-sukobina-deri-ne-katerkolle-video\/#breadcrumb\",\"itemListElement\":[{\"@type\":\"ListItem\",\"position\":1,\"name\":\"U b\u00eb Inagurimi i rruges nga Sukobina deri n\u00eb Kat\u00ebrkoll\u00eb &#8211; Video\"}]},{\"@type\":\"Person\",\"@id\":\"https:\/\/www.visit-ulcinj.com\/blog\/#\/schema\/person\/dcab619c614d3038751c63bc2aadc06d\",\"name\":\"ulqini\",\"sameAs\":[\"http:\/\/www.visit-ulcinj.com\"],\"url\":\"https:\/\/www.visit-ulcinj.com\/blog\/author\/admin\/\"}]}<\/script>\n<!-- \/ Yoast SEO plugin. -->","yoast_head_json":{"title":"U b\u00eb Inagurimi i rruges nga Sukobina deri n\u00eb Kat\u00ebrkoll\u00eb - Video - Lajme nga Ulqini","description":"Kryministri i Malit t\u00eb Zi Igor Llukshiq ka inaguruar s\u00eb bashku me\u00a0 kryetarin e \u00a0komun\u00ebs s\u00eb Ulqinit Nazif Cungun \u00a0pjes\u00ebn e rrug\u00ebs nga Sukobina deri n\u00eb","robots":{"index":"index","follow":"follow","max-snippet":"max-snippet:-1","max-image-preview":"max-image-preview:large","max-video-preview":"max-video-preview:-1"},"canonical":"https:\/\/www.visit-ulcinj.com\/blog\/2012\/07\/13\/u-be-inagurimi-i-rruges-nga-sukobina-deri-ne-katerkolle-video\/","og_locale":"en_US","og_type":"article","og_title":"U b\u00eb Inagurimi i rruges nga Sukobina deri n\u00eb Kat\u00ebrkoll\u00eb - Video - Lajme nga Ulqini","og_description":"Kryministri i Malit t\u00eb Zi Igor Llukshiq ka inaguruar s\u00eb bashku me\u00a0 kryetarin e \u00a0komun\u00ebs s\u00eb Ulqinit Nazif Cungun \u00a0pjes\u00ebn e rrug\u00ebs nga Sukobina deri n\u00eb","og_url":"https:\/\/www.visit-ulcinj.com\/blog\/2012\/07\/13\/u-be-inagurimi-i-rruges-nga-sukobina-deri-ne-katerkolle-video\/","og_site_name":"Lajme nga Ulqini","article_published_time":"2012-07-13T18:16:31+00:00","article_modified_time":"2012-07-18T18:44:48+00:00","og_image":[{"url":"http:\/\/www.visit-ulcinj.com\/blog\/wp-content\/uploads\/2012\/07\/Igor-Lluksic_Nazif-Cungu_Sukobin_Ulqin.jpg"}],"twitter_misc":{"Written by":"ulqini","Est. reading time":"1 minute"},"schema":{"@context":"https:\/\/schema.org","@graph":[{"@type":"WebSite","@id":"https:\/\/www.visit-ulcinj.com\/blog\/#website","url":"https:\/\/www.visit-ulcinj.com\/blog\/","name":"Lajme nga Ulqini","description":"Lajme,Vijesti,Ulqini,Ulqin,Crna Gora,Mali i Zi","potentialAction":[{"@type":"SearchAction","target":{"@type":"EntryPoint","urlTemplate":"https:\/\/www.visit-ulcinj.com\/blog\/?s={search_term_string}"},"query-input":"required name=search_term_string"}],"inLanguage":"en-US"},{"@type":"ImageObject","inLanguage":"en-US","@id":"https:\/\/www.visit-ulcinj.com\/blog\/2012\/07\/13\/u-be-inagurimi-i-rruges-nga-sukobina-deri-ne-katerkolle-video\/#primaryimage","url":"https:\/\/www.visit-ulcinj.com\/blog\/wp-content\/uploads\/2012\/07\/Igor-Lluksic_Nazif-Cungu_Sukobin_Ulqin.jpg","contentUrl":"https:\/\/www.visit-ulcinj.com\/blog\/wp-content\/uploads\/2012\/07\/Igor-Lluksic_Nazif-Cungu_Sukobin_Ulqin.jpg","width":"788","height":"477"},{"@type":"WebPage","@id":"https:\/\/www.visit-ulcinj.com\/blog\/2012\/07\/13\/u-be-inagurimi-i-rruges-nga-sukobina-deri-ne-katerkolle-video\/#webpage","url":"https:\/\/www.visit-ulcinj.com\/blog\/2012\/07\/13\/u-be-inagurimi-i-rruges-nga-sukobina-deri-ne-katerkolle-video\/","name":"U b\u00eb Inagurimi i rruges nga Sukobina deri n\u00eb Kat\u00ebrkoll\u00eb - Video - Lajme nga Ulqini","isPartOf":{"@id":"https:\/\/www.visit-ulcinj.com\/blog\/#website"},"primaryImageOfPage":{"@id":"https:\/\/www.visit-ulcinj.com\/blog\/2012\/07\/13\/u-be-inagurimi-i-rruges-nga-sukobina-deri-ne-katerkolle-video\/#primaryimage"},"datePublished":"2012-07-13T18:16:31+00:00","dateModified":"2012-07-18T18:44:48+00:00","author":{"@id":"https:\/\/www.visit-ulcinj.com\/blog\/#\/schema\/person\/dcab619c614d3038751c63bc2aadc06d"},"description":"Kryministri i Malit t\u00eb Zi Igor Llukshiq ka inaguruar s\u00eb bashku me\u00a0 kryetarin e \u00a0komun\u00ebs s\u00eb Ulqinit Nazif Cungun \u00a0pjes\u00ebn e rrug\u00ebs nga Sukobina deri n\u00eb","breadcrumb":{"@id":"https:\/\/www.visit-ulcinj.com\/blog\/2012\/07\/13\/u-be-inagurimi-i-rruges-nga-sukobina-deri-ne-katerkolle-video\/#breadcrumb"},"inLanguage":"en-US","potentialAction":[{"@type":"ReadAction","target":["https:\/\/www.visit-ulcinj.com\/blog\/2012\/07\/13\/u-be-inagurimi-i-rruges-nga-sukobina-deri-ne-katerkolle-video\/"]}]},{"@type":"BreadcrumbList","@id":"https:\/\/www.visit-ulcinj.com\/blog\/2012\/07\/13\/u-be-inagurimi-i-rruges-nga-sukobina-deri-ne-katerkolle-video\/#breadcrumb","itemListElement":[{"@type":"ListItem","position":1,"name":"U b\u00eb Inagurimi i rruges nga Sukobina deri n\u00eb Kat\u00ebrkoll\u00eb &#8211; Video"}]},{"@type":"Person","@id":"https:\/\/www.visit-ulcinj.com\/blog\/#\/schema\/person\/dcab619c614d3038751c63bc2aadc06d","name":"ulqini","sameAs":["http:\/\/www.visit-ulcinj.com"],"url":"https:\/\/www.visit-ulcinj.com\/blog\/author\/admin\/"}]}},"jetpack_featured_media_url":"","jetpack_sharing_enabled":true,"jetpack_shortlink":"https:\/\/wp.me\/pe6lTn-gbL","_links":{"self":[{"href":"https:\/\/www.visit-ulcinj.com\/blog\/wp-json\/wp\/v2\/posts\/62233"}],"collection":[{"href":"https:\/\/www.visit-ulcinj.com\/blog\/wp-json\/wp\/v2\/posts"}],"about":[{"href":"https:\/\/www.visit-ulcinj.com\/blog\/wp-json\/wp\/v2\/types\/post"}],"author":[{"embeddable":true,"href":"https:\/\/www.visit-ulcinj.com\/blog\/wp-json\/wp\/v2\/users\/1"}],"replies":[{"embeddable":true,"href":"https:\/\/www.visit-ulcinj.com\/blog\/wp-json\/wp\/v2\/comments?post=62233"}],"version-history":[{"count":5,"href":"https:\/\/www.visit-ulcinj.com\/blog\/wp-json\/wp\/v2\/posts\/62233\/revisions"}],"predecessor-version":[{"id":62263,"href":"https:\/\/www.visit-ulcinj.com\/blog\/wp-json\/wp\/v2\/posts\/62233\/revisions\/62263"}],"wp:attachment":[{"href":"https:\/\/www.visit-ulcinj.com\/blog\/wp-json\/wp\/v2\/media?parent=62233"}],"wp:term":[{"taxonomy":"category","embeddable":true,"href":"https:\/\/www.visit-ulcinj.com\/blog\/wp-json\/wp\/v2\/categories?post=62233"},{"taxonomy":"post_tag","embeddable":true,"href":"https:\/\/www.visit-ulcinj.com\/blog\/wp-json\/wp\/v2\/tags?post=62233"}],"curies":[{"name":"wp","href":"https:\/\/api.w.org\/{rel}","templated":true}]}}