{"id":62243,"date":"2012-07-13T19:30:16","date_gmt":"2012-07-13T18:30:16","guid":{"rendered":"http:\/\/www.visit-ulcinj.com\/blog\/?p=62243"},"modified":"2012-07-13T19:30:16","modified_gmt":"2012-07-13T18:30:16","slug":"ulcinj-regionalni-kulturni-centar","status":"publish","type":"post","link":"https:\/\/www.visit-ulcinj.com\/blog\/2012\/07\/13\/ulcinj-regionalni-kulturni-centar\/","title":{"rendered":"Ulcinj &#8211; Regionalni kulturni centar"},"content":{"rendered":"<p align=\"center\"><strong><a href=\"http:\/\/www.visit-ulcinj.com\/blog\/wp-content\/uploads\/2012\/07\/ULCINJ_CRNA-GORA.jpg\"><img loading=\"lazy\" class=\"alignleft size-full wp-image-62244\" title=\"ULCINJ_CRNA GORA\" src=\"http:\/\/www.visit-ulcinj.com\/blog\/wp-content\/uploads\/2012\/07\/ULCINJ_CRNA-GORA.jpg\" alt=\"\" width=\"350\" height=\"344\" srcset=\"https:\/\/www.visit-ulcinj.com\/blog\/wp-content\/uploads\/2012\/07\/ULCINJ_CRNA-GORA.jpg 350w, https:\/\/www.visit-ulcinj.com\/blog\/wp-content\/uploads\/2012\/07\/ULCINJ_CRNA-GORA-300x294.jpg 300w\" sizes=\"(max-width: 350px) 100vw, 350px\" \/><\/a>Okvirni plan i program kulturnih aktivnosti<\/strong><\/p>\n<p>&nbsp;<\/p>\n<p>-Polaze\u0107i od notornih \u010dinjenica i koriste\u0107i iskustva monitoringa kulturnog \u017eivota u gradu,analiziraju\u0107i sadr\u017eaje kulturno-umjetni\u010dkih de\u0161avanja i cjenje\u0107i njihov estetski i funkcionalni uticaj na op\u0161tu a posebno na duhovnu klimu u prethodnom periodu,do\u0161li smo do zaklju\u010dka da je kulturni \u017eivot u na\u0161em gradu haoti\u010dan,njeni dometi na ukupni dru\u0161tveni \u017eivot rudimentarni,da su se prema njoj dosada\u0161nje lokalne vlasti odnosile ma\u0107ehinski i da se sve svodilo na ho-ruk akcije.<\/p>\n<p>-Imaju\u0107i sve to u vidu,pristupili smo izradi jednog okvirnog plana i programa rada kulturnih aktivnosti u na\u0161em gradu za naredni period.S obzirom da se nalazimo u jeku turisti\u010dke sezone,\u010dinjenica je,da dobar i osmi\u0161ljen kulturni proizvod je jedan od najva\u017enijih u ukupnoj turisti\u010dkoj ponudi grada.Valorizuju\u0107i svo materijalno i hiljadugodi\u0161nje duhovno blago Ulcinja u jednu promi\u0161ljenu kulturnu politiku,koju bi vodili,prije svega intelektualci-profesionalci u svojim oblastima,Ulcinj bi mogao postati regionalni kulturni centar i most pro\u017eimanja mediteranskog kulturnog kruga ovog djela Balkana.<\/p>\n<p>-Kao orijentacioni okvir za realizaciju nove kulturne politike grada,poslu\u017ei\u0107e nam ve\u0107 postoje\u0107e manifestacije,koje su ve\u0107 postale tradicionalne,kao \u0161to su:program proslave Dana Ulcinja,manifestacija\u201csvi za turizam\u201c,Me\u0111unarodni sajam knjiga,L jetna scena,i ostale manifestacije,i kao potpuno novu predla\u017eemo manifestaciju,\u010diji bi radni naziv bio\u201cPovratak Kaljaji kao na\u0161em duhovnom uto\u010di\u0161tu\u201c.<\/p>\n<p>-\u010cinjenica da ve\u0107 niz godina radi i Dom kulture,koji raspola\u017ee sa impozantnom scenom za organizaciju razli\u010ditih programa scensko-muzi\u010dkog karaktera,daje nam vi\u0161e mogu\u0107nosti za novo promi\u0161ljanje kulturnih sadr\u017eaja,a za planiranje termina i lokacija svih kulturnih zbivanja predstavlja relaksiraju\u0107u okolnost.Na\u0161 je stav,da bi Ljetnja scena-u svakom slu\u010daju inovirana,kao multimedijalni program trebalo i dalje da se odr\u017eava na trgu-Servantesa,za koju lokaciju kandidujemo,mo\u017eda i sajam knjiga,jer smatramo da knjigu treba izmjestiti sa Pristana-izme\u0111u hamburgera i kafi\u0107a,ali s obzirom na ve\u0107 poslovi\u010dnu masovnost posjete sajmu knjiga smatramo da je Stari grad pretjesan da bi primio toliki broj ljubitelja knjiga.<\/p>\n<p>-\u0160to se ti\u010de nove manifestacije-za sada samo kao ideje,\u017eelja nam je da Kaljaji vratimo \u017eivot koji zaslu\u017euje,a to prije svega zna\u010di,otvaranje galerija,novih muzeja-zavi\u010dajni,pomorstva i brodogradnje-,prodavnica umjetni\u010dkih suvenira i raznih drugih sadr\u017eaja,koji bi bili dostupni i turistima i gra\u0111anima,bukvalno 24 sata u sezoni,a i prije i kasnije u skladu sa mogu\u0107nostima.<\/p>\n<p>-Kada su u pitanju aktivnosti u samom Centru za kulturu,smatramo da bi trebalo nastaviti sa dobrom praksom promocija knjiga i \u010dasopisa,upotpunjavanjem bogatog knji\u0161kog fonda novim naslovima na oba jezika,a raditi na iznala\u017eenju mogu\u0107nosti za ponovno pokretanje gradskog bioskopa.<\/p>\n<p>-Da bi se realizovao jedan ovako osmi\u0161ljen proekat kulturnog \u017eivota grada potrebno je anga\u017eovanje svih kulturnih poslenika u na\u0161em gradu i iznala\u017eenje najoptimalnijeg modela finansiranja planiranih kulturnih aktivnosti.Ulcinj raspola\u017ee velikim ljudskim resursima iz oblasti kulture,kako onih zaposlenih u institucijama-ustanovama kulture,tako i u nevladinom sektoru,stoga nam je zamisao da \u0161to ve\u0107i broj ljudi uklju\u010dimo u kreiranje kulturne politike.Kao mogu\u0107e modele finansiranja kulturnih de\u0161avanja predla\u017eemo sljede\u0107e:bud\u017eetsko,samofinansiranje i finansiranje putem donacija zainteresovanih subjekata.<\/p>\n<p>-Ovaj kroki program i plan rada daje se na uvid svim zainteresovanim,koji bi mogli dati svoj doprinos kulturnog \u017eivota grada,i podlo\u017ean je dopunama i novim idejama u smislu kreiranja \u0161to kreativnije kulturne politike na\u0161eg grada.<\/p>\n<p>-U cilju kreiranja najkvalitetnijeg kulturnog proizvoda na\u0161eg grada pozivamo sve zainteresovane da daju svoje prijedloge i ideje,kako oni zami\u0161ljaju forme i sadr\u017eaje ve\u0107 navedenih tradicionalnih manifestacija a tako\u0111e i nove,koje za sada samo u obliku ideje da bi na kraju iz mno\u0161tva tih kreativnih ideja,izabrali i realizovali najbolje,kako bi se kroz jedan dobar kulturni proizvod,osmi\u0161ljen u jednoj dobroj kulturnoj politici,stekli uslovi predstavljanja, kako doma\u0107oj tako i stranoj javnosti svih na\u0161ih tradicionalnih vrijednosti.<\/p>\n<p>-Sve ove aktivnosti,ukoliko bi se realizovale potrebno je da ih isprate i promovi\u0161u lokalni pisani i elektronski mediji-Koha javore,TV Teuta,radio Ulcinj,budu\u0107i tv Ulcinj,da bi na\u0161a kandidatura da ulcinj postane regionalni kulturni centar bila kompletirana.Ovaj vid komunikacije,putem dru\u0161tvenih mre\u017ea je jo\u0161 jedan apel da nam se pridru\u017eite na ovom na\u0161em putu da ovo i realizujemo.<\/p>\n<p align=\"right\">\u00a0\u00a0\u00a0\u00a0\u00a0\u00a0\u00a0\u00a0\u00a0\u00a0\u00a0\u00a0\u00a0\u00a0\u00a0\u00a0\u00a0\u00a0\u00a0\u00a0\u00a0\u00a0\u00a0\u00a0\u00a0\u00a0\u00a0\u00a0\u00a0\u00a0\u00a0\u00a0\u00a0\u00a0\u00a0\u00a0\u00a0\u00a0\u00a0\u00a0\u00a0\u00a0\u00a0\u00a0\u00a0\u00a0\u00a0\u00a0\u00a0\u00a0\u00a0\u00a0\u00a0\u00a0\u00a0\u00a0\u00a0\u00a0\u00a0\u00a0\u00a0\u00a0\u00a0\u00a0\u00a0\u00a0\u00a0\u00a0\u00a0\u00a0\u00a0\u00a0\u00a0\u00a0\u00a0\u00a0\u00a0\u00a0 NASER MEHMEDOVI\u0106<\/p>\n","protected":false},"excerpt":{"rendered":"<p>Okvirni plan i program kulturnih aktivnosti &nbsp; -Polaze\u0107i od notornih \u010dinjenica i koriste\u0107i iskustva monitoringa kulturnog \u017eivota u gradu,analiziraju\u0107i sadr\u017eaje kulturno-umjetni\u010dkih de\u0161avanja i cjenje\u0107i njihov estetski i funkcionalni uticaj na op\u0161tu a posebno na duhovnu klimu u prethodnom periodu,do\u0161li smo do zaklju\u010dka da je kulturni \u017eivot u na\u0161em gradu haoti\u010dan,njeni dometi na ukupni dru\u0161tveni \u017eivot [&hellip;]<\/p>\n","protected":false},"author":1,"featured_media":0,"comment_status":"open","ping_status":"closed","sticky":false,"template":"","format":"standard","meta":{"spay_email":"","jetpack_publicize_message":"","jetpack_is_tweetstorm":false,"jetpack_publicize_feature_enabled":true},"categories":[8337],"tags":[20,19],"jetpack_publicize_connections":[],"yoast_head":"<!-- This site is optimized with the Yoast SEO plugin v19.1 - https:\/\/yoast.com\/wordpress\/plugins\/seo\/ -->\n<title>Ulcinj - Regionalni kulturni centar - Lajme nga Ulqini<\/title>\n<meta name=\"description\" content=\"Okvirni plan i program kulturnih aktivnosti &nbsp; -Polaze\u0107i od notornih \u010dinjenica i koriste\u0107i iskustva monitoringa kulturnog \u017eivota u gradu,analiziraju\u0107i\" \/>\n<meta name=\"robots\" content=\"index, follow, max-snippet:-1, max-image-preview:large, max-video-preview:-1\" \/>\n<link rel=\"canonical\" href=\"https:\/\/www.visit-ulcinj.com\/blog\/2012\/07\/13\/ulcinj-regionalni-kulturni-centar\/\" \/>\n<meta property=\"og:locale\" content=\"en_US\" \/>\n<meta property=\"og:type\" content=\"article\" \/>\n<meta property=\"og:title\" content=\"Ulcinj - Regionalni kulturni centar - Lajme nga Ulqini\" \/>\n<meta property=\"og:description\" content=\"Okvirni plan i program kulturnih aktivnosti &nbsp; -Polaze\u0107i od notornih \u010dinjenica i koriste\u0107i iskustva monitoringa kulturnog \u017eivota u gradu,analiziraju\u0107i\" \/>\n<meta property=\"og:url\" content=\"https:\/\/www.visit-ulcinj.com\/blog\/2012\/07\/13\/ulcinj-regionalni-kulturni-centar\/\" \/>\n<meta property=\"og:site_name\" content=\"Lajme nga Ulqini\" \/>\n<meta property=\"article:published_time\" content=\"2012-07-13T18:30:16+00:00\" \/>\n<meta property=\"og:image\" content=\"http:\/\/www.visit-ulcinj.com\/blog\/wp-content\/uploads\/2012\/07\/ULCINJ_CRNA-GORA.jpg\" \/>\n<meta name=\"twitter:label1\" content=\"Written by\" \/>\n\t<meta name=\"twitter:data1\" content=\"ulqini\" \/>\n\t<meta name=\"twitter:label2\" content=\"Est. reading time\" \/>\n\t<meta name=\"twitter:data2\" content=\"4 minutes\" \/>\n<script type=\"application\/ld+json\" class=\"yoast-schema-graph\">{\"@context\":\"https:\/\/schema.org\",\"@graph\":[{\"@type\":\"WebSite\",\"@id\":\"https:\/\/www.visit-ulcinj.com\/blog\/#website\",\"url\":\"https:\/\/www.visit-ulcinj.com\/blog\/\",\"name\":\"Lajme nga Ulqini\",\"description\":\"Lajme,Vijesti,Ulqini,Ulqin,Crna Gora,Mali i Zi\",\"potentialAction\":[{\"@type\":\"SearchAction\",\"target\":{\"@type\":\"EntryPoint\",\"urlTemplate\":\"https:\/\/www.visit-ulcinj.com\/blog\/?s={search_term_string}\"},\"query-input\":\"required name=search_term_string\"}],\"inLanguage\":\"en-US\"},{\"@type\":\"ImageObject\",\"inLanguage\":\"en-US\",\"@id\":\"https:\/\/www.visit-ulcinj.com\/blog\/2012\/07\/13\/ulcinj-regionalni-kulturni-centar\/#primaryimage\",\"url\":\"https:\/\/www.visit-ulcinj.com\/blog\/wp-content\/uploads\/2012\/07\/ULCINJ_CRNA-GORA.jpg\",\"contentUrl\":\"https:\/\/www.visit-ulcinj.com\/blog\/wp-content\/uploads\/2012\/07\/ULCINJ_CRNA-GORA.jpg\",\"width\":\"350\",\"height\":\"344\"},{\"@type\":\"WebPage\",\"@id\":\"https:\/\/www.visit-ulcinj.com\/blog\/2012\/07\/13\/ulcinj-regionalni-kulturni-centar\/#webpage\",\"url\":\"https:\/\/www.visit-ulcinj.com\/blog\/2012\/07\/13\/ulcinj-regionalni-kulturni-centar\/\",\"name\":\"Ulcinj - Regionalni kulturni centar - Lajme nga Ulqini\",\"isPartOf\":{\"@id\":\"https:\/\/www.visit-ulcinj.com\/blog\/#website\"},\"primaryImageOfPage\":{\"@id\":\"https:\/\/www.visit-ulcinj.com\/blog\/2012\/07\/13\/ulcinj-regionalni-kulturni-centar\/#primaryimage\"},\"datePublished\":\"2012-07-13T18:30:16+00:00\",\"dateModified\":\"2012-07-13T18:30:16+00:00\",\"author\":{\"@id\":\"https:\/\/www.visit-ulcinj.com\/blog\/#\/schema\/person\/dcab619c614d3038751c63bc2aadc06d\"},\"description\":\"Okvirni plan i program kulturnih aktivnosti &nbsp; -Polaze\u0107i od notornih \u010dinjenica i koriste\u0107i iskustva monitoringa kulturnog \u017eivota u gradu,analiziraju\u0107i\",\"breadcrumb\":{\"@id\":\"https:\/\/www.visit-ulcinj.com\/blog\/2012\/07\/13\/ulcinj-regionalni-kulturni-centar\/#breadcrumb\"},\"inLanguage\":\"en-US\",\"potentialAction\":[{\"@type\":\"ReadAction\",\"target\":[\"https:\/\/www.visit-ulcinj.com\/blog\/2012\/07\/13\/ulcinj-regionalni-kulturni-centar\/\"]}]},{\"@type\":\"BreadcrumbList\",\"@id\":\"https:\/\/www.visit-ulcinj.com\/blog\/2012\/07\/13\/ulcinj-regionalni-kulturni-centar\/#breadcrumb\",\"itemListElement\":[{\"@type\":\"ListItem\",\"position\":1,\"name\":\"Ulcinj &#8211; Regionalni kulturni centar\"}]},{\"@type\":\"Person\",\"@id\":\"https:\/\/www.visit-ulcinj.com\/blog\/#\/schema\/person\/dcab619c614d3038751c63bc2aadc06d\",\"name\":\"ulqini\",\"sameAs\":[\"http:\/\/www.visit-ulcinj.com\"],\"url\":\"https:\/\/www.visit-ulcinj.com\/blog\/author\/admin\/\"}]}<\/script>\n<!-- \/ Yoast SEO plugin. -->","yoast_head_json":{"title":"Ulcinj - Regionalni kulturni centar - Lajme nga Ulqini","description":"Okvirni plan i program kulturnih aktivnosti &nbsp; -Polaze\u0107i od notornih \u010dinjenica i koriste\u0107i iskustva monitoringa kulturnog \u017eivota u gradu,analiziraju\u0107i","robots":{"index":"index","follow":"follow","max-snippet":"max-snippet:-1","max-image-preview":"max-image-preview:large","max-video-preview":"max-video-preview:-1"},"canonical":"https:\/\/www.visit-ulcinj.com\/blog\/2012\/07\/13\/ulcinj-regionalni-kulturni-centar\/","og_locale":"en_US","og_type":"article","og_title":"Ulcinj - Regionalni kulturni centar - Lajme nga Ulqini","og_description":"Okvirni plan i program kulturnih aktivnosti &nbsp; -Polaze\u0107i od notornih \u010dinjenica i koriste\u0107i iskustva monitoringa kulturnog \u017eivota u gradu,analiziraju\u0107i","og_url":"https:\/\/www.visit-ulcinj.com\/blog\/2012\/07\/13\/ulcinj-regionalni-kulturni-centar\/","og_site_name":"Lajme nga Ulqini","article_published_time":"2012-07-13T18:30:16+00:00","og_image":[{"url":"http:\/\/www.visit-ulcinj.com\/blog\/wp-content\/uploads\/2012\/07\/ULCINJ_CRNA-GORA.jpg"}],"twitter_misc":{"Written by":"ulqini","Est. reading time":"4 minutes"},"schema":{"@context":"https:\/\/schema.org","@graph":[{"@type":"WebSite","@id":"https:\/\/www.visit-ulcinj.com\/blog\/#website","url":"https:\/\/www.visit-ulcinj.com\/blog\/","name":"Lajme nga Ulqini","description":"Lajme,Vijesti,Ulqini,Ulqin,Crna Gora,Mali i Zi","potentialAction":[{"@type":"SearchAction","target":{"@type":"EntryPoint","urlTemplate":"https:\/\/www.visit-ulcinj.com\/blog\/?s={search_term_string}"},"query-input":"required name=search_term_string"}],"inLanguage":"en-US"},{"@type":"ImageObject","inLanguage":"en-US","@id":"https:\/\/www.visit-ulcinj.com\/blog\/2012\/07\/13\/ulcinj-regionalni-kulturni-centar\/#primaryimage","url":"https:\/\/www.visit-ulcinj.com\/blog\/wp-content\/uploads\/2012\/07\/ULCINJ_CRNA-GORA.jpg","contentUrl":"https:\/\/www.visit-ulcinj.com\/blog\/wp-content\/uploads\/2012\/07\/ULCINJ_CRNA-GORA.jpg","width":"350","height":"344"},{"@type":"WebPage","@id":"https:\/\/www.visit-ulcinj.com\/blog\/2012\/07\/13\/ulcinj-regionalni-kulturni-centar\/#webpage","url":"https:\/\/www.visit-ulcinj.com\/blog\/2012\/07\/13\/ulcinj-regionalni-kulturni-centar\/","name":"Ulcinj - Regionalni kulturni centar - Lajme nga Ulqini","isPartOf":{"@id":"https:\/\/www.visit-ulcinj.com\/blog\/#website"},"primaryImageOfPage":{"@id":"https:\/\/www.visit-ulcinj.com\/blog\/2012\/07\/13\/ulcinj-regionalni-kulturni-centar\/#primaryimage"},"datePublished":"2012-07-13T18:30:16+00:00","dateModified":"2012-07-13T18:30:16+00:00","author":{"@id":"https:\/\/www.visit-ulcinj.com\/blog\/#\/schema\/person\/dcab619c614d3038751c63bc2aadc06d"},"description":"Okvirni plan i program kulturnih aktivnosti &nbsp; -Polaze\u0107i od notornih \u010dinjenica i koriste\u0107i iskustva monitoringa kulturnog \u017eivota u gradu,analiziraju\u0107i","breadcrumb":{"@id":"https:\/\/www.visit-ulcinj.com\/blog\/2012\/07\/13\/ulcinj-regionalni-kulturni-centar\/#breadcrumb"},"inLanguage":"en-US","potentialAction":[{"@type":"ReadAction","target":["https:\/\/www.visit-ulcinj.com\/blog\/2012\/07\/13\/ulcinj-regionalni-kulturni-centar\/"]}]},{"@type":"BreadcrumbList","@id":"https:\/\/www.visit-ulcinj.com\/blog\/2012\/07\/13\/ulcinj-regionalni-kulturni-centar\/#breadcrumb","itemListElement":[{"@type":"ListItem","position":1,"name":"Ulcinj &#8211; Regionalni kulturni centar"}]},{"@type":"Person","@id":"https:\/\/www.visit-ulcinj.com\/blog\/#\/schema\/person\/dcab619c614d3038751c63bc2aadc06d","name":"ulqini","sameAs":["http:\/\/www.visit-ulcinj.com"],"url":"https:\/\/www.visit-ulcinj.com\/blog\/author\/admin\/"}]}},"jetpack_featured_media_url":"","jetpack_sharing_enabled":true,"jetpack_shortlink":"https:\/\/wp.me\/pe6lTn-gbV","_links":{"self":[{"href":"https:\/\/www.visit-ulcinj.com\/blog\/wp-json\/wp\/v2\/posts\/62243"}],"collection":[{"href":"https:\/\/www.visit-ulcinj.com\/blog\/wp-json\/wp\/v2\/posts"}],"about":[{"href":"https:\/\/www.visit-ulcinj.com\/blog\/wp-json\/wp\/v2\/types\/post"}],"author":[{"embeddable":true,"href":"https:\/\/www.visit-ulcinj.com\/blog\/wp-json\/wp\/v2\/users\/1"}],"replies":[{"embeddable":true,"href":"https:\/\/www.visit-ulcinj.com\/blog\/wp-json\/wp\/v2\/comments?post=62243"}],"version-history":[{"count":1,"href":"https:\/\/www.visit-ulcinj.com\/blog\/wp-json\/wp\/v2\/posts\/62243\/revisions"}],"predecessor-version":[{"id":62245,"href":"https:\/\/www.visit-ulcinj.com\/blog\/wp-json\/wp\/v2\/posts\/62243\/revisions\/62245"}],"wp:attachment":[{"href":"https:\/\/www.visit-ulcinj.com\/blog\/wp-json\/wp\/v2\/media?parent=62243"}],"wp:term":[{"taxonomy":"category","embeddable":true,"href":"https:\/\/www.visit-ulcinj.com\/blog\/wp-json\/wp\/v2\/categories?post=62243"},{"taxonomy":"post_tag","embeddable":true,"href":"https:\/\/www.visit-ulcinj.com\/blog\/wp-json\/wp\/v2\/tags?post=62243"}],"curies":[{"name":"wp","href":"https:\/\/api.w.org\/{rel}","templated":true}]}}