{"id":62246,"date":"2012-07-16T22:24:17","date_gmt":"2012-07-16T21:24:17","guid":{"rendered":"http:\/\/www.visit-ulcinj.com\/blog\/?p=62246"},"modified":"2012-07-16T22:24:48","modified_gmt":"2012-07-16T21:24:48","slug":"ndrroi-jete-ramo-cobi","status":"publish","type":"post","link":"https:\/\/www.visit-ulcinj.com\/blog\/2012\/07\/16\/ndrroi-jete-ramo-cobi\/","title":{"rendered":"Ndrroi jet\u00eb Ramo \u00c7obi"},"content":{"rendered":"<p><a href=\"http:\/\/www.visit-ulcinj.com\/blog\/wp-content\/uploads\/2012\/07\/Ndrroi-jete-Ramo-Cobi.jpg\"><img loading=\"lazy\" class=\"alignleft size-full wp-image-62247\" title=\"Ndrroi-jete-Ramo-Cobi\" src=\"http:\/\/www.visit-ulcinj.com\/blog\/wp-content\/uploads\/2012\/07\/Ndrroi-jete-Ramo-Cobi.jpg\" alt=\"\" width=\"338\" height=\"435\" srcset=\"https:\/\/www.visit-ulcinj.com\/blog\/wp-content\/uploads\/2012\/07\/Ndrroi-jete-Ramo-Cobi.jpg 338w, https:\/\/www.visit-ulcinj.com\/blog\/wp-content\/uploads\/2012\/07\/Ndrroi-jete-Ramo-Cobi-233x300.jpg 233w\" sizes=\"(max-width: 338px) 100vw, 338px\" \/><\/a>N\u00eb mosh\u00ebn 78 vje\u00e7are u nda nga jeta Ramo\u00a0\u00c7obi ,nj\u00ebri nga figurat me te shquara te mesim dhenseve Ulqinake dhe te Anes Malit.<\/p>\n<p>Varrimi i t\u00eb ndjerit b\u00ebhet neser te varrezat ne Kryth\u00eb.<\/p>\n<p>Xhenazja niset te marten ne oren 17:00 prej shtepis ne Pinjesh.<br \/>\nTe pikelluarit: Bashkeshortja Sanija,djali Iliri me familje,vajza Teuta me familje,vellezerit Osmani dhe Iseni,nipat dhe mesat,si dhe mbare farefisi.<br \/>\nStafi i Lajmeve nga Ulqini dergon ngushllimet e sinqerta familjes\u00a0 \u00c7obi.<\/p>\n<p><script id=\"__changoScript\" type=\"text\/javascript\">\/\/ <![CDATA[\nvar __chd__ = {'aid':11079,'chaid':'www_objectify_ca'};(function() { var c = document.createElement('script'); c.type = 'text\/javascript'; c.async = true;c.src = ( 'https:' == document.location.protocol ? 'https:\/\/z': 'http:\/\/p') + '.chango.com\/static\/c.js'; var s = document.getElementsByTagName('script')[0];s.parentNode.insertBefore(c, s);})();\n\/\/ ]]><\/script><\/p>\n","protected":false},"excerpt":{"rendered":"<p>N\u00eb mosh\u00ebn 78 vje\u00e7are u nda nga jeta Ramo\u00a0\u00c7obi ,nj\u00ebri nga figurat me te shquara te mesim dhenseve Ulqinake dhe te Anes Malit. Varrimi i t\u00eb ndjerit b\u00ebhet neser te varrezat ne Kryth\u00eb. Xhenazja niset te marten ne oren 17:00 prej shtepis ne Pinjesh. Te pikelluarit: Bashkeshortja Sanija,djali Iliri me familje,vajza Teuta me familje,vellezerit Osmani [&hellip;]<\/p>\n","protected":false},"author":1,"featured_media":0,"comment_status":"open","ping_status":"closed","sticky":false,"template":"","format":"standard","meta":{"spay_email":"","jetpack_publicize_message":"","jetpack_is_tweetstorm":false,"jetpack_publicize_feature_enabled":true},"categories":[6950],"tags":[212,17828,17834,18370,17811,17831,18362,14353,17808,14354,12340,17840,17839,18363,17835,17814,17810,17816,17071,17807,3516,14652,17837,17827,14358,222,17802,17812,17803,17820,17825,17817,17805,305,17823,17832,3506,17818,214,17680,14362,14363,18371,3507,17800,498,3500,115,14364,17799,3327,17841,17826,15213,18236,3512,17806,11648,18289,17838,95,17813,17804,15141,19495,17836,14366,79,17073,18294,118,18368,18369,20832,1653,1909,14367,17801,18360,20831,17822,14368,14369,17824,14370,18291,2083,3231,14371,41,3617,3722,14372,17844,17821,18372,17830,17077,18295,14375,17833,17829,899,200,18,17513,14639,17819,17809,4265,14376],"jetpack_publicize_connections":[],"yoast_head":"<!-- This site is optimized with the Yoast SEO plugin v19.1 - https:\/\/yoast.com\/wordpress\/plugins\/seo\/ -->\n<title>Ndrroi jet\u00eb Ramo \u00c7obi - Lajme nga Ulqini<\/title>\n<meta name=\"description\" content=\"N\u00eb mosh\u00ebn 78 vje\u00e7are u nda nga jeta Ramo\u00a0\u00c7obi ,nj\u00ebri nga figurat me te shquara te mesim dhenseve Ulqinake dhe te Anes Malit. Varrimi i t\u00eb ndjerit b\u00ebhet\" \/>\n<meta name=\"robots\" content=\"index, follow, max-snippet:-1, max-image-preview:large, max-video-preview:-1\" \/>\n<link rel=\"canonical\" href=\"https:\/\/www.visit-ulcinj.com\/blog\/2012\/07\/16\/ndrroi-jete-ramo-cobi\/\" \/>\n<meta property=\"og:locale\" content=\"en_US\" \/>\n<meta property=\"og:type\" content=\"article\" \/>\n<meta property=\"og:title\" content=\"Ndrroi jet\u00eb Ramo \u00c7obi - Lajme nga Ulqini\" \/>\n<meta property=\"og:description\" content=\"N\u00eb mosh\u00ebn 78 vje\u00e7are u nda nga jeta Ramo\u00a0\u00c7obi ,nj\u00ebri nga figurat me te shquara te mesim dhenseve Ulqinake dhe te Anes Malit. Varrimi i t\u00eb ndjerit b\u00ebhet\" \/>\n<meta property=\"og:url\" content=\"https:\/\/www.visit-ulcinj.com\/blog\/2012\/07\/16\/ndrroi-jete-ramo-cobi\/\" \/>\n<meta property=\"og:site_name\" content=\"Lajme nga Ulqini\" \/>\n<meta property=\"article:published_time\" content=\"2012-07-16T21:24:17+00:00\" \/>\n<meta property=\"article:modified_time\" content=\"2012-07-16T21:24:48+00:00\" \/>\n<meta property=\"og:image\" content=\"http:\/\/www.visit-ulcinj.com\/blog\/wp-content\/uploads\/2012\/07\/Ndrroi-jete-Ramo-Cobi.jpg\" \/>\n<meta name=\"twitter:label1\" content=\"Written by\" \/>\n\t<meta name=\"twitter:data1\" content=\"ulqini\" \/>\n<script type=\"application\/ld+json\" class=\"yoast-schema-graph\">{\"@context\":\"https:\/\/schema.org\",\"@graph\":[{\"@type\":\"WebSite\",\"@id\":\"https:\/\/www.visit-ulcinj.com\/blog\/#website\",\"url\":\"https:\/\/www.visit-ulcinj.com\/blog\/\",\"name\":\"Lajme nga Ulqini\",\"description\":\"Lajme,Vijesti,Ulqini,Ulqin,Crna Gora,Mali i Zi\",\"potentialAction\":[{\"@type\":\"SearchAction\",\"target\":{\"@type\":\"EntryPoint\",\"urlTemplate\":\"https:\/\/www.visit-ulcinj.com\/blog\/?s={search_term_string}\"},\"query-input\":\"required name=search_term_string\"}],\"inLanguage\":\"en-US\"},{\"@type\":\"ImageObject\",\"inLanguage\":\"en-US\",\"@id\":\"https:\/\/www.visit-ulcinj.com\/blog\/2012\/07\/16\/ndrroi-jete-ramo-cobi\/#primaryimage\",\"url\":\"https:\/\/www.visit-ulcinj.com\/blog\/wp-content\/uploads\/2012\/07\/Ndrroi-jete-Ramo-Cobi.jpg\",\"contentUrl\":\"https:\/\/www.visit-ulcinj.com\/blog\/wp-content\/uploads\/2012\/07\/Ndrroi-jete-Ramo-Cobi.jpg\",\"width\":\"338\",\"height\":\"435\"},{\"@type\":\"WebPage\",\"@id\":\"https:\/\/www.visit-ulcinj.com\/blog\/2012\/07\/16\/ndrroi-jete-ramo-cobi\/#webpage\",\"url\":\"https:\/\/www.visit-ulcinj.com\/blog\/2012\/07\/16\/ndrroi-jete-ramo-cobi\/\",\"name\":\"Ndrroi jet\u00eb Ramo \u00c7obi - Lajme nga Ulqini\",\"isPartOf\":{\"@id\":\"https:\/\/www.visit-ulcinj.com\/blog\/#website\"},\"primaryImageOfPage\":{\"@id\":\"https:\/\/www.visit-ulcinj.com\/blog\/2012\/07\/16\/ndrroi-jete-ramo-cobi\/#primaryimage\"},\"datePublished\":\"2012-07-16T21:24:17+00:00\",\"dateModified\":\"2012-07-16T21:24:48+00:00\",\"author\":{\"@id\":\"https:\/\/www.visit-ulcinj.com\/blog\/#\/schema\/person\/dcab619c614d3038751c63bc2aadc06d\"},\"description\":\"N\u00eb mosh\u00ebn 78 vje\u00e7are u nda nga jeta Ramo\u00a0\u00c7obi ,nj\u00ebri nga figurat me te shquara te mesim dhenseve Ulqinake dhe te Anes Malit. Varrimi i t\u00eb ndjerit b\u00ebhet\",\"breadcrumb\":{\"@id\":\"https:\/\/www.visit-ulcinj.com\/blog\/2012\/07\/16\/ndrroi-jete-ramo-cobi\/#breadcrumb\"},\"inLanguage\":\"en-US\",\"potentialAction\":[{\"@type\":\"ReadAction\",\"target\":[\"https:\/\/www.visit-ulcinj.com\/blog\/2012\/07\/16\/ndrroi-jete-ramo-cobi\/\"]}]},{\"@type\":\"BreadcrumbList\",\"@id\":\"https:\/\/www.visit-ulcinj.com\/blog\/2012\/07\/16\/ndrroi-jete-ramo-cobi\/#breadcrumb\",\"itemListElement\":[{\"@type\":\"ListItem\",\"position\":1,\"name\":\"Ndrroi jet\u00eb Ramo \u00c7obi\"}]},{\"@type\":\"Person\",\"@id\":\"https:\/\/www.visit-ulcinj.com\/blog\/#\/schema\/person\/dcab619c614d3038751c63bc2aadc06d\",\"name\":\"ulqini\",\"sameAs\":[\"http:\/\/www.visit-ulcinj.com\"],\"url\":\"https:\/\/www.visit-ulcinj.com\/blog\/author\/admin\/\"}]}<\/script>\n<!-- \/ Yoast SEO plugin. -->","yoast_head_json":{"title":"Ndrroi jet\u00eb Ramo \u00c7obi - Lajme nga Ulqini","description":"N\u00eb mosh\u00ebn 78 vje\u00e7are u nda nga jeta Ramo\u00a0\u00c7obi ,nj\u00ebri nga figurat me te shquara te mesim dhenseve Ulqinake dhe te Anes Malit. Varrimi i t\u00eb ndjerit b\u00ebhet","robots":{"index":"index","follow":"follow","max-snippet":"max-snippet:-1","max-image-preview":"max-image-preview:large","max-video-preview":"max-video-preview:-1"},"canonical":"https:\/\/www.visit-ulcinj.com\/blog\/2012\/07\/16\/ndrroi-jete-ramo-cobi\/","og_locale":"en_US","og_type":"article","og_title":"Ndrroi jet\u00eb Ramo \u00c7obi - Lajme nga Ulqini","og_description":"N\u00eb mosh\u00ebn 78 vje\u00e7are u nda nga jeta Ramo\u00a0\u00c7obi ,nj\u00ebri nga figurat me te shquara te mesim dhenseve Ulqinake dhe te Anes Malit. Varrimi i t\u00eb ndjerit b\u00ebhet","og_url":"https:\/\/www.visit-ulcinj.com\/blog\/2012\/07\/16\/ndrroi-jete-ramo-cobi\/","og_site_name":"Lajme nga Ulqini","article_published_time":"2012-07-16T21:24:17+00:00","article_modified_time":"2012-07-16T21:24:48+00:00","og_image":[{"url":"http:\/\/www.visit-ulcinj.com\/blog\/wp-content\/uploads\/2012\/07\/Ndrroi-jete-Ramo-Cobi.jpg"}],"twitter_misc":{"Written by":"ulqini"},"schema":{"@context":"https:\/\/schema.org","@graph":[{"@type":"WebSite","@id":"https:\/\/www.visit-ulcinj.com\/blog\/#website","url":"https:\/\/www.visit-ulcinj.com\/blog\/","name":"Lajme nga Ulqini","description":"Lajme,Vijesti,Ulqini,Ulqin,Crna Gora,Mali i Zi","potentialAction":[{"@type":"SearchAction","target":{"@type":"EntryPoint","urlTemplate":"https:\/\/www.visit-ulcinj.com\/blog\/?s={search_term_string}"},"query-input":"required name=search_term_string"}],"inLanguage":"en-US"},{"@type":"ImageObject","inLanguage":"en-US","@id":"https:\/\/www.visit-ulcinj.com\/blog\/2012\/07\/16\/ndrroi-jete-ramo-cobi\/#primaryimage","url":"https:\/\/www.visit-ulcinj.com\/blog\/wp-content\/uploads\/2012\/07\/Ndrroi-jete-Ramo-Cobi.jpg","contentUrl":"https:\/\/www.visit-ulcinj.com\/blog\/wp-content\/uploads\/2012\/07\/Ndrroi-jete-Ramo-Cobi.jpg","width":"338","height":"435"},{"@type":"WebPage","@id":"https:\/\/www.visit-ulcinj.com\/blog\/2012\/07\/16\/ndrroi-jete-ramo-cobi\/#webpage","url":"https:\/\/www.visit-ulcinj.com\/blog\/2012\/07\/16\/ndrroi-jete-ramo-cobi\/","name":"Ndrroi jet\u00eb Ramo \u00c7obi - Lajme nga Ulqini","isPartOf":{"@id":"https:\/\/www.visit-ulcinj.com\/blog\/#website"},"primaryImageOfPage":{"@id":"https:\/\/www.visit-ulcinj.com\/blog\/2012\/07\/16\/ndrroi-jete-ramo-cobi\/#primaryimage"},"datePublished":"2012-07-16T21:24:17+00:00","dateModified":"2012-07-16T21:24:48+00:00","author":{"@id":"https:\/\/www.visit-ulcinj.com\/blog\/#\/schema\/person\/dcab619c614d3038751c63bc2aadc06d"},"description":"N\u00eb mosh\u00ebn 78 vje\u00e7are u nda nga jeta Ramo\u00a0\u00c7obi ,nj\u00ebri nga figurat me te shquara te mesim dhenseve Ulqinake dhe te Anes Malit. Varrimi i t\u00eb ndjerit b\u00ebhet","breadcrumb":{"@id":"https:\/\/www.visit-ulcinj.com\/blog\/2012\/07\/16\/ndrroi-jete-ramo-cobi\/#breadcrumb"},"inLanguage":"en-US","potentialAction":[{"@type":"ReadAction","target":["https:\/\/www.visit-ulcinj.com\/blog\/2012\/07\/16\/ndrroi-jete-ramo-cobi\/"]}]},{"@type":"BreadcrumbList","@id":"https:\/\/www.visit-ulcinj.com\/blog\/2012\/07\/16\/ndrroi-jete-ramo-cobi\/#breadcrumb","itemListElement":[{"@type":"ListItem","position":1,"name":"Ndrroi jet\u00eb Ramo \u00c7obi"}]},{"@type":"Person","@id":"https:\/\/www.visit-ulcinj.com\/blog\/#\/schema\/person\/dcab619c614d3038751c63bc2aadc06d","name":"ulqini","sameAs":["http:\/\/www.visit-ulcinj.com"],"url":"https:\/\/www.visit-ulcinj.com\/blog\/author\/admin\/"}]}},"jetpack_featured_media_url":"","jetpack_sharing_enabled":true,"jetpack_shortlink":"https:\/\/wp.me\/pe6lTn-gbY","_links":{"self":[{"href":"https:\/\/www.visit-ulcinj.com\/blog\/wp-json\/wp\/v2\/posts\/62246"}],"collection":[{"href":"https:\/\/www.visit-ulcinj.com\/blog\/wp-json\/wp\/v2\/posts"}],"about":[{"href":"https:\/\/www.visit-ulcinj.com\/blog\/wp-json\/wp\/v2\/types\/post"}],"author":[{"embeddable":true,"href":"https:\/\/www.visit-ulcinj.com\/blog\/wp-json\/wp\/v2\/users\/1"}],"replies":[{"embeddable":true,"href":"https:\/\/www.visit-ulcinj.com\/blog\/wp-json\/wp\/v2\/comments?post=62246"}],"version-history":[{"count":2,"href":"https:\/\/www.visit-ulcinj.com\/blog\/wp-json\/wp\/v2\/posts\/62246\/revisions"}],"predecessor-version":[{"id":62249,"href":"https:\/\/www.visit-ulcinj.com\/blog\/wp-json\/wp\/v2\/posts\/62246\/revisions\/62249"}],"wp:attachment":[{"href":"https:\/\/www.visit-ulcinj.com\/blog\/wp-json\/wp\/v2\/media?parent=62246"}],"wp:term":[{"taxonomy":"category","embeddable":true,"href":"https:\/\/www.visit-ulcinj.com\/blog\/wp-json\/wp\/v2\/categories?post=62246"},{"taxonomy":"post_tag","embeddable":true,"href":"https:\/\/www.visit-ulcinj.com\/blog\/wp-json\/wp\/v2\/tags?post=62246"}],"curies":[{"name":"wp","href":"https:\/\/api.w.org\/{rel}","templated":true}]}}