{"id":62250,"date":"2012-07-17T20:13:56","date_gmt":"2012-07-17T19:13:56","guid":{"rendered":"http:\/\/www.visit-ulcinj.com\/blog\/?p=62250"},"modified":"2012-07-17T20:19:25","modified_gmt":"2012-07-17T19:19:25","slug":"knsh-ja-fiton-kuota-per-studentet-shqiptare-nga-mali-i-zi","status":"publish","type":"post","link":"https:\/\/www.visit-ulcinj.com\/blog\/2012\/07\/17\/knsh-ja-fiton-kuota-per-studentet-shqiptare-nga-mali-i-zi\/","title":{"rendered":"KNSH-ja fiton kuota p\u00ebr student\u00ebt shqiptar\u00eb nga Mali i Zi"},"content":{"rendered":"<p style=\"text-align: center;\">KUMTESE PER MEDIA<\/p>\n<p style=\"text-align: left;\">\n <a href=\"http:\/\/www.visit-ulcinj.com\/blog\/wp-content\/uploads\/2012\/07\/KNSH-ja-fiton-kuota-p\u00ebr-student\u00ebt-shqiptar\u00eb-nga-Mali-i-Zi.jpg\"><img loading=\"lazy\" class=\"alignleft  wp-image-62253\" title=\"KNSH-ja fiton kuota p\u00ebr student\u00ebt shqiptar\u00eb nga Mali i Zi\" src=\"http:\/\/www.visit-ulcinj.com\/blog\/wp-content\/uploads\/2012\/07\/KNSH-ja-fiton-kuota-p\u00ebr-student\u00ebt-shqiptar\u00eb-nga-Mali-i-Zi.jpg\" alt=\"\" width=\"508\" height=\"360\" \/><\/a><br \/>\nNj\u00eb delegacion i K\u00ebshillit Nacional t\u00eb Shqiptar\u00ebve n\u00eb Malin e Zi, n\u00eb p\u00ebrb\u00ebrje,Tahir Tahiri, kryetar dhe Mehmet Bardhi, deputet, fundjav\u00ebn e kaluar q\u00ebndroi n\u00eb Prishtin\u00eb, ku u takuan me zv\/ministrin e Arsimit,Shkenc\u00ebs dhe Teknologjis\u00eb s\u00eb Republik\u00ebs s\u00eb Kosov\u00ebs,z.Nehat Mustafa.<br \/>\nTem\u00eb e bisedimeve n\u00eb k\u00ebt\u00eb takim ishte bashk\u00ebpunimi me interes reciprok n\u00eb fush\u00ebn e arsimit, p\u00ebrkat\u00ebsisht krijimit t\u00eb mund\u00ebsive p\u00ebr regjistrimin e student\u00ebve shqiptar\u00eb nga Mali i Zi n\u00eb universitetet publike t\u00eb Republik\u00ebs s\u00eb Kosov\u00ebs, si dhe problemet me t\u00eb cilat ballafaqohet arsimi shqip n\u00eb Malin e Zi.<br \/>\nKryetari i KNSH-s\u00eb, z. Tahir Tahiri dhe deputeti Bardhi,fal\u00ebnderuan zv\/ministrin e arsimit z.Mustafa dhe Qeverin\u00eb e Republik\u00ebs s\u00eb Kosov\u00ebs p\u00ebr ndihm\u00ebn e vazhdueshme t\u00eb dh\u00ebn\u00eb prej koh\u00ebsh n\u00eb sfera t\u00eb ndryshme nga ana e Institucioneve t\u00eb Kosov\u00ebs, e posa\u00e7risht p\u00ebr shkollimin e t\u00eb rinjve shqiptar\u00eb nga Mali i Zi.<br \/>\n\u201cKosova p\u00ebrher\u00eb ka qen\u00eb pik\u00eb referimi dhe mund\u00ebsi e shkollimit t\u00eb t\u00eb rinjve tan\u00eb, kurse tash, me krijimin e kushteve t\u00eb reja, b\u00ebrjen e Kosov\u00ebs shtet i pavarur, nd\u00ebrtimi i Rrug\u00ebs s\u00eb Kombit, interesimi i t\u00eb rinjve shqiptar\u00eb nga Mali i Zi p\u00ebr t\u00eb studiuar n\u00eb universitetet e Republik\u00ebs s\u00eb Kosov\u00ebs, do t\u00eb jet\u00eb gjithnj\u00eb e m\u00eb i madh\u201d,- deklaruan kryetari Tahiri dhe deputeti Bardhi.<br \/>\nDelegacioni I KNSH-s\u00eb, me k\u00ebt\u00eb rast, i k\u00ebrkoi Ministris\u00eb s\u00eb Arsimit t\u00eb Republik\u00ebs s\u00eb Kosov\u00ebs mund\u00ebsin\u00eb q\u00eb t\u00eb siguroj\u00eb nj\u00eb num\u00ebr kuotash p\u00ebr t\u00eb rinjt\u00eb shqiptar\u00eb nga Mali I Zi,t\u00eb interesuar p\u00ebr regjistrim n\u00eb universitetet publike t\u00eb Republik\u00ebs s\u00eb Kosov\u00ebs.<br \/>\nZv\/ministri Mustafa, shprehu mir\u00ebkuptimin e plot\u00eb p\u00ebr k\u00ebrkesat e KNSH-s\u00eb dhe shqiptar\u00ebve n\u00eb Malin e Zi, duke theksuar gatishm\u00ebrin\u00eb p\u00ebr t\u00eb ndihmuar n\u00eb zgjidhjen e problemeve aktuale me t\u00eb cilat ballafaqohet arsimi shqip n\u00eb Malin e Zi, p\u00ebrmes bashk\u00ebpunimit me ministrin\u00eb respektive.<br \/>\nDuke folur p\u00ebr regjistrimin n\u00eb Universitet publike te Kosov\u00ebs dhe numrin e student\u00ebve ( kuotat) q\u00eb do t\u00eb merreshin parasysh, z. Mustafa tha se student\u00ebt q\u00eb do t\u00eb konkurojn\u00eb n\u00eb universitetet publike t\u00eb Kosov\u00ebs, duhet t u n\u00ebnshtrohen kritereve t\u00eb cilat do t\u00eb p\u00ebrcaktohen nga institucionet p\u00ebrkat\u00ebse n\u00eb konkurenc\u00eb me koleg\u00ebt e tyre prej nga arrijn\u00eb.<br \/>\nZv\/ministri Mustafa k\u00ebrkoi po ashtu, q\u00eb KNSH-ja, t\u00eb b\u00ebj\u00eb nj\u00eb evidentim t\u00eb numrit t\u00eb student\u00ebve, t\u00eb cil\u00ebt duan t\u00eb regjistrohen n\u00eb Universitetet publike t\u00eb Kosov\u00ebs, n\u00eb baz\u00eb t\u00eb s\u00eb cil\u00ebs Ministria e Arsimit do p\u00ebrcaktohet p\u00ebr numrin e vendeve(kuotat) p\u00ebr student\u00ebt shqiptar\u00eb nga Mali I Zi n\u00eb fakulltete e drejtime q\u00eb ata kan\u00eb preferenca.<br \/>\nZ\u00ebvend\u00ebsministri tha se si \u00e7do here, edhe sivjet\u00eb \u201cmbetemi t\u00eb p\u00ebrkushtuar dhe t\u00eb hapur q\u00eb t\u00eb ofrojm\u00eb mund\u00ebsi studimi n\u00eb universitetet tona publike n\u00eb Prishtin\u00eb,Prizren dhe n\u00eb Pej\u00eb, p\u00ebr t\u00eb rinjt shqiptar\u00eb nga t\u00eb gjitha viset ku jetojn\u00eb shqiptar\u00ebt\u201d<br \/>\n<a href=\"http:\/\/www.visit-ulcinj.com\/blog\/wp-content\/uploads\/2012\/07\/KNSH-ja-fiton-kuota-p\u00ebr-student\u00ebt-shqiptar\u00eb-nga-Mali-i-Zi.1.jpg\"><img loading=\"lazy\" class=\"alignleft  wp-image-62254\" title=\"KNSH-ja fiton kuota p\u00ebr student\u00ebt shqiptar\u00eb nga Mali i Zi.1\" src=\"http:\/\/www.visit-ulcinj.com\/blog\/wp-content\/uploads\/2012\/07\/KNSH-ja-fiton-kuota-p\u00ebr-student\u00ebt-shqiptar\u00eb-nga-Mali-i-Zi.1.jpg\" alt=\"\" width=\"508\" height=\"300\" \/><\/a><br \/>\nVizita e delegacionit t\u00eb KNSH-s\u00eb, n\u00eb Ministrin\u00eb e Arsimit Shkenc\u00ebs e Teknologjis\u00eb u realizua n\u00eb kuad\u00ebr t\u00eb pjes\u00ebmarrjes s\u00eb k\u00ebtij delegacioni n\u00eb Konferenc\u00ebn rajonale n\u00eb tem\u00ebn \u201cPozita Kushtetuese dhe Ligjore e pakicave n\u00eb rajon dhe roli I saj n\u00eb perspektiv\u00ebn Evropiane\u201d, e organizuar nga Fondacioni Fridrih Ebert Stiftung ,Instituti p\u00ebr studime kushtetuese e parlamentare dhe Shoqata e malazezve t\u00eb Kosov\u00ebs, e mbajtur n\u00eb Prishtin\u00eb m\u00eb 11 korrik 2012.<\/p>\n<p>Sh\u00ebrbimi p\u00ebr informim i KNSH-s\u00eb<\/p>\n<p style=\"text-align: left;\"><a href=\"http:\/\/www.visit-ulcinj.com\/blog\/wp-content\/uploads\/2011\/03\/KNSH_MZ_logo.jpg\"><img loading=\"lazy\" class=\"alignleft  wp-image-45189\" title=\"KNSH_MZ_logo\" src=\"http:\/\/www.visit-ulcinj.com\/blog\/wp-content\/uploads\/2011\/03\/KNSH_MZ_logo.jpg\" alt=\"\" width=\"318\" height=\"142\" srcset=\"https:\/\/www.visit-ulcinj.com\/blog\/wp-content\/uploads\/2011\/03\/KNSH_MZ_logo.jpg 318w, https:\/\/www.visit-ulcinj.com\/blog\/wp-content\/uploads\/2011\/03\/KNSH_MZ_logo-300x133.jpg 300w\" sizes=\"(max-width: 318px) 100vw, 318px\" \/><\/a>K\u00cbSHILLI NACIONAL I SHQIPTAR\u00cbVE N\u00cb MALIN E ZI<\/p>\n<p style=\"text-align: left;\">NACIONALNI SAVJET ALBANACA U CRNOJ GORI<\/p>\n<p style=\"text-align: left;\">ALBANIAN NATIONAL COUNCIL IN MONTENEGRO<\/p>\n<p>Nr. \u00a048 \/12<\/p>\n<p>Ulqin m\u00eb,\u00a0 15.07.2012<\/p>\n<p>&nbsp;<\/p>\n<p align=\"center\">LAJM\u00cbRIM<\/p>\n<p>K\u00ebshilli Nacional i Shqiptar\u00ebve n\u00eb Malin e Zi, n\u00eb baz\u00eb t\u00eb marr\u00ebveshtjes me <strong>Ministrin\u00eb e Arsimit, Shkenc\u00ebs dhe Teknologjis\u00eb s\u00eb Republik\u00ebs s\u00eb Kosov\u00ebs,<\/strong> lajm\u00ebron maturant\u00ebt shqiptar\u00eb nga Mali i Zi, t\u00eb interesuar p\u00ebr\u00a0 regjistrim n\u00eb <strong>Universitetin e Prishtin\u00ebs,<\/strong> q\u00eb n\u00eb afatin sa m\u00eb t\u00eb shkurt\u00ebr, \u00a0\u00a0t\u00eb lajm\u00ebrohen n\u00eb KNSH, n\u00eb m\u00ebnyr\u00eb \u00a0q\u00eb sa ma par\u00eb t\u00eb p\u00ebrpilohet lista \u00a0e kandidat\u00ebve t\u00eb interesuar p\u00ebr regjistrim n\u00eb fakultetet p\u00ebrkat\u00ebse. Lista me kandidat\u00ebt e paraqitur, menj\u00ebher\u00eb do t&#8217;i d\u00ebrgohet Ministris\u00eb s\u00eb Arsimit t\u00eb Republik\u00ebs s\u00eb Kosov\u00ebs.<\/p>\n<p>Kontakt tel. :030411302,\u00a0\u00a0\u00a0 069332789,\u00a0\u00a0\u00a0\u00a0 069068819<\/p>\n<p>E-mail:<\/p>\n<p><a href=\"mailto:knshmz@hotmail.com\">knshmz@hotmail.com<\/a><\/p>\n<p>Sh\u00ebrbimi p\u00ebr informim i KNSH-s\u00eb<\/p>\n","protected":false},"excerpt":{"rendered":"<p>KUMTESE PER MEDIA Nj\u00eb delegacion i K\u00ebshillit Nacional t\u00eb Shqiptar\u00ebve n\u00eb Malin e Zi, n\u00eb p\u00ebrb\u00ebrje,Tahir Tahiri, kryetar dhe Mehmet Bardhi, deputet, fundjav\u00ebn e kaluar q\u00ebndroi n\u00eb Prishtin\u00eb, ku u takuan me zv\/ministrin e Arsimit,Shkenc\u00ebs dhe Teknologjis\u00eb s\u00eb Republik\u00ebs s\u00eb Kosov\u00ebs,z.Nehat Mustafa. Tem\u00eb e bisedimeve n\u00eb k\u00ebt\u00eb takim ishte bashk\u00ebpunimi me interes reciprok n\u00eb fush\u00ebn [&hellip;]<\/p>\n","protected":false},"author":1,"featured_media":0,"comment_status":"open","ping_status":"closed","sticky":false,"template":"","format":"standard","meta":{"spay_email":"","jetpack_publicize_message":"","jetpack_is_tweetstorm":false,"jetpack_publicize_feature_enabled":true},"categories":[4],"tags":[19166,5896,200],"jetpack_publicize_connections":[],"yoast_head":"<!-- This site is optimized with the Yoast SEO plugin v19.1 - https:\/\/yoast.com\/wordpress\/plugins\/seo\/ -->\n<title>KNSH-ja fiton kuota p\u00ebr student\u00ebt shqiptar\u00eb nga Mali i Zi - Lajme nga Ulqini<\/title>\n<meta name=\"description\" content=\"KUMTESE PER MEDIA Nj\u00eb delegacion i K\u00ebshillit Nacional t\u00eb Shqiptar\u00ebve n\u00eb Malin e Zi, n\u00eb p\u00ebrb\u00ebrje,Tahir Tahiri, kryetar dhe Mehmet Bardhi, deputet,\" \/>\n<meta name=\"robots\" content=\"index, follow, max-snippet:-1, max-image-preview:large, max-video-preview:-1\" \/>\n<link rel=\"canonical\" href=\"https:\/\/www.visit-ulcinj.com\/blog\/2012\/07\/17\/knsh-ja-fiton-kuota-per-studentet-shqiptare-nga-mali-i-zi\/\" \/>\n<meta property=\"og:locale\" content=\"en_US\" \/>\n<meta property=\"og:type\" content=\"article\" \/>\n<meta property=\"og:title\" content=\"KNSH-ja fiton kuota p\u00ebr student\u00ebt shqiptar\u00eb nga Mali i Zi - Lajme nga Ulqini\" \/>\n<meta property=\"og:description\" content=\"KUMTESE PER MEDIA Nj\u00eb delegacion i K\u00ebshillit Nacional t\u00eb Shqiptar\u00ebve n\u00eb Malin e Zi, n\u00eb p\u00ebrb\u00ebrje,Tahir Tahiri, kryetar dhe Mehmet Bardhi, deputet,\" \/>\n<meta property=\"og:url\" content=\"https:\/\/www.visit-ulcinj.com\/blog\/2012\/07\/17\/knsh-ja-fiton-kuota-per-studentet-shqiptare-nga-mali-i-zi\/\" \/>\n<meta property=\"og:site_name\" content=\"Lajme nga Ulqini\" \/>\n<meta property=\"article:published_time\" content=\"2012-07-17T19:13:56+00:00\" \/>\n<meta property=\"article:modified_time\" content=\"2012-07-17T19:19:25+00:00\" \/>\n<meta property=\"og:image\" content=\"http:\/\/www.visit-ulcinj.com\/blog\/wp-content\/uploads\/2011\/03\/KNSH_MZ_logo.jpg\" \/>\n<meta name=\"twitter:label1\" content=\"Written by\" \/>\n\t<meta name=\"twitter:data1\" content=\"ulqini\" \/>\n\t<meta name=\"twitter:label2\" content=\"Est. reading time\" \/>\n\t<meta name=\"twitter:data2\" content=\"4 minutes\" \/>\n<script type=\"application\/ld+json\" class=\"yoast-schema-graph\">{\"@context\":\"https:\/\/schema.org\",\"@graph\":[{\"@type\":\"WebSite\",\"@id\":\"https:\/\/www.visit-ulcinj.com\/blog\/#website\",\"url\":\"https:\/\/www.visit-ulcinj.com\/blog\/\",\"name\":\"Lajme nga Ulqini\",\"description\":\"Lajme,Vijesti,Ulqini,Ulqin,Crna Gora,Mali i Zi\",\"potentialAction\":[{\"@type\":\"SearchAction\",\"target\":{\"@type\":\"EntryPoint\",\"urlTemplate\":\"https:\/\/www.visit-ulcinj.com\/blog\/?s={search_term_string}\"},\"query-input\":\"required name=search_term_string\"}],\"inLanguage\":\"en-US\"},{\"@type\":\"ImageObject\",\"inLanguage\":\"en-US\",\"@id\":\"https:\/\/www.visit-ulcinj.com\/blog\/2012\/07\/17\/knsh-ja-fiton-kuota-per-studentet-shqiptare-nga-mali-i-zi\/#primaryimage\",\"url\":\"https:\/\/www.visit-ulcinj.com\/blog\/wp-content\/uploads\/2011\/03\/KNSH_MZ_logo.jpg\",\"contentUrl\":\"https:\/\/www.visit-ulcinj.com\/blog\/wp-content\/uploads\/2011\/03\/KNSH_MZ_logo.jpg\",\"width\":\"318\",\"height\":\"142\"},{\"@type\":\"WebPage\",\"@id\":\"https:\/\/www.visit-ulcinj.com\/blog\/2012\/07\/17\/knsh-ja-fiton-kuota-per-studentet-shqiptare-nga-mali-i-zi\/#webpage\",\"url\":\"https:\/\/www.visit-ulcinj.com\/blog\/2012\/07\/17\/knsh-ja-fiton-kuota-per-studentet-shqiptare-nga-mali-i-zi\/\",\"name\":\"KNSH-ja fiton kuota p\u00ebr student\u00ebt shqiptar\u00eb nga Mali i Zi - Lajme nga Ulqini\",\"isPartOf\":{\"@id\":\"https:\/\/www.visit-ulcinj.com\/blog\/#website\"},\"primaryImageOfPage\":{\"@id\":\"https:\/\/www.visit-ulcinj.com\/blog\/2012\/07\/17\/knsh-ja-fiton-kuota-per-studentet-shqiptare-nga-mali-i-zi\/#primaryimage\"},\"datePublished\":\"2012-07-17T19:13:56+00:00\",\"dateModified\":\"2012-07-17T19:19:25+00:00\",\"author\":{\"@id\":\"https:\/\/www.visit-ulcinj.com\/blog\/#\/schema\/person\/dcab619c614d3038751c63bc2aadc06d\"},\"description\":\"KUMTESE PER MEDIA Nj\u00eb delegacion i K\u00ebshillit Nacional t\u00eb Shqiptar\u00ebve n\u00eb Malin e Zi, n\u00eb p\u00ebrb\u00ebrje,Tahir Tahiri, kryetar dhe Mehmet Bardhi, deputet,\",\"breadcrumb\":{\"@id\":\"https:\/\/www.visit-ulcinj.com\/blog\/2012\/07\/17\/knsh-ja-fiton-kuota-per-studentet-shqiptare-nga-mali-i-zi\/#breadcrumb\"},\"inLanguage\":\"en-US\",\"potentialAction\":[{\"@type\":\"ReadAction\",\"target\":[\"https:\/\/www.visit-ulcinj.com\/blog\/2012\/07\/17\/knsh-ja-fiton-kuota-per-studentet-shqiptare-nga-mali-i-zi\/\"]}]},{\"@type\":\"BreadcrumbList\",\"@id\":\"https:\/\/www.visit-ulcinj.com\/blog\/2012\/07\/17\/knsh-ja-fiton-kuota-per-studentet-shqiptare-nga-mali-i-zi\/#breadcrumb\",\"itemListElement\":[{\"@type\":\"ListItem\",\"position\":1,\"name\":\"KNSH-ja fiton kuota p\u00ebr student\u00ebt shqiptar\u00eb nga Mali i Zi\"}]},{\"@type\":\"Person\",\"@id\":\"https:\/\/www.visit-ulcinj.com\/blog\/#\/schema\/person\/dcab619c614d3038751c63bc2aadc06d\",\"name\":\"ulqini\",\"sameAs\":[\"http:\/\/www.visit-ulcinj.com\"],\"url\":\"https:\/\/www.visit-ulcinj.com\/blog\/author\/admin\/\"}]}<\/script>\n<!-- \/ Yoast SEO plugin. -->","yoast_head_json":{"title":"KNSH-ja fiton kuota p\u00ebr student\u00ebt shqiptar\u00eb nga Mali i Zi - Lajme nga Ulqini","description":"KUMTESE PER MEDIA Nj\u00eb delegacion i K\u00ebshillit Nacional t\u00eb Shqiptar\u00ebve n\u00eb Malin e Zi, n\u00eb p\u00ebrb\u00ebrje,Tahir Tahiri, kryetar dhe Mehmet Bardhi, deputet,","robots":{"index":"index","follow":"follow","max-snippet":"max-snippet:-1","max-image-preview":"max-image-preview:large","max-video-preview":"max-video-preview:-1"},"canonical":"https:\/\/www.visit-ulcinj.com\/blog\/2012\/07\/17\/knsh-ja-fiton-kuota-per-studentet-shqiptare-nga-mali-i-zi\/","og_locale":"en_US","og_type":"article","og_title":"KNSH-ja fiton kuota p\u00ebr student\u00ebt shqiptar\u00eb nga Mali i Zi - Lajme nga Ulqini","og_description":"KUMTESE PER MEDIA Nj\u00eb delegacion i K\u00ebshillit Nacional t\u00eb Shqiptar\u00ebve n\u00eb Malin e Zi, n\u00eb p\u00ebrb\u00ebrje,Tahir Tahiri, kryetar dhe Mehmet Bardhi, deputet,","og_url":"https:\/\/www.visit-ulcinj.com\/blog\/2012\/07\/17\/knsh-ja-fiton-kuota-per-studentet-shqiptare-nga-mali-i-zi\/","og_site_name":"Lajme nga Ulqini","article_published_time":"2012-07-17T19:13:56+00:00","article_modified_time":"2012-07-17T19:19:25+00:00","og_image":[{"url":"http:\/\/www.visit-ulcinj.com\/blog\/wp-content\/uploads\/2011\/03\/KNSH_MZ_logo.jpg"}],"twitter_misc":{"Written by":"ulqini","Est. reading time":"4 minutes"},"schema":{"@context":"https:\/\/schema.org","@graph":[{"@type":"WebSite","@id":"https:\/\/www.visit-ulcinj.com\/blog\/#website","url":"https:\/\/www.visit-ulcinj.com\/blog\/","name":"Lajme nga Ulqini","description":"Lajme,Vijesti,Ulqini,Ulqin,Crna Gora,Mali i Zi","potentialAction":[{"@type":"SearchAction","target":{"@type":"EntryPoint","urlTemplate":"https:\/\/www.visit-ulcinj.com\/blog\/?s={search_term_string}"},"query-input":"required name=search_term_string"}],"inLanguage":"en-US"},{"@type":"ImageObject","inLanguage":"en-US","@id":"https:\/\/www.visit-ulcinj.com\/blog\/2012\/07\/17\/knsh-ja-fiton-kuota-per-studentet-shqiptare-nga-mali-i-zi\/#primaryimage","url":"https:\/\/www.visit-ulcinj.com\/blog\/wp-content\/uploads\/2011\/03\/KNSH_MZ_logo.jpg","contentUrl":"https:\/\/www.visit-ulcinj.com\/blog\/wp-content\/uploads\/2011\/03\/KNSH_MZ_logo.jpg","width":"318","height":"142"},{"@type":"WebPage","@id":"https:\/\/www.visit-ulcinj.com\/blog\/2012\/07\/17\/knsh-ja-fiton-kuota-per-studentet-shqiptare-nga-mali-i-zi\/#webpage","url":"https:\/\/www.visit-ulcinj.com\/blog\/2012\/07\/17\/knsh-ja-fiton-kuota-per-studentet-shqiptare-nga-mali-i-zi\/","name":"KNSH-ja fiton kuota p\u00ebr student\u00ebt shqiptar\u00eb nga Mali i Zi - Lajme nga Ulqini","isPartOf":{"@id":"https:\/\/www.visit-ulcinj.com\/blog\/#website"},"primaryImageOfPage":{"@id":"https:\/\/www.visit-ulcinj.com\/blog\/2012\/07\/17\/knsh-ja-fiton-kuota-per-studentet-shqiptare-nga-mali-i-zi\/#primaryimage"},"datePublished":"2012-07-17T19:13:56+00:00","dateModified":"2012-07-17T19:19:25+00:00","author":{"@id":"https:\/\/www.visit-ulcinj.com\/blog\/#\/schema\/person\/dcab619c614d3038751c63bc2aadc06d"},"description":"KUMTESE PER MEDIA Nj\u00eb delegacion i K\u00ebshillit Nacional t\u00eb Shqiptar\u00ebve n\u00eb Malin e Zi, n\u00eb p\u00ebrb\u00ebrje,Tahir Tahiri, kryetar dhe Mehmet Bardhi, deputet,","breadcrumb":{"@id":"https:\/\/www.visit-ulcinj.com\/blog\/2012\/07\/17\/knsh-ja-fiton-kuota-per-studentet-shqiptare-nga-mali-i-zi\/#breadcrumb"},"inLanguage":"en-US","potentialAction":[{"@type":"ReadAction","target":["https:\/\/www.visit-ulcinj.com\/blog\/2012\/07\/17\/knsh-ja-fiton-kuota-per-studentet-shqiptare-nga-mali-i-zi\/"]}]},{"@type":"BreadcrumbList","@id":"https:\/\/www.visit-ulcinj.com\/blog\/2012\/07\/17\/knsh-ja-fiton-kuota-per-studentet-shqiptare-nga-mali-i-zi\/#breadcrumb","itemListElement":[{"@type":"ListItem","position":1,"name":"KNSH-ja fiton kuota p\u00ebr student\u00ebt shqiptar\u00eb nga Mali i Zi"}]},{"@type":"Person","@id":"https:\/\/www.visit-ulcinj.com\/blog\/#\/schema\/person\/dcab619c614d3038751c63bc2aadc06d","name":"ulqini","sameAs":["http:\/\/www.visit-ulcinj.com"],"url":"https:\/\/www.visit-ulcinj.com\/blog\/author\/admin\/"}]}},"jetpack_featured_media_url":"","jetpack_sharing_enabled":true,"jetpack_shortlink":"https:\/\/wp.me\/pe6lTn-gc2","_links":{"self":[{"href":"https:\/\/www.visit-ulcinj.com\/blog\/wp-json\/wp\/v2\/posts\/62250"}],"collection":[{"href":"https:\/\/www.visit-ulcinj.com\/blog\/wp-json\/wp\/v2\/posts"}],"about":[{"href":"https:\/\/www.visit-ulcinj.com\/blog\/wp-json\/wp\/v2\/types\/post"}],"author":[{"embeddable":true,"href":"https:\/\/www.visit-ulcinj.com\/blog\/wp-json\/wp\/v2\/users\/1"}],"replies":[{"embeddable":true,"href":"https:\/\/www.visit-ulcinj.com\/blog\/wp-json\/wp\/v2\/comments?post=62250"}],"version-history":[{"count":3,"href":"https:\/\/www.visit-ulcinj.com\/blog\/wp-json\/wp\/v2\/posts\/62250\/revisions"}],"predecessor-version":[{"id":62256,"href":"https:\/\/www.visit-ulcinj.com\/blog\/wp-json\/wp\/v2\/posts\/62250\/revisions\/62256"}],"wp:attachment":[{"href":"https:\/\/www.visit-ulcinj.com\/blog\/wp-json\/wp\/v2\/media?parent=62250"}],"wp:term":[{"taxonomy":"category","embeddable":true,"href":"https:\/\/www.visit-ulcinj.com\/blog\/wp-json\/wp\/v2\/categories?post=62250"},{"taxonomy":"post_tag","embeddable":true,"href":"https:\/\/www.visit-ulcinj.com\/blog\/wp-json\/wp\/v2\/tags?post=62250"}],"curies":[{"name":"wp","href":"https:\/\/api.w.org\/{rel}","templated":true}]}}