{"id":62258,"date":"2012-07-18T19:39:07","date_gmt":"2012-07-18T18:39:07","guid":{"rendered":"http:\/\/www.visit-ulcinj.com\/blog\/?p=62258"},"modified":"2012-07-18T19:44:02","modified_gmt":"2012-07-18T18:44:02","slug":"bardhi-ftese-subjekteve-politike-shqiptare","status":"publish","type":"post","link":"https:\/\/www.visit-ulcinj.com\/blog\/2012\/07\/18\/bardhi-ftese-subjekteve-politike-shqiptare\/","title":{"rendered":"Bardhi: Ftes\u00eb subjekteve politike shqiptare"},"content":{"rendered":"<p style=\"text-align: center;\"><strong><a href=\"http:\/\/www.visit-ulcinj.com\/blog\/wp-content\/uploads\/2012\/07\/MEHMET-BARDHI.jpg\"><img loading=\"lazy\" class=\"alignleft  wp-image-62259\" title=\"MEHMET BARDHI\" src=\"http:\/\/www.visit-ulcinj.com\/blog\/wp-content\/uploads\/2012\/07\/MEHMET-BARDHI.jpg\" alt=\"\" width=\"508\" height=\"360\" \/><\/a>Ft e s \u00eb<\/strong><br \/>\n<strong> Subjekteve politike shqiptare<\/strong><\/p>\n<p>Nisur nga situata aktuale politike, sot n\u00eb Malin e Zi, e cila n\u00eb shum\u00eb segmente, sa i p\u00ebrket realizimit dhe avancimit t\u00eb drejtave t\u00eb shqiptar\u00ebve, ka stagnim, madje n\u00eb disa rrafshe kemi zvog\u00eblim e kthim mbrapa, si rezultat i politik\u00ebs injoruese e diskriminuese t\u00eb pushtetit t\u00eb Malit t\u00eb Zi, sidomos pas Referendumit t\u00eb 21 majit 2006 p\u00ebr pavar\u00ebsin\u00eb e Malit t\u00eb Zi, ku po na mohohen, jo vet\u00eb t\u00eb drejtat natyrore e historike, komb\u00ebtare e politike, por po na mohohen edhe t\u00eb drejtat e arritura, si \u00ebsht\u00eb rasti me Ligjin Zgjedhor etj., por edhe si pasoj\u00eb e munges\u00ebs s\u00eb koordinimit t\u00eb veprimit politik aq shum\u00eb t\u00eb nevojsh\u00ebm, t\u00eb subjekteve politike shqiptare n\u00eb Malin e Zi, n\u00eb cil\u00ebsin\u00eb e kryetarit t\u00eb partis\u00eb s\u00eb par\u00eb politike shqiptare nga fillimi i shum\u00ebpartiak\u00ebsis\u00eb, sot n\u00eb Malin e Zi dhe t\u00eb politikanit m\u00eb t\u00eb vjet\u00ebr si edhe duke marr\u00eb parasysh realitetin &#8211; zgjedhjet e parakohshme parlamentare tashm\u00eb t\u00eb paralajm\u00ebruara p\u00ebr tetor t\u00eb k\u00ebtij viti<\/p>\n<p><strong> TH\u00cbRRAS MBLEDHJE KONSULTATIVE T\u00cb SUBJEKTEVE POLITIKE SHQIPTARE<\/strong><br \/>\ndhe propozoj k\u00ebt\u00eb<br \/>\nR e n d d i t e<br \/>\n<strong>KONSULTIME P\u00cbR MARR\u00cbVESHJE P\u00cbR VEPRIME T\u00cb P\u00cbRBASHK\u00cbTA T\u00cb SUBJEKTEVE POLITIKE SHQIPTARE N\u00cb DRIT\u00cbN E LIGJIT T\u00cb RI ZGJEDHOR, N\u00cb PRAG T\u00cb ZGJEDHJEVE T\u00cb PARAKOHSHME PARLAMENTARE DHE SITUAT\u00cbS AKTUALE SHOQ\u00cbRORE, EKONOMIKE E POLITIKE<\/strong><br \/>\nMbledhja do t\u00eb mbahet, t\u00eb premten, m\u00eb 20. 07. 2012, n\u00eb sall\u00ebn e K\u00ebshillit Nacional t\u00eb Shqiptar\u00ebve n\u00eb Ulqin. Mbledhja fillon n\u00eb or\u00ebn 17:00.<br \/>\nPropozoj q\u00eb secili subjekt t\u00eb marr\u00eb pjes\u00eb deri me dy p\u00ebrfaq\u00ebsues.<\/p>\n<p>N\u00eb Podgoric\u00eb, m\u00eb 17. 07. 2012 Mehmet BARDHI<br \/>\nFtesa u d\u00ebrgohet:<br \/>\n&#8211; Lidhja Demokratike n\u00eb Mal t\u00eb Zi, Mehmet Bardhi<br \/>\n&#8211; Unioni Demokratik i Shqiptar\u00ebve, Mehmet Zenka<br \/>\n&#8211; Forca e Re Demokratike, Nazif Cungu<br \/>\n&#8211; Iniciativa Qytetare, Vasel Sinishtaj<br \/>\n&#8211; Alternativa Shqiptare, Gjergj Camaj<br \/>\n&#8211; Partia e Prosperitetit Demokratik, Ali Rexha<br \/>\n&#8211; Bashkimi Demokratik i Shqiptar\u00ebve, Ali Doda<br \/>\n&#8211; Perspektiva, Amir Hollaj<br \/>\n&#8211; Partia Demokratike, Fatmir Gjeka<br \/>\n&#8211; K\u00ebshilli Nacional i Shqiptar\u00ebve, Tahir Tahiri<\/p>\n","protected":false},"excerpt":{"rendered":"<p>Ft e s \u00eb Subjekteve politike shqiptare Nisur nga situata aktuale politike, sot n\u00eb Malin e Zi, e cila n\u00eb shum\u00eb segmente, sa i p\u00ebrket realizimit dhe avancimit t\u00eb drejtave t\u00eb shqiptar\u00ebve, ka stagnim, madje n\u00eb disa rrafshe kemi zvog\u00eblim e kthim mbrapa, si rezultat i politik\u00ebs injoruese e diskriminuese t\u00eb pushtetit t\u00eb Malit t\u00eb [&hellip;]<\/p>\n","protected":false},"author":1,"featured_media":0,"comment_status":"open","ping_status":"closed","sticky":false,"template":"","format":"standard","meta":{"spay_email":"","jetpack_publicize_message":"","jetpack_is_tweetstorm":false,"jetpack_publicize_feature_enabled":true},"categories":[1],"tags":[347],"jetpack_publicize_connections":[],"yoast_head":"<!-- This site is optimized with the Yoast SEO plugin v19.1 - https:\/\/yoast.com\/wordpress\/plugins\/seo\/ -->\n<title>Bardhi: Ftes\u00eb subjekteve politike shqiptare - Lajme nga Ulqini<\/title>\n<meta name=\"description\" content=\"Ft e s \u00eb Subjekteve politike shqiptare Nisur nga situata aktuale politike, sot n\u00eb Malin e Zi, e cila n\u00eb shum\u00eb segmente, sa i p\u00ebrket realizimit dhe\" \/>\n<meta name=\"robots\" content=\"index, follow, max-snippet:-1, max-image-preview:large, max-video-preview:-1\" \/>\n<link rel=\"canonical\" href=\"https:\/\/www.visit-ulcinj.com\/blog\/2012\/07\/18\/bardhi-ftese-subjekteve-politike-shqiptare\/\" \/>\n<meta property=\"og:locale\" content=\"en_US\" \/>\n<meta property=\"og:type\" content=\"article\" \/>\n<meta property=\"og:title\" content=\"Bardhi: Ftes\u00eb subjekteve politike shqiptare - Lajme nga Ulqini\" \/>\n<meta property=\"og:description\" content=\"Ft e s \u00eb Subjekteve politike shqiptare Nisur nga situata aktuale politike, sot n\u00eb Malin e Zi, e cila n\u00eb shum\u00eb segmente, sa i p\u00ebrket realizimit dhe\" \/>\n<meta property=\"og:url\" content=\"https:\/\/www.visit-ulcinj.com\/blog\/2012\/07\/18\/bardhi-ftese-subjekteve-politike-shqiptare\/\" \/>\n<meta property=\"og:site_name\" content=\"Lajme nga Ulqini\" \/>\n<meta property=\"article:published_time\" content=\"2012-07-18T18:39:07+00:00\" \/>\n<meta property=\"article:modified_time\" content=\"2012-07-18T18:44:02+00:00\" \/>\n<meta property=\"og:image\" content=\"http:\/\/www.visit-ulcinj.com\/blog\/wp-content\/uploads\/2012\/07\/MEHMET-BARDHI.jpg\" \/>\n<meta name=\"twitter:label1\" content=\"Written by\" \/>\n\t<meta name=\"twitter:data1\" content=\"ulqini\" \/>\n\t<meta name=\"twitter:label2\" content=\"Est. reading time\" \/>\n\t<meta name=\"twitter:data2\" content=\"2 minutes\" \/>\n<script type=\"application\/ld+json\" class=\"yoast-schema-graph\">{\"@context\":\"https:\/\/schema.org\",\"@graph\":[{\"@type\":\"WebSite\",\"@id\":\"https:\/\/www.visit-ulcinj.com\/blog\/#website\",\"url\":\"https:\/\/www.visit-ulcinj.com\/blog\/\",\"name\":\"Lajme nga Ulqini\",\"description\":\"Lajme,Vijesti,Ulqini,Ulqin,Crna Gora,Mali i Zi\",\"potentialAction\":[{\"@type\":\"SearchAction\",\"target\":{\"@type\":\"EntryPoint\",\"urlTemplate\":\"https:\/\/www.visit-ulcinj.com\/blog\/?s={search_term_string}\"},\"query-input\":\"required name=search_term_string\"}],\"inLanguage\":\"en-US\"},{\"@type\":\"ImageObject\",\"inLanguage\":\"en-US\",\"@id\":\"https:\/\/www.visit-ulcinj.com\/blog\/2012\/07\/18\/bardhi-ftese-subjekteve-politike-shqiptare\/#primaryimage\",\"url\":\"https:\/\/www.visit-ulcinj.com\/blog\/wp-content\/uploads\/2012\/07\/MEHMET-BARDHI.jpg\",\"contentUrl\":\"https:\/\/www.visit-ulcinj.com\/blog\/wp-content\/uploads\/2012\/07\/MEHMET-BARDHI.jpg\",\"width\":\"901\",\"height\":\"602\"},{\"@type\":\"WebPage\",\"@id\":\"https:\/\/www.visit-ulcinj.com\/blog\/2012\/07\/18\/bardhi-ftese-subjekteve-politike-shqiptare\/#webpage\",\"url\":\"https:\/\/www.visit-ulcinj.com\/blog\/2012\/07\/18\/bardhi-ftese-subjekteve-politike-shqiptare\/\",\"name\":\"Bardhi: Ftes\u00eb subjekteve politike shqiptare - Lajme nga Ulqini\",\"isPartOf\":{\"@id\":\"https:\/\/www.visit-ulcinj.com\/blog\/#website\"},\"primaryImageOfPage\":{\"@id\":\"https:\/\/www.visit-ulcinj.com\/blog\/2012\/07\/18\/bardhi-ftese-subjekteve-politike-shqiptare\/#primaryimage\"},\"datePublished\":\"2012-07-18T18:39:07+00:00\",\"dateModified\":\"2012-07-18T18:44:02+00:00\",\"author\":{\"@id\":\"https:\/\/www.visit-ulcinj.com\/blog\/#\/schema\/person\/dcab619c614d3038751c63bc2aadc06d\"},\"description\":\"Ft e s \u00eb Subjekteve politike shqiptare Nisur nga situata aktuale politike, sot n\u00eb Malin e Zi, e cila n\u00eb shum\u00eb segmente, sa i p\u00ebrket realizimit dhe\",\"breadcrumb\":{\"@id\":\"https:\/\/www.visit-ulcinj.com\/blog\/2012\/07\/18\/bardhi-ftese-subjekteve-politike-shqiptare\/#breadcrumb\"},\"inLanguage\":\"en-US\",\"potentialAction\":[{\"@type\":\"ReadAction\",\"target\":[\"https:\/\/www.visit-ulcinj.com\/blog\/2012\/07\/18\/bardhi-ftese-subjekteve-politike-shqiptare\/\"]}]},{\"@type\":\"BreadcrumbList\",\"@id\":\"https:\/\/www.visit-ulcinj.com\/blog\/2012\/07\/18\/bardhi-ftese-subjekteve-politike-shqiptare\/#breadcrumb\",\"itemListElement\":[{\"@type\":\"ListItem\",\"position\":1,\"name\":\"Bardhi: Ftes\u00eb subjekteve politike shqiptare\"}]},{\"@type\":\"Person\",\"@id\":\"https:\/\/www.visit-ulcinj.com\/blog\/#\/schema\/person\/dcab619c614d3038751c63bc2aadc06d\",\"name\":\"ulqini\",\"sameAs\":[\"http:\/\/www.visit-ulcinj.com\"],\"url\":\"https:\/\/www.visit-ulcinj.com\/blog\/author\/admin\/\"}]}<\/script>\n<!-- \/ Yoast SEO plugin. -->","yoast_head_json":{"title":"Bardhi: Ftes\u00eb subjekteve politike shqiptare - Lajme nga Ulqini","description":"Ft e s \u00eb Subjekteve politike shqiptare Nisur nga situata aktuale politike, sot n\u00eb Malin e Zi, e cila n\u00eb shum\u00eb segmente, sa i p\u00ebrket realizimit dhe","robots":{"index":"index","follow":"follow","max-snippet":"max-snippet:-1","max-image-preview":"max-image-preview:large","max-video-preview":"max-video-preview:-1"},"canonical":"https:\/\/www.visit-ulcinj.com\/blog\/2012\/07\/18\/bardhi-ftese-subjekteve-politike-shqiptare\/","og_locale":"en_US","og_type":"article","og_title":"Bardhi: Ftes\u00eb subjekteve politike shqiptare - Lajme nga Ulqini","og_description":"Ft e s \u00eb Subjekteve politike shqiptare Nisur nga situata aktuale politike, sot n\u00eb Malin e Zi, e cila n\u00eb shum\u00eb segmente, sa i p\u00ebrket realizimit dhe","og_url":"https:\/\/www.visit-ulcinj.com\/blog\/2012\/07\/18\/bardhi-ftese-subjekteve-politike-shqiptare\/","og_site_name":"Lajme nga Ulqini","article_published_time":"2012-07-18T18:39:07+00:00","article_modified_time":"2012-07-18T18:44:02+00:00","og_image":[{"url":"http:\/\/www.visit-ulcinj.com\/blog\/wp-content\/uploads\/2012\/07\/MEHMET-BARDHI.jpg"}],"twitter_misc":{"Written by":"ulqini","Est. reading time":"2 minutes"},"schema":{"@context":"https:\/\/schema.org","@graph":[{"@type":"WebSite","@id":"https:\/\/www.visit-ulcinj.com\/blog\/#website","url":"https:\/\/www.visit-ulcinj.com\/blog\/","name":"Lajme nga Ulqini","description":"Lajme,Vijesti,Ulqini,Ulqin,Crna Gora,Mali i Zi","potentialAction":[{"@type":"SearchAction","target":{"@type":"EntryPoint","urlTemplate":"https:\/\/www.visit-ulcinj.com\/blog\/?s={search_term_string}"},"query-input":"required name=search_term_string"}],"inLanguage":"en-US"},{"@type":"ImageObject","inLanguage":"en-US","@id":"https:\/\/www.visit-ulcinj.com\/blog\/2012\/07\/18\/bardhi-ftese-subjekteve-politike-shqiptare\/#primaryimage","url":"https:\/\/www.visit-ulcinj.com\/blog\/wp-content\/uploads\/2012\/07\/MEHMET-BARDHI.jpg","contentUrl":"https:\/\/www.visit-ulcinj.com\/blog\/wp-content\/uploads\/2012\/07\/MEHMET-BARDHI.jpg","width":"901","height":"602"},{"@type":"WebPage","@id":"https:\/\/www.visit-ulcinj.com\/blog\/2012\/07\/18\/bardhi-ftese-subjekteve-politike-shqiptare\/#webpage","url":"https:\/\/www.visit-ulcinj.com\/blog\/2012\/07\/18\/bardhi-ftese-subjekteve-politike-shqiptare\/","name":"Bardhi: Ftes\u00eb subjekteve politike shqiptare - Lajme nga Ulqini","isPartOf":{"@id":"https:\/\/www.visit-ulcinj.com\/blog\/#website"},"primaryImageOfPage":{"@id":"https:\/\/www.visit-ulcinj.com\/blog\/2012\/07\/18\/bardhi-ftese-subjekteve-politike-shqiptare\/#primaryimage"},"datePublished":"2012-07-18T18:39:07+00:00","dateModified":"2012-07-18T18:44:02+00:00","author":{"@id":"https:\/\/www.visit-ulcinj.com\/blog\/#\/schema\/person\/dcab619c614d3038751c63bc2aadc06d"},"description":"Ft e s \u00eb Subjekteve politike shqiptare Nisur nga situata aktuale politike, sot n\u00eb Malin e Zi, e cila n\u00eb shum\u00eb segmente, sa i p\u00ebrket realizimit dhe","breadcrumb":{"@id":"https:\/\/www.visit-ulcinj.com\/blog\/2012\/07\/18\/bardhi-ftese-subjekteve-politike-shqiptare\/#breadcrumb"},"inLanguage":"en-US","potentialAction":[{"@type":"ReadAction","target":["https:\/\/www.visit-ulcinj.com\/blog\/2012\/07\/18\/bardhi-ftese-subjekteve-politike-shqiptare\/"]}]},{"@type":"BreadcrumbList","@id":"https:\/\/www.visit-ulcinj.com\/blog\/2012\/07\/18\/bardhi-ftese-subjekteve-politike-shqiptare\/#breadcrumb","itemListElement":[{"@type":"ListItem","position":1,"name":"Bardhi: Ftes\u00eb subjekteve politike shqiptare"}]},{"@type":"Person","@id":"https:\/\/www.visit-ulcinj.com\/blog\/#\/schema\/person\/dcab619c614d3038751c63bc2aadc06d","name":"ulqini","sameAs":["http:\/\/www.visit-ulcinj.com"],"url":"https:\/\/www.visit-ulcinj.com\/blog\/author\/admin\/"}]}},"jetpack_featured_media_url":"","jetpack_sharing_enabled":true,"jetpack_shortlink":"https:\/\/wp.me\/pe6lTn-gca","_links":{"self":[{"href":"https:\/\/www.visit-ulcinj.com\/blog\/wp-json\/wp\/v2\/posts\/62258"}],"collection":[{"href":"https:\/\/www.visit-ulcinj.com\/blog\/wp-json\/wp\/v2\/posts"}],"about":[{"href":"https:\/\/www.visit-ulcinj.com\/blog\/wp-json\/wp\/v2\/types\/post"}],"author":[{"embeddable":true,"href":"https:\/\/www.visit-ulcinj.com\/blog\/wp-json\/wp\/v2\/users\/1"}],"replies":[{"embeddable":true,"href":"https:\/\/www.visit-ulcinj.com\/blog\/wp-json\/wp\/v2\/comments?post=62258"}],"version-history":[{"count":2,"href":"https:\/\/www.visit-ulcinj.com\/blog\/wp-json\/wp\/v2\/posts\/62258\/revisions"}],"predecessor-version":[{"id":62261,"href":"https:\/\/www.visit-ulcinj.com\/blog\/wp-json\/wp\/v2\/posts\/62258\/revisions\/62261"}],"wp:attachment":[{"href":"https:\/\/www.visit-ulcinj.com\/blog\/wp-json\/wp\/v2\/media?parent=62258"}],"wp:term":[{"taxonomy":"category","embeddable":true,"href":"https:\/\/www.visit-ulcinj.com\/blog\/wp-json\/wp\/v2\/categories?post=62258"},{"taxonomy":"post_tag","embeddable":true,"href":"https:\/\/www.visit-ulcinj.com\/blog\/wp-json\/wp\/v2\/tags?post=62258"}],"curies":[{"name":"wp","href":"https:\/\/api.w.org\/{rel}","templated":true}]}}