{"id":62268,"date":"2012-07-22T10:42:32","date_gmt":"2012-07-22T09:42:32","guid":{"rendered":"http:\/\/www.visit-ulcinj.com\/blog\/?p=62268"},"modified":"2012-07-22T10:45:57","modified_gmt":"2012-07-22T09:45:57","slug":"legenda-o-zenskoj-plazi","status":"publish","type":"post","link":"https:\/\/www.visit-ulcinj.com\/blog\/2012\/07\/22\/legenda-o-zenskoj-plazi\/","title":{"rendered":"Legenda o \u017denskoj pla\u017ei"},"content":{"rendered":"<p><strong><a href=\"http:\/\/www.visit-ulcinj.com\/blog\/wp-content\/uploads\/2012\/07\/Zenska-Plaza-Ulcinj.jpg\"><img loading=\"lazy\" class=\"alignleft  wp-image-62269\" title=\"Zenska Plaza Ulcinj\" src=\"http:\/\/www.visit-ulcinj.com\/blog\/wp-content\/uploads\/2012\/07\/Zenska-Plaza-Ulcinj.jpg\" alt=\"\" width=\"508\" height=\"360\" \/><\/a>Za <\/strong>ovu legendu pisano je puno . Svako ko je \u010duo bilo koju pri\u010du vezanu za\u00a0 \u00bb<strong>\u017densku pla\u017eu<\/strong> \u00bb\u00a0 davao je svoju verziju nastanka\u00a0 ove jedinstvene pri\u010de o sumpornoj vodi i o njenom djelotvornom dejstvu . Naravno , pri\u010de su uvijek bile i ostale \u00a0aktuelne, \u00a0posebno kod onih dama, koje nijesu mogle da zatrudne i\u00a0 koje su zadnju nadu tra\u017eili, a i danas u 21 vijeku tra\u017ee, upravo u tim vodama, ..I ja sam kao dijete slu\u0161ao pri\u010de o tome, i \u010desto smo kao djeca\u00a0 i i\u0161li da do tih izvora. Pili smo vodu i prali o\u010di, kako bi navodno od njenog dejstva bolje vidjeli. Dok\u00a0 tamo dole me\u0111u stijenama \u00a0nalazila se \u00a0skrivena pla\u017ea, \u00a0koju smo mi \u00a0nazivali i \u00a0<strong>\u00bbNajlon pla\u017ea\u00abNaime \u017eene su se na toj pla\u017ei uvijek kupale bez tekstila i mu\u0161karcima je bili zabranjeno da ulaze u nju.<br \/>\n<a href=\"http:\/\/www.visit-ulcinj.com\/blog\/wp-content\/uploads\/2012\/07\/Zenska-Plaza-Ulcinj.5.jpg\"><img loading=\"lazy\" class=\"alignleft  wp-image-62270\" title=\"Zenska Plaza Ulcinj.5\" src=\"http:\/\/www.visit-ulcinj.com\/blog\/wp-content\/uploads\/2012\/07\/Zenska-Plaza-Ulcinj.5.jpg\" alt=\"\" width=\"508\" height=\"300\" srcset=\"https:\/\/www.visit-ulcinj.com\/blog\/wp-content\/uploads\/2012\/07\/Zenska-Plaza-Ulcinj.5.jpg 700w, https:\/\/www.visit-ulcinj.com\/blog\/wp-content\/uploads\/2012\/07\/Zenska-Plaza-Ulcinj.5-300x176.jpg 300w\" sizes=\"(max-width: 508px) 100vw, 508px\" \/><\/a><br \/>\n<\/strong><\/p>\n<p><strong>\u00a0\u00a0\u00a0\u00a0\u00a0\u00a0\u00a0\u00a0\u00a0 \u00a0Kasnije, <\/strong>kada \u00a0sam po\u010deo i sam istra\u017eivati,\u00a0 otkrio sam na osnovu pri\u010da i raznih pisanih dokumenata da je\u00a0 ova \u00a0prava verzija nastanka \u00bbfame \u00bb o \u017eenskoj pla\u017ei, \u00a0i \u00a0o njenom izvoru sumporne vode, koji je vjekovima bila nada mnogim \u017eenama nerotkinjama. ..I danas u 21 vijeku \u00a0se mnoge \u017eene nerotkinje bave \u00a0istim ritualom, ritualom \u00a0koji se vjekovima ponavlja\u00a0 na\u00a0 \u00bb\u017denskoj\u00a0 pla\u017ei\u00ab u nadi da \u0107e\u00a0 zatrudnijeti, bez obzira na obrazovanje, vjeru i naciju&#8230;<\/p>\n<p>Prava pri\u010da je nastala u vrijeme Otomanske imperije, koja je na ovim prostorima donijela Islam i vladala vi\u0161e od\u00a0 3oo godina. U vrijeme ekspanzije gusarstva, \u00a0koji su ina\u010de i \u00a0bili stimulisani od strane Otomanske imperije, kako bi ometali trgovinu sa Dubrova\u010dkom i Venecijanskom Republikom. U to vrijeme \u00a0de\u0161ava se i na\u0161a pri\u010da. Na osnovu izvora Otomanske imperije radi se o mladom mornaru <strong>Ali Uru\u010diju<\/strong> iz Ulcinja koji je kasnije \u00a0svojim podvizima na moru u gusarenju,\u00a0 stekao slavu i veliko bogatstvo. On je postao veoma poznat, i pri\u010de o njemu sam i ja slu\u0161ao od mojeg oca <strong>Hasana Karamanage<\/strong>, koji je je sam kao mlad mornar\u00a0 plovio na brodovima jedrenjacima\u00a0 sa po tri katarke,\u00a0 po vodama po kojima je i Ali Uru\u010di mnogo ranije plovio. Posebno je pri\u010dao o jednoj pe\u0107ini \u00a0zvanoj <strong>Onurfe blizu Valone na jugu Albanije<\/strong>, gdje je Ali Uru\u010di krio svog prijatelja <strong>Ha\u017edi- beg \u00a0Aliju <\/strong>i kojeg nije htio da preda Porti. Porti se bio zamjerio zbog osamostaljivanja i neposlu\u0161nosti. Zbog toga je\u00a0 velika vojska Sultana krenula\u00a0 i uspjela \u00a0da ga uhvati, \u00a0i kasnije pogubi\u00a0 na tvr\u0111avi u Skadru. Me\u0111utim \u00a0u narodu \u00a0je ostala pjesma koja je veli\u010dala vjernost Ali Uru\u010dija prema prijatelju, kojeg nije htio izdati. \u00a0Ka\u017eu da je na jugu Albanije blizu Valone \u00a0pe\u0107ina Onurfe\u00a0 bila crvena od krvi, a i danas kada pro\u0111ete brodom blizu tih voda, voda ima tamniju boju..Ka\u017eu da je Ali Uru\u010di ostao sinonim vjernosti\u00a0 prema prijatelju i zato ga je narod i opjevao..Njegov glas, ka\u017ee pjesma \u00a0je odjekivao pe\u0107inom, kada je Ha\u017edi Begu poru\u010dio da ne brine, jer ga on ne\u0107e izdati..\u00a0 Nakon njegovog pogubljenja, narod ga je opjevao i ovjekovje\u010dio slavom u pjesmi u kojoj pjeva i veli\u010da njegovu hrabrost i vjernost prema prijatelju.. \u00a0\u00a0\u00a0Ali Uru\u010di, je \u00a0ostao\u00a0 sinonim\u00a0 juna\u0161tva \u00a0me\u0111u drevnim zidinama Starog grada Ulcinja&#8230;Njegovi daleki \u00a0preci i danas \u017eive u Ulcinju&#8230;<br \/>\n<a href=\"http:\/\/www.visit-ulcinj.com\/blog\/wp-content\/uploads\/2012\/07\/Zenska-Plaza-Ulcinj.6.jpg\"><img loading=\"lazy\" class=\"alignleft  wp-image-62271\" title=\"Zenska Plaza Ulcinj.6\" src=\"http:\/\/www.visit-ulcinj.com\/blog\/wp-content\/uploads\/2012\/07\/Zenska-Plaza-Ulcinj.6.jpg\" alt=\"\" width=\"508\" height=\"300\" \/><\/a><\/p>\n<p>Ali fokus mog interesovanja\u00a0 jeste doga\u0111aj, \u00a0koji govori o \u00a0velikoj ljubavi Ali Uru\u010dija prema svojoj \u017eeni <strong>Sultaneti<\/strong>. Ovaj doga\u0111aj,\u00a0 i ova ljubav su\u00a0 mnogo godina kasnije pre\u0161li \u00a0u legendu o kojoj se i danas pri\u010da i govori,\u00a0 jer upravo je ta legenda \u00a0stvorila famu o \u00bb\u017denskoj pla\u017ei\u00ab.<\/p>\n<p>Pri\u010da o velikoj ljubavi Ali Uru\u010dija prema savojoj \u017eeni Sultaneti je kasnije prerasla od\u00a0 legende\u00a0 i u realnost jer i\u00a0 \u00a0danas golica ma\u0161tu mnogih, posebno onih pravih ljubavi. Ritual koji se i danas odigrava na tom famoznom mjestu me\u0111u stoletnim stablima u\u00a0 blizini hotela\u00abAlbatros\u00ab je istovjetan i nepromijenjen jo\u0161 iz vremena Ali Uru\u010dija. Legenda o neustra\u0161ivom gusaru je danas dio na\u0161eg folklora, ali i\u00a0 doga\u0111aj i ritual koji se i danas vrlo \u010desto odigrava na mjestu gdje se nalazi taj \u010duveni izvor na\u00a0 \u00bb\u017denskoj pla\u017ei\u00ab. Mnoge nerotkinje i danas u 21 vijeku izvode taj ritual u nadi da \u0107e im \u00a0se ipak sre\u0107a osmjehnuti i da \u0107e zatrudnijeti. Ubije\u0111enje i vjera u tu mogu\u0107nost daje nadu, koja ponekad postaje i realnost. Uostalom sun\u010danje i kupanje u toj ljekovitoj vodi ne mo\u017ee na\u0161koditi, dok sugestija da vam mo\u017ee pomo\u0107i podgrejava va\u0161u nadu, da \u0107e se \u010dudo ipak dogoditi. A \u010duda se ponekad i de\u0161avaju, upravo onako kao u pri\u010di o Aliji i Sultaneti.<\/p>\n<p><strong>\u00a0\u00a0\u00a0\u00a0\u00a0\u00a0\u00a0\u00a0\u00a0\u00a0\u00a0\u00a0 <\/strong><strong>Gusar Alija<\/strong> je, \u00a0ka\u017eu obo\u017eavao svoju \u017eenu Sultanetu. Uvijek kada se vra\u0107ao sa mora obasipao\u00a0\u00a0 je\u00a0\u00a0 Sultanetu poklonima,\u00a0 mole\u0107i Boga da mu podari nasljednika. Ali \u017eena nije mogla da rodi , i\u00a0 hrabri gusar Alija je morao da je ostavi, kako bi o\u017eenio neku drugu sa kojom bi imao naslednika.\u00a0 Tako su ga i bliski prijatelji savjetovali, ali pomisao da \u0107e\u00a0 Sultaneta pripasti nekom drugom dovodila ga je do ludila i zato je odlu\u010dio da je ubije. Ta \u010dinjenica je rastu\u017eila \u010ditavu familiju, posebno njegovu majku koja je mnogo volela svoju snahu. Njegova majka je na sve na\u010dine poku\u0161avala da je spasi , jer je znala da Alija \u0107e morati ispuniti obe\u0107anje da \u0107e je ubiti, \u00a0kada se vrati . I tako, \u00a0jedne no\u0107i u snu joj do\u0111e glas koji joj dade savjet \u0161ta da uradi .<\/p>\n<p><a href=\"http:\/\/www.visit-ulcinj.com\/blog\/wp-content\/uploads\/2012\/07\/Zenska-Plaza-Ulcinj.4.jpg\"><img loading=\"lazy\" class=\"alignleft  wp-image-62274\" title=\"Zenska Plaza Ulcinj.4\" src=\"http:\/\/www.visit-ulcinj.com\/blog\/wp-content\/uploads\/2012\/07\/Zenska-Plaza-Ulcinj.4.jpg\" alt=\"\" width=\"508\" height=\"300\" \/><\/a><\/p>\n<p><strong>Prema legendi svekrva<\/strong> je jednog jutra izvela sa zidina Starog grada svoju snahu Sultanetu i odvela je do izvora sumporne vode u Borovoj \u0161umi. Potom ju je natjerala da u\u0111e u vodi prije izlaska Sunca , gdje je tri puta morala da se okrene oko jednog kamena. Tako je taj ritual ponovila tri\u00a0 sedmice, onako kako ju je glas koji je te no\u0107i u snu \u010dula\u00a0\u00a0 savjetovao. Nakon toga je Sultaneta morala, \u00a0da na toj stijeni ostavi dio odje\u0107e svoga Alije i isto tako morala je da jede i malo bijelog luka. I danas se sli\u010dan ritual do u tan\u010dina istovjetno izvodi. Nakon toga je <strong>Sultaneta \u00a0je zatrudnijela<\/strong> \u00a0i slavnom gusaru Aliji podarila nasljednika. Kada se Alija vratio sa mora i saznao radosnu vijest, ka\u017eu da se toliko obradovao da je \u010ditav grad slavio danima. Bila je to gozba kakva\u00a0 se nije \u00a0\u00a0pamtila.<br \/>\n<a href=\"http:\/\/www.visit-ulcinj.com\/blog\/wp-content\/uploads\/2012\/07\/Zenska-Plaza-Ulcinj.2.jpg\"><img loading=\"lazy\" class=\"alignleft  wp-image-62275\" title=\"Zenska Plaza Ulcinj.2\" src=\"http:\/\/www.visit-ulcinj.com\/blog\/wp-content\/uploads\/2012\/07\/Zenska-Plaza-Ulcinj.2.jpg\" alt=\"\" width=\"508\" height=\"300\" \/><\/a><\/p>\n<p><strong>\u00a0\u00a0\u00a0\u00a0\u00a0\u00a0\u00a0\u00a0\u00a0\u00a0\u00a0\u00a0\u00a0\u00a0\u00a0\u00a0\u00a0\u00a0 I danas u 21 vijeku<\/strong> se \u010desto ujutro rano mogu se \u00a0vidjeti mlade \u017eene koje u dru\u0161tvu starijih dama silaze do izvori\u0161ta sumporne vode na \u00bb\u017denskoj pla\u017ei\u00ab i izvode isti ritual. Starija dama koja vodi mla\u0111u koja ne mo\u017ee da ima poroda , <strong>mora imati dobru ruku,<\/strong> ka\u017ee na\u0161 narod, dok mlada mora vjerovati da \u0107e se ipak \u010dudo dogoditi. De\u0161avalo se, da su \u00a0se mnoge \u017eene nakon kupanja \u00a0u tim vodama, i \u00a0nakon izvo\u0111enja \u00a0tog rituala druga\u010dije osje\u0107alae. <strong>Neke su i zatrudnijele<\/strong>. U svakom slu\u010daju, one koje medicina prepoznaje kao nerotkinje dolaze na \u00bb\u017densku pla\u017eu\u00ab i tra\u017ee lijek u tim ljekovitim vodama. Mnoge su i postale sretne majke. Dali se \u010dudo dogodilo upravo na \u00bb\u017denskoj pla\u017ei\u00ab te\u0161ko je re\u0107i, ali de\u0161avalo se da \u017eene zatrudne upravo nakon izvo\u0111enja tog rituala, i \u00a0naravno sugestije da \u0107e se to \u00a0ipak dogoditi.<\/p>\n<p>U svakom slu\u010daju, vrijedi poku\u0161ati i vjerovati u Legendu o gusaru\u00a0 Aliji i Sultaneti, \u00a0i o \u00a0njihovoj velikoj ljubavi. U vrijeme zlatnog vremena na\u0161eg turizma,\u00a0 do devedesetih godina pro\u0161log vijeka, sumporna voda\u00a0 na \u00bb\u017denskoj pla\u017ei\u00ab me\u0111u stoletnim borovima\u00a0 u blizini hotela\u00abAlbatros\u00ab bila je zacrtana na svim turisti\u010dkim prospektima. Bila je magnet i atrakcija za strance, ali i za one koji su\u00a0 u njena \u010dudotvorna dejstva i vjerovala. \u017dene i danas masovno posje\u0107uju \u00bb<strong>\u017densku pla\u017eu\u00ab<\/strong> i ona je od jutarnji sati pa do zalaska Sunca uvijek puna \u017eena koje se sun\u010daju u ti\u0161ini i miru, dok poneka kre\u0107e prema kamenu izvode\u0107i ritual i nadaju\u0107i se \u010dudu i materinstvu.\u00a0 \u017dene koje nikad ne gube nadu , tra\u017ee je i tu, \u00a0jer \u00a0nada uvijek ona postoji.<\/p>\n<p>&nbsp;<\/p>\n<p>UlcinJ, 2006\u00a0\u00a0\u00a0\u00a0\u00a0\u00a0\u00a0\u00a0\u00a0\u00a0\u00a0\u00a0\u00a0\u00a0\u00a0\u00a0\u00a0\u00a0\u00a0\u00a0\u00a0\u00a0\u00a0\u00a0\u00a0\u00a0\u00a0\u00a0\u00a0\u00a0\u00a0\u00a0\u00a0\u00a0\u00a0\u00a0\u00a0\u00a0\u00a0\u00a0\u00a0\u00a0\u00a0\u00a0\u00a0\u00a0\u00a0\u00a0\u00a0\u00a0\u00a0\u00a0\u00a0\u00a0\u00a0\u00a0\u00a0\u00a0\u00a0\u00a0\u00a0\u00a0\u00a0\u00a0\u00a0\u00a0\u00a0\u00a0\u00a0\u00a0\u00a0\u00a0\u00a0\u00a0\u00a0\u00a0 Ismet KARAMANAGA<\/p>\n","protected":false},"excerpt":{"rendered":"<p>Za ovu legendu pisano je puno . Svako ko je \u010duo bilo koju pri\u010du vezanu za\u00a0 \u00bb\u017densku pla\u017eu \u00bb\u00a0 davao je svoju verziju nastanka\u00a0 ove jedinstvene pri\u010de o sumpornoj vodi i o njenom djelotvornom dejstvu . Naravno , pri\u010de su uvijek bile i ostale \u00a0aktuelne, \u00a0posebno kod onih dama, koje nijesu mogle da zatrudne i\u00a0 [&hellip;]<\/p>\n","protected":false},"author":1,"featured_media":0,"comment_status":"open","ping_status":"closed","sticky":false,"template":"","format":"standard","meta":{"spay_email":"","jetpack_publicize_message":"","jetpack_is_tweetstorm":false,"jetpack_publicize_feature_enabled":true},"categories":[8337],"tags":[5001],"jetpack_publicize_connections":[],"yoast_head":"<!-- This site is optimized with the Yoast SEO plugin v19.1 - https:\/\/yoast.com\/wordpress\/plugins\/seo\/ -->\n<title>Legenda o \u017denskoj pla\u017ei - Lajme nga Ulqini<\/title>\n<meta name=\"description\" content=\"Za ovu legendu pisano je puno . Svako ko je \u010duo bilo koju pri\u010du vezanu za\u00a0 \u00bb\u017densku pla\u017eu \u00bb\u00a0 davao je svoju verziju nastanka\u00a0 ove jedinstvene pri\u010de o\" \/>\n<meta name=\"robots\" content=\"index, follow, max-snippet:-1, max-image-preview:large, max-video-preview:-1\" \/>\n<link rel=\"canonical\" href=\"https:\/\/www.visit-ulcinj.com\/blog\/2012\/07\/22\/legenda-o-zenskoj-plazi\/\" \/>\n<meta property=\"og:locale\" content=\"en_US\" \/>\n<meta property=\"og:type\" content=\"article\" \/>\n<meta property=\"og:title\" content=\"Legenda o \u017denskoj pla\u017ei - Lajme nga Ulqini\" \/>\n<meta property=\"og:description\" content=\"Za ovu legendu pisano je puno . Svako ko je \u010duo bilo koju pri\u010du vezanu za\u00a0 \u00bb\u017densku pla\u017eu \u00bb\u00a0 davao je svoju verziju nastanka\u00a0 ove jedinstvene pri\u010de o\" \/>\n<meta property=\"og:url\" content=\"https:\/\/www.visit-ulcinj.com\/blog\/2012\/07\/22\/legenda-o-zenskoj-plazi\/\" \/>\n<meta property=\"og:site_name\" content=\"Lajme nga Ulqini\" \/>\n<meta property=\"article:published_time\" content=\"2012-07-22T09:42:32+00:00\" \/>\n<meta property=\"article:modified_time\" content=\"2012-07-22T09:45:57+00:00\" \/>\n<meta property=\"og:image\" content=\"http:\/\/www.visit-ulcinj.com\/blog\/wp-content\/uploads\/2012\/07\/Zenska-Plaza-Ulcinj.jpg\" \/>\n<meta name=\"twitter:label1\" content=\"Written by\" \/>\n\t<meta name=\"twitter:data1\" content=\"ulqini\" \/>\n\t<meta name=\"twitter:label2\" content=\"Est. reading time\" \/>\n\t<meta name=\"twitter:data2\" content=\"7 minutes\" \/>\n<script type=\"application\/ld+json\" class=\"yoast-schema-graph\">{\"@context\":\"https:\/\/schema.org\",\"@graph\":[{\"@type\":\"WebSite\",\"@id\":\"https:\/\/www.visit-ulcinj.com\/blog\/#website\",\"url\":\"https:\/\/www.visit-ulcinj.com\/blog\/\",\"name\":\"Lajme nga Ulqini\",\"description\":\"Lajme,Vijesti,Ulqini,Ulqin,Crna Gora,Mali i Zi\",\"potentialAction\":[{\"@type\":\"SearchAction\",\"target\":{\"@type\":\"EntryPoint\",\"urlTemplate\":\"https:\/\/www.visit-ulcinj.com\/blog\/?s={search_term_string}\"},\"query-input\":\"required name=search_term_string\"}],\"inLanguage\":\"en-US\"},{\"@type\":\"ImageObject\",\"inLanguage\":\"en-US\",\"@id\":\"https:\/\/www.visit-ulcinj.com\/blog\/2012\/07\/22\/legenda-o-zenskoj-plazi\/#primaryimage\",\"url\":\"https:\/\/www.visit-ulcinj.com\/blog\/wp-content\/uploads\/2012\/07\/Zenska-Plaza-Ulcinj.jpg\",\"contentUrl\":\"https:\/\/www.visit-ulcinj.com\/blog\/wp-content\/uploads\/2012\/07\/Zenska-Plaza-Ulcinj.jpg\",\"width\":\"720\",\"height\":\"540\"},{\"@type\":\"WebPage\",\"@id\":\"https:\/\/www.visit-ulcinj.com\/blog\/2012\/07\/22\/legenda-o-zenskoj-plazi\/#webpage\",\"url\":\"https:\/\/www.visit-ulcinj.com\/blog\/2012\/07\/22\/legenda-o-zenskoj-plazi\/\",\"name\":\"Legenda o \u017denskoj pla\u017ei - Lajme nga Ulqini\",\"isPartOf\":{\"@id\":\"https:\/\/www.visit-ulcinj.com\/blog\/#website\"},\"primaryImageOfPage\":{\"@id\":\"https:\/\/www.visit-ulcinj.com\/blog\/2012\/07\/22\/legenda-o-zenskoj-plazi\/#primaryimage\"},\"datePublished\":\"2012-07-22T09:42:32+00:00\",\"dateModified\":\"2012-07-22T09:45:57+00:00\",\"author\":{\"@id\":\"https:\/\/www.visit-ulcinj.com\/blog\/#\/schema\/person\/dcab619c614d3038751c63bc2aadc06d\"},\"description\":\"Za ovu legendu pisano je puno . Svako ko je \u010duo bilo koju pri\u010du vezanu za\u00a0 \u00bb\u017densku pla\u017eu \u00bb\u00a0 davao je svoju verziju nastanka\u00a0 ove jedinstvene pri\u010de o\",\"breadcrumb\":{\"@id\":\"https:\/\/www.visit-ulcinj.com\/blog\/2012\/07\/22\/legenda-o-zenskoj-plazi\/#breadcrumb\"},\"inLanguage\":\"en-US\",\"potentialAction\":[{\"@type\":\"ReadAction\",\"target\":[\"https:\/\/www.visit-ulcinj.com\/blog\/2012\/07\/22\/legenda-o-zenskoj-plazi\/\"]}]},{\"@type\":\"BreadcrumbList\",\"@id\":\"https:\/\/www.visit-ulcinj.com\/blog\/2012\/07\/22\/legenda-o-zenskoj-plazi\/#breadcrumb\",\"itemListElement\":[{\"@type\":\"ListItem\",\"position\":1,\"name\":\"Legenda o \u017denskoj pla\u017ei\"}]},{\"@type\":\"Person\",\"@id\":\"https:\/\/www.visit-ulcinj.com\/blog\/#\/schema\/person\/dcab619c614d3038751c63bc2aadc06d\",\"name\":\"ulqini\",\"sameAs\":[\"http:\/\/www.visit-ulcinj.com\"],\"url\":\"https:\/\/www.visit-ulcinj.com\/blog\/author\/admin\/\"}]}<\/script>\n<!-- \/ Yoast SEO plugin. -->","yoast_head_json":{"title":"Legenda o \u017denskoj pla\u017ei - Lajme nga Ulqini","description":"Za ovu legendu pisano je puno . Svako ko je \u010duo bilo koju pri\u010du vezanu za\u00a0 \u00bb\u017densku pla\u017eu \u00bb\u00a0 davao je svoju verziju nastanka\u00a0 ove jedinstvene pri\u010de o","robots":{"index":"index","follow":"follow","max-snippet":"max-snippet:-1","max-image-preview":"max-image-preview:large","max-video-preview":"max-video-preview:-1"},"canonical":"https:\/\/www.visit-ulcinj.com\/blog\/2012\/07\/22\/legenda-o-zenskoj-plazi\/","og_locale":"en_US","og_type":"article","og_title":"Legenda o \u017denskoj pla\u017ei - Lajme nga Ulqini","og_description":"Za ovu legendu pisano je puno . Svako ko je \u010duo bilo koju pri\u010du vezanu za\u00a0 \u00bb\u017densku pla\u017eu \u00bb\u00a0 davao je svoju verziju nastanka\u00a0 ove jedinstvene pri\u010de o","og_url":"https:\/\/www.visit-ulcinj.com\/blog\/2012\/07\/22\/legenda-o-zenskoj-plazi\/","og_site_name":"Lajme nga Ulqini","article_published_time":"2012-07-22T09:42:32+00:00","article_modified_time":"2012-07-22T09:45:57+00:00","og_image":[{"url":"http:\/\/www.visit-ulcinj.com\/blog\/wp-content\/uploads\/2012\/07\/Zenska-Plaza-Ulcinj.jpg"}],"twitter_misc":{"Written by":"ulqini","Est. reading time":"7 minutes"},"schema":{"@context":"https:\/\/schema.org","@graph":[{"@type":"WebSite","@id":"https:\/\/www.visit-ulcinj.com\/blog\/#website","url":"https:\/\/www.visit-ulcinj.com\/blog\/","name":"Lajme nga Ulqini","description":"Lajme,Vijesti,Ulqini,Ulqin,Crna Gora,Mali i Zi","potentialAction":[{"@type":"SearchAction","target":{"@type":"EntryPoint","urlTemplate":"https:\/\/www.visit-ulcinj.com\/blog\/?s={search_term_string}"},"query-input":"required name=search_term_string"}],"inLanguage":"en-US"},{"@type":"ImageObject","inLanguage":"en-US","@id":"https:\/\/www.visit-ulcinj.com\/blog\/2012\/07\/22\/legenda-o-zenskoj-plazi\/#primaryimage","url":"https:\/\/www.visit-ulcinj.com\/blog\/wp-content\/uploads\/2012\/07\/Zenska-Plaza-Ulcinj.jpg","contentUrl":"https:\/\/www.visit-ulcinj.com\/blog\/wp-content\/uploads\/2012\/07\/Zenska-Plaza-Ulcinj.jpg","width":"720","height":"540"},{"@type":"WebPage","@id":"https:\/\/www.visit-ulcinj.com\/blog\/2012\/07\/22\/legenda-o-zenskoj-plazi\/#webpage","url":"https:\/\/www.visit-ulcinj.com\/blog\/2012\/07\/22\/legenda-o-zenskoj-plazi\/","name":"Legenda o \u017denskoj pla\u017ei - Lajme nga Ulqini","isPartOf":{"@id":"https:\/\/www.visit-ulcinj.com\/blog\/#website"},"primaryImageOfPage":{"@id":"https:\/\/www.visit-ulcinj.com\/blog\/2012\/07\/22\/legenda-o-zenskoj-plazi\/#primaryimage"},"datePublished":"2012-07-22T09:42:32+00:00","dateModified":"2012-07-22T09:45:57+00:00","author":{"@id":"https:\/\/www.visit-ulcinj.com\/blog\/#\/schema\/person\/dcab619c614d3038751c63bc2aadc06d"},"description":"Za ovu legendu pisano je puno . Svako ko je \u010duo bilo koju pri\u010du vezanu za\u00a0 \u00bb\u017densku pla\u017eu \u00bb\u00a0 davao je svoju verziju nastanka\u00a0 ove jedinstvene pri\u010de o","breadcrumb":{"@id":"https:\/\/www.visit-ulcinj.com\/blog\/2012\/07\/22\/legenda-o-zenskoj-plazi\/#breadcrumb"},"inLanguage":"en-US","potentialAction":[{"@type":"ReadAction","target":["https:\/\/www.visit-ulcinj.com\/blog\/2012\/07\/22\/legenda-o-zenskoj-plazi\/"]}]},{"@type":"BreadcrumbList","@id":"https:\/\/www.visit-ulcinj.com\/blog\/2012\/07\/22\/legenda-o-zenskoj-plazi\/#breadcrumb","itemListElement":[{"@type":"ListItem","position":1,"name":"Legenda o \u017denskoj pla\u017ei"}]},{"@type":"Person","@id":"https:\/\/www.visit-ulcinj.com\/blog\/#\/schema\/person\/dcab619c614d3038751c63bc2aadc06d","name":"ulqini","sameAs":["http:\/\/www.visit-ulcinj.com"],"url":"https:\/\/www.visit-ulcinj.com\/blog\/author\/admin\/"}]}},"jetpack_featured_media_url":"","jetpack_sharing_enabled":true,"jetpack_shortlink":"https:\/\/wp.me\/pe6lTn-gck","_links":{"self":[{"href":"https:\/\/www.visit-ulcinj.com\/blog\/wp-json\/wp\/v2\/posts\/62268"}],"collection":[{"href":"https:\/\/www.visit-ulcinj.com\/blog\/wp-json\/wp\/v2\/posts"}],"about":[{"href":"https:\/\/www.visit-ulcinj.com\/blog\/wp-json\/wp\/v2\/types\/post"}],"author":[{"embeddable":true,"href":"https:\/\/www.visit-ulcinj.com\/blog\/wp-json\/wp\/v2\/users\/1"}],"replies":[{"embeddable":true,"href":"https:\/\/www.visit-ulcinj.com\/blog\/wp-json\/wp\/v2\/comments?post=62268"}],"version-history":[{"count":3,"href":"https:\/\/www.visit-ulcinj.com\/blog\/wp-json\/wp\/v2\/posts\/62268\/revisions"}],"predecessor-version":[{"id":62273,"href":"https:\/\/www.visit-ulcinj.com\/blog\/wp-json\/wp\/v2\/posts\/62268\/revisions\/62273"}],"wp:attachment":[{"href":"https:\/\/www.visit-ulcinj.com\/blog\/wp-json\/wp\/v2\/media?parent=62268"}],"wp:term":[{"taxonomy":"category","embeddable":true,"href":"https:\/\/www.visit-ulcinj.com\/blog\/wp-json\/wp\/v2\/categories?post=62268"},{"taxonomy":"post_tag","embeddable":true,"href":"https:\/\/www.visit-ulcinj.com\/blog\/wp-json\/wp\/v2\/tags?post=62268"}],"curies":[{"name":"wp","href":"https:\/\/api.w.org\/{rel}","templated":true}]}}