{"id":62277,"date":"2012-07-22T11:09:28","date_gmt":"2012-07-22T10:09:28","guid":{"rendered":"http:\/\/www.visit-ulcinj.com\/blog\/?p=62277"},"modified":"2012-07-22T12:45:59","modified_gmt":"2012-07-22T11:45:59","slug":"gjendet-i-pajete-ne-france-poeti-ali-podrimja","status":"publish","type":"post","link":"https:\/\/www.visit-ulcinj.com\/blog\/2012\/07\/22\/gjendet-i-pajete-ne-france-poeti-ali-podrimja\/","title":{"rendered":"Gjendet i pajet\u00eb n\u00eb Franc\u00eb poeti Ali Podrimja"},"content":{"rendered":"<p><strong><a href=\"http:\/\/www.visit-ulcinj.com\/blog\/wp-content\/uploads\/2012\/07\/in-memeoriam_ali-podrimja.jpg\"><img loading=\"lazy\" class=\"alignleft  wp-image-62278\" title=\"in memeoriam_ali podrimja\" src=\"http:\/\/www.visit-ulcinj.com\/blog\/wp-content\/uploads\/2012\/07\/in-memeoriam_ali-podrimja.jpg\" alt=\"\" width=\"508\" height=\"360\" \/><\/a>PRISHTINE \u2013<\/strong>\u00a0\u00cbsht\u00eb gjetur n\u00eb Franc\u00eb trupi i pajet\u00eb i poetit t\u00eb mir\u00ebnjohur kosovar, Ali Podrimja, i cili konsiderohej i humbur prej 18 korrikut.\u00a0Lajmi \u00ebsht\u00eb\u00a0b\u00ebr\u00eb i ditur\u00a0nga autoritetet franceze, t\u00eb cilat kan\u00eb komunikuar me ministrin e Jasht\u00ebm kosovar Enver Hoxhaj.<\/p>\n<p>Mediat franceze b\u00ebjn\u00eb t\u00eb ditur se trupi i pajet\u00eb i poetit \u00ebsht\u00eb gjetur sot n\u00eb or\u00ebn 14:30, pa shenja dhune, n\u00eb nj\u00eb zon\u00eb malore, 4 kilometra larg qytetit Lodeve, ku zhvillohej festivali i poezis\u00eb.<br \/>\n\u201cOrganizator\u00ebt e festivalit \u201cVoice of the Mediterranean\u201d kan\u00eb th\u00ebn\u00eb p\u00ebrmes nj\u00eb deklarate se policia i ka njoftuar se trupi i poetit Podrimja \u00ebsht\u00eb gjetur n\u00eb nj\u00eb zon\u00eb malore, rreth 4 kilometra nga Lodeve\u201d, raporton portali, KosovaTimes.<\/p>\n<p>Sipas hetimeve paraprake, nuk ka shenja dhune n\u00eb trupin e tij nd\u00ebrsa autopsia do t\u00eb b\u00ebhet n\u00eb fillim t\u00eb jav\u00ebs, p\u00ebr t\u00eb sqaruar rrethanat e vdekjes s\u00eb tij.<\/p>\n<p>Organizator\u00ebt e takimit t\u00eb shkrimtar\u00ebve ishin n\u00eb dijeni p\u00ebr zhdukjen e poetit Podrimja t\u00eb mart\u00ebn n\u00eb mbr\u00ebmje dhe kan\u00eb b\u00ebr\u00eb \u00e7mos p\u00ebr ta gjetur ,si dhe kan\u00eb njoftuar menj\u00ebher\u00eb policin\u00eb, shkruajn\u00eb mediat franceze.<\/p>\n<p>\u201cNj\u00eb nga organizator\u00ebt e festivalit ka arritur t\u00eb kontaktoj\u00eb shkurtimisht n\u00eb telefon shkrimtarin Podrimja, t\u00eb m\u00ebrkur\u00ebn n\u00eb m\u00ebngjes, por komunikimi ka qen\u00eb i v\u00ebshtir\u00eb p\u00ebr shkak se ai nuk ka folur as Anglisht, as Fr\u00ebngjisht\u201d, shkruajn\u00eb agjenci lajmesh n\u00eb Franc\u00eb.<\/p>\n<p>Nd\u00ebrkaq, edhe sipas burimeve t\u00eb \u201cZ\u00ebrit\u201d nga Ambasada e Kosov\u00ebs n\u00eb Franc\u00eb, vdekja e poetit Podrimja ka ardhur nga shkaqe natyrore.<\/p>\n<p><strong><span style=\"text-decoration: underline;\">Jahjaga: Vdekja e poetit Podrimja, humbje p\u00ebr Kosov\u00ebn<\/span><\/strong><br \/>\nPresidentja e Republik\u00ebs s\u00eb Kosov\u00ebs, Atifete Jahjaga i d\u00ebrgoi nj\u00eb telegram ngush\u00ebllimi familjes Podrimja, me rastin e ndarjes nga jeta t\u00eb m\u00eb t\u00eb dashurit t\u00eb tyre, poetit kosovar me p\u00ebrmasa nd\u00ebrkomb\u00ebtare, Ali Podrimja.<br \/>\n\u201cE mor\u00ebm me dhimbje t\u00eb thell\u00eb e trishtim lajmin p\u00ebr ndarjes nga jeta t\u00eb m\u00eb t\u00eb dashurit tuaj, poetit e intelektualit t\u00eb madh, Ali Podrimja\u201d, thuhet n\u00eb telegramin e Presidentes.<br \/>\n\u201cHumbja e Ali Podrimjes nuk \u00ebsht\u00eb humbje vet\u00ebm p\u00ebr familjen, t\u00eb af\u00ebrmit e miqt\u00eb. \u00cbsht\u00eb humbje e madhe p\u00ebr t\u00eb gjith\u00eb qytetar\u00ebt e Kosov\u00ebs, p\u00ebr kultur\u00ebn, p\u00ebr artin, p\u00ebr Kosov\u00ebn n\u00eb p\u00ebrgjith\u00ebsi\u201d- vijon m\u00eb tej presidentja.<\/p>\n<p>\u201cPoeti e intelektuali i madh Ali Podrimja, me fjal\u00ebt dhe veprat e tij, kaloi shum\u00eb her\u00ebt kufijt\u00eb e Kosov\u00ebs dhe u b\u00eb i njohur n\u00eb rrethe shum\u00eb m\u00eb t\u00eb gjera t\u00eb artit dhe t\u00eb kultur\u00ebs duke e ofruar Kosov\u00ebn me bot\u00ebn. Vepra e madhe e Ali Podrimjes do t\u00eb jetoj\u00eb nd\u00ebr mote, duke ruajtur kujtimin p\u00ebr t\u00eb dhe duke sh\u00ebrbyer si frym\u00ebzim e motivim p\u00ebr brezat e rinj t\u00eb poet\u00ebve dhe intelektual\u00ebve t\u00eb Kosov\u00ebs\u201d, thuhet n\u00eb telegramin e Presidentes.<\/p>\n<p><strong><span style=\"text-decoration: underline;\">Tha\u00e7i: Podrimja ka l\u00ebn\u00eb gjurm\u00eb t\u00eb pashlyeshme n\u00eb kultur\u00ebn ton\u00eb<\/span><\/strong><br \/>\nKryeministri i Republik\u00ebs s\u00eb Kosov\u00ebs, Hashim Tha\u00e7i, n\u00eb nj\u00eb telegram ngush\u00ebllimi drejtuar Akademis\u00eb s\u00eb Shkencave dhe Arteve t\u00eb Kosov\u00ebs dhe familjes s\u00eb poetit Ali Podrimja, i cili u gjet i vdekur sot nga policia franceze, shkruan se &#8220;vdekja e poetit Ali Podrimja \u00ebsht\u00eb humbje e madhe p\u00ebr familjen, p\u00ebr kultur\u00ebn komb\u00ebtare dhe Akademin\u00eb e Shkencave dhe Arteve t\u00eb Kosov\u00ebs&#8221;.<\/p>\n<p>Ai vler\u00ebson se &#8220;Ali Podrimja, nj\u00eb talent i rrall\u00eb dhe krijues i vlerave t\u00eb p\u00ebrjetshme artistike, ka l\u00ebn\u00eb gjurm\u00eb t\u00eb thella dhe t\u00eb pashlyeshme n\u00eb kultur\u00ebn ton\u00eb komb\u00ebtare&#8221;.<br \/>\n&#8220;Volumi i krijimtaris\u00eb s\u00eb tij artistike \u00ebsht\u00eb margaritar estetik, letrar dhe eseistik, q\u00eb m\u00eb shum\u00eb se gjysm\u00eb shekulli u ngrit dhe u p\u00ebrpunua vazhdimisht, duke i l\u00ebn\u00eb trash\u00ebgimi t\u00eb pasur shpirt\u00ebrore let\u00ebrsis\u00eb dhe kultur\u00ebs shqiptare&#8221;, thekson Tha\u00e7i.<\/p>\n<p>P\u00ebr kryeministrin Tha\u00e7i &#8220;Ali Podrimja ishte lirik i lindur dhe i realizuar n\u00eb vepr\u00ebn e tij poetike, dhe preku majat e lirik\u00ebs shqipe, duke u b\u00ebr\u00eb edhe vet\u00eb vler\u00eb kulmore&#8221;.<\/p>\n<p><strong><span style=\"text-decoration: underline;\">Hoxhaj: Humbje e jasht\u00ebzakonshme<\/span><\/strong><br \/>\nI tronditur nga kjo humbje e madhe, ministri Hoxhaj, i shpreh ngush\u00ebllimet m\u00eb t\u00eb sinqerta familjes s\u00eb poetit Podrimja, komunitetit t\u00eb poet\u00ebve, shkrimtar\u00ebve e artist\u00ebve si dhe mbar\u00eb popullit t\u00eb Kosov\u00ebs.<\/p>\n<p>\u201cHumbja e poetit Ali Podrimja, \u00ebsht\u00eb nj\u00eb humbje e madhe jo vet\u00ebm p\u00ebr familjen dhe miqt\u00eb e panum\u00ebrt t\u00eb tij, por nj\u00eb humbje e jasht\u00ebzakonshme edhe p\u00ebr kultur\u00ebn dhe artin kosovar, shqiptar e m\u00eb gjer\u00eb. Kujtimi i poetit Ali Podrimja do t\u00eb jet\u00eb gjithnj\u00eb i gjall\u00eb n\u00eb mesin ton\u00eb dhe do t\u00eb sh\u00ebrbej\u00eb si figur\u00eb motivimi p\u00ebr brezat e ardhsh\u00ebm t\u00eb Kosov\u00ebs\u201d, &#8211; thuhet n\u00eb telegramin e ngush\u00ebllimit t\u00eb ministrit Hoxhaj.<\/p>\n<p>Ministria e Pun\u00ebve t\u00eb Jashtme e Kosov\u00ebs fal\u00ebnderon autoritetet e Ministris\u00eb s\u00eb Jashtme dhe asaj t\u00eb Brendshme Franceze, si dhe t\u00eb gjitha institucionet e tjera lokale e qendrore n\u00eb Franc\u00eb p\u00ebr angazhimin maksimal t\u00eb tyre n\u00eb zbardhjen e k\u00ebtij rasti.<\/p>\n<p><strong><span style=\"text-decoration: underline;\">Krasniqi: Puna e tij do t\u00eb sh\u00ebrbej\u00eb si frym\u00ebzim<\/span><\/strong><br \/>\nNd\u00ebrkoh\u00eb ministri i Kultur\u00ebs, Rinis\u00eb dhe Sportit, Memli Krasniqi ngush\u00eblloi familjen Podrimja, komunitetin letrar n\u00eb Kosov\u00eb dhe gjith\u00eb popullin e Kosov\u00ebs.<br \/>\n\u201c\u00cbsht\u00eb v\u00ebrtet\u00eb moment i v\u00ebshtir\u00eb p\u00ebr t\u00eb th\u00ebn\u00eb \u00e7far\u00ebdo fjale p\u00ebr njeriun q\u00eb me krijimtarin\u00eb e tij inspiroi breza t\u00eb ter\u00eb dhe shp\u00ebrndau anek\u00ebnd bot\u00ebs gjith\u00eb pasurin\u00eb dhe elanin e kombit ton\u00eb p\u00ebr let\u00ebrsin\u00eb dhe artin n\u00eb p\u00ebrgjith\u00ebsi. Vdekja e poetit me renome nd\u00ebrkomb\u00ebtare, krenaris\u00eb son\u00eb, Ali Podrimja \u00ebsht\u00eb nj\u00eb humbje e gjith\u00eb kombit shqiptar, e padyshim dhe e gjith\u00eb komunitetit letrat dhe artistik n\u00eb bot\u00eb\u201d.<\/p>\n<p>M\u00eb tej n\u00eb telegramin e ministrit Krasniqi thuhet se krijimtaria e Ali Podrimes dhe gjith\u00eb ajo miq\u00ebsi q\u00eb kishte krijuar p\u00ebr vite me radh\u00eb me njer\u00ebzit e let\u00ebrsis\u00eb dhe artit n\u00eb t\u00ebr\u00eb bot\u00ebn, ndihmuan shum\u00eb q\u00eb Kosova t\u00eb ket\u00eb respektin e merituar n\u00eb bot\u00eb.<\/p>\n<p>\u201cKam pasur nderin q\u00eb e kam njohur dhe ka qen\u00eb gjithmon\u00eb nj\u00eb motivim p\u00ebr mua. Ai do t\u00eb na mungoj\u00eb shum\u00eb. Por poeti yn\u00eb na la shum\u00eb\u00e7ka, nj\u00eb krijimtari t\u00eb t\u00ebr\u00eb, e cila do t\u00eb jet\u00eb nj\u00eb pasuri komb\u00ebtare e jona. Nj\u00eb artist i v\u00ebrtet\u00eb, Aliu do t\u00eb jet\u00eb p\u00ebrher\u00eb n\u00eb kujtimet tona dhe puna e tij do t\u00eb sh\u00ebrbej\u00eb si frym\u00ebzimi m\u00eb i mir\u00eb p\u00ebr f\u00ebmij\u00ebt tan\u00eb, p\u00ebr brezat tjer\u00eb q\u00eb do t\u00eb vijn\u00eb, duke mbjell\u00eb k\u00ebshtu ndjenj\u00ebn e dashuris\u00eb mes njer\u00ebzve\u201d,- thuhet n\u00eb ngush\u00ebllimin e ministrit Krasniqi.<\/p>\n<p><strong>(er.nu\/BalkanWeb)<\/strong><\/p>\n","protected":false},"excerpt":{"rendered":"<p>PRISHTINE \u2013\u00a0\u00cbsht\u00eb gjetur n\u00eb Franc\u00eb trupi i pajet\u00eb i poetit t\u00eb mir\u00ebnjohur kosovar, Ali Podrimja, i cili konsiderohej i humbur prej 18 korrikut.\u00a0Lajmi \u00ebsht\u00eb\u00a0b\u00ebr\u00eb i ditur\u00a0nga autoritetet franceze, t\u00eb cilat kan\u00eb komunikuar me ministrin e Jasht\u00ebm kosovar Enver Hoxhaj. Mediat franceze b\u00ebjn\u00eb t\u00eb ditur se trupi i pajet\u00eb i poetit \u00ebsht\u00eb gjetur sot n\u00eb or\u00ebn [&hellip;]<\/p>\n","protected":false},"author":1,"featured_media":0,"comment_status":"open","ping_status":"closed","sticky":false,"template":"","format":"standard","meta":{"spay_email":"","jetpack_publicize_message":"","jetpack_is_tweetstorm":false,"jetpack_publicize_feature_enabled":true},"categories":[1,12],"tags":[4542],"jetpack_publicize_connections":[],"yoast_head":"<!-- This site is optimized with the Yoast SEO plugin v19.1 - https:\/\/yoast.com\/wordpress\/plugins\/seo\/ -->\n<title>Gjendet i pajet\u00eb n\u00eb Franc\u00eb poeti Ali Podrimja - Lajme nga Ulqini<\/title>\n<meta name=\"description\" content=\"PRISHTINE \u2013\u00a0\u00cbsht\u00eb gjetur n\u00eb Franc\u00eb trupi i pajet\u00eb i poetit t\u00eb mir\u00ebnjohur kosovar, Ali Podrimja, i cili konsiderohej i humbur prej 18 korrikut.\u00a0Lajmi\" \/>\n<meta name=\"robots\" content=\"index, follow, max-snippet:-1, max-image-preview:large, max-video-preview:-1\" \/>\n<link rel=\"canonical\" href=\"https:\/\/www.visit-ulcinj.com\/blog\/2012\/07\/22\/gjendet-i-pajete-ne-france-poeti-ali-podrimja\/\" \/>\n<meta property=\"og:locale\" content=\"en_US\" \/>\n<meta property=\"og:type\" content=\"article\" \/>\n<meta property=\"og:title\" content=\"Gjendet i pajet\u00eb n\u00eb Franc\u00eb poeti Ali Podrimja - Lajme nga Ulqini\" \/>\n<meta property=\"og:description\" content=\"PRISHTINE \u2013\u00a0\u00cbsht\u00eb gjetur n\u00eb Franc\u00eb trupi i pajet\u00eb i poetit t\u00eb mir\u00ebnjohur kosovar, Ali Podrimja, i cili konsiderohej i humbur prej 18 korrikut.\u00a0Lajmi\" \/>\n<meta property=\"og:url\" content=\"https:\/\/www.visit-ulcinj.com\/blog\/2012\/07\/22\/gjendet-i-pajete-ne-france-poeti-ali-podrimja\/\" \/>\n<meta property=\"og:site_name\" content=\"Lajme nga Ulqini\" \/>\n<meta property=\"article:published_time\" content=\"2012-07-22T10:09:28+00:00\" \/>\n<meta property=\"article:modified_time\" content=\"2012-07-22T11:45:59+00:00\" \/>\n<meta property=\"og:image\" content=\"http:\/\/www.visit-ulcinj.com\/blog\/wp-content\/uploads\/2012\/07\/in-memeoriam_ali-podrimja.jpg\" \/>\n<meta name=\"twitter:label1\" content=\"Written by\" \/>\n\t<meta name=\"twitter:data1\" content=\"ulqini\" \/>\n\t<meta name=\"twitter:label2\" content=\"Est. reading time\" \/>\n\t<meta name=\"twitter:data2\" content=\"6 minutes\" \/>\n<script type=\"application\/ld+json\" class=\"yoast-schema-graph\">{\"@context\":\"https:\/\/schema.org\",\"@graph\":[{\"@type\":\"WebSite\",\"@id\":\"https:\/\/www.visit-ulcinj.com\/blog\/#website\",\"url\":\"https:\/\/www.visit-ulcinj.com\/blog\/\",\"name\":\"Lajme nga Ulqini\",\"description\":\"Lajme,Vijesti,Ulqini,Ulqin,Crna Gora,Mali i Zi\",\"potentialAction\":[{\"@type\":\"SearchAction\",\"target\":{\"@type\":\"EntryPoint\",\"urlTemplate\":\"https:\/\/www.visit-ulcinj.com\/blog\/?s={search_term_string}\"},\"query-input\":\"required name=search_term_string\"}],\"inLanguage\":\"en-US\"},{\"@type\":\"ImageObject\",\"inLanguage\":\"en-US\",\"@id\":\"https:\/\/www.visit-ulcinj.com\/blog\/2012\/07\/22\/gjendet-i-pajete-ne-france-poeti-ali-podrimja\/#primaryimage\",\"url\":\"https:\/\/www.visit-ulcinj.com\/blog\/wp-content\/uploads\/2012\/07\/in-memeoriam_ali-podrimja.jpg\",\"contentUrl\":\"https:\/\/www.visit-ulcinj.com\/blog\/wp-content\/uploads\/2012\/07\/in-memeoriam_ali-podrimja.jpg\",\"width\":\"800\",\"height\":\"613\"},{\"@type\":\"WebPage\",\"@id\":\"https:\/\/www.visit-ulcinj.com\/blog\/2012\/07\/22\/gjendet-i-pajete-ne-france-poeti-ali-podrimja\/#webpage\",\"url\":\"https:\/\/www.visit-ulcinj.com\/blog\/2012\/07\/22\/gjendet-i-pajete-ne-france-poeti-ali-podrimja\/\",\"name\":\"Gjendet i pajet\u00eb n\u00eb Franc\u00eb poeti Ali Podrimja - Lajme nga Ulqini\",\"isPartOf\":{\"@id\":\"https:\/\/www.visit-ulcinj.com\/blog\/#website\"},\"primaryImageOfPage\":{\"@id\":\"https:\/\/www.visit-ulcinj.com\/blog\/2012\/07\/22\/gjendet-i-pajete-ne-france-poeti-ali-podrimja\/#primaryimage\"},\"datePublished\":\"2012-07-22T10:09:28+00:00\",\"dateModified\":\"2012-07-22T11:45:59+00:00\",\"author\":{\"@id\":\"https:\/\/www.visit-ulcinj.com\/blog\/#\/schema\/person\/dcab619c614d3038751c63bc2aadc06d\"},\"description\":\"PRISHTINE \u2013\u00a0\u00cbsht\u00eb gjetur n\u00eb Franc\u00eb trupi i pajet\u00eb i poetit t\u00eb mir\u00ebnjohur kosovar, Ali Podrimja, i cili konsiderohej i humbur prej 18 korrikut.\u00a0Lajmi\",\"breadcrumb\":{\"@id\":\"https:\/\/www.visit-ulcinj.com\/blog\/2012\/07\/22\/gjendet-i-pajete-ne-france-poeti-ali-podrimja\/#breadcrumb\"},\"inLanguage\":\"en-US\",\"potentialAction\":[{\"@type\":\"ReadAction\",\"target\":[\"https:\/\/www.visit-ulcinj.com\/blog\/2012\/07\/22\/gjendet-i-pajete-ne-france-poeti-ali-podrimja\/\"]}]},{\"@type\":\"BreadcrumbList\",\"@id\":\"https:\/\/www.visit-ulcinj.com\/blog\/2012\/07\/22\/gjendet-i-pajete-ne-france-poeti-ali-podrimja\/#breadcrumb\",\"itemListElement\":[{\"@type\":\"ListItem\",\"position\":1,\"name\":\"Gjendet i pajet\u00eb n\u00eb Franc\u00eb poeti Ali Podrimja\"}]},{\"@type\":\"Person\",\"@id\":\"https:\/\/www.visit-ulcinj.com\/blog\/#\/schema\/person\/dcab619c614d3038751c63bc2aadc06d\",\"name\":\"ulqini\",\"sameAs\":[\"http:\/\/www.visit-ulcinj.com\"],\"url\":\"https:\/\/www.visit-ulcinj.com\/blog\/author\/admin\/\"}]}<\/script>\n<!-- \/ Yoast SEO plugin. -->","yoast_head_json":{"title":"Gjendet i pajet\u00eb n\u00eb Franc\u00eb poeti Ali Podrimja - Lajme nga Ulqini","description":"PRISHTINE \u2013\u00a0\u00cbsht\u00eb gjetur n\u00eb Franc\u00eb trupi i pajet\u00eb i poetit t\u00eb mir\u00ebnjohur kosovar, Ali Podrimja, i cili konsiderohej i humbur prej 18 korrikut.\u00a0Lajmi","robots":{"index":"index","follow":"follow","max-snippet":"max-snippet:-1","max-image-preview":"max-image-preview:large","max-video-preview":"max-video-preview:-1"},"canonical":"https:\/\/www.visit-ulcinj.com\/blog\/2012\/07\/22\/gjendet-i-pajete-ne-france-poeti-ali-podrimja\/","og_locale":"en_US","og_type":"article","og_title":"Gjendet i pajet\u00eb n\u00eb Franc\u00eb poeti Ali Podrimja - Lajme nga Ulqini","og_description":"PRISHTINE \u2013\u00a0\u00cbsht\u00eb gjetur n\u00eb Franc\u00eb trupi i pajet\u00eb i poetit t\u00eb mir\u00ebnjohur kosovar, Ali Podrimja, i cili konsiderohej i humbur prej 18 korrikut.\u00a0Lajmi","og_url":"https:\/\/www.visit-ulcinj.com\/blog\/2012\/07\/22\/gjendet-i-pajete-ne-france-poeti-ali-podrimja\/","og_site_name":"Lajme nga Ulqini","article_published_time":"2012-07-22T10:09:28+00:00","article_modified_time":"2012-07-22T11:45:59+00:00","og_image":[{"url":"http:\/\/www.visit-ulcinj.com\/blog\/wp-content\/uploads\/2012\/07\/in-memeoriam_ali-podrimja.jpg"}],"twitter_misc":{"Written by":"ulqini","Est. reading time":"6 minutes"},"schema":{"@context":"https:\/\/schema.org","@graph":[{"@type":"WebSite","@id":"https:\/\/www.visit-ulcinj.com\/blog\/#website","url":"https:\/\/www.visit-ulcinj.com\/blog\/","name":"Lajme nga Ulqini","description":"Lajme,Vijesti,Ulqini,Ulqin,Crna Gora,Mali i Zi","potentialAction":[{"@type":"SearchAction","target":{"@type":"EntryPoint","urlTemplate":"https:\/\/www.visit-ulcinj.com\/blog\/?s={search_term_string}"},"query-input":"required name=search_term_string"}],"inLanguage":"en-US"},{"@type":"ImageObject","inLanguage":"en-US","@id":"https:\/\/www.visit-ulcinj.com\/blog\/2012\/07\/22\/gjendet-i-pajete-ne-france-poeti-ali-podrimja\/#primaryimage","url":"https:\/\/www.visit-ulcinj.com\/blog\/wp-content\/uploads\/2012\/07\/in-memeoriam_ali-podrimja.jpg","contentUrl":"https:\/\/www.visit-ulcinj.com\/blog\/wp-content\/uploads\/2012\/07\/in-memeoriam_ali-podrimja.jpg","width":"800","height":"613"},{"@type":"WebPage","@id":"https:\/\/www.visit-ulcinj.com\/blog\/2012\/07\/22\/gjendet-i-pajete-ne-france-poeti-ali-podrimja\/#webpage","url":"https:\/\/www.visit-ulcinj.com\/blog\/2012\/07\/22\/gjendet-i-pajete-ne-france-poeti-ali-podrimja\/","name":"Gjendet i pajet\u00eb n\u00eb Franc\u00eb poeti Ali Podrimja - Lajme nga Ulqini","isPartOf":{"@id":"https:\/\/www.visit-ulcinj.com\/blog\/#website"},"primaryImageOfPage":{"@id":"https:\/\/www.visit-ulcinj.com\/blog\/2012\/07\/22\/gjendet-i-pajete-ne-france-poeti-ali-podrimja\/#primaryimage"},"datePublished":"2012-07-22T10:09:28+00:00","dateModified":"2012-07-22T11:45:59+00:00","author":{"@id":"https:\/\/www.visit-ulcinj.com\/blog\/#\/schema\/person\/dcab619c614d3038751c63bc2aadc06d"},"description":"PRISHTINE \u2013\u00a0\u00cbsht\u00eb gjetur n\u00eb Franc\u00eb trupi i pajet\u00eb i poetit t\u00eb mir\u00ebnjohur kosovar, Ali Podrimja, i cili konsiderohej i humbur prej 18 korrikut.\u00a0Lajmi","breadcrumb":{"@id":"https:\/\/www.visit-ulcinj.com\/blog\/2012\/07\/22\/gjendet-i-pajete-ne-france-poeti-ali-podrimja\/#breadcrumb"},"inLanguage":"en-US","potentialAction":[{"@type":"ReadAction","target":["https:\/\/www.visit-ulcinj.com\/blog\/2012\/07\/22\/gjendet-i-pajete-ne-france-poeti-ali-podrimja\/"]}]},{"@type":"BreadcrumbList","@id":"https:\/\/www.visit-ulcinj.com\/blog\/2012\/07\/22\/gjendet-i-pajete-ne-france-poeti-ali-podrimja\/#breadcrumb","itemListElement":[{"@type":"ListItem","position":1,"name":"Gjendet i pajet\u00eb n\u00eb Franc\u00eb poeti Ali Podrimja"}]},{"@type":"Person","@id":"https:\/\/www.visit-ulcinj.com\/blog\/#\/schema\/person\/dcab619c614d3038751c63bc2aadc06d","name":"ulqini","sameAs":["http:\/\/www.visit-ulcinj.com"],"url":"https:\/\/www.visit-ulcinj.com\/blog\/author\/admin\/"}]}},"jetpack_featured_media_url":"","jetpack_sharing_enabled":true,"jetpack_shortlink":"https:\/\/wp.me\/pe6lTn-gct","_links":{"self":[{"href":"https:\/\/www.visit-ulcinj.com\/blog\/wp-json\/wp\/v2\/posts\/62277"}],"collection":[{"href":"https:\/\/www.visit-ulcinj.com\/blog\/wp-json\/wp\/v2\/posts"}],"about":[{"href":"https:\/\/www.visit-ulcinj.com\/blog\/wp-json\/wp\/v2\/types\/post"}],"author":[{"embeddable":true,"href":"https:\/\/www.visit-ulcinj.com\/blog\/wp-json\/wp\/v2\/users\/1"}],"replies":[{"embeddable":true,"href":"https:\/\/www.visit-ulcinj.com\/blog\/wp-json\/wp\/v2\/comments?post=62277"}],"version-history":[{"count":3,"href":"https:\/\/www.visit-ulcinj.com\/blog\/wp-json\/wp\/v2\/posts\/62277\/revisions"}],"predecessor-version":[{"id":62285,"href":"https:\/\/www.visit-ulcinj.com\/blog\/wp-json\/wp\/v2\/posts\/62277\/revisions\/62285"}],"wp:attachment":[{"href":"https:\/\/www.visit-ulcinj.com\/blog\/wp-json\/wp\/v2\/media?parent=62277"}],"wp:term":[{"taxonomy":"category","embeddable":true,"href":"https:\/\/www.visit-ulcinj.com\/blog\/wp-json\/wp\/v2\/categories?post=62277"},{"taxonomy":"post_tag","embeddable":true,"href":"https:\/\/www.visit-ulcinj.com\/blog\/wp-json\/wp\/v2\/tags?post=62277"}],"curies":[{"name":"wp","href":"https:\/\/api.w.org\/{rel}","templated":true}]}}