{"id":6228,"date":"2008-11-17T09:48:33","date_gmt":"2008-11-17T14:48:33","guid":{"rendered":"http:\/\/www.visit-ulcinj.com\/blog\/?p=6228"},"modified":"2008-11-23T11:57:20","modified_gmt":"2008-11-23T16:57:20","slug":"festivali-iv-i-kenges-per-femije-ne-ulqin","status":"publish","type":"post","link":"https:\/\/www.visit-ulcinj.com\/blog\/2008\/11\/17\/festivali-iv-i-kenges-per-femije-ne-ulqin\/","title":{"rendered":"Festivali IV i K\u00ebng\u00ebs p\u00ebr F\u00ebmij\u00eb n\u00eb Ulqin"},"content":{"rendered":"<p><a href=\"http:\/\/www.visit-ulcinj.com\/blog\/wp-content\/uploads\/2008\/11\/festivali-iv-i-kenges-per-femije-ne-ulqin.jpg\"><img loading=\"lazy\" class=\"alignleft size-medium wp-image-6229\" title=\"festivali-iv-i-kenges-per-femije-ne-ulqin\" src=\"http:\/\/www.visit-ulcinj.com\/blog\/wp-content\/uploads\/2008\/11\/festivali-iv-i-kenges-per-femije-ne-ulqin-300x196.jpg\" alt=\"\" width=\"395\" height=\"258\" srcset=\"https:\/\/www.visit-ulcinj.com\/blog\/wp-content\/uploads\/2008\/11\/festivali-iv-i-kenges-per-femije-ne-ulqin-300x196.jpg 300w, https:\/\/www.visit-ulcinj.com\/blog\/wp-content\/uploads\/2008\/11\/festivali-iv-i-kenges-per-femije-ne-ulqin.jpg 666w\" sizes=\"(max-width: 395px) 100vw, 395px\" \/><\/a><strong>M\u00eb 18-19 dhjetor n\u00eb Ulqin do t\u00eb mbahet Festivali IV i K\u00ebng\u00ebs p\u00ebr F\u00ebmij\u00eb<\/strong><br \/>\nRisi e Festivalit t\u00eb sivjetsh\u00ebm \u00ebsht\u00eb dh\u00ebnia e \u00c7mimit Special &#8220;Fiqri Hasanaga&#8221;, i krijuar p\u00ebr nder t\u00eb k\u00ebtij kompozitori i cili ishte udh\u00ebheq\u00ebs artisitik i tre edicioneve t\u00eb deritashme t\u00eb Festivalit p\u00ebr F\u00ebmij\u00eb e q\u00eb vdiq koh\u00eb m\u00eb par\u00eb, si dhe \u00c7mimi p\u00ebr tekstin m\u00eb t\u00eb mir\u00eb.<br \/>\nUlqin &#8211; Festivali IV i K\u00ebng\u00ebs p\u00ebr F\u00ebmij\u00eb &#8220;Ulqini 2008&#8221; do t\u00eb mbahet n\u00eb Ulqin m\u00eb 18-19 dhjetor 2008. Festivali organizohet nga Qendra e Kultur\u00ebs Ulqin n\u00ebn patronatin e Komun\u00ebs s\u00eb Ulqinit.<br \/>\nSipas drejtorit t\u00eb Qendr\u00ebs s\u00eb Kultur\u00ebs Ulqin, Shaban Gjekaj, konkursi p\u00ebr dor\u00ebzimin e k\u00ebng\u00ebve do t\u00eb q\u00ebndroj\u00eb i hapur deri t\u00eb shtun\u00ebn, m\u00eb 15 n\u00ebntor.<br \/>\n&#8220;Shpresojm\u00eb se n\u00eb Festivalin e sivjetsh\u00ebm do t\u00eb marrin pjes\u00eb solist\u00eb nga Shqip\u00ebria, Kosova si dhe nga Mali i Zi&#8221;, thot\u00eb ai, duke theksuar se ekziston interesim i k\u00ebnaqsh\u00ebm p\u00ebr pjes\u00ebmarrje n\u00eb edicionin e sivjetsh\u00ebm.<br \/>\nPjes\u00ebmarr\u00ebsit n\u00eb Festival duhet t\u00eb plot\u00ebsojn\u00eb kushtet e p\u00ebrcaktuara me konkurs, nd\u00ebrsa p\u00ebrzgjedhja e k\u00ebng\u00ebve do t\u00eb b\u00ebhet nga juria e Festivalit.<br \/>\nRisi e Festivalit t\u00eb sivjetsh\u00ebm \u00ebsht\u00eb dh\u00ebnia e \u00c7mimit Special &#8220;Fiqri Hasanaga&#8221;, i krijuar p\u00ebr nder t\u00eb k\u00ebtij kompozitori i cili ishte udh\u00ebheq\u00ebs artisitik i tre edicioneve t\u00eb deritashme t\u00eb Festivalit p\u00ebr F\u00ebmij\u00eb e q\u00eb vdiq koh\u00eb m\u00eb par\u00eb, si dhe \u00c7mimi p\u00ebr tekstin m\u00eb t\u00eb mir\u00eb.<br \/>\nP\u00ebrve\u00e7 k\u00ebtyre dy \u00e7mimeve, do t\u00eb ndahen edhe \u00e7mime p\u00ebr interpretuesin m\u00eb t\u00eb mir\u00eb dhe p\u00ebr komponimin m\u00eb t\u00eb mir\u00eb.<br \/>\n<strong>I.Kallaba<br \/>\nKoha Javore<\/strong><\/p>\n<!--YouTube Error: bad URL entered-->\n","protected":false},"excerpt":{"rendered":"<p>M\u00eb 18-19 dhjetor n\u00eb Ulqin do t\u00eb mbahet Festivali IV i K\u00ebng\u00ebs p\u00ebr F\u00ebmij\u00eb Risi e Festivalit t\u00eb sivjetsh\u00ebm \u00ebsht\u00eb dh\u00ebnia e \u00c7mimit Special &#8220;Fiqri Hasanaga&#8221;, i krijuar p\u00ebr nder t\u00eb k\u00ebtij kompozitori i cili ishte udh\u00ebheq\u00ebs artisitik i tre edicioneve t\u00eb deritashme t\u00eb Festivalit p\u00ebr F\u00ebmij\u00eb e q\u00eb vdiq koh\u00eb m\u00eb par\u00eb, si dhe [&hellip;]<\/p>\n","protected":false},"author":1,"featured_media":0,"comment_status":"open","ping_status":"closed","sticky":false,"template":"","format":"standard","meta":{"spay_email":"","jetpack_publicize_message":"","jetpack_is_tweetstorm":false,"jetpack_publicize_feature_enabled":true},"categories":[4],"tags":[5071,5070,5069],"jetpack_publicize_connections":[],"yoast_head":"<!-- This site is optimized with the Yoast SEO plugin v19.1 - https:\/\/yoast.com\/wordpress\/plugins\/seo\/ -->\n<title>Festivali IV i K\u00ebng\u00ebs p\u00ebr F\u00ebmij\u00eb n\u00eb Ulqin - Lajme nga Ulqini<\/title>\n<meta name=\"description\" content=\"M\u00eb 18-19 dhjetor n\u00eb Ulqin do t\u00eb mbahet Festivali IV i K\u00ebng\u00ebs p\u00ebr F\u00ebmij\u00eb Risi e Festivalit t\u00eb sivjetsh\u00ebm \u00ebsht\u00eb dh\u00ebnia e \u00c7mimit Special &quot;Fiqri Hasanaga&quot;, i\" \/>\n<meta name=\"robots\" content=\"index, follow, max-snippet:-1, max-image-preview:large, max-video-preview:-1\" \/>\n<link rel=\"canonical\" href=\"https:\/\/www.visit-ulcinj.com\/blog\/2008\/11\/17\/festivali-iv-i-kenges-per-femije-ne-ulqin\/\" \/>\n<meta property=\"og:locale\" content=\"en_US\" \/>\n<meta property=\"og:type\" content=\"article\" \/>\n<meta property=\"og:title\" content=\"Festivali IV i K\u00ebng\u00ebs p\u00ebr F\u00ebmij\u00eb n\u00eb Ulqin - Lajme nga Ulqini\" \/>\n<meta property=\"og:description\" content=\"M\u00eb 18-19 dhjetor n\u00eb Ulqin do t\u00eb mbahet Festivali IV i K\u00ebng\u00ebs p\u00ebr F\u00ebmij\u00eb Risi e Festivalit t\u00eb sivjetsh\u00ebm \u00ebsht\u00eb dh\u00ebnia e \u00c7mimit Special &quot;Fiqri Hasanaga&quot;, i\" \/>\n<meta property=\"og:url\" content=\"https:\/\/www.visit-ulcinj.com\/blog\/2008\/11\/17\/festivali-iv-i-kenges-per-femije-ne-ulqin\/\" \/>\n<meta property=\"og:site_name\" content=\"Lajme nga Ulqini\" \/>\n<meta property=\"article:published_time\" content=\"2008-11-17T14:48:33+00:00\" \/>\n<meta property=\"article:modified_time\" content=\"2008-11-23T16:57:20+00:00\" \/>\n<meta property=\"og:image\" content=\"http:\/\/www.visit-ulcinj.com\/blog\/wp-content\/uploads\/2008\/11\/festivali-iv-i-kenges-per-femije-ne-ulqin-300x196.jpg\" \/>\n<meta name=\"twitter:label1\" content=\"Written by\" \/>\n\t<meta name=\"twitter:data1\" content=\"ulqini\" \/>\n\t<meta name=\"twitter:label2\" content=\"Est. reading time\" \/>\n\t<meta name=\"twitter:data2\" content=\"2 minutes\" \/>\n<script type=\"application\/ld+json\" class=\"yoast-schema-graph\">{\"@context\":\"https:\/\/schema.org\",\"@graph\":[{\"@type\":\"WebSite\",\"@id\":\"https:\/\/www.visit-ulcinj.com\/blog\/#website\",\"url\":\"https:\/\/www.visit-ulcinj.com\/blog\/\",\"name\":\"Lajme nga Ulqini\",\"description\":\"Lajme,Vijesti,Ulqini,Ulqin,Crna Gora,Mali i Zi\",\"potentialAction\":[{\"@type\":\"SearchAction\",\"target\":{\"@type\":\"EntryPoint\",\"urlTemplate\":\"https:\/\/www.visit-ulcinj.com\/blog\/?s={search_term_string}\"},\"query-input\":\"required name=search_term_string\"}],\"inLanguage\":\"en-US\"},{\"@type\":\"ImageObject\",\"inLanguage\":\"en-US\",\"@id\":\"https:\/\/www.visit-ulcinj.com\/blog\/2008\/11\/17\/festivali-iv-i-kenges-per-femije-ne-ulqin\/#primaryimage\",\"url\":\"http:\/\/www.visit-ulcinj.com\/blog\/wp-content\/uploads\/2008\/11\/festivali-iv-i-kenges-per-femije-ne-ulqin-300x196.jpg\",\"contentUrl\":\"http:\/\/www.visit-ulcinj.com\/blog\/wp-content\/uploads\/2008\/11\/festivali-iv-i-kenges-per-femije-ne-ulqin-300x196.jpg\"},{\"@type\":\"WebPage\",\"@id\":\"https:\/\/www.visit-ulcinj.com\/blog\/2008\/11\/17\/festivali-iv-i-kenges-per-femije-ne-ulqin\/#webpage\",\"url\":\"https:\/\/www.visit-ulcinj.com\/blog\/2008\/11\/17\/festivali-iv-i-kenges-per-femije-ne-ulqin\/\",\"name\":\"Festivali IV i K\u00ebng\u00ebs p\u00ebr F\u00ebmij\u00eb n\u00eb Ulqin - Lajme nga Ulqini\",\"isPartOf\":{\"@id\":\"https:\/\/www.visit-ulcinj.com\/blog\/#website\"},\"primaryImageOfPage\":{\"@id\":\"https:\/\/www.visit-ulcinj.com\/blog\/2008\/11\/17\/festivali-iv-i-kenges-per-femije-ne-ulqin\/#primaryimage\"},\"datePublished\":\"2008-11-17T14:48:33+00:00\",\"dateModified\":\"2008-11-23T16:57:20+00:00\",\"author\":{\"@id\":\"https:\/\/www.visit-ulcinj.com\/blog\/#\/schema\/person\/dcab619c614d3038751c63bc2aadc06d\"},\"description\":\"M\u00eb 18-19 dhjetor n\u00eb Ulqin do t\u00eb mbahet Festivali IV i K\u00ebng\u00ebs p\u00ebr F\u00ebmij\u00eb Risi e Festivalit t\u00eb sivjetsh\u00ebm \u00ebsht\u00eb dh\u00ebnia e \u00c7mimit Special \\\"Fiqri Hasanaga\\\", i\",\"breadcrumb\":{\"@id\":\"https:\/\/www.visit-ulcinj.com\/blog\/2008\/11\/17\/festivali-iv-i-kenges-per-femije-ne-ulqin\/#breadcrumb\"},\"inLanguage\":\"en-US\",\"potentialAction\":[{\"@type\":\"ReadAction\",\"target\":[\"https:\/\/www.visit-ulcinj.com\/blog\/2008\/11\/17\/festivali-iv-i-kenges-per-femije-ne-ulqin\/\"]}]},{\"@type\":\"BreadcrumbList\",\"@id\":\"https:\/\/www.visit-ulcinj.com\/blog\/2008\/11\/17\/festivali-iv-i-kenges-per-femije-ne-ulqin\/#breadcrumb\",\"itemListElement\":[{\"@type\":\"ListItem\",\"position\":1,\"name\":\"Festivali IV i K\u00ebng\u00ebs p\u00ebr F\u00ebmij\u00eb n\u00eb Ulqin\"}]},{\"@type\":\"Person\",\"@id\":\"https:\/\/www.visit-ulcinj.com\/blog\/#\/schema\/person\/dcab619c614d3038751c63bc2aadc06d\",\"name\":\"ulqini\",\"sameAs\":[\"http:\/\/www.visit-ulcinj.com\"],\"url\":\"https:\/\/www.visit-ulcinj.com\/blog\/author\/admin\/\"}]}<\/script>\n<!-- \/ Yoast SEO plugin. -->","yoast_head_json":{"title":"Festivali IV i K\u00ebng\u00ebs p\u00ebr F\u00ebmij\u00eb n\u00eb Ulqin - Lajme nga Ulqini","description":"M\u00eb 18-19 dhjetor n\u00eb Ulqin do t\u00eb mbahet Festivali IV i K\u00ebng\u00ebs p\u00ebr F\u00ebmij\u00eb Risi e Festivalit t\u00eb sivjetsh\u00ebm \u00ebsht\u00eb dh\u00ebnia e \u00c7mimit Special \"Fiqri Hasanaga\", i","robots":{"index":"index","follow":"follow","max-snippet":"max-snippet:-1","max-image-preview":"max-image-preview:large","max-video-preview":"max-video-preview:-1"},"canonical":"https:\/\/www.visit-ulcinj.com\/blog\/2008\/11\/17\/festivali-iv-i-kenges-per-femije-ne-ulqin\/","og_locale":"en_US","og_type":"article","og_title":"Festivali IV i K\u00ebng\u00ebs p\u00ebr F\u00ebmij\u00eb n\u00eb Ulqin - Lajme nga Ulqini","og_description":"M\u00eb 18-19 dhjetor n\u00eb Ulqin do t\u00eb mbahet Festivali IV i K\u00ebng\u00ebs p\u00ebr F\u00ebmij\u00eb Risi e Festivalit t\u00eb sivjetsh\u00ebm \u00ebsht\u00eb dh\u00ebnia e \u00c7mimit Special \"Fiqri Hasanaga\", i","og_url":"https:\/\/www.visit-ulcinj.com\/blog\/2008\/11\/17\/festivali-iv-i-kenges-per-femije-ne-ulqin\/","og_site_name":"Lajme nga Ulqini","article_published_time":"2008-11-17T14:48:33+00:00","article_modified_time":"2008-11-23T16:57:20+00:00","og_image":[{"url":"http:\/\/www.visit-ulcinj.com\/blog\/wp-content\/uploads\/2008\/11\/festivali-iv-i-kenges-per-femije-ne-ulqin-300x196.jpg"}],"twitter_misc":{"Written by":"ulqini","Est. reading time":"2 minutes"},"schema":{"@context":"https:\/\/schema.org","@graph":[{"@type":"WebSite","@id":"https:\/\/www.visit-ulcinj.com\/blog\/#website","url":"https:\/\/www.visit-ulcinj.com\/blog\/","name":"Lajme nga Ulqini","description":"Lajme,Vijesti,Ulqini,Ulqin,Crna Gora,Mali i Zi","potentialAction":[{"@type":"SearchAction","target":{"@type":"EntryPoint","urlTemplate":"https:\/\/www.visit-ulcinj.com\/blog\/?s={search_term_string}"},"query-input":"required name=search_term_string"}],"inLanguage":"en-US"},{"@type":"ImageObject","inLanguage":"en-US","@id":"https:\/\/www.visit-ulcinj.com\/blog\/2008\/11\/17\/festivali-iv-i-kenges-per-femije-ne-ulqin\/#primaryimage","url":"http:\/\/www.visit-ulcinj.com\/blog\/wp-content\/uploads\/2008\/11\/festivali-iv-i-kenges-per-femije-ne-ulqin-300x196.jpg","contentUrl":"http:\/\/www.visit-ulcinj.com\/blog\/wp-content\/uploads\/2008\/11\/festivali-iv-i-kenges-per-femije-ne-ulqin-300x196.jpg"},{"@type":"WebPage","@id":"https:\/\/www.visit-ulcinj.com\/blog\/2008\/11\/17\/festivali-iv-i-kenges-per-femije-ne-ulqin\/#webpage","url":"https:\/\/www.visit-ulcinj.com\/blog\/2008\/11\/17\/festivali-iv-i-kenges-per-femije-ne-ulqin\/","name":"Festivali IV i K\u00ebng\u00ebs p\u00ebr F\u00ebmij\u00eb n\u00eb Ulqin - Lajme nga Ulqini","isPartOf":{"@id":"https:\/\/www.visit-ulcinj.com\/blog\/#website"},"primaryImageOfPage":{"@id":"https:\/\/www.visit-ulcinj.com\/blog\/2008\/11\/17\/festivali-iv-i-kenges-per-femije-ne-ulqin\/#primaryimage"},"datePublished":"2008-11-17T14:48:33+00:00","dateModified":"2008-11-23T16:57:20+00:00","author":{"@id":"https:\/\/www.visit-ulcinj.com\/blog\/#\/schema\/person\/dcab619c614d3038751c63bc2aadc06d"},"description":"M\u00eb 18-19 dhjetor n\u00eb Ulqin do t\u00eb mbahet Festivali IV i K\u00ebng\u00ebs p\u00ebr F\u00ebmij\u00eb Risi e Festivalit t\u00eb sivjetsh\u00ebm \u00ebsht\u00eb dh\u00ebnia e \u00c7mimit Special \"Fiqri Hasanaga\", i","breadcrumb":{"@id":"https:\/\/www.visit-ulcinj.com\/blog\/2008\/11\/17\/festivali-iv-i-kenges-per-femije-ne-ulqin\/#breadcrumb"},"inLanguage":"en-US","potentialAction":[{"@type":"ReadAction","target":["https:\/\/www.visit-ulcinj.com\/blog\/2008\/11\/17\/festivali-iv-i-kenges-per-femije-ne-ulqin\/"]}]},{"@type":"BreadcrumbList","@id":"https:\/\/www.visit-ulcinj.com\/blog\/2008\/11\/17\/festivali-iv-i-kenges-per-femije-ne-ulqin\/#breadcrumb","itemListElement":[{"@type":"ListItem","position":1,"name":"Festivali IV i K\u00ebng\u00ebs p\u00ebr F\u00ebmij\u00eb n\u00eb Ulqin"}]},{"@type":"Person","@id":"https:\/\/www.visit-ulcinj.com\/blog\/#\/schema\/person\/dcab619c614d3038751c63bc2aadc06d","name":"ulqini","sameAs":["http:\/\/www.visit-ulcinj.com"],"url":"https:\/\/www.visit-ulcinj.com\/blog\/author\/admin\/"}]}},"jetpack_featured_media_url":"","jetpack_sharing_enabled":true,"jetpack_shortlink":"https:\/\/wp.me\/pe6lTn-1Cs","_links":{"self":[{"href":"https:\/\/www.visit-ulcinj.com\/blog\/wp-json\/wp\/v2\/posts\/6228"}],"collection":[{"href":"https:\/\/www.visit-ulcinj.com\/blog\/wp-json\/wp\/v2\/posts"}],"about":[{"href":"https:\/\/www.visit-ulcinj.com\/blog\/wp-json\/wp\/v2\/types\/post"}],"author":[{"embeddable":true,"href":"https:\/\/www.visit-ulcinj.com\/blog\/wp-json\/wp\/v2\/users\/1"}],"replies":[{"embeddable":true,"href":"https:\/\/www.visit-ulcinj.com\/blog\/wp-json\/wp\/v2\/comments?post=6228"}],"version-history":[{"count":0,"href":"https:\/\/www.visit-ulcinj.com\/blog\/wp-json\/wp\/v2\/posts\/6228\/revisions"}],"wp:attachment":[{"href":"https:\/\/www.visit-ulcinj.com\/blog\/wp-json\/wp\/v2\/media?parent=6228"}],"wp:term":[{"taxonomy":"category","embeddable":true,"href":"https:\/\/www.visit-ulcinj.com\/blog\/wp-json\/wp\/v2\/categories?post=6228"},{"taxonomy":"post_tag","embeddable":true,"href":"https:\/\/www.visit-ulcinj.com\/blog\/wp-json\/wp\/v2\/tags?post=6228"}],"curies":[{"name":"wp","href":"https:\/\/api.w.org\/{rel}","templated":true}]}}