{"id":62290,"date":"2012-07-22T13:09:59","date_gmt":"2012-07-22T12:09:59","guid":{"rendered":"http:\/\/www.visit-ulcinj.com\/blog\/?p=62290"},"modified":"2012-07-22T13:09:59","modified_gmt":"2012-07-22T12:09:59","slug":"diellza-kolgeci-pushon-ne-ulqin","status":"publish","type":"post","link":"https:\/\/www.visit-ulcinj.com\/blog\/2012\/07\/22\/diellza-kolgeci-pushon-ne-ulqin\/","title":{"rendered":"Diellza Kolgeci pushon n\u00eb Ulqin"},"content":{"rendered":"<p><a href=\"http:\/\/www.visit-ulcinj.com\/blog\/wp-content\/uploads\/2012\/07\/Diellza-Kolgeci-pushon-n\u00eb-Ulqin.jpg\"><img loading=\"lazy\" class=\"alignleft  wp-image-62291\" title=\"Diellza Kolgeci pushon n\u00eb Ulqin\" src=\"http:\/\/www.visit-ulcinj.com\/blog\/wp-content\/uploads\/2012\/07\/Diellza-Kolgeci-pushon-n\u00eb-Ulqin.jpg\" alt=\"\" width=\"508\" height=\"367\" \/><\/a>Bukuroshja e ekraneve shqiptare, Diellza Kolgeci, edhe k\u00ebt\u00eb radh\u00eb \u00ebsht\u00eb zhveshur n\u00eb plazhin e Ulqinit p\u00ebr t\u00eb treguar se akoma mban nj\u00eb fizik t\u00eb mrekulluesh\u00ebm. Shtat\u00eblart\u00eb dhe shum\u00eb sensuale, Diellza ka koh\u00eb q\u00eb ka filluar pushimet n\u00eb bregdetin e Malit t\u00eb Zi, pasi atje ajo disponon nj\u00eb vil\u00eb personale, t\u00eb cil\u00ebn e kabler\u00eb para shum\u00eb vitesh.<br \/>\n<a href=\"http:\/\/www.visit-ulcinj.com\/blog\/wp-content\/uploads\/2012\/07\/Diellza-Kolgeci-pushon-n\u00eb-Ulqin.1.jpg\"><img loading=\"lazy\" class=\"alignleft  wp-image-62292\" title=\"Diellza Kolgeci pushon n\u00eb Ulqin.1\" src=\"http:\/\/www.visit-ulcinj.com\/blog\/wp-content\/uploads\/2012\/07\/Diellza-Kolgeci-pushon-n\u00eb-Ulqin.1.jpg\" alt=\"\" width=\"508\" height=\"300\" \/><\/a><\/p>\n<p>\u201dUn\u00eb ver\u00ebn e dua tep\u00ebr, tre muaj shkoj n\u00eb bregdet, ngjyr\u00eb kam marr\u00eb, por un\u00eb dua akoma det, se deri m\u00eb 22 shtator e kemi ver\u00ebn\u201d, tregon bukuroshja Kolgeci, e cila duhet patjet\u00ebr t\u2019i nd\u00ebrpres\u00eb pushimet, pasi projektet e reja presin aktivizimin e saj. \u00cbsht\u00eb p\u00ebrfolur shum\u00eb se do t\u00eb filloj\u00eb xhirimi i pjes\u00ebs s\u00eb dyt\u00eb t\u00eb filmit \u201dDashuria e Bjeshk\u00ebve t\u00eb Nemuna\u201d, ku rolin kryesor e ka pasur vet\u00eb Diellza, nd\u00ebrsa xhirimet e k\u00ebtij filmi nuk kan\u00eb filluar.<\/p>\n<p><a href=\"http:\/\/www.visit-ulcinj.com\/blog\/wp-content\/uploads\/2012\/07\/Diellza-Kolgeci-pushon-n\u00eb-Ulqin.2.jpg\"><img loading=\"lazy\" class=\"alignleft  wp-image-62293\" title=\"Diellza Kolgeci pushon n\u00eb Ulqin.2\" src=\"http:\/\/www.visit-ulcinj.com\/blog\/wp-content\/uploads\/2012\/07\/Diellza-Kolgeci-pushon-n\u00eb-Ulqin.2.jpg\" alt=\"\" width=\"508\" height=\"300\" \/><\/a><\/p>\n<p>\u201dUn\u00eb jam duke pushuar n\u00eb bregdet, por m\u00eb 25 korrik fillojn\u00eb xhirimet e para p\u00ebr filmin, k\u00ebt\u00eb ma tha mbr\u00ebm\u00eb regjisori e p\u00ebr k\u00ebt\u00eb arsye m\u00eb duhet t\u2019i nd\u00ebrpres pushimet e t\u00eb shkoj n\u00eb Rugov\u00eb, vend t\u00eb cilin e dua shum\u00eb. Jan\u00eb vet\u00ebm disa sekuenca q\u00eb do xhirohen atje, e m\u00eb pas mund t\u2019u kthehem p\u00ebrs\u00ebri pushimeve t\u00eb mia verore\u201d, thekson Diellza, e cila si para disa vitesh, do t\u00eb kthehet n\u00eb qend\u00ebr t\u00eb v\u00ebmendjes p\u00ebr shkak t\u00eb tem\u00ebs s\u00eb filmit.<\/p>\n<p>Bota Sot<\/p>\n<p>&nbsp;<\/p>\n","protected":false},"excerpt":{"rendered":"<p>Bukuroshja e ekraneve shqiptare, Diellza Kolgeci, edhe k\u00ebt\u00eb radh\u00eb \u00ebsht\u00eb zhveshur n\u00eb plazhin e Ulqinit p\u00ebr t\u00eb treguar se akoma mban nj\u00eb fizik t\u00eb mrekulluesh\u00ebm. Shtat\u00eblart\u00eb dhe shum\u00eb sensuale, Diellza ka koh\u00eb q\u00eb ka filluar pushimet n\u00eb bregdetin e Malit t\u00eb Zi, pasi atje ajo disponon nj\u00eb vil\u00eb personale, t\u00eb cil\u00ebn e kabler\u00eb para shum\u00eb [&hellip;]<\/p>\n","protected":false},"author":1,"featured_media":0,"comment_status":"open","ping_status":"closed","sticky":false,"template":"","format":"standard","meta":{"spay_email":"","jetpack_publicize_message":"","jetpack_is_tweetstorm":false,"jetpack_publicize_feature_enabled":true},"categories":[6950],"tags":[6002],"jetpack_publicize_connections":[],"yoast_head":"<!-- This site is optimized with the Yoast SEO plugin v19.1 - https:\/\/yoast.com\/wordpress\/plugins\/seo\/ -->\n<title>Diellza Kolgeci pushon n\u00eb Ulqin - Lajme nga Ulqini<\/title>\n<meta name=\"description\" content=\"Bukuroshja e ekraneve shqiptare, Diellza Kolgeci, edhe k\u00ebt\u00eb radh\u00eb \u00ebsht\u00eb zhveshur n\u00eb plazhin e Ulqinit p\u00ebr t\u00eb treguar se akoma mban nj\u00eb fizik t\u00eb\" \/>\n<meta name=\"robots\" content=\"index, follow, max-snippet:-1, max-image-preview:large, max-video-preview:-1\" \/>\n<link rel=\"canonical\" href=\"https:\/\/www.visit-ulcinj.com\/blog\/2012\/07\/22\/diellza-kolgeci-pushon-ne-ulqin\/\" \/>\n<meta property=\"og:locale\" content=\"en_US\" \/>\n<meta property=\"og:type\" content=\"article\" \/>\n<meta property=\"og:title\" content=\"Diellza Kolgeci pushon n\u00eb Ulqin - Lajme nga Ulqini\" \/>\n<meta property=\"og:description\" content=\"Bukuroshja e ekraneve shqiptare, Diellza Kolgeci, edhe k\u00ebt\u00eb radh\u00eb \u00ebsht\u00eb zhveshur n\u00eb plazhin e Ulqinit p\u00ebr t\u00eb treguar se akoma mban nj\u00eb fizik t\u00eb\" \/>\n<meta property=\"og:url\" content=\"https:\/\/www.visit-ulcinj.com\/blog\/2012\/07\/22\/diellza-kolgeci-pushon-ne-ulqin\/\" \/>\n<meta property=\"og:site_name\" content=\"Lajme nga Ulqini\" \/>\n<meta property=\"article:published_time\" content=\"2012-07-22T12:09:59+00:00\" \/>\n<meta name=\"twitter:label1\" content=\"Written by\" \/>\n\t<meta name=\"twitter:data1\" content=\"ulqini\" \/>\n\t<meta name=\"twitter:label2\" content=\"Est. reading time\" \/>\n\t<meta name=\"twitter:data2\" content=\"1 minute\" \/>\n<script type=\"application\/ld+json\" class=\"yoast-schema-graph\">{\"@context\":\"https:\/\/schema.org\",\"@graph\":[{\"@type\":\"WebSite\",\"@id\":\"https:\/\/www.visit-ulcinj.com\/blog\/#website\",\"url\":\"https:\/\/www.visit-ulcinj.com\/blog\/\",\"name\":\"Lajme nga Ulqini\",\"description\":\"Lajme,Vijesti,Ulqini,Ulqin,Crna Gora,Mali i Zi\",\"potentialAction\":[{\"@type\":\"SearchAction\",\"target\":{\"@type\":\"EntryPoint\",\"urlTemplate\":\"https:\/\/www.visit-ulcinj.com\/blog\/?s={search_term_string}\"},\"query-input\":\"required name=search_term_string\"}],\"inLanguage\":\"en-US\"},{\"@type\":\"WebPage\",\"@id\":\"https:\/\/www.visit-ulcinj.com\/blog\/2012\/07\/22\/diellza-kolgeci-pushon-ne-ulqin\/#webpage\",\"url\":\"https:\/\/www.visit-ulcinj.com\/blog\/2012\/07\/22\/diellza-kolgeci-pushon-ne-ulqin\/\",\"name\":\"Diellza Kolgeci pushon n\u00eb Ulqin - Lajme nga Ulqini\",\"isPartOf\":{\"@id\":\"https:\/\/www.visit-ulcinj.com\/blog\/#website\"},\"datePublished\":\"2012-07-22T12:09:59+00:00\",\"dateModified\":\"2012-07-22T12:09:59+00:00\",\"author\":{\"@id\":\"https:\/\/www.visit-ulcinj.com\/blog\/#\/schema\/person\/dcab619c614d3038751c63bc2aadc06d\"},\"description\":\"Bukuroshja e ekraneve shqiptare, Diellza Kolgeci, edhe k\u00ebt\u00eb radh\u00eb \u00ebsht\u00eb zhveshur n\u00eb plazhin e Ulqinit p\u00ebr t\u00eb treguar se akoma mban nj\u00eb fizik t\u00eb\",\"breadcrumb\":{\"@id\":\"https:\/\/www.visit-ulcinj.com\/blog\/2012\/07\/22\/diellza-kolgeci-pushon-ne-ulqin\/#breadcrumb\"},\"inLanguage\":\"en-US\",\"potentialAction\":[{\"@type\":\"ReadAction\",\"target\":[\"https:\/\/www.visit-ulcinj.com\/blog\/2012\/07\/22\/diellza-kolgeci-pushon-ne-ulqin\/\"]}]},{\"@type\":\"BreadcrumbList\",\"@id\":\"https:\/\/www.visit-ulcinj.com\/blog\/2012\/07\/22\/diellza-kolgeci-pushon-ne-ulqin\/#breadcrumb\",\"itemListElement\":[{\"@type\":\"ListItem\",\"position\":1,\"name\":\"Diellza Kolgeci pushon n\u00eb Ulqin\"}]},{\"@type\":\"Person\",\"@id\":\"https:\/\/www.visit-ulcinj.com\/blog\/#\/schema\/person\/dcab619c614d3038751c63bc2aadc06d\",\"name\":\"ulqini\",\"sameAs\":[\"http:\/\/www.visit-ulcinj.com\"],\"url\":\"https:\/\/www.visit-ulcinj.com\/blog\/author\/admin\/\"}]}<\/script>\n<!-- \/ Yoast SEO plugin. -->","yoast_head_json":{"title":"Diellza Kolgeci pushon n\u00eb Ulqin - Lajme nga Ulqini","description":"Bukuroshja e ekraneve shqiptare, Diellza Kolgeci, edhe k\u00ebt\u00eb radh\u00eb \u00ebsht\u00eb zhveshur n\u00eb plazhin e Ulqinit p\u00ebr t\u00eb treguar se akoma mban nj\u00eb fizik t\u00eb","robots":{"index":"index","follow":"follow","max-snippet":"max-snippet:-1","max-image-preview":"max-image-preview:large","max-video-preview":"max-video-preview:-1"},"canonical":"https:\/\/www.visit-ulcinj.com\/blog\/2012\/07\/22\/diellza-kolgeci-pushon-ne-ulqin\/","og_locale":"en_US","og_type":"article","og_title":"Diellza Kolgeci pushon n\u00eb Ulqin - Lajme nga Ulqini","og_description":"Bukuroshja e ekraneve shqiptare, Diellza Kolgeci, edhe k\u00ebt\u00eb radh\u00eb \u00ebsht\u00eb zhveshur n\u00eb plazhin e Ulqinit p\u00ebr t\u00eb treguar se akoma mban nj\u00eb fizik t\u00eb","og_url":"https:\/\/www.visit-ulcinj.com\/blog\/2012\/07\/22\/diellza-kolgeci-pushon-ne-ulqin\/","og_site_name":"Lajme nga Ulqini","article_published_time":"2012-07-22T12:09:59+00:00","twitter_misc":{"Written by":"ulqini","Est. reading time":"1 minute"},"schema":{"@context":"https:\/\/schema.org","@graph":[{"@type":"WebSite","@id":"https:\/\/www.visit-ulcinj.com\/blog\/#website","url":"https:\/\/www.visit-ulcinj.com\/blog\/","name":"Lajme nga Ulqini","description":"Lajme,Vijesti,Ulqini,Ulqin,Crna Gora,Mali i Zi","potentialAction":[{"@type":"SearchAction","target":{"@type":"EntryPoint","urlTemplate":"https:\/\/www.visit-ulcinj.com\/blog\/?s={search_term_string}"},"query-input":"required name=search_term_string"}],"inLanguage":"en-US"},{"@type":"WebPage","@id":"https:\/\/www.visit-ulcinj.com\/blog\/2012\/07\/22\/diellza-kolgeci-pushon-ne-ulqin\/#webpage","url":"https:\/\/www.visit-ulcinj.com\/blog\/2012\/07\/22\/diellza-kolgeci-pushon-ne-ulqin\/","name":"Diellza Kolgeci pushon n\u00eb Ulqin - Lajme nga Ulqini","isPartOf":{"@id":"https:\/\/www.visit-ulcinj.com\/blog\/#website"},"datePublished":"2012-07-22T12:09:59+00:00","dateModified":"2012-07-22T12:09:59+00:00","author":{"@id":"https:\/\/www.visit-ulcinj.com\/blog\/#\/schema\/person\/dcab619c614d3038751c63bc2aadc06d"},"description":"Bukuroshja e ekraneve shqiptare, Diellza Kolgeci, edhe k\u00ebt\u00eb radh\u00eb \u00ebsht\u00eb zhveshur n\u00eb plazhin e Ulqinit p\u00ebr t\u00eb treguar se akoma mban nj\u00eb fizik t\u00eb","breadcrumb":{"@id":"https:\/\/www.visit-ulcinj.com\/blog\/2012\/07\/22\/diellza-kolgeci-pushon-ne-ulqin\/#breadcrumb"},"inLanguage":"en-US","potentialAction":[{"@type":"ReadAction","target":["https:\/\/www.visit-ulcinj.com\/blog\/2012\/07\/22\/diellza-kolgeci-pushon-ne-ulqin\/"]}]},{"@type":"BreadcrumbList","@id":"https:\/\/www.visit-ulcinj.com\/blog\/2012\/07\/22\/diellza-kolgeci-pushon-ne-ulqin\/#breadcrumb","itemListElement":[{"@type":"ListItem","position":1,"name":"Diellza Kolgeci pushon n\u00eb Ulqin"}]},{"@type":"Person","@id":"https:\/\/www.visit-ulcinj.com\/blog\/#\/schema\/person\/dcab619c614d3038751c63bc2aadc06d","name":"ulqini","sameAs":["http:\/\/www.visit-ulcinj.com"],"url":"https:\/\/www.visit-ulcinj.com\/blog\/author\/admin\/"}]}},"jetpack_featured_media_url":"","jetpack_sharing_enabled":true,"jetpack_shortlink":"https:\/\/wp.me\/pe6lTn-gcG","_links":{"self":[{"href":"https:\/\/www.visit-ulcinj.com\/blog\/wp-json\/wp\/v2\/posts\/62290"}],"collection":[{"href":"https:\/\/www.visit-ulcinj.com\/blog\/wp-json\/wp\/v2\/posts"}],"about":[{"href":"https:\/\/www.visit-ulcinj.com\/blog\/wp-json\/wp\/v2\/types\/post"}],"author":[{"embeddable":true,"href":"https:\/\/www.visit-ulcinj.com\/blog\/wp-json\/wp\/v2\/users\/1"}],"replies":[{"embeddable":true,"href":"https:\/\/www.visit-ulcinj.com\/blog\/wp-json\/wp\/v2\/comments?post=62290"}],"version-history":[{"count":1,"href":"https:\/\/www.visit-ulcinj.com\/blog\/wp-json\/wp\/v2\/posts\/62290\/revisions"}],"predecessor-version":[{"id":62294,"href":"https:\/\/www.visit-ulcinj.com\/blog\/wp-json\/wp\/v2\/posts\/62290\/revisions\/62294"}],"wp:attachment":[{"href":"https:\/\/www.visit-ulcinj.com\/blog\/wp-json\/wp\/v2\/media?parent=62290"}],"wp:term":[{"taxonomy":"category","embeddable":true,"href":"https:\/\/www.visit-ulcinj.com\/blog\/wp-json\/wp\/v2\/categories?post=62290"},{"taxonomy":"post_tag","embeddable":true,"href":"https:\/\/www.visit-ulcinj.com\/blog\/wp-json\/wp\/v2\/tags?post=62290"}],"curies":[{"name":"wp","href":"https:\/\/api.w.org\/{rel}","templated":true}]}}