{"id":623,"date":"2008-02-22T14:16:33","date_gmt":"2008-02-22T19:16:33","guid":{"rendered":"http:\/\/www.visit-ulcinj.com\/blog\/2008\/02\/22\/pse-shqipetaret-nuk-festojne-ne-vende-publike\/"},"modified":"2008-02-26T12:00:30","modified_gmt":"2008-02-26T17:00:30","slug":"pse-shqipetaret-nuk-festojne-ne-vende-publike","status":"publish","type":"post","link":"https:\/\/www.visit-ulcinj.com\/blog\/2008\/02\/22\/pse-shqipetaret-nuk-festojne-ne-vende-publike\/","title":{"rendered":"Pse shqip\u00ebtar\u00ebt nuk festojn\u00eb n\u00eb v\u00ebnde publike?!"},"content":{"rendered":"<p><a href=\"http:\/\/www.visit-ulcinj.com\/blog\/2008\/02\/22\/pse-shqipetaret-nuk-festojne-ne-vende-publike\/camaj-ldmz\/\" target=\"_blank\" rel=\"attachment wp-att-624\" title=\"Camaj LDMZ\"><img loading=\"lazy\" src=\"http:\/\/www.visit-ulcinj.com\/blog\/wp-content\/uploads\/2008\/02\/camaj.jpg\" alt=\"Camaj LDMZ\" align=\"left\" height=\"178\" width=\"238\" \/><\/a><em><strong>Pse shqip\u00ebtar\u00ebt nuk festojn\u00eb n\u00eb v\u00ebnde publike?! &#8211; Ishte kjo pyetje e shtruar n\u00eb t\u00eb perditshmen \u201cVijesti\u201d.<\/strong> <\/em><br \/>\nPavar\u00ebsia e Kosov\u00ebs ishte shkak festimi nga t\u00eb gjith\u00eb shqip\u00ebtar\u00ebt dhe pak a shum\u00eb u festua n\u00eb gjith\u00eb bot\u00ebn ku ata edhe gjinden. Mediat shfaqen inserte t\u00eb ndryshme nga Shqip\u00ebria, Maqedonia, Sh.B.A. etj. I vetmi vend i cili mban nj\u00eb numer t\u00eb madh shqip\u00ebtar\u00ebsh dhe nuk festoj publikisht ishte Mali i Zi. Ndoshta kjo ishte rezultat i deklaratave t\u00eb z. Ferhat Dinosha i cili k\u00ebshillonte v\u00ebndbanor\u00ebt shqip\u00ebtar\u00eb t\u00eb festonin br\u00ebnda sht\u00ebpise s\u00eb tyre t\u00eb ju shmangen incidenteve, meq\u00ebnse Mali i Zi \u00ebsht\u00eb multinacional dhe v\u00ebndbanoret (jo-shqiptare) mund t\u00eb ofendohen. Sipas z. Dinosha kjo \u00ebsht\u00eb m\u00ebnyra e vetme p\u00ebr progresimin e relatave multietnike dhe multikulturore n\u00eb Mal t\u00eb Zi.<br \/>\nMegjith\u00ebse paqa dhe mirkuptimi jan\u00eb t\u00eb domosdoshme, komentet paraprake zgjojn\u00eb pyetje t\u00eb shum\u00ebfishta. \u00c7far kuptimi ka festimi br\u00ebnda sht\u00ebpis\u00eb? Valle a u duhet shqip\u00ebtar\u00ebve leja q\u00eb t\u00eb festojn\u00eb? Perse duhet t\u00eb jen\u00eb shqip\u00ebtar\u00ebt t\u00eb turpruar p\u00ebr nj\u00eb festim t\u00eb tille?<br \/>\n\u00c7lirimi i nj\u00eb populli nga rezhimi i ashper \u00ebsht\u00eb shkak festimi jo vetem p\u00ebr shqip\u00ebtar\u00ebt e Malit t\u00eb Zi (Mal\u00ebsor\u00ebt) po edhe fqinj\u00ebt e tyre q\u00eb kan\u00eb ndjenja dhe dinjitet. N\u00eb qoft\u00eb se festimi i shqip\u00ebtar\u00ebve krijon zhurm\u00eb at\u00ebher\u00eb perse lejohen protestat publike??? Protestat i konvenojn\u00eb nj\u00eb pjes\u00eb t\u00eb popullit megjithat\u00eb tjetres jo.<br \/>\nKuptohet se Z.Dinosha nuk deshiron ti shqet\u00ebsoj fqinj\u00ebt, megjithat\u00eb \u00ebsht\u00eb absurde q\u00eb t\u00eb k\u00ebshilloj shqi\u00ebtar\u00ebt t\u00eb mbyllen n\u00eb sht\u00ebpi dhe t\u00eb festojn\u00eb n\u00eb qet\u00ebsi di\u00e7ka q\u00eb ndodh\u00eb nj\u00eb her\u00eb n\u00eb jet\u00eb. Pse? Sipas tij shqip\u00ebtar\u00ebt kan\u00eb gj\u00ebndje shum\u00eb t\u00eb volitshme n\u00eb Mal t\u00eb Zi. At\u00ebher\u00eb pse ka ai m\u00ebndim aq t\u00eb ult\u00eb p\u00ebr vete dhe bashkat\u00ebdhetar\u00ebt e tij? Shqip\u00ebtar\u00ebt nuk jan\u00eb egersira, jan\u00eb njer\u00ebz sikur edhe t\u00eb tjeret. Nj\u00eb festimi t\u00eb till\u00eb duhet ti bashkangjiten edhe fqinj\u00ebt e jo t\u00eb mbyllen n\u00eb sht\u00ebpia sikur t\u00eb kishin ndonj\u00eb s\u00ebmundje ngjit\u00ebse. Denis Perkovi? VIJESTI 21.02.2008<\/p>\n<p><a href=\"http:\/\/www.malesiaforum.com\/showthread.php?p=67327#post67327\" target=\"_blank\">www.malsia.org\/ <\/a><\/p>\n","protected":false},"excerpt":{"rendered":"<p><img loading=\"lazy\" src=\"http:\/\/www.visit-ulcinj.com\/blog\/wp-content\/uploads\/2008\/02\/camaj.jpg\" alt=\"Camaj LDMZ\" align=\"left\" height=\"140\" width=\"140\" \/><\/p>\n","protected":false},"author":1,"featured_media":0,"comment_status":"open","ping_status":"closed","sticky":false,"template":"","format":"standard","meta":{"spay_email":"","jetpack_publicize_message":"","jetpack_is_tweetstorm":false,"jetpack_publicize_feature_enabled":true},"categories":[12],"tags":[89,1868,325,1869,1870,1559,1867,1866,1865,743,354,1388],"jetpack_publicize_connections":[],"yoast_head":"<!-- This site is optimized with the Yoast SEO plugin v19.1 - https:\/\/yoast.com\/wordpress\/plugins\/seo\/ -->\n<title>Pse shqip\u00ebtar\u00ebt nuk festojn\u00eb n\u00eb v\u00ebnde publike?! - Lajme nga Ulqini<\/title>\n<meta name=\"robots\" content=\"index, follow, max-snippet:-1, max-image-preview:large, max-video-preview:-1\" \/>\n<link rel=\"canonical\" href=\"https:\/\/www.visit-ulcinj.com\/blog\/2008\/02\/22\/pse-shqipetaret-nuk-festojne-ne-vende-publike\/\" \/>\n<meta property=\"og:locale\" content=\"en_US\" \/>\n<meta property=\"og:type\" content=\"article\" \/>\n<meta property=\"og:title\" content=\"Pse shqip\u00ebtar\u00ebt nuk festojn\u00eb n\u00eb v\u00ebnde publike?! - Lajme nga Ulqini\" \/>\n<meta property=\"og:url\" content=\"https:\/\/www.visit-ulcinj.com\/blog\/2008\/02\/22\/pse-shqipetaret-nuk-festojne-ne-vende-publike\/\" \/>\n<meta property=\"og:site_name\" content=\"Lajme nga Ulqini\" \/>\n<meta property=\"article:published_time\" content=\"2008-02-22T19:16:33+00:00\" \/>\n<meta property=\"article:modified_time\" content=\"2008-02-26T17:00:30+00:00\" \/>\n<meta property=\"og:image\" content=\"http:\/\/www.visit-ulcinj.com\/blog\/wp-content\/uploads\/2008\/02\/camaj.jpg\" \/>\n<meta name=\"twitter:label1\" content=\"Written by\" \/>\n\t<meta name=\"twitter:data1\" content=\"ulqini\" \/>\n\t<meta name=\"twitter:label2\" content=\"Est. reading time\" \/>\n\t<meta name=\"twitter:data2\" content=\"2 minutes\" \/>\n<script type=\"application\/ld+json\" class=\"yoast-schema-graph\">{\"@context\":\"https:\/\/schema.org\",\"@graph\":[{\"@type\":\"WebSite\",\"@id\":\"https:\/\/www.visit-ulcinj.com\/blog\/#website\",\"url\":\"https:\/\/www.visit-ulcinj.com\/blog\/\",\"name\":\"Lajme nga Ulqini\",\"description\":\"Lajme,Vijesti,Ulqini,Ulqin,Crna Gora,Mali i Zi\",\"potentialAction\":[{\"@type\":\"SearchAction\",\"target\":{\"@type\":\"EntryPoint\",\"urlTemplate\":\"https:\/\/www.visit-ulcinj.com\/blog\/?s={search_term_string}\"},\"query-input\":\"required name=search_term_string\"}],\"inLanguage\":\"en-US\"},{\"@type\":\"ImageObject\",\"inLanguage\":\"en-US\",\"@id\":\"https:\/\/www.visit-ulcinj.com\/blog\/2008\/02\/22\/pse-shqipetaret-nuk-festojne-ne-vende-publike\/#primaryimage\",\"url\":\"http:\/\/www.visit-ulcinj.com\/blog\/wp-content\/uploads\/2008\/02\/camaj.jpg\",\"contentUrl\":\"http:\/\/www.visit-ulcinj.com\/blog\/wp-content\/uploads\/2008\/02\/camaj.jpg\"},{\"@type\":\"WebPage\",\"@id\":\"https:\/\/www.visit-ulcinj.com\/blog\/2008\/02\/22\/pse-shqipetaret-nuk-festojne-ne-vende-publike\/#webpage\",\"url\":\"https:\/\/www.visit-ulcinj.com\/blog\/2008\/02\/22\/pse-shqipetaret-nuk-festojne-ne-vende-publike\/\",\"name\":\"Pse shqip\u00ebtar\u00ebt nuk festojn\u00eb n\u00eb v\u00ebnde publike?! - Lajme nga Ulqini\",\"isPartOf\":{\"@id\":\"https:\/\/www.visit-ulcinj.com\/blog\/#website\"},\"primaryImageOfPage\":{\"@id\":\"https:\/\/www.visit-ulcinj.com\/blog\/2008\/02\/22\/pse-shqipetaret-nuk-festojne-ne-vende-publike\/#primaryimage\"},\"datePublished\":\"2008-02-22T19:16:33+00:00\",\"dateModified\":\"2008-02-26T17:00:30+00:00\",\"author\":{\"@id\":\"https:\/\/www.visit-ulcinj.com\/blog\/#\/schema\/person\/dcab619c614d3038751c63bc2aadc06d\"},\"breadcrumb\":{\"@id\":\"https:\/\/www.visit-ulcinj.com\/blog\/2008\/02\/22\/pse-shqipetaret-nuk-festojne-ne-vende-publike\/#breadcrumb\"},\"inLanguage\":\"en-US\",\"potentialAction\":[{\"@type\":\"ReadAction\",\"target\":[\"https:\/\/www.visit-ulcinj.com\/blog\/2008\/02\/22\/pse-shqipetaret-nuk-festojne-ne-vende-publike\/\"]}]},{\"@type\":\"BreadcrumbList\",\"@id\":\"https:\/\/www.visit-ulcinj.com\/blog\/2008\/02\/22\/pse-shqipetaret-nuk-festojne-ne-vende-publike\/#breadcrumb\",\"itemListElement\":[{\"@type\":\"ListItem\",\"position\":1,\"name\":\"Pse shqip\u00ebtar\u00ebt nuk festojn\u00eb n\u00eb v\u00ebnde publike?!\"}]},{\"@type\":\"Person\",\"@id\":\"https:\/\/www.visit-ulcinj.com\/blog\/#\/schema\/person\/dcab619c614d3038751c63bc2aadc06d\",\"name\":\"ulqini\",\"sameAs\":[\"http:\/\/www.visit-ulcinj.com\"],\"url\":\"https:\/\/www.visit-ulcinj.com\/blog\/author\/admin\/\"}]}<\/script>\n<!-- \/ Yoast SEO plugin. -->","yoast_head_json":{"title":"Pse shqip\u00ebtar\u00ebt nuk festojn\u00eb n\u00eb v\u00ebnde publike?! - Lajme nga Ulqini","robots":{"index":"index","follow":"follow","max-snippet":"max-snippet:-1","max-image-preview":"max-image-preview:large","max-video-preview":"max-video-preview:-1"},"canonical":"https:\/\/www.visit-ulcinj.com\/blog\/2008\/02\/22\/pse-shqipetaret-nuk-festojne-ne-vende-publike\/","og_locale":"en_US","og_type":"article","og_title":"Pse shqip\u00ebtar\u00ebt nuk festojn\u00eb n\u00eb v\u00ebnde publike?! - Lajme nga Ulqini","og_url":"https:\/\/www.visit-ulcinj.com\/blog\/2008\/02\/22\/pse-shqipetaret-nuk-festojne-ne-vende-publike\/","og_site_name":"Lajme nga Ulqini","article_published_time":"2008-02-22T19:16:33+00:00","article_modified_time":"2008-02-26T17:00:30+00:00","og_image":[{"url":"http:\/\/www.visit-ulcinj.com\/blog\/wp-content\/uploads\/2008\/02\/camaj.jpg"}],"twitter_misc":{"Written by":"ulqini","Est. reading time":"2 minutes"},"schema":{"@context":"https:\/\/schema.org","@graph":[{"@type":"WebSite","@id":"https:\/\/www.visit-ulcinj.com\/blog\/#website","url":"https:\/\/www.visit-ulcinj.com\/blog\/","name":"Lajme nga Ulqini","description":"Lajme,Vijesti,Ulqini,Ulqin,Crna Gora,Mali i Zi","potentialAction":[{"@type":"SearchAction","target":{"@type":"EntryPoint","urlTemplate":"https:\/\/www.visit-ulcinj.com\/blog\/?s={search_term_string}"},"query-input":"required name=search_term_string"}],"inLanguage":"en-US"},{"@type":"ImageObject","inLanguage":"en-US","@id":"https:\/\/www.visit-ulcinj.com\/blog\/2008\/02\/22\/pse-shqipetaret-nuk-festojne-ne-vende-publike\/#primaryimage","url":"http:\/\/www.visit-ulcinj.com\/blog\/wp-content\/uploads\/2008\/02\/camaj.jpg","contentUrl":"http:\/\/www.visit-ulcinj.com\/blog\/wp-content\/uploads\/2008\/02\/camaj.jpg"},{"@type":"WebPage","@id":"https:\/\/www.visit-ulcinj.com\/blog\/2008\/02\/22\/pse-shqipetaret-nuk-festojne-ne-vende-publike\/#webpage","url":"https:\/\/www.visit-ulcinj.com\/blog\/2008\/02\/22\/pse-shqipetaret-nuk-festojne-ne-vende-publike\/","name":"Pse shqip\u00ebtar\u00ebt nuk festojn\u00eb n\u00eb v\u00ebnde publike?! - Lajme nga Ulqini","isPartOf":{"@id":"https:\/\/www.visit-ulcinj.com\/blog\/#website"},"primaryImageOfPage":{"@id":"https:\/\/www.visit-ulcinj.com\/blog\/2008\/02\/22\/pse-shqipetaret-nuk-festojne-ne-vende-publike\/#primaryimage"},"datePublished":"2008-02-22T19:16:33+00:00","dateModified":"2008-02-26T17:00:30+00:00","author":{"@id":"https:\/\/www.visit-ulcinj.com\/blog\/#\/schema\/person\/dcab619c614d3038751c63bc2aadc06d"},"breadcrumb":{"@id":"https:\/\/www.visit-ulcinj.com\/blog\/2008\/02\/22\/pse-shqipetaret-nuk-festojne-ne-vende-publike\/#breadcrumb"},"inLanguage":"en-US","potentialAction":[{"@type":"ReadAction","target":["https:\/\/www.visit-ulcinj.com\/blog\/2008\/02\/22\/pse-shqipetaret-nuk-festojne-ne-vende-publike\/"]}]},{"@type":"BreadcrumbList","@id":"https:\/\/www.visit-ulcinj.com\/blog\/2008\/02\/22\/pse-shqipetaret-nuk-festojne-ne-vende-publike\/#breadcrumb","itemListElement":[{"@type":"ListItem","position":1,"name":"Pse shqip\u00ebtar\u00ebt nuk festojn\u00eb n\u00eb v\u00ebnde publike?!"}]},{"@type":"Person","@id":"https:\/\/www.visit-ulcinj.com\/blog\/#\/schema\/person\/dcab619c614d3038751c63bc2aadc06d","name":"ulqini","sameAs":["http:\/\/www.visit-ulcinj.com"],"url":"https:\/\/www.visit-ulcinj.com\/blog\/author\/admin\/"}]}},"jetpack_featured_media_url":"","jetpack_sharing_enabled":true,"jetpack_shortlink":"https:\/\/wp.me\/pe6lTn-a3","_links":{"self":[{"href":"https:\/\/www.visit-ulcinj.com\/blog\/wp-json\/wp\/v2\/posts\/623"}],"collection":[{"href":"https:\/\/www.visit-ulcinj.com\/blog\/wp-json\/wp\/v2\/posts"}],"about":[{"href":"https:\/\/www.visit-ulcinj.com\/blog\/wp-json\/wp\/v2\/types\/post"}],"author":[{"embeddable":true,"href":"https:\/\/www.visit-ulcinj.com\/blog\/wp-json\/wp\/v2\/users\/1"}],"replies":[{"embeddable":true,"href":"https:\/\/www.visit-ulcinj.com\/blog\/wp-json\/wp\/v2\/comments?post=623"}],"version-history":[{"count":0,"href":"https:\/\/www.visit-ulcinj.com\/blog\/wp-json\/wp\/v2\/posts\/623\/revisions"}],"wp:attachment":[{"href":"https:\/\/www.visit-ulcinj.com\/blog\/wp-json\/wp\/v2\/media?parent=623"}],"wp:term":[{"taxonomy":"category","embeddable":true,"href":"https:\/\/www.visit-ulcinj.com\/blog\/wp-json\/wp\/v2\/categories?post=623"},{"taxonomy":"post_tag","embeddable":true,"href":"https:\/\/www.visit-ulcinj.com\/blog\/wp-json\/wp\/v2\/tags?post=623"}],"curies":[{"name":"wp","href":"https:\/\/api.w.org\/{rel}","templated":true}]}}