{"id":62323,"date":"2012-07-23T18:28:59","date_gmt":"2012-07-23T17:28:59","guid":{"rendered":"http:\/\/www.visit-ulcinj.com\/blog\/?p=62323"},"modified":"2012-07-23T18:28:59","modified_gmt":"2012-07-23T17:28:59","slug":"telegram-ngushellimi-familjes-podrimja-nga-shoqata-e-artisteve-dhe-intelektualeve-ulqin","status":"publish","type":"post","link":"https:\/\/www.visit-ulcinj.com\/blog\/2012\/07\/23\/telegram-ngushellimi-familjes-podrimja-nga-shoqata-e-artisteve-dhe-intelektualeve-ulqin\/","title":{"rendered":"Telegram ngushellimi familjes Podrimja nga Shoqata e Artist\u00ebve dhe Intelektual\u00ebve  Ulqin"},"content":{"rendered":"<p><strong><a href=\"http:\/\/www.visit-ulcinj.com\/blog\/wp-content\/uploads\/2012\/07\/Ali-Podrimja-Telegram-ngushellimi.jpg\"><img loading=\"lazy\" class=\"alignleft  wp-image-62324\" title=\"Ali Podrimja - Telegram ngushellimi\" src=\"http:\/\/www.visit-ulcinj.com\/blog\/wp-content\/uploads\/2012\/07\/Ali-Podrimja-Telegram-ngushellimi.jpg\" alt=\"\" width=\"508\" height=\"360\" \/><\/a>TELEGRAM NGUSH\u00cbLLIMI<\/strong><br \/>\n<strong>me rastin e ndarjes nga jeta t\u00eb poetit Ali Podrimja<\/strong><\/p>\n<p>Vdekja e poetit dhe shkrimtarit Ali Podrimja p\u00ebrb\u00ebn nj\u00eb humbje t\u00eb madhe jo vet\u00ebm p\u00ebr kultur\u00ebn shqiptare, por edhe p\u00ebr at\u00eb nd\u00ebrkomb\u00ebtare. Autori i vargjeve emblematike kishte nj\u00eb dashuri t\u00eb ve\u00e7ant\u00eb p\u00ebr Ulqinin dhe ishte mysafir i rregullt i ngjarjeve kulturore q\u00eb i organizonte Shoqata e Artist\u00ebve dhe Intelektual\u00ebve \u201cArt Club\u201d, posa\u00e7\u00ebrisht i manifestimit letrar \u201cKalimera Poetike\u201d.<\/p>\n<p>Poeti Ali Podrimja dha nj\u00eb kontribut t\u00eb jasht\u00ebzakonsh\u00ebm n\u00eb ideimin e disa ngjarjeve letrare n\u00eb Ulqin, por edhe n\u00eb zbulimin dhe afirmimin e poet\u00ebve dhe krijuesve nga radh\u00ebt e shqiptar\u00ebve n\u00eb Mal t\u00eb Zi. Ai e adhuronte detin, val\u00ebt dhe Kalan\u00eb e lasht\u00eb, p\u00ebr \u00e7ka Ulqinin e cil\u00ebsonte si \u201ccepin m\u00eb t\u00eb bukur t\u00eb Shqiptaris\u00eb\u201d. Prania e vazhdueshme e Podrimjes n\u00eb Ulqin dhe shkrimet e tij n\u00eb mediet e k\u00ebtushme ngjall\u00ebn frym\u00ebn e krenaris\u00eb dhe t\u00eb q\u00ebndres\u00ebs s\u00eb shqiptar\u00ebve n\u00eb Mal t\u00eb Zi.<\/p>\n<p>Me dhimbje t\u00eb thell\u00eb e trishtim i shprehim ngush\u00ebllime familjes Podrimja, t\u00eb af\u00ebrmve, miqve si dhe t\u00eb gjith\u00eb qytetar\u00ebve t\u00eb Kosov\u00ebs.<\/p>\n<p>&nbsp;<\/p>\n<p style=\"text-align: left;\">Ulqin, m\u00eb 22.07.2012<\/p>\n<p style=\"text-align: right;\"><strong> SHAI \u201cArt Club\u201d &#8211; Ulqin<\/strong><\/p>\n","protected":false},"excerpt":{"rendered":"<p>TELEGRAM NGUSH\u00cbLLIMI me rastin e ndarjes nga jeta t\u00eb poetit Ali Podrimja Vdekja e poetit dhe shkrimtarit Ali Podrimja p\u00ebrb\u00ebn nj\u00eb humbje t\u00eb madhe jo vet\u00ebm p\u00ebr kultur\u00ebn shqiptare, por edhe p\u00ebr at\u00eb nd\u00ebrkomb\u00ebtare. Autori i vargjeve emblematike kishte nj\u00eb dashuri t\u00eb ve\u00e7ant\u00eb p\u00ebr Ulqinin dhe ishte mysafir i rregullt i ngjarjeve kulturore q\u00eb i [&hellip;]<\/p>\n","protected":false},"author":1,"featured_media":0,"comment_status":"open","ping_status":"closed","sticky":false,"template":"","format":"standard","meta":{"spay_email":"","jetpack_publicize_message":"","jetpack_is_tweetstorm":false,"jetpack_publicize_feature_enabled":true},"categories":[4],"tags":[16814,200],"jetpack_publicize_connections":[],"yoast_head":"<!-- This site is optimized with the Yoast SEO plugin v19.1 - https:\/\/yoast.com\/wordpress\/plugins\/seo\/ -->\n<title>Telegram ngushellimi familjes Podrimja nga Shoqata e Artist\u00ebve dhe Intelektual\u00ebve Ulqin - Lajme nga Ulqini<\/title>\n<meta name=\"description\" content=\"TELEGRAM NGUSH\u00cbLLIMI me rastin e ndarjes nga jeta t\u00eb poetit Ali Podrimja Vdekja e poetit dhe shkrimtarit Ali Podrimja p\u00ebrb\u00ebn nj\u00eb humbje t\u00eb madhe jo vet\u00ebm\" \/>\n<meta name=\"robots\" content=\"index, follow, max-snippet:-1, max-image-preview:large, max-video-preview:-1\" \/>\n<link rel=\"canonical\" href=\"https:\/\/www.visit-ulcinj.com\/blog\/2012\/07\/23\/telegram-ngushellimi-familjes-podrimja-nga-shoqata-e-artisteve-dhe-intelektualeve-ulqin\/\" \/>\n<meta property=\"og:locale\" content=\"en_US\" \/>\n<meta property=\"og:type\" content=\"article\" \/>\n<meta property=\"og:title\" content=\"Telegram ngushellimi familjes Podrimja nga Shoqata e Artist\u00ebve dhe Intelektual\u00ebve Ulqin - Lajme nga Ulqini\" \/>\n<meta property=\"og:description\" content=\"TELEGRAM NGUSH\u00cbLLIMI me rastin e ndarjes nga jeta t\u00eb poetit Ali Podrimja Vdekja e poetit dhe shkrimtarit Ali Podrimja p\u00ebrb\u00ebn nj\u00eb humbje t\u00eb madhe jo vet\u00ebm\" \/>\n<meta property=\"og:url\" content=\"https:\/\/www.visit-ulcinj.com\/blog\/2012\/07\/23\/telegram-ngushellimi-familjes-podrimja-nga-shoqata-e-artisteve-dhe-intelektualeve-ulqin\/\" \/>\n<meta property=\"og:site_name\" content=\"Lajme nga Ulqini\" \/>\n<meta property=\"article:published_time\" content=\"2012-07-23T17:28:59+00:00\" \/>\n<meta property=\"og:image\" content=\"http:\/\/www.visit-ulcinj.com\/blog\/wp-content\/uploads\/2012\/07\/Ali-Podrimja-Telegram-ngushellimi.jpg\" \/>\n<meta name=\"twitter:label1\" content=\"Written by\" \/>\n\t<meta name=\"twitter:data1\" content=\"ulqini\" \/>\n\t<meta name=\"twitter:label2\" content=\"Est. reading time\" \/>\n\t<meta name=\"twitter:data2\" content=\"1 minute\" \/>\n<script type=\"application\/ld+json\" class=\"yoast-schema-graph\">{\"@context\":\"https:\/\/schema.org\",\"@graph\":[{\"@type\":\"WebSite\",\"@id\":\"https:\/\/www.visit-ulcinj.com\/blog\/#website\",\"url\":\"https:\/\/www.visit-ulcinj.com\/blog\/\",\"name\":\"Lajme nga Ulqini\",\"description\":\"Lajme,Vijesti,Ulqini,Ulqin,Crna Gora,Mali i Zi\",\"potentialAction\":[{\"@type\":\"SearchAction\",\"target\":{\"@type\":\"EntryPoint\",\"urlTemplate\":\"https:\/\/www.visit-ulcinj.com\/blog\/?s={search_term_string}\"},\"query-input\":\"required name=search_term_string\"}],\"inLanguage\":\"en-US\"},{\"@type\":\"ImageObject\",\"inLanguage\":\"en-US\",\"@id\":\"https:\/\/www.visit-ulcinj.com\/blog\/2012\/07\/23\/telegram-ngushellimi-familjes-podrimja-nga-shoqata-e-artisteve-dhe-intelektualeve-ulqin\/#primaryimage\",\"url\":\"https:\/\/www.visit-ulcinj.com\/blog\/wp-content\/uploads\/2012\/07\/Ali-Podrimja-Telegram-ngushellimi.jpg\",\"contentUrl\":\"https:\/\/www.visit-ulcinj.com\/blog\/wp-content\/uploads\/2012\/07\/Ali-Podrimja-Telegram-ngushellimi.jpg\",\"width\":\"720\",\"height\":\"479\"},{\"@type\":\"WebPage\",\"@id\":\"https:\/\/www.visit-ulcinj.com\/blog\/2012\/07\/23\/telegram-ngushellimi-familjes-podrimja-nga-shoqata-e-artisteve-dhe-intelektualeve-ulqin\/#webpage\",\"url\":\"https:\/\/www.visit-ulcinj.com\/blog\/2012\/07\/23\/telegram-ngushellimi-familjes-podrimja-nga-shoqata-e-artisteve-dhe-intelektualeve-ulqin\/\",\"name\":\"Telegram ngushellimi familjes Podrimja nga Shoqata e Artist\u00ebve dhe Intelektual\u00ebve Ulqin - Lajme nga Ulqini\",\"isPartOf\":{\"@id\":\"https:\/\/www.visit-ulcinj.com\/blog\/#website\"},\"primaryImageOfPage\":{\"@id\":\"https:\/\/www.visit-ulcinj.com\/blog\/2012\/07\/23\/telegram-ngushellimi-familjes-podrimja-nga-shoqata-e-artisteve-dhe-intelektualeve-ulqin\/#primaryimage\"},\"datePublished\":\"2012-07-23T17:28:59+00:00\",\"dateModified\":\"2012-07-23T17:28:59+00:00\",\"author\":{\"@id\":\"https:\/\/www.visit-ulcinj.com\/blog\/#\/schema\/person\/dcab619c614d3038751c63bc2aadc06d\"},\"description\":\"TELEGRAM NGUSH\u00cbLLIMI me rastin e ndarjes nga jeta t\u00eb poetit Ali Podrimja Vdekja e poetit dhe shkrimtarit Ali Podrimja p\u00ebrb\u00ebn nj\u00eb humbje t\u00eb madhe jo vet\u00ebm\",\"breadcrumb\":{\"@id\":\"https:\/\/www.visit-ulcinj.com\/blog\/2012\/07\/23\/telegram-ngushellimi-familjes-podrimja-nga-shoqata-e-artisteve-dhe-intelektualeve-ulqin\/#breadcrumb\"},\"inLanguage\":\"en-US\",\"potentialAction\":[{\"@type\":\"ReadAction\",\"target\":[\"https:\/\/www.visit-ulcinj.com\/blog\/2012\/07\/23\/telegram-ngushellimi-familjes-podrimja-nga-shoqata-e-artisteve-dhe-intelektualeve-ulqin\/\"]}]},{\"@type\":\"BreadcrumbList\",\"@id\":\"https:\/\/www.visit-ulcinj.com\/blog\/2012\/07\/23\/telegram-ngushellimi-familjes-podrimja-nga-shoqata-e-artisteve-dhe-intelektualeve-ulqin\/#breadcrumb\",\"itemListElement\":[{\"@type\":\"ListItem\",\"position\":1,\"name\":\"Telegram ngushellimi familjes Podrimja nga Shoqata e Artist\u00ebve dhe Intelektual\u00ebve Ulqin\"}]},{\"@type\":\"Person\",\"@id\":\"https:\/\/www.visit-ulcinj.com\/blog\/#\/schema\/person\/dcab619c614d3038751c63bc2aadc06d\",\"name\":\"ulqini\",\"sameAs\":[\"http:\/\/www.visit-ulcinj.com\"],\"url\":\"https:\/\/www.visit-ulcinj.com\/blog\/author\/admin\/\"}]}<\/script>\n<!-- \/ Yoast SEO plugin. -->","yoast_head_json":{"title":"Telegram ngushellimi familjes Podrimja nga Shoqata e Artist\u00ebve dhe Intelektual\u00ebve Ulqin - Lajme nga Ulqini","description":"TELEGRAM NGUSH\u00cbLLIMI me rastin e ndarjes nga jeta t\u00eb poetit Ali Podrimja Vdekja e poetit dhe shkrimtarit Ali Podrimja p\u00ebrb\u00ebn nj\u00eb humbje t\u00eb madhe jo vet\u00ebm","robots":{"index":"index","follow":"follow","max-snippet":"max-snippet:-1","max-image-preview":"max-image-preview:large","max-video-preview":"max-video-preview:-1"},"canonical":"https:\/\/www.visit-ulcinj.com\/blog\/2012\/07\/23\/telegram-ngushellimi-familjes-podrimja-nga-shoqata-e-artisteve-dhe-intelektualeve-ulqin\/","og_locale":"en_US","og_type":"article","og_title":"Telegram ngushellimi familjes Podrimja nga Shoqata e Artist\u00ebve dhe Intelektual\u00ebve Ulqin - Lajme nga Ulqini","og_description":"TELEGRAM NGUSH\u00cbLLIMI me rastin e ndarjes nga jeta t\u00eb poetit Ali Podrimja Vdekja e poetit dhe shkrimtarit Ali Podrimja p\u00ebrb\u00ebn nj\u00eb humbje t\u00eb madhe jo vet\u00ebm","og_url":"https:\/\/www.visit-ulcinj.com\/blog\/2012\/07\/23\/telegram-ngushellimi-familjes-podrimja-nga-shoqata-e-artisteve-dhe-intelektualeve-ulqin\/","og_site_name":"Lajme nga Ulqini","article_published_time":"2012-07-23T17:28:59+00:00","og_image":[{"url":"http:\/\/www.visit-ulcinj.com\/blog\/wp-content\/uploads\/2012\/07\/Ali-Podrimja-Telegram-ngushellimi.jpg"}],"twitter_misc":{"Written by":"ulqini","Est. reading time":"1 minute"},"schema":{"@context":"https:\/\/schema.org","@graph":[{"@type":"WebSite","@id":"https:\/\/www.visit-ulcinj.com\/blog\/#website","url":"https:\/\/www.visit-ulcinj.com\/blog\/","name":"Lajme nga Ulqini","description":"Lajme,Vijesti,Ulqini,Ulqin,Crna Gora,Mali i Zi","potentialAction":[{"@type":"SearchAction","target":{"@type":"EntryPoint","urlTemplate":"https:\/\/www.visit-ulcinj.com\/blog\/?s={search_term_string}"},"query-input":"required name=search_term_string"}],"inLanguage":"en-US"},{"@type":"ImageObject","inLanguage":"en-US","@id":"https:\/\/www.visit-ulcinj.com\/blog\/2012\/07\/23\/telegram-ngushellimi-familjes-podrimja-nga-shoqata-e-artisteve-dhe-intelektualeve-ulqin\/#primaryimage","url":"https:\/\/www.visit-ulcinj.com\/blog\/wp-content\/uploads\/2012\/07\/Ali-Podrimja-Telegram-ngushellimi.jpg","contentUrl":"https:\/\/www.visit-ulcinj.com\/blog\/wp-content\/uploads\/2012\/07\/Ali-Podrimja-Telegram-ngushellimi.jpg","width":"720","height":"479"},{"@type":"WebPage","@id":"https:\/\/www.visit-ulcinj.com\/blog\/2012\/07\/23\/telegram-ngushellimi-familjes-podrimja-nga-shoqata-e-artisteve-dhe-intelektualeve-ulqin\/#webpage","url":"https:\/\/www.visit-ulcinj.com\/blog\/2012\/07\/23\/telegram-ngushellimi-familjes-podrimja-nga-shoqata-e-artisteve-dhe-intelektualeve-ulqin\/","name":"Telegram ngushellimi familjes Podrimja nga Shoqata e Artist\u00ebve dhe Intelektual\u00ebve Ulqin - Lajme nga Ulqini","isPartOf":{"@id":"https:\/\/www.visit-ulcinj.com\/blog\/#website"},"primaryImageOfPage":{"@id":"https:\/\/www.visit-ulcinj.com\/blog\/2012\/07\/23\/telegram-ngushellimi-familjes-podrimja-nga-shoqata-e-artisteve-dhe-intelektualeve-ulqin\/#primaryimage"},"datePublished":"2012-07-23T17:28:59+00:00","dateModified":"2012-07-23T17:28:59+00:00","author":{"@id":"https:\/\/www.visit-ulcinj.com\/blog\/#\/schema\/person\/dcab619c614d3038751c63bc2aadc06d"},"description":"TELEGRAM NGUSH\u00cbLLIMI me rastin e ndarjes nga jeta t\u00eb poetit Ali Podrimja Vdekja e poetit dhe shkrimtarit Ali Podrimja p\u00ebrb\u00ebn nj\u00eb humbje t\u00eb madhe jo vet\u00ebm","breadcrumb":{"@id":"https:\/\/www.visit-ulcinj.com\/blog\/2012\/07\/23\/telegram-ngushellimi-familjes-podrimja-nga-shoqata-e-artisteve-dhe-intelektualeve-ulqin\/#breadcrumb"},"inLanguage":"en-US","potentialAction":[{"@type":"ReadAction","target":["https:\/\/www.visit-ulcinj.com\/blog\/2012\/07\/23\/telegram-ngushellimi-familjes-podrimja-nga-shoqata-e-artisteve-dhe-intelektualeve-ulqin\/"]}]},{"@type":"BreadcrumbList","@id":"https:\/\/www.visit-ulcinj.com\/blog\/2012\/07\/23\/telegram-ngushellimi-familjes-podrimja-nga-shoqata-e-artisteve-dhe-intelektualeve-ulqin\/#breadcrumb","itemListElement":[{"@type":"ListItem","position":1,"name":"Telegram ngushellimi familjes Podrimja nga Shoqata e Artist\u00ebve dhe Intelektual\u00ebve Ulqin"}]},{"@type":"Person","@id":"https:\/\/www.visit-ulcinj.com\/blog\/#\/schema\/person\/dcab619c614d3038751c63bc2aadc06d","name":"ulqini","sameAs":["http:\/\/www.visit-ulcinj.com"],"url":"https:\/\/www.visit-ulcinj.com\/blog\/author\/admin\/"}]}},"jetpack_featured_media_url":"","jetpack_sharing_enabled":true,"jetpack_shortlink":"https:\/\/wp.me\/pe6lTn-gdd","_links":{"self":[{"href":"https:\/\/www.visit-ulcinj.com\/blog\/wp-json\/wp\/v2\/posts\/62323"}],"collection":[{"href":"https:\/\/www.visit-ulcinj.com\/blog\/wp-json\/wp\/v2\/posts"}],"about":[{"href":"https:\/\/www.visit-ulcinj.com\/blog\/wp-json\/wp\/v2\/types\/post"}],"author":[{"embeddable":true,"href":"https:\/\/www.visit-ulcinj.com\/blog\/wp-json\/wp\/v2\/users\/1"}],"replies":[{"embeddable":true,"href":"https:\/\/www.visit-ulcinj.com\/blog\/wp-json\/wp\/v2\/comments?post=62323"}],"version-history":[{"count":1,"href":"https:\/\/www.visit-ulcinj.com\/blog\/wp-json\/wp\/v2\/posts\/62323\/revisions"}],"predecessor-version":[{"id":62325,"href":"https:\/\/www.visit-ulcinj.com\/blog\/wp-json\/wp\/v2\/posts\/62323\/revisions\/62325"}],"wp:attachment":[{"href":"https:\/\/www.visit-ulcinj.com\/blog\/wp-json\/wp\/v2\/media?parent=62323"}],"wp:term":[{"taxonomy":"category","embeddable":true,"href":"https:\/\/www.visit-ulcinj.com\/blog\/wp-json\/wp\/v2\/categories?post=62323"},{"taxonomy":"post_tag","embeddable":true,"href":"https:\/\/www.visit-ulcinj.com\/blog\/wp-json\/wp\/v2\/tags?post=62323"}],"curies":[{"name":"wp","href":"https:\/\/api.w.org\/{rel}","templated":true}]}}