{"id":62326,"date":"2012-07-23T18:41:08","date_gmt":"2012-07-23T17:41:08","guid":{"rendered":"http:\/\/www.visit-ulcinj.com\/blog\/?p=62326"},"modified":"2012-07-26T14:24:34","modified_gmt":"2012-07-26T13:24:34","slug":"ulqini-e-vilipoja-ne-gare-per-turistet-nga-kosova","status":"publish","type":"post","link":"https:\/\/www.visit-ulcinj.com\/blog\/2012\/07\/23\/ulqini-e-vilipoja-ne-gare-per-turistet-nga-kosova\/","title":{"rendered":"Ulqini e Vilipoja, n\u00eb gar\u00eb p\u00ebr turist\u00ebt nga Kosova"},"content":{"rendered":"<p><a href=\"http:\/\/www.visit-ulcinj.com\/blog\/wp-content\/uploads\/2012\/07\/Vera-2012-ne-Ulqin.jpg\"><img loading=\"lazy\" class=\"alignleft  wp-image-62327\" title=\"Vera 2012 ne Ulqin\" src=\"http:\/\/www.visit-ulcinj.com\/blog\/wp-content\/uploads\/2012\/07\/Vera-2012-ne-Ulqin.jpg\" alt=\"\" width=\"508\" height=\"360\" \/><\/a>Shkod\u00ebr-Velipoj\u00eb, 23 korrik &#8211;\u00a0 Velipoja dhe Ulqini jan\u00eb v\u00ebn\u00eb n\u00eb gar\u00eb se kush t\u00eb t\u00ebrheq\u00eb m\u00eb shum\u00eb turist\u00eb nga Kosova. Ulqini pas vitit 1999 nuk \u00ebsht\u00eb m\u00eb destinacioni kryesor, madje i vet\u00ebm i qytetar\u00ebve nga Kosova, pasi hapja me vendin e konsideruar am\u00eb, Shqip\u00ebrin\u00eb, u ka krijuar qytetar\u00ebve nga Kosova t\u00eb ken\u00eb edhe mund\u00ebsi t\u00eb tjera zgjedhje p\u00ebr pushime, ku fillimisht Durr\u00ebsi e m\u00eb pas Golemi, Mali i Robit e Velipoja jan\u00eb destinacione turistike t\u00eb pushuesve nga Kosova, shkruan sot korrespondenti i \u201cKoh\u00ebs Ditore\u201d. Megjithat\u00eb, n\u00eb gar\u00eb \u201crrot\u00eb n\u00eb rrot\u00eb\u201d me plazhin e Ulqinit \u00ebsht\u00eb v\u00ebn\u00eb plazhi i Velipoj\u00ebs, nj\u00eb nder destinacionet turistike t\u00eb qytetar\u00ebve nga Kosova, sidomos t\u00eb pjes\u00ebs\u00a0 jugper\u00ebndimore t\u00eb saj. N\u00eb k\u00ebto dy zona turistike, t\u00eb cilat ndahen nga lumi Buna, sipas statistikave, aktualisht pushojn\u00eb rreth 240 mij\u00eb\u00a0 turist\u00eb, numri m\u00eb i madh i t\u00eb cil\u00ebve \u00ebsht\u00eb nga Kosova. Por konkurrenca mes Velipoj\u00ebs dhe Ulqinit shtrihet edhe n\u00eb infrastruktur\u00eb. Ulqini, qytet n\u00eb jug t\u00eb Malit t\u00eb Zi, i populluar me shumic\u00eb shqiptare, ka avantazhe me Velipoj\u00ebn dhe jo vet\u00ebm me Velipoj\u00ebn p\u00ebr tradit\u00ebn n\u00eb hoteleri-turiz\u00ebm, por edhe p\u00ebr numrin m\u00eb t\u00eb madh t\u00eb zonave turistike. Por, nga ana tjet\u00ebr, Velipoja ka avantazhin e \u00e7mimit m\u00eb t\u00eb lir\u00eb. N\u00eb Velipoj\u00eb pushimet zgjasin 15 dit\u00eb, dhe p\u00ebr nj\u00eb 15-ditor \u00e7mimet mesatare n\u00eb pikun e sezonit p\u00ebr nj\u00eb kabin\u00eb jan\u00eb nga 25.000 (180 euro) deri n\u00eb 35.000 (250 euro) lek\u00eb. Nd\u00ebrsa n\u00eb Ulqin pushimet jan\u00eb 10-ditore dhe \u00e7mimet p\u00ebr nj\u00eb dhjet\u00ebditor t\u00eb nj\u00eb kabine arrin\u00eb nga 250 deri n\u00eb 400 euro, q\u00eb do thot\u00eb rreth 10 p\u00ebr qind m\u00eb shtrenjt\u00eb. Po k\u00ebshtu, konkurrenca \u00ebsht\u00eb edhe n\u00eb produktet ushqimore dhe n\u00eb restorante. N\u00eb Velipoj\u00eb \u00e7mimet jan\u00eb duksh\u00ebm m\u00eb t\u00eb ul\u00ebta, n\u00eb krahasim me Ulqinin. Por edhe n\u00eb plazhin e Velipoj\u00ebs kan\u00eb filluar t\u00eb \u201cngren\u00eb krye\u201d \u00e7mimet e p\u00ebraf\u00ebrta me Ulqinin, duke filluar me shezllonet. Mungesa e plazheve publike \u00ebsht\u00eb nj\u00eb z\u00eb kostoje p\u00ebr pushuesit. Tashm\u00eb n\u00eb Velipoj\u00eb nj\u00eb shezllon (ul\u00ebse) kushton 500 lek\u00eb (3.7 euro) ku gjithsesi nj\u00eb familje nga Kosova q\u00eb ka marr\u00eb rrug\u00ebn p\u00ebr n\u00eb plazh i duhen t\u00eb pakt\u00ebn dy shezllone ku i duhet t\u00eb paguaj\u00eb minimalisht 110 euro vet\u00ebm p\u00ebr q\u00ebndrimin n\u00eb plazh. E nd\u00ebrkaq Ulqini \u00ebsht\u00eb n\u00eb avantazh sa i p\u00ebrket sistemimit t\u00eb plazheve, past\u00ebrtis\u00eb dhe siguris\u00eb. Situata paraqitet e nj\u00ebjt\u00eb sa i p\u00ebrket furnizimit me uj\u00eb t\u00eb pijsh\u00ebm. N\u00eb nj\u00ebr\u00ebn an\u00eb, n\u00eb Velipoj\u00eb kemi rrjet t\u00eb amortizuar t\u00eb uj\u00ebsjell\u00ebsit, i cili nuk e p\u00ebrballon fluksin e turist\u00ebve, e nd\u00ebrsa, n\u00eb an\u00ebn tjet\u00ebr, n\u00eb Ulqin kemi nisjen e punimeve p\u00ebr sistemimin e k\u00ebtij rrjeti. Ajo q\u00eb nuk ndryshon dhe \u00ebsht\u00eb e nj\u00ebjt\u00eb si n\u00eb Ulqin ashtu n\u00eb Velipoj\u00eb ka t\u00eb b\u00ebj\u00eb me faktin q\u00eb pushuesit jan\u00eb kryesisht nga Kosova.Edhe Shqip\u00ebria, ashtu si Ulqini, por edhe vendet e tjera t\u00eb rajonit, k\u00ebrkon t\u00eb krijoj\u00eb tradit\u00ebn n\u00eb p\u00ebrmir\u00ebsimin e infrastruktur\u00ebs hoteliere.<\/p>\n<p><a href=\"http:\/\/www.visit-ulcinj.com\/blog\/wp-content\/uploads\/2012\/07\/Velipoja.jpg\"><img loading=\"lazy\" class=\"alignleft  wp-image-62328\" title=\"Velipoja\" src=\"http:\/\/www.visit-ulcinj.com\/blog\/wp-content\/uploads\/2012\/07\/Velipoja.jpg\" alt=\"\" width=\"508\" height=\"330\" \/><\/a><\/p>\n<p>Ky sezon turistik ka ardhur m\u00eb i pasur n\u00eb informacion p\u00ebr pushuesit, brenda dhe jasht\u00eb vendit. T\u00eb gjith\u00eb ata q\u00eb e shohin Shqip\u00ebrin\u00eb si nj\u00eb nga destinacionet p\u00ebr t\u00eb pushuar, mund t\u00eb marrin detaje t\u00eb sakta lidhur me cil\u00ebsin\u00eb dhe mund\u00ebsit\u00eb q\u00eb ofrojn\u00eb resortet apo hotelet n\u00eb vend. Shoqata shqiptare e Turizmit dhe Ministria e Turizmit, e Kultur\u00ebs, e Rinis\u00eb dhe e Sporteve, n\u00eb bashk\u00ebpunim me programin e USAID-it, kan\u00eb b\u00ebr\u00eb t\u00eb mundur vendosjen e yjeve t\u00eb hoteleve n\u00eb Shqip\u00ebri, pas kontrolleve dhe inspektimeve p\u00ebr kriteret e plot\u00ebsuara. Inspektimet jan\u00eb realizuar nga nj\u00eb grup ekspert\u00ebsh t\u00eb pavarur, t\u00eb trajnuar nga ekspert\u00eb nd\u00ebrkomb\u00ebtar\u00eb mbi sistemin e mark\u00ebs dhe t\u00eb cil\u00ebsis\u00eb. Deri tani jan\u00eb vler\u00ebsuar 100 hotele ku \u00e7dokush mund t\u00eb informohet p\u00ebr yjet q\u00eb mbajn\u00eb dhe holl\u00ebsit\u00eb e tjera t\u00eb nevojshme p\u00ebr dit\u00ebt e q\u00ebndrimit n\u00eb Shqip\u00ebri. Nga ky klasifikim hotelet shqiptare jan\u00eb vler\u00ebsuar mesatarisht me kat\u00ebr yje. N\u00eb faqen www.authenticalbania.com listohen t\u00eb gjitha hotelet q\u00eb kan\u00eb marr\u00eb Mark\u00ebn e cil\u00ebsis\u00eb, yjet e vendosura dhe klasifikimi sipas renditjes: Ar, Argjend dhe Bronz. N\u00eb k\u00ebt\u00eb faqe sqarohen t\u00eb interesuarit, ku ndodhet hoteli, leht\u00ebsit\u00eb e ofruara n\u00eb infrastruktur\u00eb, \u00e7far\u00eb lejohet e \u00e7far\u00eb ndalohet, si dhe aktivitetet apo mund\u00ebsit\u00eb e tjera q\u00eb ofrohen nga zona. Po ashtu jepet edhe informacion p\u00ebr karakteristikat dhe specialitetet p\u00ebr t\u00eb cilat njihet hoteli. Programi i Mark\u00ebs s\u00eb cil\u00ebsis\u00eb \u201cAuthentic Albania\u201d mb\u00ebshtet biznese t\u00eb sektorit t\u00eb turizmit n\u00eb Shqip\u00ebri, duke nd\u00ebrtuar nj\u00eb sistem q\u00eb ofron standarde t\u00eb cil\u00ebsis\u00eb p\u00ebr produktet e hoteleris\u00eb, duke u ofruar bizneseve mund\u00ebsi t\u00eb reja p\u00ebr zhvillim. Ky program do t\u00eb jet\u00eb i pari i k\u00ebtij lloji q\u00eb vler\u00ebson cil\u00ebsin\u00eb e nj\u00ebsive akomoduese n\u00eb Shqip\u00ebri. Struktura e Mark\u00ebs s\u00eb cil\u00ebsis\u00eb \u201cAuthentic Albania\u201d \u00ebsht\u00eb nd\u00ebrtuar mbi 37 kriteret nd\u00ebrkomb\u00ebtare t\u00eb zhvillimit t\u00eb q\u00ebndruesh\u00ebm t\u00eb turizmit, nj\u00eb iniciativ\u00eb globale e Organizat\u00ebs s\u00eb Kombeve t\u00eb Bashkuara, n\u00eb mb\u00ebshtetje t\u00eb zhvillimit t\u00eb q\u00ebndruesh\u00ebm t\u00eb turizmit<\/p>\n<p><strong>KOHA NET<\/strong><br \/>\n[flv]http:\/\/video.rtv21.tv\/video\/Emisionet\/Speciale\/05_Ulqini_speciale.flv[\/flv]<\/p>\n","protected":false},"excerpt":{"rendered":"<p>Shkod\u00ebr-Velipoj\u00eb, 23 korrik &#8211;\u00a0 Velipoja dhe Ulqini jan\u00eb v\u00ebn\u00eb n\u00eb gar\u00eb se kush t\u00eb t\u00ebrheq\u00eb m\u00eb shum\u00eb turist\u00eb nga Kosova. Ulqini pas vitit 1999 nuk \u00ebsht\u00eb m\u00eb destinacioni kryesor, madje i vet\u00ebm i qytetar\u00ebve nga Kosova, pasi hapja me vendin e konsideruar am\u00eb, Shqip\u00ebrin\u00eb, u ka krijuar qytetar\u00ebve nga Kosova t\u00eb ken\u00eb edhe mund\u00ebsi t\u00eb [&hellip;]<\/p>\n","protected":false},"author":1,"featured_media":0,"comment_status":"open","ping_status":"closed","sticky":false,"template":"","format":"standard","meta":{"spay_email":"","jetpack_publicize_message":"","jetpack_is_tweetstorm":false,"jetpack_publicize_feature_enabled":true},"categories":[10,1],"tags":[],"jetpack_publicize_connections":[],"yoast_head":"<!-- This site is optimized with the Yoast SEO plugin v19.1 - https:\/\/yoast.com\/wordpress\/plugins\/seo\/ -->\n<title>Ulqini e Vilipoja, n\u00eb gar\u00eb p\u00ebr turist\u00ebt nga Kosova - Lajme nga Ulqini<\/title>\n<meta name=\"description\" content=\"Shkod\u00ebr-Velipoj\u00eb, 23 korrik -\u00a0 Velipoja dhe Ulqini jan\u00eb v\u00ebn\u00eb n\u00eb gar\u00eb se kush t\u00eb t\u00ebrheq\u00eb m\u00eb shum\u00eb turist\u00eb nga Kosova. Ulqini pas vitit 1999 nuk \u00ebsht\u00eb m\u00eb\" \/>\n<meta name=\"robots\" content=\"index, follow, max-snippet:-1, max-image-preview:large, max-video-preview:-1\" \/>\n<link rel=\"canonical\" href=\"https:\/\/www.visit-ulcinj.com\/blog\/2012\/07\/23\/ulqini-e-vilipoja-ne-gare-per-turistet-nga-kosova\/\" \/>\n<meta property=\"og:locale\" content=\"en_US\" \/>\n<meta property=\"og:type\" content=\"article\" \/>\n<meta property=\"og:title\" content=\"Ulqini e Vilipoja, n\u00eb gar\u00eb p\u00ebr turist\u00ebt nga Kosova - Lajme nga Ulqini\" \/>\n<meta property=\"og:description\" content=\"Shkod\u00ebr-Velipoj\u00eb, 23 korrik -\u00a0 Velipoja dhe Ulqini jan\u00eb v\u00ebn\u00eb n\u00eb gar\u00eb se kush t\u00eb t\u00ebrheq\u00eb m\u00eb shum\u00eb turist\u00eb nga Kosova. Ulqini pas vitit 1999 nuk \u00ebsht\u00eb m\u00eb\" \/>\n<meta property=\"og:url\" content=\"https:\/\/www.visit-ulcinj.com\/blog\/2012\/07\/23\/ulqini-e-vilipoja-ne-gare-per-turistet-nga-kosova\/\" \/>\n<meta property=\"og:site_name\" content=\"Lajme nga Ulqini\" \/>\n<meta property=\"article:published_time\" content=\"2012-07-23T17:41:08+00:00\" \/>\n<meta property=\"article:modified_time\" content=\"2012-07-26T13:24:34+00:00\" \/>\n<meta property=\"og:image\" content=\"http:\/\/www.visit-ulcinj.com\/blog\/wp-content\/uploads\/2012\/07\/Vera-2012-ne-Ulqin.jpg\" \/>\n<meta name=\"twitter:label1\" content=\"Written by\" \/>\n\t<meta name=\"twitter:data1\" content=\"ulqini\" \/>\n\t<meta name=\"twitter:label2\" content=\"Est. reading time\" \/>\n\t<meta name=\"twitter:data2\" content=\"4 minutes\" \/>\n<script type=\"application\/ld+json\" class=\"yoast-schema-graph\">{\"@context\":\"https:\/\/schema.org\",\"@graph\":[{\"@type\":\"WebSite\",\"@id\":\"https:\/\/www.visit-ulcinj.com\/blog\/#website\",\"url\":\"https:\/\/www.visit-ulcinj.com\/blog\/\",\"name\":\"Lajme nga Ulqini\",\"description\":\"Lajme,Vijesti,Ulqini,Ulqin,Crna Gora,Mali i Zi\",\"potentialAction\":[{\"@type\":\"SearchAction\",\"target\":{\"@type\":\"EntryPoint\",\"urlTemplate\":\"https:\/\/www.visit-ulcinj.com\/blog\/?s={search_term_string}\"},\"query-input\":\"required name=search_term_string\"}],\"inLanguage\":\"en-US\"},{\"@type\":\"ImageObject\",\"inLanguage\":\"en-US\",\"@id\":\"https:\/\/www.visit-ulcinj.com\/blog\/2012\/07\/23\/ulqini-e-vilipoja-ne-gare-per-turistet-nga-kosova\/#primaryimage\",\"url\":\"https:\/\/www.visit-ulcinj.com\/blog\/wp-content\/uploads\/2012\/07\/Vera-2012-ne-Ulqin.jpg\",\"contentUrl\":\"https:\/\/www.visit-ulcinj.com\/blog\/wp-content\/uploads\/2012\/07\/Vera-2012-ne-Ulqin.jpg\",\"width\":\"720\",\"height\":\"520\"},{\"@type\":\"WebPage\",\"@id\":\"https:\/\/www.visit-ulcinj.com\/blog\/2012\/07\/23\/ulqini-e-vilipoja-ne-gare-per-turistet-nga-kosova\/#webpage\",\"url\":\"https:\/\/www.visit-ulcinj.com\/blog\/2012\/07\/23\/ulqini-e-vilipoja-ne-gare-per-turistet-nga-kosova\/\",\"name\":\"Ulqini e Vilipoja, n\u00eb gar\u00eb p\u00ebr turist\u00ebt nga Kosova - Lajme nga Ulqini\",\"isPartOf\":{\"@id\":\"https:\/\/www.visit-ulcinj.com\/blog\/#website\"},\"primaryImageOfPage\":{\"@id\":\"https:\/\/www.visit-ulcinj.com\/blog\/2012\/07\/23\/ulqini-e-vilipoja-ne-gare-per-turistet-nga-kosova\/#primaryimage\"},\"datePublished\":\"2012-07-23T17:41:08+00:00\",\"dateModified\":\"2012-07-26T13:24:34+00:00\",\"author\":{\"@id\":\"https:\/\/www.visit-ulcinj.com\/blog\/#\/schema\/person\/dcab619c614d3038751c63bc2aadc06d\"},\"description\":\"Shkod\u00ebr-Velipoj\u00eb, 23 korrik -\u00a0 Velipoja dhe Ulqini jan\u00eb v\u00ebn\u00eb n\u00eb gar\u00eb se kush t\u00eb t\u00ebrheq\u00eb m\u00eb shum\u00eb turist\u00eb nga Kosova. Ulqini pas vitit 1999 nuk \u00ebsht\u00eb m\u00eb\",\"breadcrumb\":{\"@id\":\"https:\/\/www.visit-ulcinj.com\/blog\/2012\/07\/23\/ulqini-e-vilipoja-ne-gare-per-turistet-nga-kosova\/#breadcrumb\"},\"inLanguage\":\"en-US\",\"potentialAction\":[{\"@type\":\"ReadAction\",\"target\":[\"https:\/\/www.visit-ulcinj.com\/blog\/2012\/07\/23\/ulqini-e-vilipoja-ne-gare-per-turistet-nga-kosova\/\"]}]},{\"@type\":\"BreadcrumbList\",\"@id\":\"https:\/\/www.visit-ulcinj.com\/blog\/2012\/07\/23\/ulqini-e-vilipoja-ne-gare-per-turistet-nga-kosova\/#breadcrumb\",\"itemListElement\":[{\"@type\":\"ListItem\",\"position\":1,\"name\":\"Ulqini e Vilipoja, n\u00eb gar\u00eb p\u00ebr turist\u00ebt nga Kosova\"}]},{\"@type\":\"Person\",\"@id\":\"https:\/\/www.visit-ulcinj.com\/blog\/#\/schema\/person\/dcab619c614d3038751c63bc2aadc06d\",\"name\":\"ulqini\",\"sameAs\":[\"http:\/\/www.visit-ulcinj.com\"],\"url\":\"https:\/\/www.visit-ulcinj.com\/blog\/author\/admin\/\"}]}<\/script>\n<!-- \/ Yoast SEO plugin. -->","yoast_head_json":{"title":"Ulqini e Vilipoja, n\u00eb gar\u00eb p\u00ebr turist\u00ebt nga Kosova - Lajme nga Ulqini","description":"Shkod\u00ebr-Velipoj\u00eb, 23 korrik -\u00a0 Velipoja dhe Ulqini jan\u00eb v\u00ebn\u00eb n\u00eb gar\u00eb se kush t\u00eb t\u00ebrheq\u00eb m\u00eb shum\u00eb turist\u00eb nga Kosova. Ulqini pas vitit 1999 nuk \u00ebsht\u00eb m\u00eb","robots":{"index":"index","follow":"follow","max-snippet":"max-snippet:-1","max-image-preview":"max-image-preview:large","max-video-preview":"max-video-preview:-1"},"canonical":"https:\/\/www.visit-ulcinj.com\/blog\/2012\/07\/23\/ulqini-e-vilipoja-ne-gare-per-turistet-nga-kosova\/","og_locale":"en_US","og_type":"article","og_title":"Ulqini e Vilipoja, n\u00eb gar\u00eb p\u00ebr turist\u00ebt nga Kosova - Lajme nga Ulqini","og_description":"Shkod\u00ebr-Velipoj\u00eb, 23 korrik -\u00a0 Velipoja dhe Ulqini jan\u00eb v\u00ebn\u00eb n\u00eb gar\u00eb se kush t\u00eb t\u00ebrheq\u00eb m\u00eb shum\u00eb turist\u00eb nga Kosova. Ulqini pas vitit 1999 nuk \u00ebsht\u00eb m\u00eb","og_url":"https:\/\/www.visit-ulcinj.com\/blog\/2012\/07\/23\/ulqini-e-vilipoja-ne-gare-per-turistet-nga-kosova\/","og_site_name":"Lajme nga Ulqini","article_published_time":"2012-07-23T17:41:08+00:00","article_modified_time":"2012-07-26T13:24:34+00:00","og_image":[{"url":"http:\/\/www.visit-ulcinj.com\/blog\/wp-content\/uploads\/2012\/07\/Vera-2012-ne-Ulqin.jpg"}],"twitter_misc":{"Written by":"ulqini","Est. reading time":"4 minutes"},"schema":{"@context":"https:\/\/schema.org","@graph":[{"@type":"WebSite","@id":"https:\/\/www.visit-ulcinj.com\/blog\/#website","url":"https:\/\/www.visit-ulcinj.com\/blog\/","name":"Lajme nga Ulqini","description":"Lajme,Vijesti,Ulqini,Ulqin,Crna Gora,Mali i Zi","potentialAction":[{"@type":"SearchAction","target":{"@type":"EntryPoint","urlTemplate":"https:\/\/www.visit-ulcinj.com\/blog\/?s={search_term_string}"},"query-input":"required name=search_term_string"}],"inLanguage":"en-US"},{"@type":"ImageObject","inLanguage":"en-US","@id":"https:\/\/www.visit-ulcinj.com\/blog\/2012\/07\/23\/ulqini-e-vilipoja-ne-gare-per-turistet-nga-kosova\/#primaryimage","url":"https:\/\/www.visit-ulcinj.com\/blog\/wp-content\/uploads\/2012\/07\/Vera-2012-ne-Ulqin.jpg","contentUrl":"https:\/\/www.visit-ulcinj.com\/blog\/wp-content\/uploads\/2012\/07\/Vera-2012-ne-Ulqin.jpg","width":"720","height":"520"},{"@type":"WebPage","@id":"https:\/\/www.visit-ulcinj.com\/blog\/2012\/07\/23\/ulqini-e-vilipoja-ne-gare-per-turistet-nga-kosova\/#webpage","url":"https:\/\/www.visit-ulcinj.com\/blog\/2012\/07\/23\/ulqini-e-vilipoja-ne-gare-per-turistet-nga-kosova\/","name":"Ulqini e Vilipoja, n\u00eb gar\u00eb p\u00ebr turist\u00ebt nga Kosova - Lajme nga Ulqini","isPartOf":{"@id":"https:\/\/www.visit-ulcinj.com\/blog\/#website"},"primaryImageOfPage":{"@id":"https:\/\/www.visit-ulcinj.com\/blog\/2012\/07\/23\/ulqini-e-vilipoja-ne-gare-per-turistet-nga-kosova\/#primaryimage"},"datePublished":"2012-07-23T17:41:08+00:00","dateModified":"2012-07-26T13:24:34+00:00","author":{"@id":"https:\/\/www.visit-ulcinj.com\/blog\/#\/schema\/person\/dcab619c614d3038751c63bc2aadc06d"},"description":"Shkod\u00ebr-Velipoj\u00eb, 23 korrik -\u00a0 Velipoja dhe Ulqini jan\u00eb v\u00ebn\u00eb n\u00eb gar\u00eb se kush t\u00eb t\u00ebrheq\u00eb m\u00eb shum\u00eb turist\u00eb nga Kosova. Ulqini pas vitit 1999 nuk \u00ebsht\u00eb m\u00eb","breadcrumb":{"@id":"https:\/\/www.visit-ulcinj.com\/blog\/2012\/07\/23\/ulqini-e-vilipoja-ne-gare-per-turistet-nga-kosova\/#breadcrumb"},"inLanguage":"en-US","potentialAction":[{"@type":"ReadAction","target":["https:\/\/www.visit-ulcinj.com\/blog\/2012\/07\/23\/ulqini-e-vilipoja-ne-gare-per-turistet-nga-kosova\/"]}]},{"@type":"BreadcrumbList","@id":"https:\/\/www.visit-ulcinj.com\/blog\/2012\/07\/23\/ulqini-e-vilipoja-ne-gare-per-turistet-nga-kosova\/#breadcrumb","itemListElement":[{"@type":"ListItem","position":1,"name":"Ulqini e Vilipoja, n\u00eb gar\u00eb p\u00ebr turist\u00ebt nga Kosova"}]},{"@type":"Person","@id":"https:\/\/www.visit-ulcinj.com\/blog\/#\/schema\/person\/dcab619c614d3038751c63bc2aadc06d","name":"ulqini","sameAs":["http:\/\/www.visit-ulcinj.com"],"url":"https:\/\/www.visit-ulcinj.com\/blog\/author\/admin\/"}]}},"jetpack_featured_media_url":"","jetpack_sharing_enabled":true,"jetpack_shortlink":"https:\/\/wp.me\/pe6lTn-gdg","_links":{"self":[{"href":"https:\/\/www.visit-ulcinj.com\/blog\/wp-json\/wp\/v2\/posts\/62326"}],"collection":[{"href":"https:\/\/www.visit-ulcinj.com\/blog\/wp-json\/wp\/v2\/posts"}],"about":[{"href":"https:\/\/www.visit-ulcinj.com\/blog\/wp-json\/wp\/v2\/types\/post"}],"author":[{"embeddable":true,"href":"https:\/\/www.visit-ulcinj.com\/blog\/wp-json\/wp\/v2\/users\/1"}],"replies":[{"embeddable":true,"href":"https:\/\/www.visit-ulcinj.com\/blog\/wp-json\/wp\/v2\/comments?post=62326"}],"version-history":[{"count":4,"href":"https:\/\/www.visit-ulcinj.com\/blog\/wp-json\/wp\/v2\/posts\/62326\/revisions"}],"predecessor-version":[{"id":62357,"href":"https:\/\/www.visit-ulcinj.com\/blog\/wp-json\/wp\/v2\/posts\/62326\/revisions\/62357"}],"wp:attachment":[{"href":"https:\/\/www.visit-ulcinj.com\/blog\/wp-json\/wp\/v2\/media?parent=62326"}],"wp:term":[{"taxonomy":"category","embeddable":true,"href":"https:\/\/www.visit-ulcinj.com\/blog\/wp-json\/wp\/v2\/categories?post=62326"},{"taxonomy":"post_tag","embeddable":true,"href":"https:\/\/www.visit-ulcinj.com\/blog\/wp-json\/wp\/v2\/tags?post=62326"}],"curies":[{"name":"wp","href":"https:\/\/api.w.org\/{rel}","templated":true}]}}