{"id":62333,"date":"2012-07-23T22:19:25","date_gmt":"2012-07-23T21:19:25","guid":{"rendered":"http:\/\/www.visit-ulcinj.com\/blog\/?p=62333"},"modified":"2012-07-23T22:19:25","modified_gmt":"2012-07-23T21:19:25","slug":"zenka-shqiptaret-presin-nje-liste-te-perbashket","status":"publish","type":"post","link":"https:\/\/www.visit-ulcinj.com\/blog\/2012\/07\/23\/zenka-shqiptaret-presin-nje-liste-te-perbashket\/","title":{"rendered":"Zenka: Shqiptar\u00ebt presin nj\u00eb list\u00eb t\u00eb p\u00ebrbashk\u00ebt"},"content":{"rendered":"<p><strong><a href=\"http:\/\/www.visit-ulcinj.com\/blog\/wp-content\/uploads\/2012\/07\/Mehmet-Zenka-_UDSH_Ulqin.jpg\"><img loading=\"lazy\" class=\"alignleft size-full wp-image-62334\" title=\"Mehmet Zenka _UDSH_Ulqin\" src=\"http:\/\/www.visit-ulcinj.com\/blog\/wp-content\/uploads\/2012\/07\/Mehmet-Zenka-_UDSH_Ulqin.jpg\" alt=\"\" width=\"295\" height=\"278\" \/><\/a>Kryetari dhe Deputeti i UDSH-s\u00eb Mehmet Zenka\u00a0 deklaroi se shqiptar\u00ebt presin nj\u00eb list\u00eb t\u00eb p\u00ebrbashk\u00ebt<\/strong><\/p>\n<p>Shqiptar\u00ebt n\u00eb Mal t\u00eb Zi presin q\u00eb t\u00eb gjitha partit\u00eb shqiptare n\u00eb zgjedhjet e ardhshme t\u00eb ndodh\u00ebn n\u00eb nj\u00eb koalicion t\u00eb p\u00ebrbashk\u00ebt, deklaroi Mehmet Zenka Deputet i Unionit Demokratik t\u00eb Shqiptar\u00ebve n\u00eb Mal t\u00eb Zi. Ai shtoi se UDSH \u00ebsht\u00eb e gatshme p\u00ebr t\u00eb b\u00ebr\u00eb nj\u00eb list\u00eb t\u00eb vetme t\u00eb t\u00eb gjitha partive shqiptare.<\/p>\n<p>\u201cNe do t\u00eb punojm\u00eb n\u00eb k\u00ebto dit\u00eb n\u00eb k\u00ebt\u00eb drejtim , edhe pse un\u00eb nuk e di se sa do t\u00eb arrijm\u00eb p\u00ebr t\u00eb kap\u00ebrcyer mosmarr\u00ebveshjet nd\u00ebr-partiake dhe p\u00ebr t\u00eb r\u00ebn\u00eb dakord. Trupi Shqiptar k\u00ebt\u00eb e k\u00ebrkon \u00a0nga t\u00eb gjitha subjektet shqiptare, k\u00ebshtu q\u00eb un\u00eb besoj se do t\u00eb gjejm\u00eb nj\u00eb gjuh\u00eb t\u00eb p\u00ebrbashk\u00ebt, \u201cdeklaroi\u00a0 p\u00ebr agjencin\u00eb \u2018\u2019MINA\u2019\u2019 Mehmet Zenka.<\/p>\n<p>Sipas tij, UDSH \u00ebsht\u00eb e gatshme p\u00ebr koalicion para-zgjedhor, por vet\u00ebm me partit\u00eb shqiptare.<\/p>\n<p>\u201d N\u00eb koalicion para-zgjedhor, vjen n\u00eb diskutim koalicioni vet\u00ebm me ndonj\u00eb parti shqiptare. Mbas zgjedhjet \u00a0jemi t\u00eb hapura p\u00ebr pjes\u00ebmarrje me partner\u00ebt \u00a0aktual\u00eb, n\u00ebse p\u00ebrs\u00ebri do kemi nj\u00eb gjuh\u00eb t\u00eb p\u00ebrbashk\u00ebt \u201c.<\/p>\n<p>Ai poashtu theksoi se UDSH \u00ebsht\u00eb e gatshme p\u00ebr zgjedhjet parlamentare.<\/p>\n<p>Sipas\u00a0 tij \u201cUDSH \u00ebsht\u00eb duke u p\u00ebrgatite p\u00ebr zgjedhje. Mendoj se jemi \u00a0duke i pritur me gatishm\u00ebri zgjedhjet , dhe poashtu anketat tregojn\u00eb se trupi shqiptar jan\u00eb p\u00ebrs\u00ebri edhe m\u00eb t\u00eb gatsh\u00ebm t\u00eb votojn\u00eb p\u00ebr ne\u201d.<\/p>\n<p>N\u00eb rast se dalin individualisht, sipas tij, pret se do t\u00eb fitojn\u00eb \u00a0mas \u00a0paktit \u00a0nj\u00eb mandat.<\/p>\n<p>Zenka, poashtu ka p\u00ebrjashtuar mund\u00ebsin\u00eb q\u00eb UDSH ti bashk\u00ebngjitet \u00a0Frontit Demokratik.<\/p>\n<p>\u201cProgramet politike i kemi shum\u00eb t\u00eb larg\u00ebta. Gjer sa t\u00eb vijn\u00eb koh\u00eb m\u00eb t\u00eb mira dhe deri sa ne t\u00eb \u00a0gjejm\u00eb disa pika programore\u00a0 t\u00eb ngjashme, nuk vjen n\u00eb konsiderim \u00a0bashkimi i\u00a0 UDSH-s\u00eb, \u00a0me frontin e opozit\u00ebs, \u201d deklaroi Zenka.<\/p>\n<p>N\u00eb Deklarat\u00ebn\u00a0 se Fronti Demokratik nuk \u00ebsht\u00eb dakorduar ende dhe nuk e ka prezantuar programin, \u00a0Zenka \u00a0deklaroi se prap\u00eb aji nuk sheh aty asnj\u00eb mund\u00ebsi t\u00eb bashk\u00ebpunimit.<\/p>\n<p>Zenka, tha \u00a0se deri me \u00a0tani\u00a0 nuk ka pasur iniciativa zyrtare \u00a0t\u00eb koalicionit qeveris\u00ebs\u00a0 p\u00ebr pjes\u00ebmarrje \u00a0t\u00eb p\u00ebrbashk\u00ebt n\u00eb koalicion parazgjedhor .Por n\u00eb kontaktet e tyre t\u00eb p\u00ebrbashk\u00ebta, nuk \u00a0kan\u00eb par\u00eb asnj\u00eb arsye q\u00eb n\u00eb koalicion pas zgjedhor\u00a0 t\u00eb mos jen\u00eb s\u00eb bashku.<\/p>\n<p><strong>Albert Camaj<\/strong><\/p>\n<p><strong>MALESIA.ORG<\/strong><\/p>\n","protected":false},"excerpt":{"rendered":"<p>Kryetari dhe Deputeti i UDSH-s\u00eb Mehmet Zenka\u00a0 deklaroi se shqiptar\u00ebt presin nj\u00eb list\u00eb t\u00eb p\u00ebrbashk\u00ebt Shqiptar\u00ebt n\u00eb Mal t\u00eb Zi presin q\u00eb t\u00eb gjitha partit\u00eb shqiptare n\u00eb zgjedhjet e ardhshme t\u00eb ndodh\u00ebn n\u00eb nj\u00eb koalicion t\u00eb p\u00ebrbashk\u00ebt, deklaroi Mehmet Zenka Deputet i Unionit Demokratik t\u00eb Shqiptar\u00ebve n\u00eb Mal t\u00eb Zi. Ai shtoi se UDSH \u00ebsht\u00eb [&hellip;]<\/p>\n","protected":false},"author":1,"featured_media":0,"comment_status":"open","ping_status":"closed","sticky":false,"template":"","format":"standard","meta":{"spay_email":"","jetpack_publicize_message":"","jetpack_is_tweetstorm":false,"jetpack_publicize_feature_enabled":true},"categories":[6],"tags":[3371],"jetpack_publicize_connections":[],"yoast_head":"<!-- This site is optimized with the Yoast SEO plugin v19.1 - https:\/\/yoast.com\/wordpress\/plugins\/seo\/ -->\n<title>Zenka: Shqiptar\u00ebt presin nj\u00eb list\u00eb t\u00eb p\u00ebrbashk\u00ebt - Lajme nga Ulqini<\/title>\n<meta name=\"description\" content=\"Kryetari dhe Deputeti i UDSH-s\u00eb Mehmet Zenka\u00a0 deklaroi se shqiptar\u00ebt presin nj\u00eb list\u00eb t\u00eb p\u00ebrbashk\u00ebt Shqiptar\u00ebt n\u00eb Mal t\u00eb Zi presin q\u00eb t\u00eb gjitha partit\u00eb\" \/>\n<meta name=\"robots\" content=\"index, follow, max-snippet:-1, max-image-preview:large, max-video-preview:-1\" \/>\n<link rel=\"canonical\" href=\"https:\/\/www.visit-ulcinj.com\/blog\/2012\/07\/23\/zenka-shqiptaret-presin-nje-liste-te-perbashket\/\" \/>\n<meta property=\"og:locale\" content=\"en_US\" \/>\n<meta property=\"og:type\" content=\"article\" \/>\n<meta property=\"og:title\" content=\"Zenka: Shqiptar\u00ebt presin nj\u00eb list\u00eb t\u00eb p\u00ebrbashk\u00ebt - Lajme nga Ulqini\" \/>\n<meta property=\"og:description\" content=\"Kryetari dhe Deputeti i UDSH-s\u00eb Mehmet Zenka\u00a0 deklaroi se shqiptar\u00ebt presin nj\u00eb list\u00eb t\u00eb p\u00ebrbashk\u00ebt Shqiptar\u00ebt n\u00eb Mal t\u00eb Zi presin q\u00eb t\u00eb gjitha partit\u00eb\" \/>\n<meta property=\"og:url\" content=\"https:\/\/www.visit-ulcinj.com\/blog\/2012\/07\/23\/zenka-shqiptaret-presin-nje-liste-te-perbashket\/\" \/>\n<meta property=\"og:site_name\" content=\"Lajme nga Ulqini\" \/>\n<meta property=\"article:published_time\" content=\"2012-07-23T21:19:25+00:00\" \/>\n<meta property=\"og:image\" content=\"http:\/\/www.visit-ulcinj.com\/blog\/wp-content\/uploads\/2012\/07\/Mehmet-Zenka-_UDSH_Ulqin.jpg\" \/>\n<meta name=\"twitter:label1\" content=\"Written by\" \/>\n\t<meta name=\"twitter:data1\" content=\"ulqini\" \/>\n\t<meta name=\"twitter:label2\" content=\"Est. reading time\" \/>\n\t<meta name=\"twitter:data2\" content=\"2 minutes\" \/>\n<script type=\"application\/ld+json\" class=\"yoast-schema-graph\">{\"@context\":\"https:\/\/schema.org\",\"@graph\":[{\"@type\":\"WebSite\",\"@id\":\"https:\/\/www.visit-ulcinj.com\/blog\/#website\",\"url\":\"https:\/\/www.visit-ulcinj.com\/blog\/\",\"name\":\"Lajme nga Ulqini\",\"description\":\"Lajme,Vijesti,Ulqini,Ulqin,Crna Gora,Mali i Zi\",\"potentialAction\":[{\"@type\":\"SearchAction\",\"target\":{\"@type\":\"EntryPoint\",\"urlTemplate\":\"https:\/\/www.visit-ulcinj.com\/blog\/?s={search_term_string}\"},\"query-input\":\"required name=search_term_string\"}],\"inLanguage\":\"en-US\"},{\"@type\":\"ImageObject\",\"inLanguage\":\"en-US\",\"@id\":\"https:\/\/www.visit-ulcinj.com\/blog\/2012\/07\/23\/zenka-shqiptaret-presin-nje-liste-te-perbashket\/#primaryimage\",\"url\":\"https:\/\/www.visit-ulcinj.com\/blog\/wp-content\/uploads\/2012\/07\/Mehmet-Zenka-_UDSH_Ulqin.jpg\",\"contentUrl\":\"https:\/\/www.visit-ulcinj.com\/blog\/wp-content\/uploads\/2012\/07\/Mehmet-Zenka-_UDSH_Ulqin.jpg\",\"width\":\"295\",\"height\":\"278\"},{\"@type\":\"WebPage\",\"@id\":\"https:\/\/www.visit-ulcinj.com\/blog\/2012\/07\/23\/zenka-shqiptaret-presin-nje-liste-te-perbashket\/#webpage\",\"url\":\"https:\/\/www.visit-ulcinj.com\/blog\/2012\/07\/23\/zenka-shqiptaret-presin-nje-liste-te-perbashket\/\",\"name\":\"Zenka: Shqiptar\u00ebt presin nj\u00eb list\u00eb t\u00eb p\u00ebrbashk\u00ebt - Lajme nga Ulqini\",\"isPartOf\":{\"@id\":\"https:\/\/www.visit-ulcinj.com\/blog\/#website\"},\"primaryImageOfPage\":{\"@id\":\"https:\/\/www.visit-ulcinj.com\/blog\/2012\/07\/23\/zenka-shqiptaret-presin-nje-liste-te-perbashket\/#primaryimage\"},\"datePublished\":\"2012-07-23T21:19:25+00:00\",\"dateModified\":\"2012-07-23T21:19:25+00:00\",\"author\":{\"@id\":\"https:\/\/www.visit-ulcinj.com\/blog\/#\/schema\/person\/dcab619c614d3038751c63bc2aadc06d\"},\"description\":\"Kryetari dhe Deputeti i UDSH-s\u00eb Mehmet Zenka\u00a0 deklaroi se shqiptar\u00ebt presin nj\u00eb list\u00eb t\u00eb p\u00ebrbashk\u00ebt Shqiptar\u00ebt n\u00eb Mal t\u00eb Zi presin q\u00eb t\u00eb gjitha partit\u00eb\",\"breadcrumb\":{\"@id\":\"https:\/\/www.visit-ulcinj.com\/blog\/2012\/07\/23\/zenka-shqiptaret-presin-nje-liste-te-perbashket\/#breadcrumb\"},\"inLanguage\":\"en-US\",\"potentialAction\":[{\"@type\":\"ReadAction\",\"target\":[\"https:\/\/www.visit-ulcinj.com\/blog\/2012\/07\/23\/zenka-shqiptaret-presin-nje-liste-te-perbashket\/\"]}]},{\"@type\":\"BreadcrumbList\",\"@id\":\"https:\/\/www.visit-ulcinj.com\/blog\/2012\/07\/23\/zenka-shqiptaret-presin-nje-liste-te-perbashket\/#breadcrumb\",\"itemListElement\":[{\"@type\":\"ListItem\",\"position\":1,\"name\":\"Zenka: Shqiptar\u00ebt presin nj\u00eb list\u00eb t\u00eb p\u00ebrbashk\u00ebt\"}]},{\"@type\":\"Person\",\"@id\":\"https:\/\/www.visit-ulcinj.com\/blog\/#\/schema\/person\/dcab619c614d3038751c63bc2aadc06d\",\"name\":\"ulqini\",\"sameAs\":[\"http:\/\/www.visit-ulcinj.com\"],\"url\":\"https:\/\/www.visit-ulcinj.com\/blog\/author\/admin\/\"}]}<\/script>\n<!-- \/ Yoast SEO plugin. -->","yoast_head_json":{"title":"Zenka: Shqiptar\u00ebt presin nj\u00eb list\u00eb t\u00eb p\u00ebrbashk\u00ebt - Lajme nga Ulqini","description":"Kryetari dhe Deputeti i UDSH-s\u00eb Mehmet Zenka\u00a0 deklaroi se shqiptar\u00ebt presin nj\u00eb list\u00eb t\u00eb p\u00ebrbashk\u00ebt Shqiptar\u00ebt n\u00eb Mal t\u00eb Zi presin q\u00eb t\u00eb gjitha partit\u00eb","robots":{"index":"index","follow":"follow","max-snippet":"max-snippet:-1","max-image-preview":"max-image-preview:large","max-video-preview":"max-video-preview:-1"},"canonical":"https:\/\/www.visit-ulcinj.com\/blog\/2012\/07\/23\/zenka-shqiptaret-presin-nje-liste-te-perbashket\/","og_locale":"en_US","og_type":"article","og_title":"Zenka: Shqiptar\u00ebt presin nj\u00eb list\u00eb t\u00eb p\u00ebrbashk\u00ebt - Lajme nga Ulqini","og_description":"Kryetari dhe Deputeti i UDSH-s\u00eb Mehmet Zenka\u00a0 deklaroi se shqiptar\u00ebt presin nj\u00eb list\u00eb t\u00eb p\u00ebrbashk\u00ebt Shqiptar\u00ebt n\u00eb Mal t\u00eb Zi presin q\u00eb t\u00eb gjitha partit\u00eb","og_url":"https:\/\/www.visit-ulcinj.com\/blog\/2012\/07\/23\/zenka-shqiptaret-presin-nje-liste-te-perbashket\/","og_site_name":"Lajme nga Ulqini","article_published_time":"2012-07-23T21:19:25+00:00","og_image":[{"url":"http:\/\/www.visit-ulcinj.com\/blog\/wp-content\/uploads\/2012\/07\/Mehmet-Zenka-_UDSH_Ulqin.jpg"}],"twitter_misc":{"Written by":"ulqini","Est. reading time":"2 minutes"},"schema":{"@context":"https:\/\/schema.org","@graph":[{"@type":"WebSite","@id":"https:\/\/www.visit-ulcinj.com\/blog\/#website","url":"https:\/\/www.visit-ulcinj.com\/blog\/","name":"Lajme nga Ulqini","description":"Lajme,Vijesti,Ulqini,Ulqin,Crna Gora,Mali i Zi","potentialAction":[{"@type":"SearchAction","target":{"@type":"EntryPoint","urlTemplate":"https:\/\/www.visit-ulcinj.com\/blog\/?s={search_term_string}"},"query-input":"required name=search_term_string"}],"inLanguage":"en-US"},{"@type":"ImageObject","inLanguage":"en-US","@id":"https:\/\/www.visit-ulcinj.com\/blog\/2012\/07\/23\/zenka-shqiptaret-presin-nje-liste-te-perbashket\/#primaryimage","url":"https:\/\/www.visit-ulcinj.com\/blog\/wp-content\/uploads\/2012\/07\/Mehmet-Zenka-_UDSH_Ulqin.jpg","contentUrl":"https:\/\/www.visit-ulcinj.com\/blog\/wp-content\/uploads\/2012\/07\/Mehmet-Zenka-_UDSH_Ulqin.jpg","width":"295","height":"278"},{"@type":"WebPage","@id":"https:\/\/www.visit-ulcinj.com\/blog\/2012\/07\/23\/zenka-shqiptaret-presin-nje-liste-te-perbashket\/#webpage","url":"https:\/\/www.visit-ulcinj.com\/blog\/2012\/07\/23\/zenka-shqiptaret-presin-nje-liste-te-perbashket\/","name":"Zenka: Shqiptar\u00ebt presin nj\u00eb list\u00eb t\u00eb p\u00ebrbashk\u00ebt - Lajme nga Ulqini","isPartOf":{"@id":"https:\/\/www.visit-ulcinj.com\/blog\/#website"},"primaryImageOfPage":{"@id":"https:\/\/www.visit-ulcinj.com\/blog\/2012\/07\/23\/zenka-shqiptaret-presin-nje-liste-te-perbashket\/#primaryimage"},"datePublished":"2012-07-23T21:19:25+00:00","dateModified":"2012-07-23T21:19:25+00:00","author":{"@id":"https:\/\/www.visit-ulcinj.com\/blog\/#\/schema\/person\/dcab619c614d3038751c63bc2aadc06d"},"description":"Kryetari dhe Deputeti i UDSH-s\u00eb Mehmet Zenka\u00a0 deklaroi se shqiptar\u00ebt presin nj\u00eb list\u00eb t\u00eb p\u00ebrbashk\u00ebt Shqiptar\u00ebt n\u00eb Mal t\u00eb Zi presin q\u00eb t\u00eb gjitha partit\u00eb","breadcrumb":{"@id":"https:\/\/www.visit-ulcinj.com\/blog\/2012\/07\/23\/zenka-shqiptaret-presin-nje-liste-te-perbashket\/#breadcrumb"},"inLanguage":"en-US","potentialAction":[{"@type":"ReadAction","target":["https:\/\/www.visit-ulcinj.com\/blog\/2012\/07\/23\/zenka-shqiptaret-presin-nje-liste-te-perbashket\/"]}]},{"@type":"BreadcrumbList","@id":"https:\/\/www.visit-ulcinj.com\/blog\/2012\/07\/23\/zenka-shqiptaret-presin-nje-liste-te-perbashket\/#breadcrumb","itemListElement":[{"@type":"ListItem","position":1,"name":"Zenka: Shqiptar\u00ebt presin nj\u00eb list\u00eb t\u00eb p\u00ebrbashk\u00ebt"}]},{"@type":"Person","@id":"https:\/\/www.visit-ulcinj.com\/blog\/#\/schema\/person\/dcab619c614d3038751c63bc2aadc06d","name":"ulqini","sameAs":["http:\/\/www.visit-ulcinj.com"],"url":"https:\/\/www.visit-ulcinj.com\/blog\/author\/admin\/"}]}},"jetpack_featured_media_url":"","jetpack_sharing_enabled":true,"jetpack_shortlink":"https:\/\/wp.me\/pe6lTn-gdn","_links":{"self":[{"href":"https:\/\/www.visit-ulcinj.com\/blog\/wp-json\/wp\/v2\/posts\/62333"}],"collection":[{"href":"https:\/\/www.visit-ulcinj.com\/blog\/wp-json\/wp\/v2\/posts"}],"about":[{"href":"https:\/\/www.visit-ulcinj.com\/blog\/wp-json\/wp\/v2\/types\/post"}],"author":[{"embeddable":true,"href":"https:\/\/www.visit-ulcinj.com\/blog\/wp-json\/wp\/v2\/users\/1"}],"replies":[{"embeddable":true,"href":"https:\/\/www.visit-ulcinj.com\/blog\/wp-json\/wp\/v2\/comments?post=62333"}],"version-history":[{"count":2,"href":"https:\/\/www.visit-ulcinj.com\/blog\/wp-json\/wp\/v2\/posts\/62333\/revisions"}],"predecessor-version":[{"id":62336,"href":"https:\/\/www.visit-ulcinj.com\/blog\/wp-json\/wp\/v2\/posts\/62333\/revisions\/62336"}],"wp:attachment":[{"href":"https:\/\/www.visit-ulcinj.com\/blog\/wp-json\/wp\/v2\/media?parent=62333"}],"wp:term":[{"taxonomy":"category","embeddable":true,"href":"https:\/\/www.visit-ulcinj.com\/blog\/wp-json\/wp\/v2\/categories?post=62333"},{"taxonomy":"post_tag","embeddable":true,"href":"https:\/\/www.visit-ulcinj.com\/blog\/wp-json\/wp\/v2\/tags?post=62333"}],"curies":[{"name":"wp","href":"https:\/\/api.w.org\/{rel}","templated":true}]}}