{"id":62337,"date":"2012-07-23T22:36:37","date_gmt":"2012-07-23T21:36:37","guid":{"rendered":"http:\/\/www.visit-ulcinj.com\/blog\/?p=62337"},"modified":"2012-07-23T22:36:37","modified_gmt":"2012-07-23T21:36:37","slug":"camaj-iz-dscg-povucite-ministra-i-idemo-u-koaliciju","status":"publish","type":"post","link":"https:\/\/www.visit-ulcinj.com\/blog\/2012\/07\/23\/camaj-iz-dscg-povucite-ministra-i-idemo-u-koaliciju\/","title":{"rendered":"Camaj iz DSCG: Povucite ministra i idemo u koaliciju"},"content":{"rendered":"<p><a href=\"http:\/\/www.visit-ulcinj.com\/blog\/wp-content\/uploads\/2012\/07\/NIKOLLE-CAMAJ.jpg\"><img loading=\"lazy\" class=\"alignleft  wp-image-62338\" title=\"NIKOLLE CAMAJ\" src=\"http:\/\/www.visit-ulcinj.com\/blog\/wp-content\/uploads\/2012\/07\/NIKOLLE-CAMAJ.jpg\" alt=\"\" width=\"508\" height=\"360\" \/><\/a>Predstavnik Demokratskog saveza u Crnoj Gori (DSCG) Nikola Camaj pozvao je Demokratsku uniju Albanaca (DUA) da napusti Vladu i priklju\u010di se koaliciji albanskih partija za idu\u0107e izbore. Camaj je ju\u010de za \u201eDan\u201d naveo da \u0107e \u010delnici albanskih stranaka za desetak dana, nakon \u0161to se skrati mandat Skup\u0161tini, organizovati novi sastanak da bi dogovorili dalje poteze.<br \/>\nS druge strane, lider DUA Mehmet Zenka kazao je da Albanci u Crnoj Gori o\u010dekuju da sve albanske stranke na predstoje\u0107im izborima nastupe u koaliciji. On je poru\u010dio da je DUA raspolo\u017eena da se napravi jedinstvena lista svih albanskih partija.<br \/>\n\u2013 Radi\u0107emo ovih dana na tome, mada ne znam koliko \u0107emo uspjeti da prevazi\u0111emo me\u0111ustrana\u010dke nesuglasice i da se dogovorimo. Albansko tijelo to tra\u017ei od svih albanskih subjekata, pa vjerujem da \u0107e se na\u0107i neki zajedni\u010dki jezik \u2013 rekao je Zenka agenciji Mina.<br \/>\nNikola Camaj je istakao da ministar iz reda DUA \u201eionako slu\u017ei kao dekor vlasti pred slu\u017ebenim Briselom kako bi se glumilo da u Crnoj Gori postoji adekvatna zastupljenost manjina u organima vlasti\u201d.<br \/>\n\u2013 Najbolje bi bilo da kao odgovor na politi\u010dki zulum koji su prilikom usvajanja izbornog zakona vlast i opozicija sproveli prave\u0107i dvotre\u0107insku koaliciju, Albanci formiraju jedinstvenu izbornu listu. Ho\u0107e li stvarno do toga do\u0107i, to sada ne znam. Strahujem da \u0107e biti te\u0161ko pomiriti razlike koje sada postoje izme\u0111u partija koje u\u010destvuju u vlasti i onih koje ne u\u010destvuju. Osim jednostvenog nastupa, opcija je i izlazak u dvije kolone, kao i da bojkotujemo parlamentarne izbore, jer nad nama je izvr\u0161en politi\u010dki zulum od vlasti i opozicije. Vidje\u0107emo \u0161ta \u0107e biti \u2013 istakao je Camaj.<br \/>\nIz ugla Mehmeta Zenke, DUA je spremna za predizborne koalicije, ali samo sa albanskim strankama. Podsjetimo, DUA je godinama u savezu sa DPS-om, a osniva\u010d te stranke, Ferhat Dino\u0161a, na funkciji je crnogorskog ambasadora u Albaniji. Trenutno DUA ima jednog ministra \u2013 Hamdi Hasanija, koji je nedavno izabran za \u010delnika resora manjinskih prava.<br \/>\nMehmet Zenka ka\u017ee da su \u201eposlije izbora otvoreni za nastup sa dosada\u0161njim partnerima, ako jo\u0161 bude takvog raspolo\u017eenja\u201d.<br \/>\n\u2013 DUA se priprema za izbore. Mislimo da ih \u010dekamo spremi, a i ankete pokazuju da je albansko tijelo malo vi\u0161e raspolo\u017eeno da glasa za nas. U slu\u010daju samostalnog nastupa o\u010dekujemo najmanje jedan mandat \u2013 kazao je Zenka.<br \/>\nLider DUA isklju\u010dio je mogu\u0107nost da se ta stranka priklju\u010di Demokratskom frontu.<br \/>\n<a href=\"http:\/\/www.dan.co.me\/?nivo=3&amp;rubrika=Politika&amp;clanak=340224&amp;najdatum=2012-07-22&amp;datum=2012-07-23&amp;naslov=Povucite%20ministra%20i%20idemo%20u%20koaliciju\" target=\"_blank\"><strong>M.V.<\/strong><\/a><\/p>\n<p><a href=\"http:\/\/www.dan.co.me\/?nivo=3&amp;rubrika=Politika&amp;clanak=340224&amp;najdatum=2012-07-22&amp;datum=2012-07-23&amp;naslov=Povucite%20ministra%20i%20idemo%20u%20koaliciju\" target=\"_blank\"><strong>Izvor: DAN<\/strong><\/a><\/p>\n","protected":false},"excerpt":{"rendered":"<p>Predstavnik Demokratskog saveza u Crnoj Gori (DSCG) Nikola Camaj pozvao je Demokratsku uniju Albanaca (DUA) da napusti Vladu i priklju\u010di se koaliciji albanskih partija za idu\u0107e izbore. Camaj je ju\u010de za \u201eDan\u201d naveo da \u0107e \u010delnici albanskih stranaka za desetak dana, nakon \u0161to se skrati mandat Skup\u0161tini, organizovati novi sastanak da bi dogovorili dalje poteze. [&hellip;]<\/p>\n","protected":false},"author":1,"featured_media":0,"comment_status":"open","ping_status":"closed","sticky":false,"template":"","format":"standard","meta":{"spay_email":"","jetpack_publicize_message":"","jetpack_is_tweetstorm":false,"jetpack_publicize_feature_enabled":true},"categories":[8337],"tags":[1940],"jetpack_publicize_connections":[],"yoast_head":"<!-- This site is optimized with the Yoast SEO plugin v19.1 - https:\/\/yoast.com\/wordpress\/plugins\/seo\/ -->\n<title>Camaj iz DSCG: Povucite ministra i idemo u koaliciju - Lajme nga Ulqini<\/title>\n<meta name=\"description\" content=\"Predstavnik Demokratskog saveza u Crnoj Gori (DSCG) Nikola Camaj pozvao je Demokratsku uniju Albanaca (DUA) da napusti Vladu i priklju\u010di se koaliciji\" \/>\n<meta name=\"robots\" content=\"index, follow, max-snippet:-1, max-image-preview:large, max-video-preview:-1\" \/>\n<link rel=\"canonical\" href=\"https:\/\/www.visit-ulcinj.com\/blog\/2012\/07\/23\/camaj-iz-dscg-povucite-ministra-i-idemo-u-koaliciju\/\" \/>\n<meta property=\"og:locale\" content=\"en_US\" \/>\n<meta property=\"og:type\" content=\"article\" \/>\n<meta property=\"og:title\" content=\"Camaj iz DSCG: Povucite ministra i idemo u koaliciju - Lajme nga Ulqini\" \/>\n<meta property=\"og:description\" content=\"Predstavnik Demokratskog saveza u Crnoj Gori (DSCG) Nikola Camaj pozvao je Demokratsku uniju Albanaca (DUA) da napusti Vladu i priklju\u010di se koaliciji\" \/>\n<meta property=\"og:url\" content=\"https:\/\/www.visit-ulcinj.com\/blog\/2012\/07\/23\/camaj-iz-dscg-povucite-ministra-i-idemo-u-koaliciju\/\" \/>\n<meta property=\"og:site_name\" content=\"Lajme nga Ulqini\" \/>\n<meta property=\"article:published_time\" content=\"2012-07-23T21:36:37+00:00\" \/>\n<meta property=\"og:image\" content=\"http:\/\/www.visit-ulcinj.com\/blog\/wp-content\/uploads\/2012\/07\/NIKOLLE-CAMAJ.jpg\" \/>\n<meta name=\"twitter:label1\" content=\"Written by\" \/>\n\t<meta name=\"twitter:data1\" content=\"ulqini\" \/>\n\t<meta name=\"twitter:label2\" content=\"Est. reading time\" \/>\n\t<meta name=\"twitter:data2\" content=\"2 minutes\" \/>\n<script type=\"application\/ld+json\" class=\"yoast-schema-graph\">{\"@context\":\"https:\/\/schema.org\",\"@graph\":[{\"@type\":\"WebSite\",\"@id\":\"https:\/\/www.visit-ulcinj.com\/blog\/#website\",\"url\":\"https:\/\/www.visit-ulcinj.com\/blog\/\",\"name\":\"Lajme nga Ulqini\",\"description\":\"Lajme,Vijesti,Ulqini,Ulqin,Crna Gora,Mali i Zi\",\"potentialAction\":[{\"@type\":\"SearchAction\",\"target\":{\"@type\":\"EntryPoint\",\"urlTemplate\":\"https:\/\/www.visit-ulcinj.com\/blog\/?s={search_term_string}\"},\"query-input\":\"required name=search_term_string\"}],\"inLanguage\":\"en-US\"},{\"@type\":\"ImageObject\",\"inLanguage\":\"en-US\",\"@id\":\"https:\/\/www.visit-ulcinj.com\/blog\/2012\/07\/23\/camaj-iz-dscg-povucite-ministra-i-idemo-u-koaliciju\/#primaryimage\",\"url\":\"https:\/\/www.visit-ulcinj.com\/blog\/wp-content\/uploads\/2012\/07\/NIKOLLE-CAMAJ.jpg\",\"contentUrl\":\"https:\/\/www.visit-ulcinj.com\/blog\/wp-content\/uploads\/2012\/07\/NIKOLLE-CAMAJ.jpg\",\"width\":\"720\",\"height\":\"540\"},{\"@type\":\"WebPage\",\"@id\":\"https:\/\/www.visit-ulcinj.com\/blog\/2012\/07\/23\/camaj-iz-dscg-povucite-ministra-i-idemo-u-koaliciju\/#webpage\",\"url\":\"https:\/\/www.visit-ulcinj.com\/blog\/2012\/07\/23\/camaj-iz-dscg-povucite-ministra-i-idemo-u-koaliciju\/\",\"name\":\"Camaj iz DSCG: Povucite ministra i idemo u koaliciju - Lajme nga Ulqini\",\"isPartOf\":{\"@id\":\"https:\/\/www.visit-ulcinj.com\/blog\/#website\"},\"primaryImageOfPage\":{\"@id\":\"https:\/\/www.visit-ulcinj.com\/blog\/2012\/07\/23\/camaj-iz-dscg-povucite-ministra-i-idemo-u-koaliciju\/#primaryimage\"},\"datePublished\":\"2012-07-23T21:36:37+00:00\",\"dateModified\":\"2012-07-23T21:36:37+00:00\",\"author\":{\"@id\":\"https:\/\/www.visit-ulcinj.com\/blog\/#\/schema\/person\/dcab619c614d3038751c63bc2aadc06d\"},\"description\":\"Predstavnik Demokratskog saveza u Crnoj Gori (DSCG) Nikola Camaj pozvao je Demokratsku uniju Albanaca (DUA) da napusti Vladu i priklju\u010di se koaliciji\",\"breadcrumb\":{\"@id\":\"https:\/\/www.visit-ulcinj.com\/blog\/2012\/07\/23\/camaj-iz-dscg-povucite-ministra-i-idemo-u-koaliciju\/#breadcrumb\"},\"inLanguage\":\"en-US\",\"potentialAction\":[{\"@type\":\"ReadAction\",\"target\":[\"https:\/\/www.visit-ulcinj.com\/blog\/2012\/07\/23\/camaj-iz-dscg-povucite-ministra-i-idemo-u-koaliciju\/\"]}]},{\"@type\":\"BreadcrumbList\",\"@id\":\"https:\/\/www.visit-ulcinj.com\/blog\/2012\/07\/23\/camaj-iz-dscg-povucite-ministra-i-idemo-u-koaliciju\/#breadcrumb\",\"itemListElement\":[{\"@type\":\"ListItem\",\"position\":1,\"name\":\"Camaj iz DSCG: Povucite ministra i idemo u koaliciju\"}]},{\"@type\":\"Person\",\"@id\":\"https:\/\/www.visit-ulcinj.com\/blog\/#\/schema\/person\/dcab619c614d3038751c63bc2aadc06d\",\"name\":\"ulqini\",\"sameAs\":[\"http:\/\/www.visit-ulcinj.com\"],\"url\":\"https:\/\/www.visit-ulcinj.com\/blog\/author\/admin\/\"}]}<\/script>\n<!-- \/ Yoast SEO plugin. -->","yoast_head_json":{"title":"Camaj iz DSCG: Povucite ministra i idemo u koaliciju - Lajme nga Ulqini","description":"Predstavnik Demokratskog saveza u Crnoj Gori (DSCG) Nikola Camaj pozvao je Demokratsku uniju Albanaca (DUA) da napusti Vladu i priklju\u010di se koaliciji","robots":{"index":"index","follow":"follow","max-snippet":"max-snippet:-1","max-image-preview":"max-image-preview:large","max-video-preview":"max-video-preview:-1"},"canonical":"https:\/\/www.visit-ulcinj.com\/blog\/2012\/07\/23\/camaj-iz-dscg-povucite-ministra-i-idemo-u-koaliciju\/","og_locale":"en_US","og_type":"article","og_title":"Camaj iz DSCG: Povucite ministra i idemo u koaliciju - Lajme nga Ulqini","og_description":"Predstavnik Demokratskog saveza u Crnoj Gori (DSCG) Nikola Camaj pozvao je Demokratsku uniju Albanaca (DUA) da napusti Vladu i priklju\u010di se koaliciji","og_url":"https:\/\/www.visit-ulcinj.com\/blog\/2012\/07\/23\/camaj-iz-dscg-povucite-ministra-i-idemo-u-koaliciju\/","og_site_name":"Lajme nga Ulqini","article_published_time":"2012-07-23T21:36:37+00:00","og_image":[{"url":"http:\/\/www.visit-ulcinj.com\/blog\/wp-content\/uploads\/2012\/07\/NIKOLLE-CAMAJ.jpg"}],"twitter_misc":{"Written by":"ulqini","Est. reading time":"2 minutes"},"schema":{"@context":"https:\/\/schema.org","@graph":[{"@type":"WebSite","@id":"https:\/\/www.visit-ulcinj.com\/blog\/#website","url":"https:\/\/www.visit-ulcinj.com\/blog\/","name":"Lajme nga Ulqini","description":"Lajme,Vijesti,Ulqini,Ulqin,Crna Gora,Mali i Zi","potentialAction":[{"@type":"SearchAction","target":{"@type":"EntryPoint","urlTemplate":"https:\/\/www.visit-ulcinj.com\/blog\/?s={search_term_string}"},"query-input":"required name=search_term_string"}],"inLanguage":"en-US"},{"@type":"ImageObject","inLanguage":"en-US","@id":"https:\/\/www.visit-ulcinj.com\/blog\/2012\/07\/23\/camaj-iz-dscg-povucite-ministra-i-idemo-u-koaliciju\/#primaryimage","url":"https:\/\/www.visit-ulcinj.com\/blog\/wp-content\/uploads\/2012\/07\/NIKOLLE-CAMAJ.jpg","contentUrl":"https:\/\/www.visit-ulcinj.com\/blog\/wp-content\/uploads\/2012\/07\/NIKOLLE-CAMAJ.jpg","width":"720","height":"540"},{"@type":"WebPage","@id":"https:\/\/www.visit-ulcinj.com\/blog\/2012\/07\/23\/camaj-iz-dscg-povucite-ministra-i-idemo-u-koaliciju\/#webpage","url":"https:\/\/www.visit-ulcinj.com\/blog\/2012\/07\/23\/camaj-iz-dscg-povucite-ministra-i-idemo-u-koaliciju\/","name":"Camaj iz DSCG: Povucite ministra i idemo u koaliciju - Lajme nga Ulqini","isPartOf":{"@id":"https:\/\/www.visit-ulcinj.com\/blog\/#website"},"primaryImageOfPage":{"@id":"https:\/\/www.visit-ulcinj.com\/blog\/2012\/07\/23\/camaj-iz-dscg-povucite-ministra-i-idemo-u-koaliciju\/#primaryimage"},"datePublished":"2012-07-23T21:36:37+00:00","dateModified":"2012-07-23T21:36:37+00:00","author":{"@id":"https:\/\/www.visit-ulcinj.com\/blog\/#\/schema\/person\/dcab619c614d3038751c63bc2aadc06d"},"description":"Predstavnik Demokratskog saveza u Crnoj Gori (DSCG) Nikola Camaj pozvao je Demokratsku uniju Albanaca (DUA) da napusti Vladu i priklju\u010di se koaliciji","breadcrumb":{"@id":"https:\/\/www.visit-ulcinj.com\/blog\/2012\/07\/23\/camaj-iz-dscg-povucite-ministra-i-idemo-u-koaliciju\/#breadcrumb"},"inLanguage":"en-US","potentialAction":[{"@type":"ReadAction","target":["https:\/\/www.visit-ulcinj.com\/blog\/2012\/07\/23\/camaj-iz-dscg-povucite-ministra-i-idemo-u-koaliciju\/"]}]},{"@type":"BreadcrumbList","@id":"https:\/\/www.visit-ulcinj.com\/blog\/2012\/07\/23\/camaj-iz-dscg-povucite-ministra-i-idemo-u-koaliciju\/#breadcrumb","itemListElement":[{"@type":"ListItem","position":1,"name":"Camaj iz DSCG: Povucite ministra i idemo u koaliciju"}]},{"@type":"Person","@id":"https:\/\/www.visit-ulcinj.com\/blog\/#\/schema\/person\/dcab619c614d3038751c63bc2aadc06d","name":"ulqini","sameAs":["http:\/\/www.visit-ulcinj.com"],"url":"https:\/\/www.visit-ulcinj.com\/blog\/author\/admin\/"}]}},"jetpack_featured_media_url":"","jetpack_sharing_enabled":true,"jetpack_shortlink":"https:\/\/wp.me\/pe6lTn-gdr","_links":{"self":[{"href":"https:\/\/www.visit-ulcinj.com\/blog\/wp-json\/wp\/v2\/posts\/62337"}],"collection":[{"href":"https:\/\/www.visit-ulcinj.com\/blog\/wp-json\/wp\/v2\/posts"}],"about":[{"href":"https:\/\/www.visit-ulcinj.com\/blog\/wp-json\/wp\/v2\/types\/post"}],"author":[{"embeddable":true,"href":"https:\/\/www.visit-ulcinj.com\/blog\/wp-json\/wp\/v2\/users\/1"}],"replies":[{"embeddable":true,"href":"https:\/\/www.visit-ulcinj.com\/blog\/wp-json\/wp\/v2\/comments?post=62337"}],"version-history":[{"count":1,"href":"https:\/\/www.visit-ulcinj.com\/blog\/wp-json\/wp\/v2\/posts\/62337\/revisions"}],"predecessor-version":[{"id":62339,"href":"https:\/\/www.visit-ulcinj.com\/blog\/wp-json\/wp\/v2\/posts\/62337\/revisions\/62339"}],"wp:attachment":[{"href":"https:\/\/www.visit-ulcinj.com\/blog\/wp-json\/wp\/v2\/media?parent=62337"}],"wp:term":[{"taxonomy":"category","embeddable":true,"href":"https:\/\/www.visit-ulcinj.com\/blog\/wp-json\/wp\/v2\/categories?post=62337"},{"taxonomy":"post_tag","embeddable":true,"href":"https:\/\/www.visit-ulcinj.com\/blog\/wp-json\/wp\/v2\/tags?post=62337"}],"curies":[{"name":"wp","href":"https:\/\/api.w.org\/{rel}","templated":true}]}}