{"id":62345,"date":"2012-07-24T16:33:29","date_gmt":"2012-07-24T15:33:29","guid":{"rendered":"http:\/\/www.visit-ulcinj.com\/blog\/?p=62345"},"modified":"2012-07-24T16:33:29","modified_gmt":"2012-07-24T15:33:29","slug":"sezona-kao-elementarna-katastrofa-2","status":"publish","type":"post","link":"https:\/\/www.visit-ulcinj.com\/blog\/2012\/07\/24\/sezona-kao-elementarna-katastrofa-2\/","title":{"rendered":"Sezona kao elementarna katastrofa"},"content":{"rendered":"<p><a href=\"http:\/\/www.visit-ulcinj.com\/blog\/wp-content\/uploads\/2012\/07\/turisticka-sezona-ulcinja.jpg\"><img loading=\"lazy\" class=\"alignleft  wp-image-62346\" title=\"turisticka sezona ulcinja\" src=\"http:\/\/www.visit-ulcinj.com\/blog\/wp-content\/uploads\/2012\/07\/turisticka-sezona-ulcinja.jpg\" alt=\"\" width=\"508\" height=\"360\" \/><\/a>,Sino\u0107 sam imao promet za tre\u0107inu manji nego u istom periodu pro\u0161le godine. Ukupno, sezona je finansijski posmatrano za sada slabija za barem petinu. Prednost mi je \u0161to radim u svom objektu, a oni koji su ne\u0161to zakupili sa ovakvim prometom bore se da plate zakup&#8221;, po\u017ealio se Monitoru jedan poznati ulcinjski ugostitelj. Situacija je tako\u0111e znatno slabija nego pro\u0161le godine i kod privatnih stanodavaca, a to su ve\u0107ina stanovnika ove op\u0161tine. Ima \u010dak ku\u0107a na Pristanu koje su ovih julskih dana bukvalno prazne! A krevet se u tom dijelu grada pla\u0107a u prosjeku sedam eura.<\/p>\n<p>Tako se, pored ostalog, pla\u0107a ceh kasnim pripremama za sezonu i izostanku dobrog nastupa na stranim tr\u017ei\u0161tima, odnosno nedostatku vizije aktuelne vlasti o razvoju najva\u017enije privredne grane za Ulcinj. Jer, osim boljeg vodosnabdijevanja i izgradnje dva kolektora, malo se ne\u010dim drugim vlast mo\u017ee pohvaliti da je uradila za dobro odvijanje sezone, a \u0161to je sama sebi bila zadala.<\/p>\n<p>\u201eUkoliko uspijemo da smanjimo intenzitet problema sa kojim se ve\u0107 du\u017ei niz godina susrije\u0107emo kao \u0161to su buka, neregistrovan smje\u0161taj, dileri, itd. bi\u0107emo veoma zadovoljni, kao i na\u0161i turisti&#8221;, zaklju\u010deno je krajem maja na sjednici Koordinacionog tijela za pripremu turisti\u010dke sezone op\u0161tine Ulcinj. Na primjeru Pristana, \u201esrca grada&#8221;, evidentno je da prakti\u010dno ni\u0161ta od svega toga nije ostvareno, \u0161to opasno sni\u017eava turisti\u010dku kategoriju cijele destinacije.<\/p>\n<p>\u201eNa tom prostoru imamo vi\u0161e nelegalnih nego legalnih objekata. Smatram da je na djelu politi\u010dka korupcija&#8221;, ka\u017ee \u0161ef opozicione Socijalisti\u010dke narodne partije u Ulcinju i odbornik u op\u0161tinskom parlamentu Andrija \u0106etkovi\u0107.<\/p>\n<p>I njegov kolega iz Demokratske unije Albanaca Mehmet Zenka tvrdi da je na Pristanu potpuni haos. \u201eBilo je dovoljno vremena da se pripremi sezona. Svi smo svjedoci da je u pitanju totalna neorganizovanost&#8221;, isti\u010de on, dok \u010delnik Op\u0161tinskog odbora Demokratske partije socijalista Ljoro Nreki\u0107 smatra da je stanje tokom ove turisti\u010dke sezone u Ulcinju haoti\u010dno. U lokalnoj vlasti se pravdaju da nijesu samo oni krivi za sav ovaj nered, ve\u0107 da je znatnim dijelom odgovornost i na centralnoj vlasti, u \u010dijoj je nadle\u017enosti ve\u0107ina inspekcijskih organa.<\/p>\n<p>Zbog toga me\u0111u gra\u0111anima, posebno onim koji su kreditno zadu\u017eeni, nervoza dnevno raste. Jer, dani sezone su odbrojani. A ona u Ulcinju ve\u0107 dvije i po decenije traje 45 dana. Pa, ko \u0161to ugrabi. Ovaj grad je tipi\u010dan primjer masovnog turizma: ima preko 100 hiljada le\u017eaja samo u privatnom smje\u0161taju, a hotelskih kreveta je manje nego prije 35 godina!? Najve\u0107em broju ljudi prihodi od sezone predstavljaju klju\u010dni izvor prihoda, i rijetko ko pomi\u0161lja da se novac mo\u017ee zaraditi i na neki drugi na\u010din. Izlaz iz za\u010daranog kruga te\u0161ko da se mo\u017ee na\u0107i: kreveti su tu, a u turizmu je prazan le\u017eaj najskuplji. To su, \u010dini se, najbolje shvatili vlasnici ku\u0107a i tzv. vikendica u \u0160toju, u zale\u0111u Velike pla\u017ee, gdje ima oko 60 hiljada kreveta. Vlasnici tih objekata u najve\u0107em broju nijesu iz Ulcinja, ali dr\u017ee goste, za koje, pod izgovorom da su im ro\u0111aci, prijatelji ili kom\u0161ije, ne pla\u0107aju \u010dak ni boravi\u0161nu taksu. Ku\u0107e i dalje bespravno ni\u010du, inspektori slije\u017eu ramenima, a vlasti nemaju ni volje ni spremnosti da priznaju da se stanje iz godine u godinu pogor\u0161ava. Novac odlazi iz Ulcinja, op\u0161tina i domicilno stanovni\u0161tvo siroma\u0161i, dok se problemi gomilaju.<\/p>\n<p>Iako u Ulcinju, dakle, nema gu\u017eve kao pro\u0161log ljeta, ogromni zastoji se stvaraju na putu prema Velikoj pla\u017ei i Adi, i obratno. Jer, ni ove sezone, i pored svih obe\u0107anja, nije izgra\u0111en 14 miliona eura vrijedan most na Port Mileni, a kada \u0107e, niko sa sigurno\u0161\u0107u ne mo\u017ee da ka\u017ee. Vjerovatno je da \u0107e se to obaviti pred naredne parlamentarne izbore. Zato su neki u \u0161ali predlagali da gosti do\u0111u kada se Ulcinjani kona\u010dno dobro pripreme, asfaltiraju ulice i izgrade potrebne kru\u017ene tokove. Bilo je \u010dak i prijedloga da se ove godine grad zatvori za turizam, pa da se turisti ozarena lica do\u010dekaju u sezoni 2013. Kako se odvija ova sezona, mo\u017eda bi tako ne\u0161to bilo zaista umjesnije! No, ra\u010dun za ovo stanje, koje ubrzano poprima obrise elementarne katastrofe, nekom \u0107e se morati ispostaviti. Mo\u017eda ve\u0107 na sljede\u0107im izborima, kao \u0161to je sada, gotovo izvjesno, da \u0107e u ranu jesen u Ulcinju do\u0107i do promjena u op\u0161tinskoj vlasti. Ova ogromna koli\u010dina negativne energije, iznevjerenih obe\u0107anja i uzaludnih nadanja \u0107e se jednim dijelom rasto\u010diti na izborima, ali \u0107e zima nezadovoljstva dugo trajati.<\/p>\n<p>Lo\u0161 ishod sezone mo\u017ee zaustaviti samo neko \u010dudo. Ali u \u017eivotu se \u010duda rijetko de\u0161avaju, mada prosti puk voli da u njih vjeruje. Negativne trendove, me\u0111utim, mogu promijeniti samo povoljniji rezultati ili hitni i bolni rezovi. Njih mo\u017ee povu\u0107i op\u0161tinska vlast, koja je odavno zrela za temeljnu rekonstrukciju. Naravno, ukoliko ne \u017eeli da izgubi sve kredite kod svojih pristalica.<br \/>\n<strong> <a href=\"http:\/\/www.monitor.co.me\/index.php?option=com_content&amp;view=article&amp;id=2855:sezona-kao-elementarna-katastrofa&amp;catid=133:novi-broj-tekstovi&amp;Itemid=1267\" target=\"_blank\">Mustafa CANKA<br \/>\nMonitor<\/a><br \/>\n<\/strong><\/p>\n","protected":false},"excerpt":{"rendered":"<p>,Sino\u0107 sam imao promet za tre\u0107inu manji nego u istom periodu pro\u0161le godine. Ukupno, sezona je finansijski posmatrano za sada slabija za barem petinu. Prednost mi je \u0161to radim u svom objektu, a oni koji su ne\u0161to zakupili sa ovakvim prometom bore se da plate zakup&#8221;, po\u017ealio se Monitoru jedan poznati ulcinjski ugostitelj. Situacija je [&hellip;]<\/p>\n","protected":false},"author":1,"featured_media":0,"comment_status":"open","ping_status":"closed","sticky":false,"template":"","format":"standard","meta":{"spay_email":"","jetpack_publicize_message":"","jetpack_is_tweetstorm":false,"jetpack_publicize_feature_enabled":true},"categories":[8337],"tags":[20835,19],"jetpack_publicize_connections":[],"yoast_head":"<!-- This site is optimized with the Yoast SEO plugin v19.1 - https:\/\/yoast.com\/wordpress\/plugins\/seo\/ -->\n<title>Sezona kao elementarna katastrofa - Lajme nga Ulqini<\/title>\n<meta name=\"description\" content=\",Sino\u0107 sam imao promet za tre\u0107inu manji nego u istom periodu pro\u0161le godine. Ukupno, sezona je finansijski posmatrano za sada slabija za barem petinu.\" \/>\n<meta name=\"robots\" content=\"index, follow, max-snippet:-1, max-image-preview:large, max-video-preview:-1\" \/>\n<link rel=\"canonical\" href=\"https:\/\/www.visit-ulcinj.com\/blog\/2012\/07\/24\/sezona-kao-elementarna-katastrofa-2\/\" \/>\n<meta property=\"og:locale\" content=\"en_US\" \/>\n<meta property=\"og:type\" content=\"article\" \/>\n<meta property=\"og:title\" content=\"Sezona kao elementarna katastrofa - Lajme nga Ulqini\" \/>\n<meta property=\"og:description\" content=\",Sino\u0107 sam imao promet za tre\u0107inu manji nego u istom periodu pro\u0161le godine. Ukupno, sezona je finansijski posmatrano za sada slabija za barem petinu.\" \/>\n<meta property=\"og:url\" content=\"https:\/\/www.visit-ulcinj.com\/blog\/2012\/07\/24\/sezona-kao-elementarna-katastrofa-2\/\" \/>\n<meta property=\"og:site_name\" content=\"Lajme nga Ulqini\" \/>\n<meta property=\"article:published_time\" content=\"2012-07-24T15:33:29+00:00\" \/>\n<meta property=\"og:image\" content=\"http:\/\/www.visit-ulcinj.com\/blog\/wp-content\/uploads\/2012\/07\/turisticka-sezona-ulcinja.jpg\" \/>\n<meta name=\"twitter:label1\" content=\"Written by\" \/>\n\t<meta name=\"twitter:data1\" content=\"ulqini\" \/>\n\t<meta name=\"twitter:label2\" content=\"Est. reading time\" \/>\n\t<meta name=\"twitter:data2\" content=\"4 minutes\" \/>\n<script type=\"application\/ld+json\" class=\"yoast-schema-graph\">{\"@context\":\"https:\/\/schema.org\",\"@graph\":[{\"@type\":\"WebSite\",\"@id\":\"https:\/\/www.visit-ulcinj.com\/blog\/#website\",\"url\":\"https:\/\/www.visit-ulcinj.com\/blog\/\",\"name\":\"Lajme nga Ulqini\",\"description\":\"Lajme,Vijesti,Ulqini,Ulqin,Crna Gora,Mali i Zi\",\"potentialAction\":[{\"@type\":\"SearchAction\",\"target\":{\"@type\":\"EntryPoint\",\"urlTemplate\":\"https:\/\/www.visit-ulcinj.com\/blog\/?s={search_term_string}\"},\"query-input\":\"required name=search_term_string\"}],\"inLanguage\":\"en-US\"},{\"@type\":\"ImageObject\",\"inLanguage\":\"en-US\",\"@id\":\"https:\/\/www.visit-ulcinj.com\/blog\/2012\/07\/24\/sezona-kao-elementarna-katastrofa-2\/#primaryimage\",\"url\":\"https:\/\/www.visit-ulcinj.com\/blog\/wp-content\/uploads\/2012\/07\/turisticka-sezona-ulcinja.jpg\",\"contentUrl\":\"https:\/\/www.visit-ulcinj.com\/blog\/wp-content\/uploads\/2012\/07\/turisticka-sezona-ulcinja.jpg\",\"width\":\"960\",\"height\":\"720\"},{\"@type\":\"WebPage\",\"@id\":\"https:\/\/www.visit-ulcinj.com\/blog\/2012\/07\/24\/sezona-kao-elementarna-katastrofa-2\/#webpage\",\"url\":\"https:\/\/www.visit-ulcinj.com\/blog\/2012\/07\/24\/sezona-kao-elementarna-katastrofa-2\/\",\"name\":\"Sezona kao elementarna katastrofa - Lajme nga Ulqini\",\"isPartOf\":{\"@id\":\"https:\/\/www.visit-ulcinj.com\/blog\/#website\"},\"primaryImageOfPage\":{\"@id\":\"https:\/\/www.visit-ulcinj.com\/blog\/2012\/07\/24\/sezona-kao-elementarna-katastrofa-2\/#primaryimage\"},\"datePublished\":\"2012-07-24T15:33:29+00:00\",\"dateModified\":\"2012-07-24T15:33:29+00:00\",\"author\":{\"@id\":\"https:\/\/www.visit-ulcinj.com\/blog\/#\/schema\/person\/dcab619c614d3038751c63bc2aadc06d\"},\"description\":\",Sino\u0107 sam imao promet za tre\u0107inu manji nego u istom periodu pro\u0161le godine. Ukupno, sezona je finansijski posmatrano za sada slabija za barem petinu.\",\"breadcrumb\":{\"@id\":\"https:\/\/www.visit-ulcinj.com\/blog\/2012\/07\/24\/sezona-kao-elementarna-katastrofa-2\/#breadcrumb\"},\"inLanguage\":\"en-US\",\"potentialAction\":[{\"@type\":\"ReadAction\",\"target\":[\"https:\/\/www.visit-ulcinj.com\/blog\/2012\/07\/24\/sezona-kao-elementarna-katastrofa-2\/\"]}]},{\"@type\":\"BreadcrumbList\",\"@id\":\"https:\/\/www.visit-ulcinj.com\/blog\/2012\/07\/24\/sezona-kao-elementarna-katastrofa-2\/#breadcrumb\",\"itemListElement\":[{\"@type\":\"ListItem\",\"position\":1,\"name\":\"Sezona kao elementarna katastrofa\"}]},{\"@type\":\"Person\",\"@id\":\"https:\/\/www.visit-ulcinj.com\/blog\/#\/schema\/person\/dcab619c614d3038751c63bc2aadc06d\",\"name\":\"ulqini\",\"sameAs\":[\"http:\/\/www.visit-ulcinj.com\"],\"url\":\"https:\/\/www.visit-ulcinj.com\/blog\/author\/admin\/\"}]}<\/script>\n<!-- \/ Yoast SEO plugin. -->","yoast_head_json":{"title":"Sezona kao elementarna katastrofa - Lajme nga Ulqini","description":",Sino\u0107 sam imao promet za tre\u0107inu manji nego u istom periodu pro\u0161le godine. Ukupno, sezona je finansijski posmatrano za sada slabija za barem petinu.","robots":{"index":"index","follow":"follow","max-snippet":"max-snippet:-1","max-image-preview":"max-image-preview:large","max-video-preview":"max-video-preview:-1"},"canonical":"https:\/\/www.visit-ulcinj.com\/blog\/2012\/07\/24\/sezona-kao-elementarna-katastrofa-2\/","og_locale":"en_US","og_type":"article","og_title":"Sezona kao elementarna katastrofa - Lajme nga Ulqini","og_description":",Sino\u0107 sam imao promet za tre\u0107inu manji nego u istom periodu pro\u0161le godine. Ukupno, sezona je finansijski posmatrano za sada slabija za barem petinu.","og_url":"https:\/\/www.visit-ulcinj.com\/blog\/2012\/07\/24\/sezona-kao-elementarna-katastrofa-2\/","og_site_name":"Lajme nga Ulqini","article_published_time":"2012-07-24T15:33:29+00:00","og_image":[{"url":"http:\/\/www.visit-ulcinj.com\/blog\/wp-content\/uploads\/2012\/07\/turisticka-sezona-ulcinja.jpg"}],"twitter_misc":{"Written by":"ulqini","Est. reading time":"4 minutes"},"schema":{"@context":"https:\/\/schema.org","@graph":[{"@type":"WebSite","@id":"https:\/\/www.visit-ulcinj.com\/blog\/#website","url":"https:\/\/www.visit-ulcinj.com\/blog\/","name":"Lajme nga Ulqini","description":"Lajme,Vijesti,Ulqini,Ulqin,Crna Gora,Mali i Zi","potentialAction":[{"@type":"SearchAction","target":{"@type":"EntryPoint","urlTemplate":"https:\/\/www.visit-ulcinj.com\/blog\/?s={search_term_string}"},"query-input":"required name=search_term_string"}],"inLanguage":"en-US"},{"@type":"ImageObject","inLanguage":"en-US","@id":"https:\/\/www.visit-ulcinj.com\/blog\/2012\/07\/24\/sezona-kao-elementarna-katastrofa-2\/#primaryimage","url":"https:\/\/www.visit-ulcinj.com\/blog\/wp-content\/uploads\/2012\/07\/turisticka-sezona-ulcinja.jpg","contentUrl":"https:\/\/www.visit-ulcinj.com\/blog\/wp-content\/uploads\/2012\/07\/turisticka-sezona-ulcinja.jpg","width":"960","height":"720"},{"@type":"WebPage","@id":"https:\/\/www.visit-ulcinj.com\/blog\/2012\/07\/24\/sezona-kao-elementarna-katastrofa-2\/#webpage","url":"https:\/\/www.visit-ulcinj.com\/blog\/2012\/07\/24\/sezona-kao-elementarna-katastrofa-2\/","name":"Sezona kao elementarna katastrofa - Lajme nga Ulqini","isPartOf":{"@id":"https:\/\/www.visit-ulcinj.com\/blog\/#website"},"primaryImageOfPage":{"@id":"https:\/\/www.visit-ulcinj.com\/blog\/2012\/07\/24\/sezona-kao-elementarna-katastrofa-2\/#primaryimage"},"datePublished":"2012-07-24T15:33:29+00:00","dateModified":"2012-07-24T15:33:29+00:00","author":{"@id":"https:\/\/www.visit-ulcinj.com\/blog\/#\/schema\/person\/dcab619c614d3038751c63bc2aadc06d"},"description":",Sino\u0107 sam imao promet za tre\u0107inu manji nego u istom periodu pro\u0161le godine. Ukupno, sezona je finansijski posmatrano za sada slabija za barem petinu.","breadcrumb":{"@id":"https:\/\/www.visit-ulcinj.com\/blog\/2012\/07\/24\/sezona-kao-elementarna-katastrofa-2\/#breadcrumb"},"inLanguage":"en-US","potentialAction":[{"@type":"ReadAction","target":["https:\/\/www.visit-ulcinj.com\/blog\/2012\/07\/24\/sezona-kao-elementarna-katastrofa-2\/"]}]},{"@type":"BreadcrumbList","@id":"https:\/\/www.visit-ulcinj.com\/blog\/2012\/07\/24\/sezona-kao-elementarna-katastrofa-2\/#breadcrumb","itemListElement":[{"@type":"ListItem","position":1,"name":"Sezona kao elementarna katastrofa"}]},{"@type":"Person","@id":"https:\/\/www.visit-ulcinj.com\/blog\/#\/schema\/person\/dcab619c614d3038751c63bc2aadc06d","name":"ulqini","sameAs":["http:\/\/www.visit-ulcinj.com"],"url":"https:\/\/www.visit-ulcinj.com\/blog\/author\/admin\/"}]}},"jetpack_featured_media_url":"","jetpack_sharing_enabled":true,"jetpack_shortlink":"https:\/\/wp.me\/pe6lTn-gdz","_links":{"self":[{"href":"https:\/\/www.visit-ulcinj.com\/blog\/wp-json\/wp\/v2\/posts\/62345"}],"collection":[{"href":"https:\/\/www.visit-ulcinj.com\/blog\/wp-json\/wp\/v2\/posts"}],"about":[{"href":"https:\/\/www.visit-ulcinj.com\/blog\/wp-json\/wp\/v2\/types\/post"}],"author":[{"embeddable":true,"href":"https:\/\/www.visit-ulcinj.com\/blog\/wp-json\/wp\/v2\/users\/1"}],"replies":[{"embeddable":true,"href":"https:\/\/www.visit-ulcinj.com\/blog\/wp-json\/wp\/v2\/comments?post=62345"}],"version-history":[{"count":1,"href":"https:\/\/www.visit-ulcinj.com\/blog\/wp-json\/wp\/v2\/posts\/62345\/revisions"}],"predecessor-version":[{"id":62347,"href":"https:\/\/www.visit-ulcinj.com\/blog\/wp-json\/wp\/v2\/posts\/62345\/revisions\/62347"}],"wp:attachment":[{"href":"https:\/\/www.visit-ulcinj.com\/blog\/wp-json\/wp\/v2\/media?parent=62345"}],"wp:term":[{"taxonomy":"category","embeddable":true,"href":"https:\/\/www.visit-ulcinj.com\/blog\/wp-json\/wp\/v2\/categories?post=62345"},{"taxonomy":"post_tag","embeddable":true,"href":"https:\/\/www.visit-ulcinj.com\/blog\/wp-json\/wp\/v2\/tags?post=62345"}],"curies":[{"name":"wp","href":"https:\/\/api.w.org\/{rel}","templated":true}]}}