{"id":6235,"date":"2008-11-17T12:26:06","date_gmt":"2008-11-17T17:26:06","guid":{"rendered":"http:\/\/www.visit-ulcinj.com\/blog\/?p=6235"},"modified":"2008-11-17T12:26:06","modified_gmt":"2008-11-17T17:26:06","slug":"ndalohen-16-kosovare-nga-policia-malazeze","status":"publish","type":"post","link":"https:\/\/www.visit-ulcinj.com\/blog\/2008\/11\/17\/ndalohen-16-kosovare-nga-policia-malazeze\/","title":{"rendered":"Ndalohen 16 kosovar\u00eb nga policia malazeze"},"content":{"rendered":"<p><a href=\"http:\/\/www.visit-ulcinj.com\/blog\/wp-content\/uploads\/2008\/11\/policia-malazeze-ndalon-16-kosovare.jpg\"><img loading=\"lazy\" class=\"alignleft size-medium wp-image-6236\" title=\"policia-malazeze-ndalon-16-kosovare\" src=\"http:\/\/www.visit-ulcinj.com\/blog\/wp-content\/uploads\/2008\/11\/policia-malazeze-ndalon-16-kosovare-300x107.jpg\" alt=\"\" width=\"300\" height=\"107\" srcset=\"https:\/\/www.visit-ulcinj.com\/blog\/wp-content\/uploads\/2008\/11\/policia-malazeze-ndalon-16-kosovare-300x107.jpg 300w, https:\/\/www.visit-ulcinj.com\/blog\/wp-content\/uploads\/2008\/11\/policia-malazeze-ndalon-16-kosovare.jpg 528w\" sizes=\"(max-width: 300px) 100vw, 300px\" \/><\/a>Policia malazeze ka njoftuar se ka ndaluar gjasht\u00ebmb\u00ebdhjet\u00eb shtetas kosovar\u00eb, t\u00eb cil\u00ebt kishin p\u00ebr q\u00ebllim t\u00eb kalonin ilegalisht me bark\u00eb p\u00ebr n\u00eb Itali dhe Kroaci. Sipas policis\u00eb, kosovar\u00ebt jan\u00eb arrestuar sot n\u00eb m\u00ebngjes, n\u00eb gjirin e vog\u00ebl Jaz t\u00eb Budv\u00ebs.<br \/>\nKoh\u00ebve t\u00eb fundit, zona bregdetare e Bok\u00ebs s\u00eb Kotorrit, \u00ebsht\u00eb b\u00ebr\u00eb pik\u00eb shum\u00eb e preferuar e shqiptar\u00ebve, t\u00eb cil\u00ebt paguajn\u00eb shuma t\u00eb m\u00ebdha parash p\u00ebr t\u00eb dep\u00ebrtuar ilegalisht n\u00eb vendet e Evrop\u00ebs Per\u00ebndimore.<br \/>\n<strong>Burimi \/ RTK<\/strong><\/p>\n","protected":false},"excerpt":{"rendered":"<p>Policia malazeze ka njoftuar se ka ndaluar gjasht\u00ebmb\u00ebdhjet\u00eb shtetas kosovar\u00eb, t\u00eb cil\u00ebt kishin p\u00ebr q\u00ebllim t\u00eb kalonin ilegalisht me bark\u00eb p\u00ebr n\u00eb Itali dhe Kroaci. Sipas policis\u00eb, kosovar\u00ebt jan\u00eb arrestuar sot n\u00eb m\u00ebngjes, n\u00eb gjirin e vog\u00ebl Jaz t\u00eb Budv\u00ebs. Koh\u00ebve t\u00eb fundit, zona bregdetare e Bok\u00ebs s\u00eb Kotorrit, \u00ebsht\u00eb b\u00ebr\u00eb pik\u00eb shum\u00eb e preferuar [&hellip;]<\/p>\n","protected":false},"author":1,"featured_media":0,"comment_status":"open","ping_status":"closed","sticky":false,"template":"","format":"standard","meta":{"spay_email":"","jetpack_publicize_message":"","jetpack_is_tweetstorm":false,"jetpack_publicize_feature_enabled":true},"categories":[1],"tags":[5073,95,5072],"jetpack_publicize_connections":[],"yoast_head":"<!-- This site is optimized with the Yoast SEO plugin v19.1 - https:\/\/yoast.com\/wordpress\/plugins\/seo\/ -->\n<title>Ndalohen 16 kosovar\u00eb nga policia malazeze - Lajme nga Ulqini<\/title>\n<meta name=\"description\" content=\"Policia malazeze ka njoftuar se ka ndaluar gjasht\u00ebmb\u00ebdhjet\u00eb shtetas kosovar\u00eb, t\u00eb cil\u00ebt kishin p\u00ebr q\u00ebllim t\u00eb kalonin ilegalisht me bark\u00eb p\u00ebr n\u00eb Itali dhe\" \/>\n<meta name=\"robots\" content=\"index, follow, max-snippet:-1, max-image-preview:large, max-video-preview:-1\" \/>\n<link rel=\"canonical\" href=\"https:\/\/www.visit-ulcinj.com\/blog\/2008\/11\/17\/ndalohen-16-kosovare-nga-policia-malazeze\/\" \/>\n<meta property=\"og:locale\" content=\"en_US\" \/>\n<meta property=\"og:type\" content=\"article\" \/>\n<meta property=\"og:title\" content=\"Ndalohen 16 kosovar\u00eb nga policia malazeze - Lajme nga Ulqini\" \/>\n<meta property=\"og:description\" content=\"Policia malazeze ka njoftuar se ka ndaluar gjasht\u00ebmb\u00ebdhjet\u00eb shtetas kosovar\u00eb, t\u00eb cil\u00ebt kishin p\u00ebr q\u00ebllim t\u00eb kalonin ilegalisht me bark\u00eb p\u00ebr n\u00eb Itali dhe\" \/>\n<meta property=\"og:url\" content=\"https:\/\/www.visit-ulcinj.com\/blog\/2008\/11\/17\/ndalohen-16-kosovare-nga-policia-malazeze\/\" \/>\n<meta property=\"og:site_name\" content=\"Lajme nga Ulqini\" \/>\n<meta property=\"article:published_time\" content=\"2008-11-17T17:26:06+00:00\" \/>\n<meta property=\"og:image\" content=\"http:\/\/www.visit-ulcinj.com\/blog\/wp-content\/uploads\/2008\/11\/policia-malazeze-ndalon-16-kosovare-300x107.jpg\" \/>\n<meta name=\"twitter:label1\" content=\"Written by\" \/>\n\t<meta name=\"twitter:data1\" content=\"ulqini\" \/>\n<script type=\"application\/ld+json\" class=\"yoast-schema-graph\">{\"@context\":\"https:\/\/schema.org\",\"@graph\":[{\"@type\":\"WebSite\",\"@id\":\"https:\/\/www.visit-ulcinj.com\/blog\/#website\",\"url\":\"https:\/\/www.visit-ulcinj.com\/blog\/\",\"name\":\"Lajme nga Ulqini\",\"description\":\"Lajme,Vijesti,Ulqini,Ulqin,Crna Gora,Mali i Zi\",\"potentialAction\":[{\"@type\":\"SearchAction\",\"target\":{\"@type\":\"EntryPoint\",\"urlTemplate\":\"https:\/\/www.visit-ulcinj.com\/blog\/?s={search_term_string}\"},\"query-input\":\"required name=search_term_string\"}],\"inLanguage\":\"en-US\"},{\"@type\":\"ImageObject\",\"inLanguage\":\"en-US\",\"@id\":\"https:\/\/www.visit-ulcinj.com\/blog\/2008\/11\/17\/ndalohen-16-kosovare-nga-policia-malazeze\/#primaryimage\",\"url\":\"http:\/\/www.visit-ulcinj.com\/blog\/wp-content\/uploads\/2008\/11\/policia-malazeze-ndalon-16-kosovare-300x107.jpg\",\"contentUrl\":\"http:\/\/www.visit-ulcinj.com\/blog\/wp-content\/uploads\/2008\/11\/policia-malazeze-ndalon-16-kosovare-300x107.jpg\"},{\"@type\":\"WebPage\",\"@id\":\"https:\/\/www.visit-ulcinj.com\/blog\/2008\/11\/17\/ndalohen-16-kosovare-nga-policia-malazeze\/#webpage\",\"url\":\"https:\/\/www.visit-ulcinj.com\/blog\/2008\/11\/17\/ndalohen-16-kosovare-nga-policia-malazeze\/\",\"name\":\"Ndalohen 16 kosovar\u00eb nga policia malazeze - Lajme nga Ulqini\",\"isPartOf\":{\"@id\":\"https:\/\/www.visit-ulcinj.com\/blog\/#website\"},\"primaryImageOfPage\":{\"@id\":\"https:\/\/www.visit-ulcinj.com\/blog\/2008\/11\/17\/ndalohen-16-kosovare-nga-policia-malazeze\/#primaryimage\"},\"datePublished\":\"2008-11-17T17:26:06+00:00\",\"dateModified\":\"2008-11-17T17:26:06+00:00\",\"author\":{\"@id\":\"https:\/\/www.visit-ulcinj.com\/blog\/#\/schema\/person\/dcab619c614d3038751c63bc2aadc06d\"},\"description\":\"Policia malazeze ka njoftuar se ka ndaluar gjasht\u00ebmb\u00ebdhjet\u00eb shtetas kosovar\u00eb, t\u00eb cil\u00ebt kishin p\u00ebr q\u00ebllim t\u00eb kalonin ilegalisht me bark\u00eb p\u00ebr n\u00eb Itali dhe\",\"breadcrumb\":{\"@id\":\"https:\/\/www.visit-ulcinj.com\/blog\/2008\/11\/17\/ndalohen-16-kosovare-nga-policia-malazeze\/#breadcrumb\"},\"inLanguage\":\"en-US\",\"potentialAction\":[{\"@type\":\"ReadAction\",\"target\":[\"https:\/\/www.visit-ulcinj.com\/blog\/2008\/11\/17\/ndalohen-16-kosovare-nga-policia-malazeze\/\"]}]},{\"@type\":\"BreadcrumbList\",\"@id\":\"https:\/\/www.visit-ulcinj.com\/blog\/2008\/11\/17\/ndalohen-16-kosovare-nga-policia-malazeze\/#breadcrumb\",\"itemListElement\":[{\"@type\":\"ListItem\",\"position\":1,\"name\":\"Ndalohen 16 kosovar\u00eb nga policia malazeze\"}]},{\"@type\":\"Person\",\"@id\":\"https:\/\/www.visit-ulcinj.com\/blog\/#\/schema\/person\/dcab619c614d3038751c63bc2aadc06d\",\"name\":\"ulqini\",\"sameAs\":[\"http:\/\/www.visit-ulcinj.com\"],\"url\":\"https:\/\/www.visit-ulcinj.com\/blog\/author\/admin\/\"}]}<\/script>\n<!-- \/ Yoast SEO plugin. -->","yoast_head_json":{"title":"Ndalohen 16 kosovar\u00eb nga policia malazeze - Lajme nga Ulqini","description":"Policia malazeze ka njoftuar se ka ndaluar gjasht\u00ebmb\u00ebdhjet\u00eb shtetas kosovar\u00eb, t\u00eb cil\u00ebt kishin p\u00ebr q\u00ebllim t\u00eb kalonin ilegalisht me bark\u00eb p\u00ebr n\u00eb Itali dhe","robots":{"index":"index","follow":"follow","max-snippet":"max-snippet:-1","max-image-preview":"max-image-preview:large","max-video-preview":"max-video-preview:-1"},"canonical":"https:\/\/www.visit-ulcinj.com\/blog\/2008\/11\/17\/ndalohen-16-kosovare-nga-policia-malazeze\/","og_locale":"en_US","og_type":"article","og_title":"Ndalohen 16 kosovar\u00eb nga policia malazeze - Lajme nga Ulqini","og_description":"Policia malazeze ka njoftuar se ka ndaluar gjasht\u00ebmb\u00ebdhjet\u00eb shtetas kosovar\u00eb, t\u00eb cil\u00ebt kishin p\u00ebr q\u00ebllim t\u00eb kalonin ilegalisht me bark\u00eb p\u00ebr n\u00eb Itali dhe","og_url":"https:\/\/www.visit-ulcinj.com\/blog\/2008\/11\/17\/ndalohen-16-kosovare-nga-policia-malazeze\/","og_site_name":"Lajme nga Ulqini","article_published_time":"2008-11-17T17:26:06+00:00","og_image":[{"url":"http:\/\/www.visit-ulcinj.com\/blog\/wp-content\/uploads\/2008\/11\/policia-malazeze-ndalon-16-kosovare-300x107.jpg"}],"twitter_misc":{"Written by":"ulqini"},"schema":{"@context":"https:\/\/schema.org","@graph":[{"@type":"WebSite","@id":"https:\/\/www.visit-ulcinj.com\/blog\/#website","url":"https:\/\/www.visit-ulcinj.com\/blog\/","name":"Lajme nga Ulqini","description":"Lajme,Vijesti,Ulqini,Ulqin,Crna Gora,Mali i Zi","potentialAction":[{"@type":"SearchAction","target":{"@type":"EntryPoint","urlTemplate":"https:\/\/www.visit-ulcinj.com\/blog\/?s={search_term_string}"},"query-input":"required name=search_term_string"}],"inLanguage":"en-US"},{"@type":"ImageObject","inLanguage":"en-US","@id":"https:\/\/www.visit-ulcinj.com\/blog\/2008\/11\/17\/ndalohen-16-kosovare-nga-policia-malazeze\/#primaryimage","url":"http:\/\/www.visit-ulcinj.com\/blog\/wp-content\/uploads\/2008\/11\/policia-malazeze-ndalon-16-kosovare-300x107.jpg","contentUrl":"http:\/\/www.visit-ulcinj.com\/blog\/wp-content\/uploads\/2008\/11\/policia-malazeze-ndalon-16-kosovare-300x107.jpg"},{"@type":"WebPage","@id":"https:\/\/www.visit-ulcinj.com\/blog\/2008\/11\/17\/ndalohen-16-kosovare-nga-policia-malazeze\/#webpage","url":"https:\/\/www.visit-ulcinj.com\/blog\/2008\/11\/17\/ndalohen-16-kosovare-nga-policia-malazeze\/","name":"Ndalohen 16 kosovar\u00eb nga policia malazeze - Lajme nga Ulqini","isPartOf":{"@id":"https:\/\/www.visit-ulcinj.com\/blog\/#website"},"primaryImageOfPage":{"@id":"https:\/\/www.visit-ulcinj.com\/blog\/2008\/11\/17\/ndalohen-16-kosovare-nga-policia-malazeze\/#primaryimage"},"datePublished":"2008-11-17T17:26:06+00:00","dateModified":"2008-11-17T17:26:06+00:00","author":{"@id":"https:\/\/www.visit-ulcinj.com\/blog\/#\/schema\/person\/dcab619c614d3038751c63bc2aadc06d"},"description":"Policia malazeze ka njoftuar se ka ndaluar gjasht\u00ebmb\u00ebdhjet\u00eb shtetas kosovar\u00eb, t\u00eb cil\u00ebt kishin p\u00ebr q\u00ebllim t\u00eb kalonin ilegalisht me bark\u00eb p\u00ebr n\u00eb Itali dhe","breadcrumb":{"@id":"https:\/\/www.visit-ulcinj.com\/blog\/2008\/11\/17\/ndalohen-16-kosovare-nga-policia-malazeze\/#breadcrumb"},"inLanguage":"en-US","potentialAction":[{"@type":"ReadAction","target":["https:\/\/www.visit-ulcinj.com\/blog\/2008\/11\/17\/ndalohen-16-kosovare-nga-policia-malazeze\/"]}]},{"@type":"BreadcrumbList","@id":"https:\/\/www.visit-ulcinj.com\/blog\/2008\/11\/17\/ndalohen-16-kosovare-nga-policia-malazeze\/#breadcrumb","itemListElement":[{"@type":"ListItem","position":1,"name":"Ndalohen 16 kosovar\u00eb nga policia malazeze"}]},{"@type":"Person","@id":"https:\/\/www.visit-ulcinj.com\/blog\/#\/schema\/person\/dcab619c614d3038751c63bc2aadc06d","name":"ulqini","sameAs":["http:\/\/www.visit-ulcinj.com"],"url":"https:\/\/www.visit-ulcinj.com\/blog\/author\/admin\/"}]}},"jetpack_featured_media_url":"","jetpack_sharing_enabled":true,"jetpack_shortlink":"https:\/\/wp.me\/pe6lTn-1Cz","_links":{"self":[{"href":"https:\/\/www.visit-ulcinj.com\/blog\/wp-json\/wp\/v2\/posts\/6235"}],"collection":[{"href":"https:\/\/www.visit-ulcinj.com\/blog\/wp-json\/wp\/v2\/posts"}],"about":[{"href":"https:\/\/www.visit-ulcinj.com\/blog\/wp-json\/wp\/v2\/types\/post"}],"author":[{"embeddable":true,"href":"https:\/\/www.visit-ulcinj.com\/blog\/wp-json\/wp\/v2\/users\/1"}],"replies":[{"embeddable":true,"href":"https:\/\/www.visit-ulcinj.com\/blog\/wp-json\/wp\/v2\/comments?post=6235"}],"version-history":[{"count":0,"href":"https:\/\/www.visit-ulcinj.com\/blog\/wp-json\/wp\/v2\/posts\/6235\/revisions"}],"wp:attachment":[{"href":"https:\/\/www.visit-ulcinj.com\/blog\/wp-json\/wp\/v2\/media?parent=6235"}],"wp:term":[{"taxonomy":"category","embeddable":true,"href":"https:\/\/www.visit-ulcinj.com\/blog\/wp-json\/wp\/v2\/categories?post=6235"},{"taxonomy":"post_tag","embeddable":true,"href":"https:\/\/www.visit-ulcinj.com\/blog\/wp-json\/wp\/v2\/tags?post=6235"}],"curies":[{"name":"wp","href":"https:\/\/api.w.org\/{rel}","templated":true}]}}