{"id":62353,"date":"2012-07-26T14:23:39","date_gmt":"2012-07-26T13:23:39","guid":{"rendered":"http:\/\/www.visit-ulcinj.com\/blog\/?p=62353"},"modified":"2012-08-04T10:52:34","modified_gmt":"2012-08-04T09:52:34","slug":"deshton-shitja-e-kripores-kuvendi-vendos-prodhim-i-kripes","status":"publish","type":"post","link":"https:\/\/www.visit-ulcinj.com\/blog\/2012\/07\/26\/deshton-shitja-e-kripores-kuvendi-vendos-prodhim-i-kripes\/","title":{"rendered":"D\u00ebshton shitja e kripores &#8211; Kuvendi vendos, prodhimin e krip\u00ebs"},"content":{"rendered":"<p><a href=\"http:\/\/www.visit-ulcinj.com\/blog\/wp-content\/uploads\/2012\/07\/D\u00ebshton-shitja-e-krypores-s\u00eb-Ulqinit_mali-i-zi.jpg\"><img loading=\"lazy\" class=\"alignleft  wp-image-62354\" title=\"D\u00ebshton-shitja-e-krypores-s\u00eb-Ulqinit_mali i zi\" src=\"http:\/\/www.visit-ulcinj.com\/blog\/wp-content\/uploads\/2012\/07\/D\u00ebshton-shitja-e-krypores-s\u00eb-Ulqinit_mali-i-zi-1024x609.jpg\" alt=\"\" width=\"508\" height=\"360\" \/><\/a>N\u00eb tenderin\u00a0 p\u00ebr shitjen e Kripor\u00ebs s\u00eb Ulqinit, nuk \u00ebsht\u00eb paraqitur asnj\u00eb kompani, njoftoi e p\u00ebrditshme \u201cMina\u201d.<br \/>\nTenderi p\u00ebr p\u00ebr Kriporen e Ulqinit, ka d\u00ebshtuar\u00a0s\u00ebrish pasi q\u00eb n\u00eb t\u00eb nuk ka pasur t\u00eb\u00a0interesuar deri dje , kur ka p\u00ebrfunduar\u00a0afati p\u00ebr dor\u00ebzimin e ofertave,\u00a0ka njoftuar kompania \u201dEurofond\u201d.<br \/>\nTenderi p\u00ebr shitjen e kripores s\u00eb Ulqinit doli n\u00eb shitje me \u00e7mimin prej 257,8 milion\u00eb euro,ku u paraqit\u00eb 15 hektar tok\u00eb,t\u00eb bler\u00eb para ca koh\u00ebve me \u00e7mimin 800 mij\u00eb euro,ku pronari i shumic\u00ebs s\u00eb aksioneve t\u00eb kripores \u00ebsht\u00eb \u201cEurofond\u201d, i cili kontrollohet nga Veselin Baroviq, biznesmen nga Podgorica, i cili u b\u00eb pronar i 75 p\u00ebr qind t\u00eb aksioneve t\u00eb kompanis\u00eb.<\/p>\n<p>Pronari i aksioneve \u201cEurofond\u201d q\u00eb jan\u00eb n\u00eb shitje t\u00eb kripores s\u00eb Ulqinit lajmruan se do ta qesin s\u00ebrisht kriporen e Ulqinit n\u00eb shitje.<\/p>\n<p>Dje kuvendi i Malit t\u00eb Zi ka miratuar vendimin p\u00ebr ndryshimin e Planit Hap\u00ebsinor t\u00eb Malit t\u00eb Zi deri n\u00eb vitin 2020 q\u00eb ka t\u00eb b\u00ebj\u00eb kriporen e Ulqinit. N\u00eb k\u00ebte vendim thuhet se kriporja duhet ti kthehet prodhimit t\u00eb krip\u00ebs dhe n\u00eb t\u00eb njejten koh\u00eb duhet mbrojtur p\u00ebr vezhgimin e shpend\u00ebve.<\/p>\n<p>Lajme nga Ulqini<br \/>\n<strong>Miratohet vendimi p\u00ebr plot\u00ebsimin e planit hapsinor\u00eb<\/strong><\/p>\n<p>Vendimi i Kuvendit q\u00eb t\u00eb plot\u00ebsoj\u00eb planin hapsinor\u00eb t\u00eb Malit t\u00eb Zi , n\u00eb vitin 2020, me t\u00eb cilin \u00ebsht\u00eb parapar\u00eb q\u00eb toka e kripores s\u00eb Ulqinit t\u00eb precizohet si territor i mbrojtur \u00ebsht\u00eb edhe nj\u00eb fitore e qytetar\u00ebve , para s\u00eb gjithash t\u00eb Ulqinit, n\u00eb luft\u00ebn p\u00ebr t\u00eb drejtat e veta , konsideron MANS.T\u00eb p\u00ebrkujtojm\u00eb se Kuvendi sot, me votat e PSD dhe t\u00eb opozit\u00ebs, miratoi vendimin q\u00eb t\u00eb plot\u00ebsohet plani hap\u00ebsinor i malit t\u00eb Zi, deri n\u00eb vitin 2020, n\u00eb t\u00eb cilin parashihet q\u00eb toka e kripores s\u00eb Ulqinit, t\u00eb shpallet si territor i mbrojtur dhe n\u00eb k\u00ebt\u00eb m\u00ebnyr\u00eb t\u00eb pengohet shitja e saj\u00eb.\/TVCG\/<\/p>\n<p><strong>Video Tv Vijesti<\/strong><br \/>\n<!--YouTube Error: bad URL entered--><\/p>\n<p>&nbsp;<\/p>\n","protected":false},"excerpt":{"rendered":"<p>N\u00eb tenderin\u00a0 p\u00ebr shitjen e Kripor\u00ebs s\u00eb Ulqinit, nuk \u00ebsht\u00eb paraqitur asnj\u00eb kompani, njoftoi e p\u00ebrditshme \u201cMina\u201d. Tenderi p\u00ebr p\u00ebr Kriporen e Ulqinit, ka d\u00ebshtuar\u00a0s\u00ebrish pasi q\u00eb n\u00eb t\u00eb nuk ka pasur t\u00eb\u00a0interesuar deri dje , kur ka p\u00ebrfunduar\u00a0afati p\u00ebr dor\u00ebzimin e ofertave,\u00a0ka njoftuar kompania \u201dEurofond\u201d. Tenderi p\u00ebr shitjen e kripores s\u00eb Ulqinit doli n\u00eb [&hellip;]<\/p>\n","protected":false},"author":1,"featured_media":0,"comment_status":"open","ping_status":"closed","sticky":false,"template":"","format":"standard","meta":{"spay_email":"","jetpack_publicize_message":"","jetpack_is_tweetstorm":false,"jetpack_publicize_feature_enabled":true},"categories":[1,13],"tags":[2370],"jetpack_publicize_connections":[],"yoast_head":"<!-- This site is optimized with the Yoast SEO plugin v19.1 - https:\/\/yoast.com\/wordpress\/plugins\/seo\/ -->\n<title>D\u00ebshton shitja e kripores - Kuvendi vendos, prodhimin e krip\u00ebs - Lajme nga Ulqini<\/title>\n<meta name=\"description\" content=\"N\u00eb tenderin\u00a0 p\u00ebr shitjen e Kripor\u00ebs s\u00eb Ulqinit, nuk \u00ebsht\u00eb paraqitur asnj\u00eb kompani, njoftoi e p\u00ebrditshme \u201cMina\u201d. Tenderi p\u00ebr p\u00ebr Kriporen e Ulqinit, ka\" \/>\n<meta name=\"robots\" content=\"index, follow, max-snippet:-1, max-image-preview:large, max-video-preview:-1\" \/>\n<link rel=\"canonical\" href=\"https:\/\/www.visit-ulcinj.com\/blog\/2012\/07\/26\/deshton-shitja-e-kripores-kuvendi-vendos-prodhim-i-kripes\/\" \/>\n<meta property=\"og:locale\" content=\"en_US\" \/>\n<meta property=\"og:type\" content=\"article\" \/>\n<meta property=\"og:title\" content=\"D\u00ebshton shitja e kripores - Kuvendi vendos, prodhimin e krip\u00ebs - Lajme nga Ulqini\" \/>\n<meta property=\"og:description\" content=\"N\u00eb tenderin\u00a0 p\u00ebr shitjen e Kripor\u00ebs s\u00eb Ulqinit, nuk \u00ebsht\u00eb paraqitur asnj\u00eb kompani, njoftoi e p\u00ebrditshme \u201cMina\u201d. Tenderi p\u00ebr p\u00ebr Kriporen e Ulqinit, ka\" \/>\n<meta property=\"og:url\" content=\"https:\/\/www.visit-ulcinj.com\/blog\/2012\/07\/26\/deshton-shitja-e-kripores-kuvendi-vendos-prodhim-i-kripes\/\" \/>\n<meta property=\"og:site_name\" content=\"Lajme nga Ulqini\" \/>\n<meta property=\"article:published_time\" content=\"2012-07-26T13:23:39+00:00\" \/>\n<meta property=\"article:modified_time\" content=\"2012-08-04T09:52:34+00:00\" \/>\n<meta name=\"twitter:label1\" content=\"Written by\" \/>\n\t<meta name=\"twitter:data1\" content=\"ulqini\" \/>\n\t<meta name=\"twitter:label2\" content=\"Est. reading time\" \/>\n\t<meta name=\"twitter:data2\" content=\"2 minutes\" \/>\n<script type=\"application\/ld+json\" class=\"yoast-schema-graph\">{\"@context\":\"https:\/\/schema.org\",\"@graph\":[{\"@type\":\"WebSite\",\"@id\":\"https:\/\/www.visit-ulcinj.com\/blog\/#website\",\"url\":\"https:\/\/www.visit-ulcinj.com\/blog\/\",\"name\":\"Lajme nga Ulqini\",\"description\":\"Lajme,Vijesti,Ulqini,Ulqin,Crna Gora,Mali i Zi\",\"potentialAction\":[{\"@type\":\"SearchAction\",\"target\":{\"@type\":\"EntryPoint\",\"urlTemplate\":\"https:\/\/www.visit-ulcinj.com\/blog\/?s={search_term_string}\"},\"query-input\":\"required name=search_term_string\"}],\"inLanguage\":\"en-US\"},{\"@type\":\"WebPage\",\"@id\":\"https:\/\/www.visit-ulcinj.com\/blog\/2012\/07\/26\/deshton-shitja-e-kripores-kuvendi-vendos-prodhim-i-kripes\/#webpage\",\"url\":\"https:\/\/www.visit-ulcinj.com\/blog\/2012\/07\/26\/deshton-shitja-e-kripores-kuvendi-vendos-prodhim-i-kripes\/\",\"name\":\"D\u00ebshton shitja e kripores - Kuvendi vendos, prodhimin e krip\u00ebs - Lajme nga Ulqini\",\"isPartOf\":{\"@id\":\"https:\/\/www.visit-ulcinj.com\/blog\/#website\"},\"datePublished\":\"2012-07-26T13:23:39+00:00\",\"dateModified\":\"2012-08-04T09:52:34+00:00\",\"author\":{\"@id\":\"https:\/\/www.visit-ulcinj.com\/blog\/#\/schema\/person\/dcab619c614d3038751c63bc2aadc06d\"},\"description\":\"N\u00eb tenderin\u00a0 p\u00ebr shitjen e Kripor\u00ebs s\u00eb Ulqinit, nuk \u00ebsht\u00eb paraqitur asnj\u00eb kompani, njoftoi e p\u00ebrditshme \u201cMina\u201d. Tenderi p\u00ebr p\u00ebr Kriporen e Ulqinit, ka\",\"breadcrumb\":{\"@id\":\"https:\/\/www.visit-ulcinj.com\/blog\/2012\/07\/26\/deshton-shitja-e-kripores-kuvendi-vendos-prodhim-i-kripes\/#breadcrumb\"},\"inLanguage\":\"en-US\",\"potentialAction\":[{\"@type\":\"ReadAction\",\"target\":[\"https:\/\/www.visit-ulcinj.com\/blog\/2012\/07\/26\/deshton-shitja-e-kripores-kuvendi-vendos-prodhim-i-kripes\/\"]}]},{\"@type\":\"BreadcrumbList\",\"@id\":\"https:\/\/www.visit-ulcinj.com\/blog\/2012\/07\/26\/deshton-shitja-e-kripores-kuvendi-vendos-prodhim-i-kripes\/#breadcrumb\",\"itemListElement\":[{\"@type\":\"ListItem\",\"position\":1,\"name\":\"D\u00ebshton shitja e kripores &#8211; Kuvendi vendos, prodhimin e krip\u00ebs\"}]},{\"@type\":\"Person\",\"@id\":\"https:\/\/www.visit-ulcinj.com\/blog\/#\/schema\/person\/dcab619c614d3038751c63bc2aadc06d\",\"name\":\"ulqini\",\"sameAs\":[\"http:\/\/www.visit-ulcinj.com\"],\"url\":\"https:\/\/www.visit-ulcinj.com\/blog\/author\/admin\/\"}]}<\/script>\n<!-- \/ Yoast SEO plugin. -->","yoast_head_json":{"title":"D\u00ebshton shitja e kripores - Kuvendi vendos, prodhimin e krip\u00ebs - Lajme nga Ulqini","description":"N\u00eb tenderin\u00a0 p\u00ebr shitjen e Kripor\u00ebs s\u00eb Ulqinit, nuk \u00ebsht\u00eb paraqitur asnj\u00eb kompani, njoftoi e p\u00ebrditshme \u201cMina\u201d. Tenderi p\u00ebr p\u00ebr Kriporen e Ulqinit, ka","robots":{"index":"index","follow":"follow","max-snippet":"max-snippet:-1","max-image-preview":"max-image-preview:large","max-video-preview":"max-video-preview:-1"},"canonical":"https:\/\/www.visit-ulcinj.com\/blog\/2012\/07\/26\/deshton-shitja-e-kripores-kuvendi-vendos-prodhim-i-kripes\/","og_locale":"en_US","og_type":"article","og_title":"D\u00ebshton shitja e kripores - Kuvendi vendos, prodhimin e krip\u00ebs - Lajme nga Ulqini","og_description":"N\u00eb tenderin\u00a0 p\u00ebr shitjen e Kripor\u00ebs s\u00eb Ulqinit, nuk \u00ebsht\u00eb paraqitur asnj\u00eb kompani, njoftoi e p\u00ebrditshme \u201cMina\u201d. Tenderi p\u00ebr p\u00ebr Kriporen e Ulqinit, ka","og_url":"https:\/\/www.visit-ulcinj.com\/blog\/2012\/07\/26\/deshton-shitja-e-kripores-kuvendi-vendos-prodhim-i-kripes\/","og_site_name":"Lajme nga Ulqini","article_published_time":"2012-07-26T13:23:39+00:00","article_modified_time":"2012-08-04T09:52:34+00:00","twitter_misc":{"Written by":"ulqini","Est. reading time":"2 minutes"},"schema":{"@context":"https:\/\/schema.org","@graph":[{"@type":"WebSite","@id":"https:\/\/www.visit-ulcinj.com\/blog\/#website","url":"https:\/\/www.visit-ulcinj.com\/blog\/","name":"Lajme nga Ulqini","description":"Lajme,Vijesti,Ulqini,Ulqin,Crna Gora,Mali i Zi","potentialAction":[{"@type":"SearchAction","target":{"@type":"EntryPoint","urlTemplate":"https:\/\/www.visit-ulcinj.com\/blog\/?s={search_term_string}"},"query-input":"required name=search_term_string"}],"inLanguage":"en-US"},{"@type":"WebPage","@id":"https:\/\/www.visit-ulcinj.com\/blog\/2012\/07\/26\/deshton-shitja-e-kripores-kuvendi-vendos-prodhim-i-kripes\/#webpage","url":"https:\/\/www.visit-ulcinj.com\/blog\/2012\/07\/26\/deshton-shitja-e-kripores-kuvendi-vendos-prodhim-i-kripes\/","name":"D\u00ebshton shitja e kripores - Kuvendi vendos, prodhimin e krip\u00ebs - Lajme nga Ulqini","isPartOf":{"@id":"https:\/\/www.visit-ulcinj.com\/blog\/#website"},"datePublished":"2012-07-26T13:23:39+00:00","dateModified":"2012-08-04T09:52:34+00:00","author":{"@id":"https:\/\/www.visit-ulcinj.com\/blog\/#\/schema\/person\/dcab619c614d3038751c63bc2aadc06d"},"description":"N\u00eb tenderin\u00a0 p\u00ebr shitjen e Kripor\u00ebs s\u00eb Ulqinit, nuk \u00ebsht\u00eb paraqitur asnj\u00eb kompani, njoftoi e p\u00ebrditshme \u201cMina\u201d. Tenderi p\u00ebr p\u00ebr Kriporen e Ulqinit, ka","breadcrumb":{"@id":"https:\/\/www.visit-ulcinj.com\/blog\/2012\/07\/26\/deshton-shitja-e-kripores-kuvendi-vendos-prodhim-i-kripes\/#breadcrumb"},"inLanguage":"en-US","potentialAction":[{"@type":"ReadAction","target":["https:\/\/www.visit-ulcinj.com\/blog\/2012\/07\/26\/deshton-shitja-e-kripores-kuvendi-vendos-prodhim-i-kripes\/"]}]},{"@type":"BreadcrumbList","@id":"https:\/\/www.visit-ulcinj.com\/blog\/2012\/07\/26\/deshton-shitja-e-kripores-kuvendi-vendos-prodhim-i-kripes\/#breadcrumb","itemListElement":[{"@type":"ListItem","position":1,"name":"D\u00ebshton shitja e kripores &#8211; Kuvendi vendos, prodhimin e krip\u00ebs"}]},{"@type":"Person","@id":"https:\/\/www.visit-ulcinj.com\/blog\/#\/schema\/person\/dcab619c614d3038751c63bc2aadc06d","name":"ulqini","sameAs":["http:\/\/www.visit-ulcinj.com"],"url":"https:\/\/www.visit-ulcinj.com\/blog\/author\/admin\/"}]}},"jetpack_featured_media_url":"","jetpack_sharing_enabled":true,"jetpack_shortlink":"https:\/\/wp.me\/pe6lTn-gdH","_links":{"self":[{"href":"https:\/\/www.visit-ulcinj.com\/blog\/wp-json\/wp\/v2\/posts\/62353"}],"collection":[{"href":"https:\/\/www.visit-ulcinj.com\/blog\/wp-json\/wp\/v2\/posts"}],"about":[{"href":"https:\/\/www.visit-ulcinj.com\/blog\/wp-json\/wp\/v2\/types\/post"}],"author":[{"embeddable":true,"href":"https:\/\/www.visit-ulcinj.com\/blog\/wp-json\/wp\/v2\/users\/1"}],"replies":[{"embeddable":true,"href":"https:\/\/www.visit-ulcinj.com\/blog\/wp-json\/wp\/v2\/comments?post=62353"}],"version-history":[{"count":7,"href":"https:\/\/www.visit-ulcinj.com\/blog\/wp-json\/wp\/v2\/posts\/62353\/revisions"}],"predecessor-version":[{"id":62406,"href":"https:\/\/www.visit-ulcinj.com\/blog\/wp-json\/wp\/v2\/posts\/62353\/revisions\/62406"}],"wp:attachment":[{"href":"https:\/\/www.visit-ulcinj.com\/blog\/wp-json\/wp\/v2\/media?parent=62353"}],"wp:term":[{"taxonomy":"category","embeddable":true,"href":"https:\/\/www.visit-ulcinj.com\/blog\/wp-json\/wp\/v2\/categories?post=62353"},{"taxonomy":"post_tag","embeddable":true,"href":"https:\/\/www.visit-ulcinj.com\/blog\/wp-json\/wp\/v2\/tags?post=62353"}],"curies":[{"name":"wp","href":"https:\/\/api.w.org\/{rel}","templated":true}]}}