{"id":62363,"date":"2012-07-26T17:24:22","date_gmt":"2012-07-26T16:24:22","guid":{"rendered":"http:\/\/www.visit-ulcinj.com\/blog\/?p=62363"},"modified":"2012-07-26T17:24:22","modified_gmt":"2012-07-26T16:24:22","slug":"knsh-ja-uron-presidentin-e-shqiperise-nishani","status":"publish","type":"post","link":"https:\/\/www.visit-ulcinj.com\/blog\/2012\/07\/26\/knsh-ja-uron-presidentin-e-shqiperise-nishani\/","title":{"rendered":"KNSH-ja uron Presidentin e Shqip\u00ebris\u00eb Nishani"},"content":{"rendered":"<p><strong><a href=\"http:\/\/www.visit-ulcinj.com\/blog\/wp-content\/uploads\/2012\/07\/BUJAR-NISHANI.jpg\"><img loading=\"lazy\" class=\"alignleft size-full wp-image-62364\" title=\"BUJAR-NISHANI\" src=\"http:\/\/www.visit-ulcinj.com\/blog\/wp-content\/uploads\/2012\/07\/BUJAR-NISHANI.jpg\" alt=\"\" width=\"510\" height=\"303\" srcset=\"https:\/\/www.visit-ulcinj.com\/blog\/wp-content\/uploads\/2012\/07\/BUJAR-NISHANI.jpg 510w, https:\/\/www.visit-ulcinj.com\/blog\/wp-content\/uploads\/2012\/07\/BUJAR-NISHANI-300x178.jpg 300w\" sizes=\"(max-width: 510px) 100vw, 510px\" \/><\/a>I nderuar\u00a0 zot\u00ebri\u00a0 President\u00a0\u00a0 Nishani,<\/strong><\/p>\n<p>N\u00eb em\u00ebr t\u00eb K\u00ebshillit Nacional t\u00eb Shqiptar\u00ebve n\u00eb Mal t\u00eb Zi dhe n\u00eb emrin tim, pranoni urimet m\u00eb t\u00eb sinqerta dhe v\u00ebllaz\u00ebrore me rastin e emrimit Tuaj n\u00eb postin m\u00eb t\u00eb lart\u00eb t\u00eb shtetit shqiptar, President i Republik\u00ebs s\u00eb Shqip\u00ebris\u00eb.<br \/>\nZgjedhja e Juaj President i vendit, \u00ebsht\u00eb nj\u00eb e arritur e madhe e demokracis\u00eb shqiptare dhe shenj\u00eb gatishm\u00ebrie e Shqip\u00ebris\u00eb p\u00ebr t\u00eb vazhduar e sigurt drejt\u00eb s\u00eb ardhmes europiane dhe integrimeve euro-atlantike.<br \/>\nArritjet e shtetit Am\u00eb Shqip\u00ebris\u00eb, jan\u00eb nj\u00eb g\u00ebzim i madh p\u00ebr t\u00eb gjith\u00eb shqiptar\u00ebt kudo q\u00eb ndodhen, duke p\u00ebrfshir\u00eb edhe neve shqiptar\u00ebve si popull autokton n\u00eb trevat tona st\u00ebrgjyshnore n\u00eb Malin e Zi.<br \/>\nDuke besuar fort n\u00eb personalitetin Tuaj, jemi t\u00eb bindur p\u00ebr nj\u00eb udh\u00ebheqje dinjitoze t\u00eb shtetit shqiptar, duke shpresuar n\u00eb nj\u00eb bashk\u00ebpunim edhe m\u00eb intensiv me faktor\u00ebt politik shqiptar\u00eb\u00a0 jasht kufijve t\u00eb shtetit Am\u00eb, q\u00eb\u00a0 n\u00ebnkupton edhe bashk\u00ebpunimin me\u00a0 neve shqiptar\u00ebt n\u00eb Malin e Zi.<br \/>\nMe urimet m\u00eb t\u00eb mira p\u00ebr Ju personalisht dhe Republiken e Shqip\u00ebris\u00eb, n\u00eb em\u00ebr t\u00eb K\u00ebshillit Nacional t\u00eb Shqiptar\u00ebve n\u00eb Malin e Zi, edhe nj\u00eb her\u00eb, pranoni ndjenj\u00ebn\u00a0 e konsiderat\u00ebs m\u00eb t\u00eb lart\u00eb dhe d\u00ebshirat m\u00eb t\u00eb sinqerta p\u00ebr suksese n\u00eb detyr\u00ebn Tuaj t\u00eb re, n\u00eb krye t\u00eb shtetit.<\/p>\n<p>Me nderime,<br \/>\nKryetari,<br \/>\nTahir Tahiri<\/p>\n","protected":false},"excerpt":{"rendered":"<p>I nderuar\u00a0 zot\u00ebri\u00a0 President\u00a0\u00a0 Nishani, N\u00eb em\u00ebr t\u00eb K\u00ebshillit Nacional t\u00eb Shqiptar\u00ebve n\u00eb Mal t\u00eb Zi dhe n\u00eb emrin tim, pranoni urimet m\u00eb t\u00eb sinqerta dhe v\u00ebllaz\u00ebrore me rastin e emrimit Tuaj n\u00eb postin m\u00eb t\u00eb lart\u00eb t\u00eb shtetit shqiptar, President i Republik\u00ebs s\u00eb Shqip\u00ebris\u00eb. Zgjedhja e Juaj President i vendit, \u00ebsht\u00eb nj\u00eb e arritur [&hellip;]<\/p>\n","protected":false},"author":1,"featured_media":0,"comment_status":"open","ping_status":"closed","sticky":false,"template":"","format":"standard","meta":{"spay_email":"","jetpack_publicize_message":"","jetpack_is_tweetstorm":false,"jetpack_publicize_feature_enabled":true},"categories":[11],"tags":[20836,11340],"jetpack_publicize_connections":[],"yoast_head":"<!-- This site is optimized with the Yoast SEO plugin v19.1 - https:\/\/yoast.com\/wordpress\/plugins\/seo\/ -->\n<title>KNSH-ja uron Presidentin e Shqip\u00ebris\u00eb Nishani - Lajme nga Ulqini<\/title>\n<meta name=\"description\" content=\"I nderuar\u00a0 zot\u00ebri\u00a0 President\u00a0\u00a0 Nishani, N\u00eb em\u00ebr t\u00eb K\u00ebshillit Nacional t\u00eb Shqiptar\u00ebve n\u00eb Mal t\u00eb Zi dhe n\u00eb emrin tim, pranoni urimet m\u00eb t\u00eb sinqerta dhe\" \/>\n<meta name=\"robots\" content=\"index, follow, max-snippet:-1, max-image-preview:large, max-video-preview:-1\" \/>\n<link rel=\"canonical\" href=\"https:\/\/www.visit-ulcinj.com\/blog\/2012\/07\/26\/knsh-ja-uron-presidentin-e-shqiperise-nishani\/\" \/>\n<meta property=\"og:locale\" content=\"en_US\" \/>\n<meta property=\"og:type\" content=\"article\" \/>\n<meta property=\"og:title\" content=\"KNSH-ja uron Presidentin e Shqip\u00ebris\u00eb Nishani - Lajme nga Ulqini\" \/>\n<meta property=\"og:description\" content=\"I nderuar\u00a0 zot\u00ebri\u00a0 President\u00a0\u00a0 Nishani, N\u00eb em\u00ebr t\u00eb K\u00ebshillit Nacional t\u00eb Shqiptar\u00ebve n\u00eb Mal t\u00eb Zi dhe n\u00eb emrin tim, pranoni urimet m\u00eb t\u00eb sinqerta dhe\" \/>\n<meta property=\"og:url\" content=\"https:\/\/www.visit-ulcinj.com\/blog\/2012\/07\/26\/knsh-ja-uron-presidentin-e-shqiperise-nishani\/\" \/>\n<meta property=\"og:site_name\" content=\"Lajme nga Ulqini\" \/>\n<meta property=\"article:published_time\" content=\"2012-07-26T16:24:22+00:00\" \/>\n<meta property=\"og:image\" content=\"http:\/\/www.visit-ulcinj.com\/blog\/wp-content\/uploads\/2012\/07\/BUJAR-NISHANI.jpg\" \/>\n<meta name=\"twitter:label1\" content=\"Written by\" \/>\n\t<meta name=\"twitter:data1\" content=\"ulqini\" \/>\n\t<meta name=\"twitter:label2\" content=\"Est. reading time\" \/>\n\t<meta name=\"twitter:data2\" content=\"1 minute\" \/>\n<script type=\"application\/ld+json\" class=\"yoast-schema-graph\">{\"@context\":\"https:\/\/schema.org\",\"@graph\":[{\"@type\":\"WebSite\",\"@id\":\"https:\/\/www.visit-ulcinj.com\/blog\/#website\",\"url\":\"https:\/\/www.visit-ulcinj.com\/blog\/\",\"name\":\"Lajme nga Ulqini\",\"description\":\"Lajme,Vijesti,Ulqini,Ulqin,Crna Gora,Mali i Zi\",\"potentialAction\":[{\"@type\":\"SearchAction\",\"target\":{\"@type\":\"EntryPoint\",\"urlTemplate\":\"https:\/\/www.visit-ulcinj.com\/blog\/?s={search_term_string}\"},\"query-input\":\"required name=search_term_string\"}],\"inLanguage\":\"en-US\"},{\"@type\":\"ImageObject\",\"inLanguage\":\"en-US\",\"@id\":\"https:\/\/www.visit-ulcinj.com\/blog\/2012\/07\/26\/knsh-ja-uron-presidentin-e-shqiperise-nishani\/#primaryimage\",\"url\":\"https:\/\/www.visit-ulcinj.com\/blog\/wp-content\/uploads\/2012\/07\/BUJAR-NISHANI.jpg\",\"contentUrl\":\"https:\/\/www.visit-ulcinj.com\/blog\/wp-content\/uploads\/2012\/07\/BUJAR-NISHANI.jpg\",\"width\":\"510\",\"height\":\"303\"},{\"@type\":\"WebPage\",\"@id\":\"https:\/\/www.visit-ulcinj.com\/blog\/2012\/07\/26\/knsh-ja-uron-presidentin-e-shqiperise-nishani\/#webpage\",\"url\":\"https:\/\/www.visit-ulcinj.com\/blog\/2012\/07\/26\/knsh-ja-uron-presidentin-e-shqiperise-nishani\/\",\"name\":\"KNSH-ja uron Presidentin e Shqip\u00ebris\u00eb Nishani - Lajme nga Ulqini\",\"isPartOf\":{\"@id\":\"https:\/\/www.visit-ulcinj.com\/blog\/#website\"},\"primaryImageOfPage\":{\"@id\":\"https:\/\/www.visit-ulcinj.com\/blog\/2012\/07\/26\/knsh-ja-uron-presidentin-e-shqiperise-nishani\/#primaryimage\"},\"datePublished\":\"2012-07-26T16:24:22+00:00\",\"dateModified\":\"2012-07-26T16:24:22+00:00\",\"author\":{\"@id\":\"https:\/\/www.visit-ulcinj.com\/blog\/#\/schema\/person\/dcab619c614d3038751c63bc2aadc06d\"},\"description\":\"I nderuar\u00a0 zot\u00ebri\u00a0 President\u00a0\u00a0 Nishani, N\u00eb em\u00ebr t\u00eb K\u00ebshillit Nacional t\u00eb Shqiptar\u00ebve n\u00eb Mal t\u00eb Zi dhe n\u00eb emrin tim, pranoni urimet m\u00eb t\u00eb sinqerta dhe\",\"breadcrumb\":{\"@id\":\"https:\/\/www.visit-ulcinj.com\/blog\/2012\/07\/26\/knsh-ja-uron-presidentin-e-shqiperise-nishani\/#breadcrumb\"},\"inLanguage\":\"en-US\",\"potentialAction\":[{\"@type\":\"ReadAction\",\"target\":[\"https:\/\/www.visit-ulcinj.com\/blog\/2012\/07\/26\/knsh-ja-uron-presidentin-e-shqiperise-nishani\/\"]}]},{\"@type\":\"BreadcrumbList\",\"@id\":\"https:\/\/www.visit-ulcinj.com\/blog\/2012\/07\/26\/knsh-ja-uron-presidentin-e-shqiperise-nishani\/#breadcrumb\",\"itemListElement\":[{\"@type\":\"ListItem\",\"position\":1,\"name\":\"KNSH-ja uron Presidentin e Shqip\u00ebris\u00eb Nishani\"}]},{\"@type\":\"Person\",\"@id\":\"https:\/\/www.visit-ulcinj.com\/blog\/#\/schema\/person\/dcab619c614d3038751c63bc2aadc06d\",\"name\":\"ulqini\",\"sameAs\":[\"http:\/\/www.visit-ulcinj.com\"],\"url\":\"https:\/\/www.visit-ulcinj.com\/blog\/author\/admin\/\"}]}<\/script>\n<!-- \/ Yoast SEO plugin. -->","yoast_head_json":{"title":"KNSH-ja uron Presidentin e Shqip\u00ebris\u00eb Nishani - Lajme nga Ulqini","description":"I nderuar\u00a0 zot\u00ebri\u00a0 President\u00a0\u00a0 Nishani, N\u00eb em\u00ebr t\u00eb K\u00ebshillit Nacional t\u00eb Shqiptar\u00ebve n\u00eb Mal t\u00eb Zi dhe n\u00eb emrin tim, pranoni urimet m\u00eb t\u00eb sinqerta dhe","robots":{"index":"index","follow":"follow","max-snippet":"max-snippet:-1","max-image-preview":"max-image-preview:large","max-video-preview":"max-video-preview:-1"},"canonical":"https:\/\/www.visit-ulcinj.com\/blog\/2012\/07\/26\/knsh-ja-uron-presidentin-e-shqiperise-nishani\/","og_locale":"en_US","og_type":"article","og_title":"KNSH-ja uron Presidentin e Shqip\u00ebris\u00eb Nishani - Lajme nga Ulqini","og_description":"I nderuar\u00a0 zot\u00ebri\u00a0 President\u00a0\u00a0 Nishani, N\u00eb em\u00ebr t\u00eb K\u00ebshillit Nacional t\u00eb Shqiptar\u00ebve n\u00eb Mal t\u00eb Zi dhe n\u00eb emrin tim, pranoni urimet m\u00eb t\u00eb sinqerta dhe","og_url":"https:\/\/www.visit-ulcinj.com\/blog\/2012\/07\/26\/knsh-ja-uron-presidentin-e-shqiperise-nishani\/","og_site_name":"Lajme nga Ulqini","article_published_time":"2012-07-26T16:24:22+00:00","og_image":[{"url":"http:\/\/www.visit-ulcinj.com\/blog\/wp-content\/uploads\/2012\/07\/BUJAR-NISHANI.jpg"}],"twitter_misc":{"Written by":"ulqini","Est. reading time":"1 minute"},"schema":{"@context":"https:\/\/schema.org","@graph":[{"@type":"WebSite","@id":"https:\/\/www.visit-ulcinj.com\/blog\/#website","url":"https:\/\/www.visit-ulcinj.com\/blog\/","name":"Lajme nga Ulqini","description":"Lajme,Vijesti,Ulqini,Ulqin,Crna Gora,Mali i Zi","potentialAction":[{"@type":"SearchAction","target":{"@type":"EntryPoint","urlTemplate":"https:\/\/www.visit-ulcinj.com\/blog\/?s={search_term_string}"},"query-input":"required name=search_term_string"}],"inLanguage":"en-US"},{"@type":"ImageObject","inLanguage":"en-US","@id":"https:\/\/www.visit-ulcinj.com\/blog\/2012\/07\/26\/knsh-ja-uron-presidentin-e-shqiperise-nishani\/#primaryimage","url":"https:\/\/www.visit-ulcinj.com\/blog\/wp-content\/uploads\/2012\/07\/BUJAR-NISHANI.jpg","contentUrl":"https:\/\/www.visit-ulcinj.com\/blog\/wp-content\/uploads\/2012\/07\/BUJAR-NISHANI.jpg","width":"510","height":"303"},{"@type":"WebPage","@id":"https:\/\/www.visit-ulcinj.com\/blog\/2012\/07\/26\/knsh-ja-uron-presidentin-e-shqiperise-nishani\/#webpage","url":"https:\/\/www.visit-ulcinj.com\/blog\/2012\/07\/26\/knsh-ja-uron-presidentin-e-shqiperise-nishani\/","name":"KNSH-ja uron Presidentin e Shqip\u00ebris\u00eb Nishani - Lajme nga Ulqini","isPartOf":{"@id":"https:\/\/www.visit-ulcinj.com\/blog\/#website"},"primaryImageOfPage":{"@id":"https:\/\/www.visit-ulcinj.com\/blog\/2012\/07\/26\/knsh-ja-uron-presidentin-e-shqiperise-nishani\/#primaryimage"},"datePublished":"2012-07-26T16:24:22+00:00","dateModified":"2012-07-26T16:24:22+00:00","author":{"@id":"https:\/\/www.visit-ulcinj.com\/blog\/#\/schema\/person\/dcab619c614d3038751c63bc2aadc06d"},"description":"I nderuar\u00a0 zot\u00ebri\u00a0 President\u00a0\u00a0 Nishani, N\u00eb em\u00ebr t\u00eb K\u00ebshillit Nacional t\u00eb Shqiptar\u00ebve n\u00eb Mal t\u00eb Zi dhe n\u00eb emrin tim, pranoni urimet m\u00eb t\u00eb sinqerta dhe","breadcrumb":{"@id":"https:\/\/www.visit-ulcinj.com\/blog\/2012\/07\/26\/knsh-ja-uron-presidentin-e-shqiperise-nishani\/#breadcrumb"},"inLanguage":"en-US","potentialAction":[{"@type":"ReadAction","target":["https:\/\/www.visit-ulcinj.com\/blog\/2012\/07\/26\/knsh-ja-uron-presidentin-e-shqiperise-nishani\/"]}]},{"@type":"BreadcrumbList","@id":"https:\/\/www.visit-ulcinj.com\/blog\/2012\/07\/26\/knsh-ja-uron-presidentin-e-shqiperise-nishani\/#breadcrumb","itemListElement":[{"@type":"ListItem","position":1,"name":"KNSH-ja uron Presidentin e Shqip\u00ebris\u00eb Nishani"}]},{"@type":"Person","@id":"https:\/\/www.visit-ulcinj.com\/blog\/#\/schema\/person\/dcab619c614d3038751c63bc2aadc06d","name":"ulqini","sameAs":["http:\/\/www.visit-ulcinj.com"],"url":"https:\/\/www.visit-ulcinj.com\/blog\/author\/admin\/"}]}},"jetpack_featured_media_url":"","jetpack_sharing_enabled":true,"jetpack_shortlink":"https:\/\/wp.me\/pe6lTn-gdR","_links":{"self":[{"href":"https:\/\/www.visit-ulcinj.com\/blog\/wp-json\/wp\/v2\/posts\/62363"}],"collection":[{"href":"https:\/\/www.visit-ulcinj.com\/blog\/wp-json\/wp\/v2\/posts"}],"about":[{"href":"https:\/\/www.visit-ulcinj.com\/blog\/wp-json\/wp\/v2\/types\/post"}],"author":[{"embeddable":true,"href":"https:\/\/www.visit-ulcinj.com\/blog\/wp-json\/wp\/v2\/users\/1"}],"replies":[{"embeddable":true,"href":"https:\/\/www.visit-ulcinj.com\/blog\/wp-json\/wp\/v2\/comments?post=62363"}],"version-history":[{"count":1,"href":"https:\/\/www.visit-ulcinj.com\/blog\/wp-json\/wp\/v2\/posts\/62363\/revisions"}],"predecessor-version":[{"id":62365,"href":"https:\/\/www.visit-ulcinj.com\/blog\/wp-json\/wp\/v2\/posts\/62363\/revisions\/62365"}],"wp:attachment":[{"href":"https:\/\/www.visit-ulcinj.com\/blog\/wp-json\/wp\/v2\/media?parent=62363"}],"wp:term":[{"taxonomy":"category","embeddable":true,"href":"https:\/\/www.visit-ulcinj.com\/blog\/wp-json\/wp\/v2\/categories?post=62363"},{"taxonomy":"post_tag","embeddable":true,"href":"https:\/\/www.visit-ulcinj.com\/blog\/wp-json\/wp\/v2\/tags?post=62363"}],"curies":[{"name":"wp","href":"https:\/\/api.w.org\/{rel}","templated":true}]}}