{"id":62377,"date":"2012-07-27T13:55:51","date_gmt":"2012-07-27T12:55:51","guid":{"rendered":"http:\/\/www.visit-ulcinj.com\/blog\/?p=62377"},"modified":"2012-07-27T13:55:51","modified_gmt":"2012-07-27T12:55:51","slug":"kalimera-poetike-e-ulqinit-ne-kujtim-te-ali-podrimjes","status":"publish","type":"post","link":"https:\/\/www.visit-ulcinj.com\/blog\/2012\/07\/27\/kalimera-poetike-e-ulqinit-ne-kujtim-te-ali-podrimjes\/","title":{"rendered":"\u201cKalimera poetike\u201d e Ulqinit n\u00eb kujtim t\u00eb Ali Podrimjes"},"content":{"rendered":"<p><a href=\"http:\/\/www.visit-ulcinj.com\/blog\/wp-content\/uploads\/2012\/07\/Kalimera-poetike-e-Ulqinit-n\u00eb-kujtim-t\u00eb-Ali-Podrimjes.jpg\"><img loading=\"lazy\" class=\"alignleft  wp-image-62378\" title=\"Kalimera poetike e Ulqinit n\u00eb kujtim t\u00eb Ali Podrimjes\" src=\"http:\/\/www.visit-ulcinj.com\/blog\/wp-content\/uploads\/2012\/07\/Kalimera-poetike-e-Ulqinit-n\u00eb-kujtim-t\u00eb-Ali-Podrimjes.jpg\" alt=\"\" width=\"508\" height=\"367\" \/><\/a>Ali Podrimja kishte dashuri t\u00eb ve\u00e7ant\u00eb p\u00ebr Ulqinin, ndaj e vizitonte shpesh k\u00ebt\u00eb qytet bregdetar. Manifestimi letrar \u201cKalimera poetike\u201d ishte nj\u00ebrin nd\u00ebr stacionet e shpeshta t\u00eb tij. Pik\u00ebrisht ky manifestim &#8211; ideator i t\u00eb cilit ishte edhe vet\u00eb Podrimja &#8211; n\u00eb edicionin jubilar do t\u00eb b\u00ebj\u00eb homazhe p\u00ebr poetin e ndjer\u00eb, raporton \u201cKoha Ditore\u201d. Edicioni i nj\u00ebzet i nj\u00ebr\u00ebs prej ngjarjeve m\u00eb t\u00eb r\u00ebnd\u00ebsishme kulturore n\u00eb fush\u00ebn e let\u00ebrsis\u00eb q\u00eb mbahet n\u00eb Mal t\u00eb Zi do t\u00eb hapet me nj\u00eb minut\u00eb heshtje p\u00ebr poetin e ndjer\u00eb. Po ashtu, n\u00eb ceremonin\u00eb hap\u00ebse t\u00eb manifestimit do t\u00eb lexohen vargje q\u00eb ka l\u00ebn\u00eb n\u00ebp\u00ebr vite Podrimja. Poeti kosovar u gjet i vdekur t\u00eb shtun\u00ebn n\u00eb Lodeve t\u00eb Franc\u00ebs, ku kishte marr\u00eb pjes\u00eb n\u00eb nj\u00eb festival letrar. Edicioni i sivjetm\u00eb i \u201cKalimera poetike\u201d do t\u00eb nis\u00eb m\u00eb 2 gusht n\u00eb Kalan\u00eb e Ulqinit.<\/p>\n<p>Ali Salaj, kryetar e shoqat\u00ebs s\u00eb artist\u00ebve dhe intelektual\u00ebve \u201cArt Club\u201d, q\u00eb organizon \u201cKalimer\u00ebn&#8230;\u201d ka th\u00ebn\u00eb se Podrimja ka dh\u00ebn\u00eb kontribut t\u00eb madh n\u00eb ideimin e disa ngjarjeve letrare n\u00eb Ulqin, por edhe n\u00eb zbulimin dhe afirmimin e poet\u00ebve e krijuesve nga radh\u00ebt e shqiptar\u00ebve n\u00eb Mal t\u00eb Zi.<\/p>\n<p>\u201cAi i adhuronte detin, val\u00ebt dhe Kalan\u00eb e lasht\u00eb, p\u00ebr \u00e7ka Ulqinin e cil\u00ebsonte si \u2018cepin m\u00eb t\u00eb bukur t\u00eb Shqip\u00ebris\u00eb\u2019. Prania e vazhdueshme e Podrimjes n\u00eb Ulqin dhe shkrimet e tij n\u00eb mediet e k\u00ebtushme ngjall\u00ebn frym\u00ebn e krenaris\u00eb dhe t\u00eb q\u00ebndres\u00ebs s\u00eb shqiptar\u00ebve t\u00eb Mali t\u00eb Zi\u201d, ka th\u00ebn\u00eb Salaj.<\/p>\n<p>Ismet Kallaba, sekretar i \u201cArt Club\u201d, ka dh\u00ebn\u00eb detaje p\u00ebr m\u00ebnyr\u00ebn se si do t\u00eb nderohet poeti kosovar n\u00eb Ulqin.<\/p>\n<p>\u201cAi do t\u00eb kujtohet n\u00eb pjes\u00ebn hyr\u00ebse t\u00eb manifestimit, pra n\u00eb mbr\u00ebmjen e par\u00eb, m\u00eb 2 gusht, me \u00e7\u2019rast do t\u00eb mbahet nj\u00eb minut\u00eb heshtjeje dhe do t\u00eb lexohen pjes\u00eb nga krijimtaria e tij apo kushtuar atij\u201d, ka shpjeguar Kallaba. Sipas Kallab\u00ebs, Ali Podrimja ka qen\u00eb pjes\u00ebmarr\u00ebs i rregullt n\u00eb k\u00ebt\u00eb manifestim.<\/p>\n<p>\u201cHer\u00ebn e fundit, me sa mbaj mend, ka qen\u00eb k\u00ebtu n\u00eb vitin 2010. Podrimja \u00ebsht\u00eb nj\u00ebri nd\u00ebr ideator\u00ebt e k\u00ebsaj veprimtarie ashtu si edhe disa veprimtarive t\u00eb tjera letrare n\u00eb Ulqin\u201d, ka th\u00ebn\u00eb Kallaba.<\/p>\n<p>P\u00ebrfaq\u00ebsues t\u00eb \u201cArt Clubit\u201d p\u00ebr her\u00eb t\u00eb fundit kan\u00eb takuar Podrimjen n\u00eb Shkod\u00ebr.<\/p>\n<p>\u201cMe ftes\u00eb t\u00eb poetit Ali Podrimja, p\u00ebrfaq\u00ebsues t\u00eb shoqat\u00ebs son\u00eb kan\u00eb marr\u00eb pjes\u00eb n\u00eb nj\u00eb takim kushtuar atij, t\u00eb organizuar nga Departamenti i Let\u00ebrsis\u00eb i universitetit t\u00eb Shkodr\u00ebs \u2018Luigj Gurakuqi\u2019 n\u00eb Bibliotek\u00ebn Universitare n\u00eb Shkod\u00ebr\u201d, ka th\u00ebn\u00eb ai. Kallaba ka shtuar se shqiptar\u00ebt e Malit t\u00eb Zi kan\u00eb obligim moral p\u00ebr t\u00eb nderuar figur\u00ebn e Podrimjes.<\/p>\n<p>\u201cP\u00ebrve\u00e7 r\u00ebnd\u00ebsis\u00eb n\u00eb rrafshin mbar\u00ebkomb\u00ebtar, nderimi i figur\u00ebs s\u00eb Podrimjes p\u00ebr ne shqiptar\u00ebt n\u00eb Mal t\u00eb Zi p\u00ebrb\u00ebn nj\u00eb detyrim moral ndaj poetit, i cili kishte dashuri t\u00eb ve\u00e7ant\u00eb p\u00ebr shqiptar\u00ebt e Malit t\u00eb Zi, sidomos p\u00ebr Ulqinin\u201d, ka th\u00ebn\u00eb ai.<\/p>\n<p>N\u00eb nj\u00eb njoftim t\u00eb l\u00ebshuar nga shoqata e artist\u00ebve dhe intelektual\u00ebve \u201cArt Club\u201d, thuhet se q\u00ebllimi kryesor i k\u00ebsaj veprimtarie \u00ebsht\u00eb t\u00eb promovoj\u00eb krijimtarin\u00eb m\u00eb t\u00eb mir\u00eb letrare shqiptare, por edhe at\u00eb malazeze, n\u00eb m\u00ebnyr\u00eb q\u00eb ta b\u00ebj\u00eb at\u00eb t\u00eb njohur p\u00ebr publikun vend\u00ebs dhe turist\u00ebt. \u201cDuke pasur parasysh rrug\u00ebn e zhvillimit t\u00eb k\u00ebsaj veprimtarie nd\u00ebr vite, mund t\u00eb thuhet se \u2018Kalimera poetike\u2019 vler\u00ebsohet si ngjarja m\u00eb e r\u00ebnd\u00ebsishme n\u00eb fush\u00ebn e let\u00ebrsis\u00eb nd\u00ebr shqiptar\u00ebt n\u00eb Mal t\u00eb Zi dhe m\u00eb gjer\u00eb. Gjat\u00eb dit\u00ebve t\u00eb zhvillimit t\u00eb saj Ulqini shnd\u00ebrrohet n\u00eb qend\u00ebr dhe vendtakim t\u00eb shkrimtar\u00ebve shqiptar\u00eb dhe atyre nga rajoni. Ky manifestim i sh\u00ebrben po ashtu pasurimit t\u00eb ofert\u00ebs turistike t\u00eb Ulqinit gjat\u00eb sezonit turistik\u201d, thuhet n\u00eb njoftimin e organizator\u00ebve. \u201cArt Club\u201d po ashtu njofton se edicioni i sivjetsh\u00ebm \u00ebsht\u00eb jubilar pasi q\u00eb p\u00ebrkon me 20-vjetorin e k\u00ebtij manifestimi dhe se do t\u00eb vazhdoj\u00eb tradit\u00ebn e edicioneve t\u00eb kaluara ku kan\u00eb marr\u00eb pjes\u00eb shkrimtar\u00ebt m\u00eb t\u00eb njohur shqiptar\u00eb. Mysafir\u00eb t\u00eb k\u00ebtij edicioni jan\u00eb poeti nga Kosova, Qerim Ujkani, dhe ai nga Shqip\u00ebria, Primo Shllaku, t\u00eb cil\u00ebve do t\u2019iu kushtohet mbr\u00ebmje autoriale. Ndryshe, trupi i pajet\u00eb i Ali Podrimjes u gjet t\u00eb shtun\u00ebn e 21 korrikut, n\u00eb nj\u00eb pyll af\u00ebr qytetit Lodeve t\u00eb Franc\u00ebs, prej ku kishte humbur kontaktet tri dit\u00eb m\u00eb her\u00ebt.<\/p>\n<p>KOHA NET<\/p>\n","protected":false},"excerpt":{"rendered":"<p>Ali Podrimja kishte dashuri t\u00eb ve\u00e7ant\u00eb p\u00ebr Ulqinin, ndaj e vizitonte shpesh k\u00ebt\u00eb qytet bregdetar. Manifestimi letrar \u201cKalimera poetike\u201d ishte nj\u00ebrin nd\u00ebr stacionet e shpeshta t\u00eb tij. Pik\u00ebrisht ky manifestim &#8211; ideator i t\u00eb cilit ishte edhe vet\u00eb Podrimja &#8211; n\u00eb edicionin jubilar do t\u00eb b\u00ebj\u00eb homazhe p\u00ebr poetin e ndjer\u00eb, raporton \u201cKoha Ditore\u201d. Edicioni [&hellip;]<\/p>\n","protected":false},"author":1,"featured_media":0,"comment_status":"open","ping_status":"closed","sticky":false,"template":"","format":"standard","meta":{"spay_email":"","jetpack_publicize_message":"","jetpack_is_tweetstorm":false,"jetpack_publicize_feature_enabled":true},"categories":[4],"tags":[4262,200,18],"jetpack_publicize_connections":[],"yoast_head":"<!-- This site is optimized with the Yoast SEO plugin v19.1 - https:\/\/yoast.com\/wordpress\/plugins\/seo\/ -->\n<title>\u201cKalimera poetike\u201d e Ulqinit n\u00eb kujtim t\u00eb Ali Podrimjes - Lajme nga Ulqini<\/title>\n<meta name=\"description\" content=\"Ali Podrimja kishte dashuri t\u00eb ve\u00e7ant\u00eb p\u00ebr Ulqinin, ndaj e vizitonte shpesh k\u00ebt\u00eb qytet bregdetar. Manifestimi letrar \u201cKalimera poetike\u201d ishte nj\u00ebrin nd\u00ebr\" \/>\n<meta name=\"robots\" content=\"index, follow, max-snippet:-1, max-image-preview:large, max-video-preview:-1\" \/>\n<link rel=\"canonical\" href=\"https:\/\/www.visit-ulcinj.com\/blog\/2012\/07\/27\/kalimera-poetike-e-ulqinit-ne-kujtim-te-ali-podrimjes\/\" \/>\n<meta property=\"og:locale\" content=\"en_US\" \/>\n<meta property=\"og:type\" content=\"article\" \/>\n<meta property=\"og:title\" content=\"\u201cKalimera poetike\u201d e Ulqinit n\u00eb kujtim t\u00eb Ali Podrimjes - Lajme nga Ulqini\" \/>\n<meta property=\"og:description\" content=\"Ali Podrimja kishte dashuri t\u00eb ve\u00e7ant\u00eb p\u00ebr Ulqinin, ndaj e vizitonte shpesh k\u00ebt\u00eb qytet bregdetar. Manifestimi letrar \u201cKalimera poetike\u201d ishte nj\u00ebrin nd\u00ebr\" \/>\n<meta property=\"og:url\" content=\"https:\/\/www.visit-ulcinj.com\/blog\/2012\/07\/27\/kalimera-poetike-e-ulqinit-ne-kujtim-te-ali-podrimjes\/\" \/>\n<meta property=\"og:site_name\" content=\"Lajme nga Ulqini\" \/>\n<meta property=\"article:published_time\" content=\"2012-07-27T12:55:51+00:00\" \/>\n<meta name=\"twitter:label1\" content=\"Written by\" \/>\n\t<meta name=\"twitter:data1\" content=\"ulqini\" \/>\n\t<meta name=\"twitter:label2\" content=\"Est. reading time\" \/>\n\t<meta name=\"twitter:data2\" content=\"4 minutes\" \/>\n<script type=\"application\/ld+json\" class=\"yoast-schema-graph\">{\"@context\":\"https:\/\/schema.org\",\"@graph\":[{\"@type\":\"WebSite\",\"@id\":\"https:\/\/www.visit-ulcinj.com\/blog\/#website\",\"url\":\"https:\/\/www.visit-ulcinj.com\/blog\/\",\"name\":\"Lajme nga Ulqini\",\"description\":\"Lajme,Vijesti,Ulqini,Ulqin,Crna Gora,Mali i Zi\",\"potentialAction\":[{\"@type\":\"SearchAction\",\"target\":{\"@type\":\"EntryPoint\",\"urlTemplate\":\"https:\/\/www.visit-ulcinj.com\/blog\/?s={search_term_string}\"},\"query-input\":\"required name=search_term_string\"}],\"inLanguage\":\"en-US\"},{\"@type\":\"WebPage\",\"@id\":\"https:\/\/www.visit-ulcinj.com\/blog\/2012\/07\/27\/kalimera-poetike-e-ulqinit-ne-kujtim-te-ali-podrimjes\/#webpage\",\"url\":\"https:\/\/www.visit-ulcinj.com\/blog\/2012\/07\/27\/kalimera-poetike-e-ulqinit-ne-kujtim-te-ali-podrimjes\/\",\"name\":\"\u201cKalimera poetike\u201d e Ulqinit n\u00eb kujtim t\u00eb Ali Podrimjes - Lajme nga Ulqini\",\"isPartOf\":{\"@id\":\"https:\/\/www.visit-ulcinj.com\/blog\/#website\"},\"datePublished\":\"2012-07-27T12:55:51+00:00\",\"dateModified\":\"2012-07-27T12:55:51+00:00\",\"author\":{\"@id\":\"https:\/\/www.visit-ulcinj.com\/blog\/#\/schema\/person\/dcab619c614d3038751c63bc2aadc06d\"},\"description\":\"Ali Podrimja kishte dashuri t\u00eb ve\u00e7ant\u00eb p\u00ebr Ulqinin, ndaj e vizitonte shpesh k\u00ebt\u00eb qytet bregdetar. Manifestimi letrar \u201cKalimera poetike\u201d ishte nj\u00ebrin nd\u00ebr\",\"breadcrumb\":{\"@id\":\"https:\/\/www.visit-ulcinj.com\/blog\/2012\/07\/27\/kalimera-poetike-e-ulqinit-ne-kujtim-te-ali-podrimjes\/#breadcrumb\"},\"inLanguage\":\"en-US\",\"potentialAction\":[{\"@type\":\"ReadAction\",\"target\":[\"https:\/\/www.visit-ulcinj.com\/blog\/2012\/07\/27\/kalimera-poetike-e-ulqinit-ne-kujtim-te-ali-podrimjes\/\"]}]},{\"@type\":\"BreadcrumbList\",\"@id\":\"https:\/\/www.visit-ulcinj.com\/blog\/2012\/07\/27\/kalimera-poetike-e-ulqinit-ne-kujtim-te-ali-podrimjes\/#breadcrumb\",\"itemListElement\":[{\"@type\":\"ListItem\",\"position\":1,\"name\":\"\u201cKalimera poetike\u201d e Ulqinit n\u00eb kujtim t\u00eb Ali Podrimjes\"}]},{\"@type\":\"Person\",\"@id\":\"https:\/\/www.visit-ulcinj.com\/blog\/#\/schema\/person\/dcab619c614d3038751c63bc2aadc06d\",\"name\":\"ulqini\",\"sameAs\":[\"http:\/\/www.visit-ulcinj.com\"],\"url\":\"https:\/\/www.visit-ulcinj.com\/blog\/author\/admin\/\"}]}<\/script>\n<!-- \/ Yoast SEO plugin. -->","yoast_head_json":{"title":"\u201cKalimera poetike\u201d e Ulqinit n\u00eb kujtim t\u00eb Ali Podrimjes - Lajme nga Ulqini","description":"Ali Podrimja kishte dashuri t\u00eb ve\u00e7ant\u00eb p\u00ebr Ulqinin, ndaj e vizitonte shpesh k\u00ebt\u00eb qytet bregdetar. Manifestimi letrar \u201cKalimera poetike\u201d ishte nj\u00ebrin nd\u00ebr","robots":{"index":"index","follow":"follow","max-snippet":"max-snippet:-1","max-image-preview":"max-image-preview:large","max-video-preview":"max-video-preview:-1"},"canonical":"https:\/\/www.visit-ulcinj.com\/blog\/2012\/07\/27\/kalimera-poetike-e-ulqinit-ne-kujtim-te-ali-podrimjes\/","og_locale":"en_US","og_type":"article","og_title":"\u201cKalimera poetike\u201d e Ulqinit n\u00eb kujtim t\u00eb Ali Podrimjes - Lajme nga Ulqini","og_description":"Ali Podrimja kishte dashuri t\u00eb ve\u00e7ant\u00eb p\u00ebr Ulqinin, ndaj e vizitonte shpesh k\u00ebt\u00eb qytet bregdetar. Manifestimi letrar \u201cKalimera poetike\u201d ishte nj\u00ebrin nd\u00ebr","og_url":"https:\/\/www.visit-ulcinj.com\/blog\/2012\/07\/27\/kalimera-poetike-e-ulqinit-ne-kujtim-te-ali-podrimjes\/","og_site_name":"Lajme nga Ulqini","article_published_time":"2012-07-27T12:55:51+00:00","twitter_misc":{"Written by":"ulqini","Est. reading time":"4 minutes"},"schema":{"@context":"https:\/\/schema.org","@graph":[{"@type":"WebSite","@id":"https:\/\/www.visit-ulcinj.com\/blog\/#website","url":"https:\/\/www.visit-ulcinj.com\/blog\/","name":"Lajme nga Ulqini","description":"Lajme,Vijesti,Ulqini,Ulqin,Crna Gora,Mali i Zi","potentialAction":[{"@type":"SearchAction","target":{"@type":"EntryPoint","urlTemplate":"https:\/\/www.visit-ulcinj.com\/blog\/?s={search_term_string}"},"query-input":"required name=search_term_string"}],"inLanguage":"en-US"},{"@type":"WebPage","@id":"https:\/\/www.visit-ulcinj.com\/blog\/2012\/07\/27\/kalimera-poetike-e-ulqinit-ne-kujtim-te-ali-podrimjes\/#webpage","url":"https:\/\/www.visit-ulcinj.com\/blog\/2012\/07\/27\/kalimera-poetike-e-ulqinit-ne-kujtim-te-ali-podrimjes\/","name":"\u201cKalimera poetike\u201d e Ulqinit n\u00eb kujtim t\u00eb Ali Podrimjes - Lajme nga Ulqini","isPartOf":{"@id":"https:\/\/www.visit-ulcinj.com\/blog\/#website"},"datePublished":"2012-07-27T12:55:51+00:00","dateModified":"2012-07-27T12:55:51+00:00","author":{"@id":"https:\/\/www.visit-ulcinj.com\/blog\/#\/schema\/person\/dcab619c614d3038751c63bc2aadc06d"},"description":"Ali Podrimja kishte dashuri t\u00eb ve\u00e7ant\u00eb p\u00ebr Ulqinin, ndaj e vizitonte shpesh k\u00ebt\u00eb qytet bregdetar. Manifestimi letrar \u201cKalimera poetike\u201d ishte nj\u00ebrin nd\u00ebr","breadcrumb":{"@id":"https:\/\/www.visit-ulcinj.com\/blog\/2012\/07\/27\/kalimera-poetike-e-ulqinit-ne-kujtim-te-ali-podrimjes\/#breadcrumb"},"inLanguage":"en-US","potentialAction":[{"@type":"ReadAction","target":["https:\/\/www.visit-ulcinj.com\/blog\/2012\/07\/27\/kalimera-poetike-e-ulqinit-ne-kujtim-te-ali-podrimjes\/"]}]},{"@type":"BreadcrumbList","@id":"https:\/\/www.visit-ulcinj.com\/blog\/2012\/07\/27\/kalimera-poetike-e-ulqinit-ne-kujtim-te-ali-podrimjes\/#breadcrumb","itemListElement":[{"@type":"ListItem","position":1,"name":"\u201cKalimera poetike\u201d e Ulqinit n\u00eb kujtim t\u00eb Ali Podrimjes"}]},{"@type":"Person","@id":"https:\/\/www.visit-ulcinj.com\/blog\/#\/schema\/person\/dcab619c614d3038751c63bc2aadc06d","name":"ulqini","sameAs":["http:\/\/www.visit-ulcinj.com"],"url":"https:\/\/www.visit-ulcinj.com\/blog\/author\/admin\/"}]}},"jetpack_featured_media_url":"","jetpack_sharing_enabled":true,"jetpack_shortlink":"https:\/\/wp.me\/pe6lTn-ge5","_links":{"self":[{"href":"https:\/\/www.visit-ulcinj.com\/blog\/wp-json\/wp\/v2\/posts\/62377"}],"collection":[{"href":"https:\/\/www.visit-ulcinj.com\/blog\/wp-json\/wp\/v2\/posts"}],"about":[{"href":"https:\/\/www.visit-ulcinj.com\/blog\/wp-json\/wp\/v2\/types\/post"}],"author":[{"embeddable":true,"href":"https:\/\/www.visit-ulcinj.com\/blog\/wp-json\/wp\/v2\/users\/1"}],"replies":[{"embeddable":true,"href":"https:\/\/www.visit-ulcinj.com\/blog\/wp-json\/wp\/v2\/comments?post=62377"}],"version-history":[{"count":1,"href":"https:\/\/www.visit-ulcinj.com\/blog\/wp-json\/wp\/v2\/posts\/62377\/revisions"}],"predecessor-version":[{"id":62379,"href":"https:\/\/www.visit-ulcinj.com\/blog\/wp-json\/wp\/v2\/posts\/62377\/revisions\/62379"}],"wp:attachment":[{"href":"https:\/\/www.visit-ulcinj.com\/blog\/wp-json\/wp\/v2\/media?parent=62377"}],"wp:term":[{"taxonomy":"category","embeddable":true,"href":"https:\/\/www.visit-ulcinj.com\/blog\/wp-json\/wp\/v2\/categories?post=62377"},{"taxonomy":"post_tag","embeddable":true,"href":"https:\/\/www.visit-ulcinj.com\/blog\/wp-json\/wp\/v2\/tags?post=62377"}],"curies":[{"name":"wp","href":"https:\/\/api.w.org\/{rel}","templated":true}]}}