{"id":62380,"date":"2012-07-27T14:00:45","date_gmt":"2012-07-27T13:00:45","guid":{"rendered":"http:\/\/www.visit-ulcinj.com\/blog\/?p=62380"},"modified":"2012-07-27T14:00:45","modified_gmt":"2012-07-27T13:00:45","slug":"kraja-e-capriqi-anetare-te-rinj-te-akademise-se-shqiperise","status":"publish","type":"post","link":"https:\/\/www.visit-ulcinj.com\/blog\/2012\/07\/27\/kraja-e-capriqi-anetare-te-rinj-te-akademise-se-shqiperise\/","title":{"rendered":"Kraja e \u00c7apriqi, an\u00ebtar\u00eb t\u00eb rinj t\u00eb Akademis\u00eb s\u00eb Shqip\u00ebris\u00eb"},"content":{"rendered":"<p><a href=\"http:\/\/www.visit-ulcinj.com\/blog\/wp-content\/uploads\/2012\/07\/CAPRIQI-KRAJA.jpg\"><img loading=\"lazy\" class=\"alignleft  wp-image-62381\" title=\"CAPRIQI-KRAJA\" src=\"http:\/\/www.visit-ulcinj.com\/blog\/wp-content\/uploads\/2012\/07\/CAPRIQI-KRAJA.jpg\" alt=\"\" width=\"508\" height=\"360\" \/><\/a>Akademia Shqiptare e Arteve dhe Shkencave pranon n\u00eb radh\u00ebt e saj gjasht\u00eb an\u00ebtar\u00eb t\u00eb rinj, duke e \u00e7uar n\u00eb 39 numrin e tyre, b\u00ebn t\u00eb ditur \u2018Panorama\u2019. Ata jan\u00eb personalitete t\u00eb shquar t\u00eb shkencave natyrore dhe humane. Nj\u00eb nd\u00ebr ta mjeku kardiolog Pandeli \u00c7ina, i diplomuar n\u00eb Akademin\u00eb Mjek\u00ebsore t\u00eb Varshav\u00ebs dhe i specializuar n\u00eb Paris, n\u00eb Huston dhe San Francisco, si edhe n\u00eb Zyrih dhe Gjenev\u00eb. An\u00ebtar i ri i k\u00ebsaj akademie \u00ebsht\u00eb edhe gjuh\u00ebtari Emil Lafe, bashkautor n\u00eb veprat themelore p\u00ebr shqipen standarde: \u201cFjalorin e gjuh\u00ebs s\u00eb sotme shqipe\u201d, n\u00eb \u201cGramatik\u00ebn e gjuh\u00ebs shqipe\u201d, si dhe n\u00eb \u201cFjalorin drejtshkrimor t\u00eb shqipes\u201d. Shkrimtari kosovar Mehmet Kraja \u00ebsht\u00eb nj\u00eb nd\u00ebr an\u00ebtar\u00ebt m\u00eb t\u00eb rinj. Ai \u00ebsht\u00eb nj\u00eb nga prozator\u00ebt m\u00eb t\u00eb njohur sot n\u00eb let\u00ebrsin\u00eb shqipe. P\u00ebr t\u00eb vijuar me\u00a0 Basri \u00c7apriqin (Kosov\u00eb), profesor i let\u00ebrsis\u00eb shqipe n\u00eb Fakultetin Filologjik t\u00eb Prishtin\u00ebs dhe nd\u00ebr poet\u00ebt m\u00eb t\u00eb njohur. Akademis\u00eb i shtohen edhe dy profesor\u00eb amerikan\u00eb, si Bryan S. Turner, i cili mban titullin \u201cPresidential Professor\u201d n\u00eb The City University of New York, \u00ebsht\u00eb profesor i afiliuar n\u00eb Yale University, si dhe Victor Friedman, i cili mban titullin \u201cAndrew W. Mellon Professor\u201d n\u00eb disiplinat humane dhe \u00ebsht\u00eb profesor i gjuh\u00ebve dhe let\u00ebrsis\u00eb sllave n\u00eb University of Chicago. Friedman \u00ebsht\u00eb nd\u00ebr ballkanolog\u00ebt dhe albanolog\u00ebt m\u00eb t\u00eb shquar n\u00eb koh\u00ebn e sotme. Ai ka b\u00ebr\u00eb k\u00ebrkime n\u00eb fush\u00ebn e gjuh\u00ebsis\u00eb dhe t\u00eb let\u00ebrsis\u00eb n\u00eb t\u00eb gjitha vendet ballkanike p\u00ebr m\u00eb shum\u00eb se 30 vjet dhe ka vizituar Shqip\u00ebrin\u00eb n\u00eb shum\u00eb raste.<\/p>\n<p>Akademia Shqiptare e Arteve dhe Shkencave u themelua m\u00eb 17 dhjetor 2011. N\u00eb p\u00ebrb\u00ebrje t\u00eb saj jan\u00eb emra t\u00eb shquar t\u00eb artit, kultur\u00ebs, shkenc\u00ebs shqiptare, si Ismail dhe Helena Kadare, Inva Mula, Ermonela Jaho, Adrian Civici, Fatos Tarifa, Limoz Dizdari, P\u00ebllumb Xhufi, Isuf Kalo, Xhevat Lloshi etj. Akademia Shqiptare e Arteve dhe e Shkencave u krijua me d\u00ebshir\u00ebn dhe vullnetin p\u00ebr t\u00eb promovuar krijimtarin\u00eb m\u00eb t\u00eb mir\u00eb kulturore, shkencore, artistike dhe letrare t\u00eb realizuar n\u00eb Shqip\u00ebri, n\u00eb trojet shqiptare dhe n\u00eb diaspor\u00eb.<\/p>\n<p>KOHA NET<\/p>\n","protected":false},"excerpt":{"rendered":"<p>Akademia Shqiptare e Arteve dhe Shkencave pranon n\u00eb radh\u00ebt e saj gjasht\u00eb an\u00ebtar\u00eb t\u00eb rinj, duke e \u00e7uar n\u00eb 39 numrin e tyre, b\u00ebn t\u00eb ditur \u2018Panorama\u2019. Ata jan\u00eb personalitete t\u00eb shquar t\u00eb shkencave natyrore dhe humane. Nj\u00eb nd\u00ebr ta mjeku kardiolog Pandeli \u00c7ina, i diplomuar n\u00eb Akademin\u00eb Mjek\u00ebsore t\u00eb Varshav\u00ebs dhe i specializuar n\u00eb [&hellip;]<\/p>\n","protected":false},"author":1,"featured_media":0,"comment_status":"open","ping_status":"closed","sticky":false,"template":"","format":"standard","meta":{"spay_email":"","jetpack_publicize_message":"","jetpack_is_tweetstorm":false,"jetpack_publicize_feature_enabled":true},"categories":[12],"tags":[951,20837],"jetpack_publicize_connections":[],"yoast_head":"<!-- This site is optimized with the Yoast SEO plugin v19.1 - https:\/\/yoast.com\/wordpress\/plugins\/seo\/ -->\n<title>Kraja e \u00c7apriqi, an\u00ebtar\u00eb t\u00eb rinj t\u00eb Akademis\u00eb s\u00eb Shqip\u00ebris\u00eb - Lajme nga Ulqini<\/title>\n<meta name=\"description\" content=\"Akademia Shqiptare e Arteve dhe Shkencave pranon n\u00eb radh\u00ebt e saj gjasht\u00eb an\u00ebtar\u00eb t\u00eb rinj, duke e \u00e7uar n\u00eb 39 numrin e tyre, b\u00ebn t\u00eb ditur \u2018Panorama\u2019. Ata\" \/>\n<meta name=\"robots\" content=\"index, follow, max-snippet:-1, max-image-preview:large, max-video-preview:-1\" \/>\n<link rel=\"canonical\" href=\"https:\/\/www.visit-ulcinj.com\/blog\/2012\/07\/27\/kraja-e-capriqi-anetare-te-rinj-te-akademise-se-shqiperise\/\" \/>\n<meta property=\"og:locale\" content=\"en_US\" \/>\n<meta property=\"og:type\" content=\"article\" \/>\n<meta property=\"og:title\" content=\"Kraja e \u00c7apriqi, an\u00ebtar\u00eb t\u00eb rinj t\u00eb Akademis\u00eb s\u00eb Shqip\u00ebris\u00eb - Lajme nga Ulqini\" \/>\n<meta property=\"og:description\" content=\"Akademia Shqiptare e Arteve dhe Shkencave pranon n\u00eb radh\u00ebt e saj gjasht\u00eb an\u00ebtar\u00eb t\u00eb rinj, duke e \u00e7uar n\u00eb 39 numrin e tyre, b\u00ebn t\u00eb ditur \u2018Panorama\u2019. Ata\" \/>\n<meta property=\"og:url\" content=\"https:\/\/www.visit-ulcinj.com\/blog\/2012\/07\/27\/kraja-e-capriqi-anetare-te-rinj-te-akademise-se-shqiperise\/\" \/>\n<meta property=\"og:site_name\" content=\"Lajme nga Ulqini\" \/>\n<meta property=\"article:published_time\" content=\"2012-07-27T13:00:45+00:00\" \/>\n<meta property=\"og:image\" content=\"http:\/\/www.visit-ulcinj.com\/blog\/wp-content\/uploads\/2012\/07\/CAPRIQI-KRAJA.jpg\" \/>\n<meta name=\"twitter:label1\" content=\"Written by\" \/>\n\t<meta name=\"twitter:data1\" content=\"ulqini\" \/>\n\t<meta name=\"twitter:label2\" content=\"Est. reading time\" \/>\n\t<meta name=\"twitter:data2\" content=\"2 minutes\" \/>\n<script type=\"application\/ld+json\" class=\"yoast-schema-graph\">{\"@context\":\"https:\/\/schema.org\",\"@graph\":[{\"@type\":\"WebSite\",\"@id\":\"https:\/\/www.visit-ulcinj.com\/blog\/#website\",\"url\":\"https:\/\/www.visit-ulcinj.com\/blog\/\",\"name\":\"Lajme nga Ulqini\",\"description\":\"Lajme,Vijesti,Ulqini,Ulqin,Crna Gora,Mali i Zi\",\"potentialAction\":[{\"@type\":\"SearchAction\",\"target\":{\"@type\":\"EntryPoint\",\"urlTemplate\":\"https:\/\/www.visit-ulcinj.com\/blog\/?s={search_term_string}\"},\"query-input\":\"required name=search_term_string\"}],\"inLanguage\":\"en-US\"},{\"@type\":\"ImageObject\",\"inLanguage\":\"en-US\",\"@id\":\"https:\/\/www.visit-ulcinj.com\/blog\/2012\/07\/27\/kraja-e-capriqi-anetare-te-rinj-te-akademise-se-shqiperise\/#primaryimage\",\"url\":\"https:\/\/www.visit-ulcinj.com\/blog\/wp-content\/uploads\/2012\/07\/CAPRIQI-KRAJA.jpg\",\"contentUrl\":\"https:\/\/www.visit-ulcinj.com\/blog\/wp-content\/uploads\/2012\/07\/CAPRIQI-KRAJA.jpg\",\"width\":\"629\",\"height\":\"367\"},{\"@type\":\"WebPage\",\"@id\":\"https:\/\/www.visit-ulcinj.com\/blog\/2012\/07\/27\/kraja-e-capriqi-anetare-te-rinj-te-akademise-se-shqiperise\/#webpage\",\"url\":\"https:\/\/www.visit-ulcinj.com\/blog\/2012\/07\/27\/kraja-e-capriqi-anetare-te-rinj-te-akademise-se-shqiperise\/\",\"name\":\"Kraja e \u00c7apriqi, an\u00ebtar\u00eb t\u00eb rinj t\u00eb Akademis\u00eb s\u00eb Shqip\u00ebris\u00eb - Lajme nga Ulqini\",\"isPartOf\":{\"@id\":\"https:\/\/www.visit-ulcinj.com\/blog\/#website\"},\"primaryImageOfPage\":{\"@id\":\"https:\/\/www.visit-ulcinj.com\/blog\/2012\/07\/27\/kraja-e-capriqi-anetare-te-rinj-te-akademise-se-shqiperise\/#primaryimage\"},\"datePublished\":\"2012-07-27T13:00:45+00:00\",\"dateModified\":\"2012-07-27T13:00:45+00:00\",\"author\":{\"@id\":\"https:\/\/www.visit-ulcinj.com\/blog\/#\/schema\/person\/dcab619c614d3038751c63bc2aadc06d\"},\"description\":\"Akademia Shqiptare e Arteve dhe Shkencave pranon n\u00eb radh\u00ebt e saj gjasht\u00eb an\u00ebtar\u00eb t\u00eb rinj, duke e \u00e7uar n\u00eb 39 numrin e tyre, b\u00ebn t\u00eb ditur \u2018Panorama\u2019. Ata\",\"breadcrumb\":{\"@id\":\"https:\/\/www.visit-ulcinj.com\/blog\/2012\/07\/27\/kraja-e-capriqi-anetare-te-rinj-te-akademise-se-shqiperise\/#breadcrumb\"},\"inLanguage\":\"en-US\",\"potentialAction\":[{\"@type\":\"ReadAction\",\"target\":[\"https:\/\/www.visit-ulcinj.com\/blog\/2012\/07\/27\/kraja-e-capriqi-anetare-te-rinj-te-akademise-se-shqiperise\/\"]}]},{\"@type\":\"BreadcrumbList\",\"@id\":\"https:\/\/www.visit-ulcinj.com\/blog\/2012\/07\/27\/kraja-e-capriqi-anetare-te-rinj-te-akademise-se-shqiperise\/#breadcrumb\",\"itemListElement\":[{\"@type\":\"ListItem\",\"position\":1,\"name\":\"Kraja e \u00c7apriqi, an\u00ebtar\u00eb t\u00eb rinj t\u00eb Akademis\u00eb s\u00eb Shqip\u00ebris\u00eb\"}]},{\"@type\":\"Person\",\"@id\":\"https:\/\/www.visit-ulcinj.com\/blog\/#\/schema\/person\/dcab619c614d3038751c63bc2aadc06d\",\"name\":\"ulqini\",\"sameAs\":[\"http:\/\/www.visit-ulcinj.com\"],\"url\":\"https:\/\/www.visit-ulcinj.com\/blog\/author\/admin\/\"}]}<\/script>\n<!-- \/ Yoast SEO plugin. -->","yoast_head_json":{"title":"Kraja e \u00c7apriqi, an\u00ebtar\u00eb t\u00eb rinj t\u00eb Akademis\u00eb s\u00eb Shqip\u00ebris\u00eb - Lajme nga Ulqini","description":"Akademia Shqiptare e Arteve dhe Shkencave pranon n\u00eb radh\u00ebt e saj gjasht\u00eb an\u00ebtar\u00eb t\u00eb rinj, duke e \u00e7uar n\u00eb 39 numrin e tyre, b\u00ebn t\u00eb ditur \u2018Panorama\u2019. Ata","robots":{"index":"index","follow":"follow","max-snippet":"max-snippet:-1","max-image-preview":"max-image-preview:large","max-video-preview":"max-video-preview:-1"},"canonical":"https:\/\/www.visit-ulcinj.com\/blog\/2012\/07\/27\/kraja-e-capriqi-anetare-te-rinj-te-akademise-se-shqiperise\/","og_locale":"en_US","og_type":"article","og_title":"Kraja e \u00c7apriqi, an\u00ebtar\u00eb t\u00eb rinj t\u00eb Akademis\u00eb s\u00eb Shqip\u00ebris\u00eb - Lajme nga Ulqini","og_description":"Akademia Shqiptare e Arteve dhe Shkencave pranon n\u00eb radh\u00ebt e saj gjasht\u00eb an\u00ebtar\u00eb t\u00eb rinj, duke e \u00e7uar n\u00eb 39 numrin e tyre, b\u00ebn t\u00eb ditur \u2018Panorama\u2019. Ata","og_url":"https:\/\/www.visit-ulcinj.com\/blog\/2012\/07\/27\/kraja-e-capriqi-anetare-te-rinj-te-akademise-se-shqiperise\/","og_site_name":"Lajme nga Ulqini","article_published_time":"2012-07-27T13:00:45+00:00","og_image":[{"url":"http:\/\/www.visit-ulcinj.com\/blog\/wp-content\/uploads\/2012\/07\/CAPRIQI-KRAJA.jpg"}],"twitter_misc":{"Written by":"ulqini","Est. reading time":"2 minutes"},"schema":{"@context":"https:\/\/schema.org","@graph":[{"@type":"WebSite","@id":"https:\/\/www.visit-ulcinj.com\/blog\/#website","url":"https:\/\/www.visit-ulcinj.com\/blog\/","name":"Lajme nga Ulqini","description":"Lajme,Vijesti,Ulqini,Ulqin,Crna Gora,Mali i Zi","potentialAction":[{"@type":"SearchAction","target":{"@type":"EntryPoint","urlTemplate":"https:\/\/www.visit-ulcinj.com\/blog\/?s={search_term_string}"},"query-input":"required name=search_term_string"}],"inLanguage":"en-US"},{"@type":"ImageObject","inLanguage":"en-US","@id":"https:\/\/www.visit-ulcinj.com\/blog\/2012\/07\/27\/kraja-e-capriqi-anetare-te-rinj-te-akademise-se-shqiperise\/#primaryimage","url":"https:\/\/www.visit-ulcinj.com\/blog\/wp-content\/uploads\/2012\/07\/CAPRIQI-KRAJA.jpg","contentUrl":"https:\/\/www.visit-ulcinj.com\/blog\/wp-content\/uploads\/2012\/07\/CAPRIQI-KRAJA.jpg","width":"629","height":"367"},{"@type":"WebPage","@id":"https:\/\/www.visit-ulcinj.com\/blog\/2012\/07\/27\/kraja-e-capriqi-anetare-te-rinj-te-akademise-se-shqiperise\/#webpage","url":"https:\/\/www.visit-ulcinj.com\/blog\/2012\/07\/27\/kraja-e-capriqi-anetare-te-rinj-te-akademise-se-shqiperise\/","name":"Kraja e \u00c7apriqi, an\u00ebtar\u00eb t\u00eb rinj t\u00eb Akademis\u00eb s\u00eb Shqip\u00ebris\u00eb - Lajme nga Ulqini","isPartOf":{"@id":"https:\/\/www.visit-ulcinj.com\/blog\/#website"},"primaryImageOfPage":{"@id":"https:\/\/www.visit-ulcinj.com\/blog\/2012\/07\/27\/kraja-e-capriqi-anetare-te-rinj-te-akademise-se-shqiperise\/#primaryimage"},"datePublished":"2012-07-27T13:00:45+00:00","dateModified":"2012-07-27T13:00:45+00:00","author":{"@id":"https:\/\/www.visit-ulcinj.com\/blog\/#\/schema\/person\/dcab619c614d3038751c63bc2aadc06d"},"description":"Akademia Shqiptare e Arteve dhe Shkencave pranon n\u00eb radh\u00ebt e saj gjasht\u00eb an\u00ebtar\u00eb t\u00eb rinj, duke e \u00e7uar n\u00eb 39 numrin e tyre, b\u00ebn t\u00eb ditur \u2018Panorama\u2019. Ata","breadcrumb":{"@id":"https:\/\/www.visit-ulcinj.com\/blog\/2012\/07\/27\/kraja-e-capriqi-anetare-te-rinj-te-akademise-se-shqiperise\/#breadcrumb"},"inLanguage":"en-US","potentialAction":[{"@type":"ReadAction","target":["https:\/\/www.visit-ulcinj.com\/blog\/2012\/07\/27\/kraja-e-capriqi-anetare-te-rinj-te-akademise-se-shqiperise\/"]}]},{"@type":"BreadcrumbList","@id":"https:\/\/www.visit-ulcinj.com\/blog\/2012\/07\/27\/kraja-e-capriqi-anetare-te-rinj-te-akademise-se-shqiperise\/#breadcrumb","itemListElement":[{"@type":"ListItem","position":1,"name":"Kraja e \u00c7apriqi, an\u00ebtar\u00eb t\u00eb rinj t\u00eb Akademis\u00eb s\u00eb Shqip\u00ebris\u00eb"}]},{"@type":"Person","@id":"https:\/\/www.visit-ulcinj.com\/blog\/#\/schema\/person\/dcab619c614d3038751c63bc2aadc06d","name":"ulqini","sameAs":["http:\/\/www.visit-ulcinj.com"],"url":"https:\/\/www.visit-ulcinj.com\/blog\/author\/admin\/"}]}},"jetpack_featured_media_url":"","jetpack_sharing_enabled":true,"jetpack_shortlink":"https:\/\/wp.me\/pe6lTn-ge8","_links":{"self":[{"href":"https:\/\/www.visit-ulcinj.com\/blog\/wp-json\/wp\/v2\/posts\/62380"}],"collection":[{"href":"https:\/\/www.visit-ulcinj.com\/blog\/wp-json\/wp\/v2\/posts"}],"about":[{"href":"https:\/\/www.visit-ulcinj.com\/blog\/wp-json\/wp\/v2\/types\/post"}],"author":[{"embeddable":true,"href":"https:\/\/www.visit-ulcinj.com\/blog\/wp-json\/wp\/v2\/users\/1"}],"replies":[{"embeddable":true,"href":"https:\/\/www.visit-ulcinj.com\/blog\/wp-json\/wp\/v2\/comments?post=62380"}],"version-history":[{"count":1,"href":"https:\/\/www.visit-ulcinj.com\/blog\/wp-json\/wp\/v2\/posts\/62380\/revisions"}],"predecessor-version":[{"id":62382,"href":"https:\/\/www.visit-ulcinj.com\/blog\/wp-json\/wp\/v2\/posts\/62380\/revisions\/62382"}],"wp:attachment":[{"href":"https:\/\/www.visit-ulcinj.com\/blog\/wp-json\/wp\/v2\/media?parent=62380"}],"wp:term":[{"taxonomy":"category","embeddable":true,"href":"https:\/\/www.visit-ulcinj.com\/blog\/wp-json\/wp\/v2\/categories?post=62380"},{"taxonomy":"post_tag","embeddable":true,"href":"https:\/\/www.visit-ulcinj.com\/blog\/wp-json\/wp\/v2\/tags?post=62380"}],"curies":[{"name":"wp","href":"https:\/\/api.w.org\/{rel}","templated":true}]}}