{"id":62399,"date":"2012-07-27T14:42:22","date_gmt":"2012-07-27T13:42:22","guid":{"rendered":"http:\/\/www.visit-ulcinj.com\/blog\/?p=62399"},"modified":"2012-07-27T14:51:41","modified_gmt":"2012-07-27T13:51:41","slug":"eurofond-odluka-o-solani-je-neustavna-i-nezakonita","status":"publish","type":"post","link":"https:\/\/www.visit-ulcinj.com\/blog\/2012\/07\/27\/eurofond-odluka-o-solani-je-neustavna-i-nezakonita\/","title":{"rendered":"Eurofond: Odluka o Solani je neustavna i nezakonita"},"content":{"rendered":"<p><a href=\"http:\/\/www.visit-ulcinj.com\/blog\/wp-content\/uploads\/2012\/07\/D\u00ebshton-shitja-e-krypores-s\u00eb-Ulqinit_mali-i-zi2.jpg\"><img loading=\"lazy\" class=\"alignleft  wp-image-62400\" title=\"D\u00ebshton-shitja-e-krypores-s\u00eb-Ulqinit_mali i zi\" src=\"http:\/\/www.visit-ulcinj.com\/blog\/wp-content\/uploads\/2012\/07\/D\u00ebshton-shitja-e-krypores-s\u00eb-Ulqinit_mali-i-zi2.jpg\" alt=\"\" width=\"508\" height=\"360\" \/><\/a>Oduka Skup\u0161tine Crne Gore kojom se zemlji\u0161te ulcinjske Solane odre\u0111uje kao za\u0161ti\u0107eno podru\u010dje, je neustavna i nezakonita, ocijenili su iz Eurofonda.<\/p>\n<p>Kako smatraju u Eurofondu, Skup\u0161tina nema zakonsko pravo da po skra\u0107enom postupku donese takvu odluku jer, kako su pojasnili, Zakon propisuje da se izmjene i dopune moraju vr\u0161iti po istoj proceduri koja va\u017ei i za usvajanje plana, &#8220;\u0161to je u konkretnom slu\u010daju izostalo&#8221;.<\/p>\n<p><a href=\"http:\/\/www.vijesti.me\/vijesti\/udarac-barovica-sdp-opozicija-izglasali-plan-solanu-clanak-84488\" target=\"_blank\"><strong>Udarac za Barovi\u0107a, SDP i opozicija izglasali plan za Solanu &gt;&gt;&gt;<\/strong><\/a><\/p>\n<p>Navodi se da ignorisanje decidne zakonske odredbe odluku Skup\u0161tine \u010dini neustavnom i nezakonitom.<\/p>\n<p>\u201ePrethodne konstatacije su potvr\u0111ene mi\u0161ljenjima Vlade i skup\u0161tinskog Odbora za turizam, poljoprivredu, ekologiju i prostorno planiranje, koji su konstatovali da predlog odluke nije u skladu sa zakonom o ure\u0111enju prostora i izgradnje objekata\u201c, pi\u0161e u saop\u0161tenju Eurofonda.<\/p>\n<p>Oni su naveli da su predstavnici Skup\u0161tine i dr\u017eave prije objavljivanja odluke u Slu\u017ebenom listu Crne Gore du\u017eni da jo\u0161 jednom razmotre na\u010din dono\u0161enja Odluke.<\/p>\n<p>\u201ePo\u010detak pristupnih pregovora sa Evropskom unijom podrazumjeva po\u0161tovanje Ustava i zakona \u010dime je znatno pove\u0107ana odgovornost najodgovornijih subjekata da sprije\u010de stupanje na snagu neustavne i nezakonite odluke, jer u suprotnom svi u\u010desnici u dono\u0161enju odluke moraju snositi zakonske posledice\u201c, zaklju\u010duje se u saop\u0161tenju.<\/p>\n<p>Eurofond je najve\u0107i pojedina\u010dni vlasnik Solane.<\/p>\n<p><a href=\"http:\/\/www.vijesti.me\/vijesti\/eurofond-odluka-solani-je-neustavna-nezakonita-clanak-84722\" target=\"_blank\"><strong>Mina<\/strong><\/a><br \/>\n<a href=\"http:\/\/www.vijesti.me\/vijesti\/eurofond-odluka-solani-je-neustavna-nezakonita-clanak-84722\" target=\"_blank\"><strong> Vijesti<\/strong><\/a><\/p>\n","protected":false},"excerpt":{"rendered":"<p>Oduka Skup\u0161tine Crne Gore kojom se zemlji\u0161te ulcinjske Solane odre\u0111uje kao za\u0161ti\u0107eno podru\u010dje, je neustavna i nezakonita, ocijenili su iz Eurofonda. Kako smatraju u Eurofondu, Skup\u0161tina nema zakonsko pravo da po skra\u0107enom postupku donese takvu odluku jer, kako su pojasnili, Zakon propisuje da se izmjene i dopune moraju vr\u0161iti po istoj proceduri koja va\u017ei i [&hellip;]<\/p>\n","protected":false},"author":1,"featured_media":0,"comment_status":"open","ping_status":"closed","sticky":false,"template":"","format":"standard","meta":{"spay_email":"","jetpack_publicize_message":"","jetpack_is_tweetstorm":false,"jetpack_publicize_feature_enabled":true},"categories":[6950],"tags":[1968],"jetpack_publicize_connections":[],"yoast_head":"<!-- This site is optimized with the Yoast SEO plugin v19.1 - https:\/\/yoast.com\/wordpress\/plugins\/seo\/ -->\n<title>Eurofond: Odluka o Solani je neustavna i nezakonita - Lajme nga Ulqini<\/title>\n<meta name=\"description\" content=\"Oduka Skup\u0161tine Crne Gore kojom se zemlji\u0161te ulcinjske Solane odre\u0111uje kao za\u0161ti\u0107eno podru\u010dje, je neustavna i nezakonita, ocijenili su iz Eurofonda. Kako\" \/>\n<meta name=\"robots\" content=\"index, follow, max-snippet:-1, max-image-preview:large, max-video-preview:-1\" \/>\n<link rel=\"canonical\" href=\"https:\/\/www.visit-ulcinj.com\/blog\/2012\/07\/27\/eurofond-odluka-o-solani-je-neustavna-i-nezakonita\/\" \/>\n<meta property=\"og:locale\" content=\"en_US\" \/>\n<meta property=\"og:type\" content=\"article\" \/>\n<meta property=\"og:title\" content=\"Eurofond: Odluka o Solani je neustavna i nezakonita - Lajme nga Ulqini\" \/>\n<meta property=\"og:description\" content=\"Oduka Skup\u0161tine Crne Gore kojom se zemlji\u0161te ulcinjske Solane odre\u0111uje kao za\u0161ti\u0107eno podru\u010dje, je neustavna i nezakonita, ocijenili su iz Eurofonda. Kako\" \/>\n<meta property=\"og:url\" content=\"https:\/\/www.visit-ulcinj.com\/blog\/2012\/07\/27\/eurofond-odluka-o-solani-je-neustavna-i-nezakonita\/\" \/>\n<meta property=\"og:site_name\" content=\"Lajme nga Ulqini\" \/>\n<meta property=\"article:published_time\" content=\"2012-07-27T13:42:22+00:00\" \/>\n<meta property=\"article:modified_time\" content=\"2012-07-27T13:51:41+00:00\" \/>\n<meta name=\"twitter:label1\" content=\"Written by\" \/>\n\t<meta name=\"twitter:data1\" content=\"ulqini\" \/>\n\t<meta name=\"twitter:label2\" content=\"Est. reading time\" \/>\n\t<meta name=\"twitter:data2\" content=\"1 minute\" \/>\n<script type=\"application\/ld+json\" class=\"yoast-schema-graph\">{\"@context\":\"https:\/\/schema.org\",\"@graph\":[{\"@type\":\"WebSite\",\"@id\":\"https:\/\/www.visit-ulcinj.com\/blog\/#website\",\"url\":\"https:\/\/www.visit-ulcinj.com\/blog\/\",\"name\":\"Lajme nga Ulqini\",\"description\":\"Lajme,Vijesti,Ulqini,Ulqin,Crna Gora,Mali i Zi\",\"potentialAction\":[{\"@type\":\"SearchAction\",\"target\":{\"@type\":\"EntryPoint\",\"urlTemplate\":\"https:\/\/www.visit-ulcinj.com\/blog\/?s={search_term_string}\"},\"query-input\":\"required name=search_term_string\"}],\"inLanguage\":\"en-US\"},{\"@type\":\"WebPage\",\"@id\":\"https:\/\/www.visit-ulcinj.com\/blog\/2012\/07\/27\/eurofond-odluka-o-solani-je-neustavna-i-nezakonita\/#webpage\",\"url\":\"https:\/\/www.visit-ulcinj.com\/blog\/2012\/07\/27\/eurofond-odluka-o-solani-je-neustavna-i-nezakonita\/\",\"name\":\"Eurofond: Odluka o Solani je neustavna i nezakonita - Lajme nga Ulqini\",\"isPartOf\":{\"@id\":\"https:\/\/www.visit-ulcinj.com\/blog\/#website\"},\"datePublished\":\"2012-07-27T13:42:22+00:00\",\"dateModified\":\"2012-07-27T13:51:41+00:00\",\"author\":{\"@id\":\"https:\/\/www.visit-ulcinj.com\/blog\/#\/schema\/person\/dcab619c614d3038751c63bc2aadc06d\"},\"description\":\"Oduka Skup\u0161tine Crne Gore kojom se zemlji\u0161te ulcinjske Solane odre\u0111uje kao za\u0161ti\u0107eno podru\u010dje, je neustavna i nezakonita, ocijenili su iz Eurofonda. Kako\",\"breadcrumb\":{\"@id\":\"https:\/\/www.visit-ulcinj.com\/blog\/2012\/07\/27\/eurofond-odluka-o-solani-je-neustavna-i-nezakonita\/#breadcrumb\"},\"inLanguage\":\"en-US\",\"potentialAction\":[{\"@type\":\"ReadAction\",\"target\":[\"https:\/\/www.visit-ulcinj.com\/blog\/2012\/07\/27\/eurofond-odluka-o-solani-je-neustavna-i-nezakonita\/\"]}]},{\"@type\":\"BreadcrumbList\",\"@id\":\"https:\/\/www.visit-ulcinj.com\/blog\/2012\/07\/27\/eurofond-odluka-o-solani-je-neustavna-i-nezakonita\/#breadcrumb\",\"itemListElement\":[{\"@type\":\"ListItem\",\"position\":1,\"name\":\"Eurofond: Odluka o Solani je neustavna i nezakonita\"}]},{\"@type\":\"Person\",\"@id\":\"https:\/\/www.visit-ulcinj.com\/blog\/#\/schema\/person\/dcab619c614d3038751c63bc2aadc06d\",\"name\":\"ulqini\",\"sameAs\":[\"http:\/\/www.visit-ulcinj.com\"],\"url\":\"https:\/\/www.visit-ulcinj.com\/blog\/author\/admin\/\"}]}<\/script>\n<!-- \/ Yoast SEO plugin. -->","yoast_head_json":{"title":"Eurofond: Odluka o Solani je neustavna i nezakonita - Lajme nga Ulqini","description":"Oduka Skup\u0161tine Crne Gore kojom se zemlji\u0161te ulcinjske Solane odre\u0111uje kao za\u0161ti\u0107eno podru\u010dje, je neustavna i nezakonita, ocijenili su iz Eurofonda. Kako","robots":{"index":"index","follow":"follow","max-snippet":"max-snippet:-1","max-image-preview":"max-image-preview:large","max-video-preview":"max-video-preview:-1"},"canonical":"https:\/\/www.visit-ulcinj.com\/blog\/2012\/07\/27\/eurofond-odluka-o-solani-je-neustavna-i-nezakonita\/","og_locale":"en_US","og_type":"article","og_title":"Eurofond: Odluka o Solani je neustavna i nezakonita - Lajme nga Ulqini","og_description":"Oduka Skup\u0161tine Crne Gore kojom se zemlji\u0161te ulcinjske Solane odre\u0111uje kao za\u0161ti\u0107eno podru\u010dje, je neustavna i nezakonita, ocijenili su iz Eurofonda. Kako","og_url":"https:\/\/www.visit-ulcinj.com\/blog\/2012\/07\/27\/eurofond-odluka-o-solani-je-neustavna-i-nezakonita\/","og_site_name":"Lajme nga Ulqini","article_published_time":"2012-07-27T13:42:22+00:00","article_modified_time":"2012-07-27T13:51:41+00:00","twitter_misc":{"Written by":"ulqini","Est. reading time":"1 minute"},"schema":{"@context":"https:\/\/schema.org","@graph":[{"@type":"WebSite","@id":"https:\/\/www.visit-ulcinj.com\/blog\/#website","url":"https:\/\/www.visit-ulcinj.com\/blog\/","name":"Lajme nga Ulqini","description":"Lajme,Vijesti,Ulqini,Ulqin,Crna Gora,Mali i Zi","potentialAction":[{"@type":"SearchAction","target":{"@type":"EntryPoint","urlTemplate":"https:\/\/www.visit-ulcinj.com\/blog\/?s={search_term_string}"},"query-input":"required name=search_term_string"}],"inLanguage":"en-US"},{"@type":"WebPage","@id":"https:\/\/www.visit-ulcinj.com\/blog\/2012\/07\/27\/eurofond-odluka-o-solani-je-neustavna-i-nezakonita\/#webpage","url":"https:\/\/www.visit-ulcinj.com\/blog\/2012\/07\/27\/eurofond-odluka-o-solani-je-neustavna-i-nezakonita\/","name":"Eurofond: Odluka o Solani je neustavna i nezakonita - Lajme nga Ulqini","isPartOf":{"@id":"https:\/\/www.visit-ulcinj.com\/blog\/#website"},"datePublished":"2012-07-27T13:42:22+00:00","dateModified":"2012-07-27T13:51:41+00:00","author":{"@id":"https:\/\/www.visit-ulcinj.com\/blog\/#\/schema\/person\/dcab619c614d3038751c63bc2aadc06d"},"description":"Oduka Skup\u0161tine Crne Gore kojom se zemlji\u0161te ulcinjske Solane odre\u0111uje kao za\u0161ti\u0107eno podru\u010dje, je neustavna i nezakonita, ocijenili su iz Eurofonda. Kako","breadcrumb":{"@id":"https:\/\/www.visit-ulcinj.com\/blog\/2012\/07\/27\/eurofond-odluka-o-solani-je-neustavna-i-nezakonita\/#breadcrumb"},"inLanguage":"en-US","potentialAction":[{"@type":"ReadAction","target":["https:\/\/www.visit-ulcinj.com\/blog\/2012\/07\/27\/eurofond-odluka-o-solani-je-neustavna-i-nezakonita\/"]}]},{"@type":"BreadcrumbList","@id":"https:\/\/www.visit-ulcinj.com\/blog\/2012\/07\/27\/eurofond-odluka-o-solani-je-neustavna-i-nezakonita\/#breadcrumb","itemListElement":[{"@type":"ListItem","position":1,"name":"Eurofond: Odluka o Solani je neustavna i nezakonita"}]},{"@type":"Person","@id":"https:\/\/www.visit-ulcinj.com\/blog\/#\/schema\/person\/dcab619c614d3038751c63bc2aadc06d","name":"ulqini","sameAs":["http:\/\/www.visit-ulcinj.com"],"url":"https:\/\/www.visit-ulcinj.com\/blog\/author\/admin\/"}]}},"jetpack_featured_media_url":"","jetpack_sharing_enabled":true,"jetpack_shortlink":"https:\/\/wp.me\/pe6lTn-ger","_links":{"self":[{"href":"https:\/\/www.visit-ulcinj.com\/blog\/wp-json\/wp\/v2\/posts\/62399"}],"collection":[{"href":"https:\/\/www.visit-ulcinj.com\/blog\/wp-json\/wp\/v2\/posts"}],"about":[{"href":"https:\/\/www.visit-ulcinj.com\/blog\/wp-json\/wp\/v2\/types\/post"}],"author":[{"embeddable":true,"href":"https:\/\/www.visit-ulcinj.com\/blog\/wp-json\/wp\/v2\/users\/1"}],"replies":[{"embeddable":true,"href":"https:\/\/www.visit-ulcinj.com\/blog\/wp-json\/wp\/v2\/comments?post=62399"}],"version-history":[{"count":4,"href":"https:\/\/www.visit-ulcinj.com\/blog\/wp-json\/wp\/v2\/posts\/62399\/revisions"}],"predecessor-version":[{"id":62402,"href":"https:\/\/www.visit-ulcinj.com\/blog\/wp-json\/wp\/v2\/posts\/62399\/revisions\/62402"}],"wp:attachment":[{"href":"https:\/\/www.visit-ulcinj.com\/blog\/wp-json\/wp\/v2\/media?parent=62399"}],"wp:term":[{"taxonomy":"category","embeddable":true,"href":"https:\/\/www.visit-ulcinj.com\/blog\/wp-json\/wp\/v2\/categories?post=62399"},{"taxonomy":"post_tag","embeddable":true,"href":"https:\/\/www.visit-ulcinj.com\/blog\/wp-json\/wp\/v2\/tags?post=62399"}],"curies":[{"name":"wp","href":"https:\/\/api.w.org\/{rel}","templated":true}]}}