{"id":62409,"date":"2012-07-27T16:35:30","date_gmt":"2012-07-27T15:35:30","guid":{"rendered":"http:\/\/www.visit-ulcinj.com\/blog\/?p=62409"},"modified":"2012-07-27T16:36:29","modified_gmt":"2012-07-27T15:36:29","slug":"vlada-mirsad-bibovic-ambasador-u-madarskoj","status":"publish","type":"post","link":"https:\/\/www.visit-ulcinj.com\/blog\/2012\/07\/27\/vlada-mirsad-bibovic-ambasador-u-madarskoj\/","title":{"rendered":"Vlada: Mirsad Bibovi\u0107 ambasador u Ma\u0111arskoj"},"content":{"rendered":"<p><strong><a href=\"http:\/\/www.visit-ulcinj.com\/blog\/wp-content\/uploads\/2012\/07\/Mirsad-Bibovic-ambasador-u-Madjarskoj.jpg\"><img loading=\"lazy\" class=\"alignleft  wp-image-62410\" title=\"Mirsad Bibovic ambasador u Madjarskoj\" src=\"http:\/\/www.visit-ulcinj.com\/blog\/wp-content\/uploads\/2012\/07\/Mirsad-Bibovic-ambasador-u-Madjarskoj.jpg\" alt=\"\" width=\"508\" height=\"360\" \/><\/a>PODGORICA \u2013 Vlada je u \u010detvrtak predlo\u017eila da se Mirsad Bibovi\u0107 postavi za ambasadora Crne Gore u Ma\u0111arskoj na rezidentnoj osnovi.<\/strong><\/p>\n<p>Za direktora Uprave policije Vlada je ju\u010de imenovala Bo\u017eidara Vuksanovi\u0107a, dosada\u0161njeg v.d. direktora Uprave policije.<\/p>\n<p>Za \u010dlana Pregovara\u010dke grupe za vo\u0111enje pregovora o pristupanju Crne Gore Evropskoj uniji, za poglavlje Javne nabavke, 16. Porezi, 29. Carinska unija, 32. Finansijski nadzor i 33. Finansijske i bud\u017eetske odredbe, imenovana je Biljana \u0160\u0107eki\u0107, pomo\u0107nica ministra finansija.<\/p>\n<p>Za direktora Javnog preduze\u0107a za upravljanje morskim dobrom Crne Gore imenovan je Rajko Barovi\u0107, dosada\u0161nji direktor ovog preduze\u0107a. U Odbor direktora \u201eCentar za ekotoksikolo\u0161ka ispitivanja\u201c imenovani su Ana Mi\u0161urovi\u0107, spec. toks. hemije, prof. dr Vladimir Komneni\u0107 i Ratka Strugar, diplomirani pravnik.<\/p>\n<p>Za pomo\u0107nika ministra finansija \u2013 rukovodioca Sektora za imovinsko pravne poslove imenovana je Ana Ivanovi\u0107, dosada\u0161nji v.d. pomo\u0107nika ministra finansija.<\/p>\n<p><a href=\"http:\/\/www.visit-ulcinj.com\/blog\/wp-content\/uploads\/2012\/07\/Mirsad-Bibovic-ambasador-u-Madjarskoj.1.jpg\"><img loading=\"lazy\" class=\"alignleft  wp-image-62411\" title=\"Mirsad Bibovic ambasador u Madjarskoj.1\" src=\"http:\/\/www.visit-ulcinj.com\/blog\/wp-content\/uploads\/2012\/07\/Mirsad-Bibovic-ambasador-u-Madjarskoj.1.jpg\" alt=\"\" width=\"508\" height=\"300\" \/><\/a>Du\u017enosti \u010dlana Odbora direktora \u201eMonte put\u201c razrije\u0161en je Branko Perovi\u0107 zbog prelaska na novu du\u017enost, a na njegovo mjesto postavljen Aleksandar Bogdanovi\u0107, predsjednik prijestonice Cetinje. \u010clana Komisije za politi\u010dki sistem, unutra\u0161nju i vanjsku politiku razrije\u0161eni su Milan Ro\u0107en, raniji ministar vanjskih poslova i evropskih integracija i Ferhat Dino\u0161a, raniji ministar za ljudska i manjinska prava, zbog prestanka funkcije. Njih su zamijenili \u00a0Neboj\u0161a Kalu\u0111erovi\u0107, ministar vanjskih poslova i evropskih integracija i Hamdi Hasani, ministar za manjinska prava.<\/p>\n<p>Vlada je predlo\u017eila Skup\u0161tini akcionara Elektroprivrede da za \u010dlanove novog Odbora direktora izabere Sr\u0111ana Kova\u010devi\u0107a, Miodraga \u010canovi\u0107a, Borisa Bu\u0161kovi\u0107a, i Nikolu Martinovi\u0107a, advokata, dosada\u0161nje \u010dlanove Odbora direktora ovog dru\u0161tva.<\/p>\n<p>Za glavnog revizora Revizorskog tijela imenovan je Predrag Rai\u010dkovi\u0107, diplomirani ekonomista.<\/p>\n<p><em><strong>Mr. M.<\/strong><\/em><\/p>\n<p><strong>Ovaj tekst je preuzet sa adrese <\/strong><strong><a href=\"http:\/\/www.pobjeda.me\/2012\/07\/27\/vlada-mirsad-bibovic-ambasador-u-madarskoj\/\">http:\/\/www.pobjeda.me\/2012\/07\/27\/vlada-mirsad-bibovic-ambasador-u-madarskoj\/<\/a><\/strong><strong><\/strong><\/p>\n","protected":false},"excerpt":{"rendered":"<p>PODGORICA \u2013 Vlada je u \u010detvrtak predlo\u017eila da se Mirsad Bibovi\u0107 postavi za ambasadora Crne Gore u Ma\u0111arskoj na rezidentnoj osnovi. Za direktora Uprave policije Vlada je ju\u010de imenovala Bo\u017eidara Vuksanovi\u0107a, dosada\u0161njeg v.d. direktora Uprave policije. Za \u010dlana Pregovara\u010dke grupe za vo\u0111enje pregovora o pristupanju Crne Gore Evropskoj uniji, za poglavlje Javne nabavke, 16. Porezi, [&hellip;]<\/p>\n","protected":false},"author":1,"featured_media":0,"comment_status":"open","ping_status":"closed","sticky":false,"template":"","format":"standard","meta":{"spay_email":"","jetpack_publicize_message":"","jetpack_is_tweetstorm":false,"jetpack_publicize_feature_enabled":true},"categories":[8337],"tags":[20840,19,2020],"jetpack_publicize_connections":[],"yoast_head":"<!-- This site is optimized with the Yoast SEO plugin v19.1 - https:\/\/yoast.com\/wordpress\/plugins\/seo\/ -->\n<title>Vlada: Mirsad Bibovi\u0107 ambasador u Ma\u0111arskoj - Lajme nga Ulqini<\/title>\n<meta name=\"description\" content=\"PODGORICA \u2013 Vlada je u \u010detvrtak predlo\u017eila da se Mirsad Bibovi\u0107 postavi za ambasadora Crne Gore u Ma\u0111arskoj na rezidentnoj osnovi. Za direktora Uprave\" \/>\n<meta name=\"robots\" content=\"index, follow, max-snippet:-1, max-image-preview:large, max-video-preview:-1\" \/>\n<link rel=\"canonical\" href=\"https:\/\/www.visit-ulcinj.com\/blog\/2012\/07\/27\/vlada-mirsad-bibovic-ambasador-u-madarskoj\/\" \/>\n<meta property=\"og:locale\" content=\"en_US\" \/>\n<meta property=\"og:type\" content=\"article\" \/>\n<meta property=\"og:title\" content=\"Vlada: Mirsad Bibovi\u0107 ambasador u Ma\u0111arskoj - Lajme nga Ulqini\" \/>\n<meta property=\"og:description\" content=\"PODGORICA \u2013 Vlada je u \u010detvrtak predlo\u017eila da se Mirsad Bibovi\u0107 postavi za ambasadora Crne Gore u Ma\u0111arskoj na rezidentnoj osnovi. Za direktora Uprave\" \/>\n<meta property=\"og:url\" content=\"https:\/\/www.visit-ulcinj.com\/blog\/2012\/07\/27\/vlada-mirsad-bibovic-ambasador-u-madarskoj\/\" \/>\n<meta property=\"og:site_name\" content=\"Lajme nga Ulqini\" \/>\n<meta property=\"article:published_time\" content=\"2012-07-27T15:35:30+00:00\" \/>\n<meta property=\"article:modified_time\" content=\"2012-07-27T15:36:29+00:00\" \/>\n<meta property=\"og:image\" content=\"http:\/\/www.visit-ulcinj.com\/blog\/wp-content\/uploads\/2012\/07\/Mirsad-Bibovic-ambasador-u-Madjarskoj.jpg\" \/>\n<meta name=\"twitter:label1\" content=\"Written by\" \/>\n\t<meta name=\"twitter:data1\" content=\"ulqini\" \/>\n\t<meta name=\"twitter:label2\" content=\"Est. reading time\" \/>\n\t<meta name=\"twitter:data2\" content=\"2 minutes\" \/>\n<script type=\"application\/ld+json\" class=\"yoast-schema-graph\">{\"@context\":\"https:\/\/schema.org\",\"@graph\":[{\"@type\":\"WebSite\",\"@id\":\"https:\/\/www.visit-ulcinj.com\/blog\/#website\",\"url\":\"https:\/\/www.visit-ulcinj.com\/blog\/\",\"name\":\"Lajme nga Ulqini\",\"description\":\"Lajme,Vijesti,Ulqini,Ulqin,Crna Gora,Mali i Zi\",\"potentialAction\":[{\"@type\":\"SearchAction\",\"target\":{\"@type\":\"EntryPoint\",\"urlTemplate\":\"https:\/\/www.visit-ulcinj.com\/blog\/?s={search_term_string}\"},\"query-input\":\"required name=search_term_string\"}],\"inLanguage\":\"en-US\"},{\"@type\":\"ImageObject\",\"inLanguage\":\"en-US\",\"@id\":\"https:\/\/www.visit-ulcinj.com\/blog\/2012\/07\/27\/vlada-mirsad-bibovic-ambasador-u-madarskoj\/#primaryimage\",\"url\":\"https:\/\/www.visit-ulcinj.com\/blog\/wp-content\/uploads\/2012\/07\/Mirsad-Bibovic-ambasador-u-Madjarskoj.jpg\",\"contentUrl\":\"https:\/\/www.visit-ulcinj.com\/blog\/wp-content\/uploads\/2012\/07\/Mirsad-Bibovic-ambasador-u-Madjarskoj.jpg\",\"width\":\"720\",\"height\":\"479\"},{\"@type\":\"WebPage\",\"@id\":\"https:\/\/www.visit-ulcinj.com\/blog\/2012\/07\/27\/vlada-mirsad-bibovic-ambasador-u-madarskoj\/#webpage\",\"url\":\"https:\/\/www.visit-ulcinj.com\/blog\/2012\/07\/27\/vlada-mirsad-bibovic-ambasador-u-madarskoj\/\",\"name\":\"Vlada: Mirsad Bibovi\u0107 ambasador u Ma\u0111arskoj - Lajme nga Ulqini\",\"isPartOf\":{\"@id\":\"https:\/\/www.visit-ulcinj.com\/blog\/#website\"},\"primaryImageOfPage\":{\"@id\":\"https:\/\/www.visit-ulcinj.com\/blog\/2012\/07\/27\/vlada-mirsad-bibovic-ambasador-u-madarskoj\/#primaryimage\"},\"datePublished\":\"2012-07-27T15:35:30+00:00\",\"dateModified\":\"2012-07-27T15:36:29+00:00\",\"author\":{\"@id\":\"https:\/\/www.visit-ulcinj.com\/blog\/#\/schema\/person\/dcab619c614d3038751c63bc2aadc06d\"},\"description\":\"PODGORICA \u2013 Vlada je u \u010detvrtak predlo\u017eila da se Mirsad Bibovi\u0107 postavi za ambasadora Crne Gore u Ma\u0111arskoj na rezidentnoj osnovi. Za direktora Uprave\",\"breadcrumb\":{\"@id\":\"https:\/\/www.visit-ulcinj.com\/blog\/2012\/07\/27\/vlada-mirsad-bibovic-ambasador-u-madarskoj\/#breadcrumb\"},\"inLanguage\":\"en-US\",\"potentialAction\":[{\"@type\":\"ReadAction\",\"target\":[\"https:\/\/www.visit-ulcinj.com\/blog\/2012\/07\/27\/vlada-mirsad-bibovic-ambasador-u-madarskoj\/\"]}]},{\"@type\":\"BreadcrumbList\",\"@id\":\"https:\/\/www.visit-ulcinj.com\/blog\/2012\/07\/27\/vlada-mirsad-bibovic-ambasador-u-madarskoj\/#breadcrumb\",\"itemListElement\":[{\"@type\":\"ListItem\",\"position\":1,\"name\":\"Vlada: Mirsad Bibovi\u0107 ambasador u Ma\u0111arskoj\"}]},{\"@type\":\"Person\",\"@id\":\"https:\/\/www.visit-ulcinj.com\/blog\/#\/schema\/person\/dcab619c614d3038751c63bc2aadc06d\",\"name\":\"ulqini\",\"sameAs\":[\"http:\/\/www.visit-ulcinj.com\"],\"url\":\"https:\/\/www.visit-ulcinj.com\/blog\/author\/admin\/\"}]}<\/script>\n<!-- \/ Yoast SEO plugin. -->","yoast_head_json":{"title":"Vlada: Mirsad Bibovi\u0107 ambasador u Ma\u0111arskoj - Lajme nga Ulqini","description":"PODGORICA \u2013 Vlada je u \u010detvrtak predlo\u017eila da se Mirsad Bibovi\u0107 postavi za ambasadora Crne Gore u Ma\u0111arskoj na rezidentnoj osnovi. Za direktora Uprave","robots":{"index":"index","follow":"follow","max-snippet":"max-snippet:-1","max-image-preview":"max-image-preview:large","max-video-preview":"max-video-preview:-1"},"canonical":"https:\/\/www.visit-ulcinj.com\/blog\/2012\/07\/27\/vlada-mirsad-bibovic-ambasador-u-madarskoj\/","og_locale":"en_US","og_type":"article","og_title":"Vlada: Mirsad Bibovi\u0107 ambasador u Ma\u0111arskoj - Lajme nga Ulqini","og_description":"PODGORICA \u2013 Vlada je u \u010detvrtak predlo\u017eila da se Mirsad Bibovi\u0107 postavi za ambasadora Crne Gore u Ma\u0111arskoj na rezidentnoj osnovi. Za direktora Uprave","og_url":"https:\/\/www.visit-ulcinj.com\/blog\/2012\/07\/27\/vlada-mirsad-bibovic-ambasador-u-madarskoj\/","og_site_name":"Lajme nga Ulqini","article_published_time":"2012-07-27T15:35:30+00:00","article_modified_time":"2012-07-27T15:36:29+00:00","og_image":[{"url":"http:\/\/www.visit-ulcinj.com\/blog\/wp-content\/uploads\/2012\/07\/Mirsad-Bibovic-ambasador-u-Madjarskoj.jpg"}],"twitter_misc":{"Written by":"ulqini","Est. reading time":"2 minutes"},"schema":{"@context":"https:\/\/schema.org","@graph":[{"@type":"WebSite","@id":"https:\/\/www.visit-ulcinj.com\/blog\/#website","url":"https:\/\/www.visit-ulcinj.com\/blog\/","name":"Lajme nga Ulqini","description":"Lajme,Vijesti,Ulqini,Ulqin,Crna Gora,Mali i Zi","potentialAction":[{"@type":"SearchAction","target":{"@type":"EntryPoint","urlTemplate":"https:\/\/www.visit-ulcinj.com\/blog\/?s={search_term_string}"},"query-input":"required name=search_term_string"}],"inLanguage":"en-US"},{"@type":"ImageObject","inLanguage":"en-US","@id":"https:\/\/www.visit-ulcinj.com\/blog\/2012\/07\/27\/vlada-mirsad-bibovic-ambasador-u-madarskoj\/#primaryimage","url":"https:\/\/www.visit-ulcinj.com\/blog\/wp-content\/uploads\/2012\/07\/Mirsad-Bibovic-ambasador-u-Madjarskoj.jpg","contentUrl":"https:\/\/www.visit-ulcinj.com\/blog\/wp-content\/uploads\/2012\/07\/Mirsad-Bibovic-ambasador-u-Madjarskoj.jpg","width":"720","height":"479"},{"@type":"WebPage","@id":"https:\/\/www.visit-ulcinj.com\/blog\/2012\/07\/27\/vlada-mirsad-bibovic-ambasador-u-madarskoj\/#webpage","url":"https:\/\/www.visit-ulcinj.com\/blog\/2012\/07\/27\/vlada-mirsad-bibovic-ambasador-u-madarskoj\/","name":"Vlada: Mirsad Bibovi\u0107 ambasador u Ma\u0111arskoj - Lajme nga Ulqini","isPartOf":{"@id":"https:\/\/www.visit-ulcinj.com\/blog\/#website"},"primaryImageOfPage":{"@id":"https:\/\/www.visit-ulcinj.com\/blog\/2012\/07\/27\/vlada-mirsad-bibovic-ambasador-u-madarskoj\/#primaryimage"},"datePublished":"2012-07-27T15:35:30+00:00","dateModified":"2012-07-27T15:36:29+00:00","author":{"@id":"https:\/\/www.visit-ulcinj.com\/blog\/#\/schema\/person\/dcab619c614d3038751c63bc2aadc06d"},"description":"PODGORICA \u2013 Vlada je u \u010detvrtak predlo\u017eila da se Mirsad Bibovi\u0107 postavi za ambasadora Crne Gore u Ma\u0111arskoj na rezidentnoj osnovi. Za direktora Uprave","breadcrumb":{"@id":"https:\/\/www.visit-ulcinj.com\/blog\/2012\/07\/27\/vlada-mirsad-bibovic-ambasador-u-madarskoj\/#breadcrumb"},"inLanguage":"en-US","potentialAction":[{"@type":"ReadAction","target":["https:\/\/www.visit-ulcinj.com\/blog\/2012\/07\/27\/vlada-mirsad-bibovic-ambasador-u-madarskoj\/"]}]},{"@type":"BreadcrumbList","@id":"https:\/\/www.visit-ulcinj.com\/blog\/2012\/07\/27\/vlada-mirsad-bibovic-ambasador-u-madarskoj\/#breadcrumb","itemListElement":[{"@type":"ListItem","position":1,"name":"Vlada: Mirsad Bibovi\u0107 ambasador u Ma\u0111arskoj"}]},{"@type":"Person","@id":"https:\/\/www.visit-ulcinj.com\/blog\/#\/schema\/person\/dcab619c614d3038751c63bc2aadc06d","name":"ulqini","sameAs":["http:\/\/www.visit-ulcinj.com"],"url":"https:\/\/www.visit-ulcinj.com\/blog\/author\/admin\/"}]}},"jetpack_featured_media_url":"","jetpack_sharing_enabled":true,"jetpack_shortlink":"https:\/\/wp.me\/pe6lTn-geB","_links":{"self":[{"href":"https:\/\/www.visit-ulcinj.com\/blog\/wp-json\/wp\/v2\/posts\/62409"}],"collection":[{"href":"https:\/\/www.visit-ulcinj.com\/blog\/wp-json\/wp\/v2\/posts"}],"about":[{"href":"https:\/\/www.visit-ulcinj.com\/blog\/wp-json\/wp\/v2\/types\/post"}],"author":[{"embeddable":true,"href":"https:\/\/www.visit-ulcinj.com\/blog\/wp-json\/wp\/v2\/users\/1"}],"replies":[{"embeddable":true,"href":"https:\/\/www.visit-ulcinj.com\/blog\/wp-json\/wp\/v2\/comments?post=62409"}],"version-history":[{"count":2,"href":"https:\/\/www.visit-ulcinj.com\/blog\/wp-json\/wp\/v2\/posts\/62409\/revisions"}],"predecessor-version":[{"id":62413,"href":"https:\/\/www.visit-ulcinj.com\/blog\/wp-json\/wp\/v2\/posts\/62409\/revisions\/62413"}],"wp:attachment":[{"href":"https:\/\/www.visit-ulcinj.com\/blog\/wp-json\/wp\/v2\/media?parent=62409"}],"wp:term":[{"taxonomy":"category","embeddable":true,"href":"https:\/\/www.visit-ulcinj.com\/blog\/wp-json\/wp\/v2\/categories?post=62409"},{"taxonomy":"post_tag","embeddable":true,"href":"https:\/\/www.visit-ulcinj.com\/blog\/wp-json\/wp\/v2\/tags?post=62409"}],"curies":[{"name":"wp","href":"https:\/\/api.w.org\/{rel}","templated":true}]}}