{"id":62414,"date":"2012-07-27T17:03:30","date_gmt":"2012-07-27T16:03:30","guid":{"rendered":"http:\/\/www.visit-ulcinj.com\/blog\/?p=62414"},"modified":"2012-07-29T12:41:19","modified_gmt":"2012-07-29T11:41:19","slug":"mirsad-biboviqambasador-i-malit-te-zi-ne-hungari","status":"publish","type":"post","link":"https:\/\/www.visit-ulcinj.com\/blog\/2012\/07\/27\/mirsad-biboviqambasador-i-malit-te-zi-ne-hungari\/","title":{"rendered":"Mirsad Biboviq,ambasador i Malit t\u00eb Zi n\u00eb Hungari"},"content":{"rendered":"<p><a href=\"http:\/\/www.visit-ulcinj.com\/blog\/wp-content\/uploads\/2012\/07\/Mirsad-Biboviqambasador-i-Malit-t\u00eb-Zi-n\u00eb-Hungari.jpg\"><img loading=\"lazy\" class=\"alignleft  wp-image-62415\" title=\"Mirsad Biboviq,ambasador i Malit t\u00eb Zi n\u00eb Hungari\" src=\"http:\/\/www.visit-ulcinj.com\/blog\/wp-content\/uploads\/2012\/07\/Mirsad-Biboviqambasador-i-Malit-t\u00eb-Zi-n\u00eb-Hungari.jpg\" alt=\"\" width=\"508\" height=\"360\" \/><\/a>Qeveria e Malit t\u00eb Zi ka propozuar p\u00ebr ambasador t\u00eb ri t\u00eb Malit t\u00eb Zi \u00a0n\u00eb Budapest t\u00eb Hungaris\u00eb sekretarin e\u00a0 p\u00ebrgjithsh\u00ebm t\u00eb Ministris\u00eb s\u00eb Jashtme dhe t\u00eb Integrimeve Evropiane t\u00eb Malit t\u00eb Zi,z, Mirsad Biboviqin.<\/p>\n<p>Sipas infomacioneve nga e p\u00ebrditshmja malazeze \u201cPobjeda\u201d, dhe vendimin e Qeveris\u00eb malazeze deri n\u00eb fund t\u00eb muajit pritet q\u00eb Mirsad Biboviqi t\u00eb jet\u00eb ambasador I Malit t\u00eb Zi n\u00eb Hungari n\u00eb baz\u00eb rezidente.<\/p>\n<p>Mirsad Biboviqi \u00ebsht\u00eb shqiptar dhe jeton n\u00eb Ulqin.<\/p>\n\n\t\t<style type=\"text\/css\">\n\t\t\t#gallery-1 {\n\t\t\t\tmargin: auto;\n\t\t\t}\n\t\t\t#gallery-1 .gallery-item {\n\t\t\t\tfloat: left;\n\t\t\t\tmargin-top: 10px;\n\t\t\t\ttext-align: center;\n\t\t\t\twidth: 33%;\n\t\t\t}\n\t\t\t#gallery-1 img {\n\t\t\t\tborder: 2px solid #cfcfcf;\n\t\t\t}\n\t\t\t#gallery-1 .gallery-caption {\n\t\t\t\tmargin-left: 0;\n\t\t\t}\n\t\t\t\/* see gallery_shortcode() in wp-includes\/media.php *\/\n\t\t<\/style>\n\t\t<div id='gallery-1' class='gallery galleryid-62414 gallery-columns-3 gallery-size-thumbnail'><dl class='gallery-item'>\n\t\t\t<dt class='gallery-icon landscape'>\n\t\t\t\t<a href='https:\/\/www.visit-ulcinj.com\/blog\/wp-content\/uploads\/2012\/07\/Mirsad-Biboviqambasador-i-Malit-t\u00eb-Zi-n\u00eb-Hungari.jpg'><img width=\"150\" height=\"150\" src=\"https:\/\/www.visit-ulcinj.com\/blog\/wp-content\/uploads\/2012\/07\/Mirsad-Biboviqambasador-i-Malit-t\u00eb-Zi-n\u00eb-Hungari-150x150.jpg\" class=\"attachment-thumbnail size-thumbnail\" alt=\"\" loading=\"lazy\" \/><\/a>\n\t\t\t<\/dt><\/dl><dl class='gallery-item'>\n\t\t\t<dt class='gallery-icon landscape'>\n\t\t\t\t<a href='https:\/\/www.visit-ulcinj.com\/blog\/wp-content\/uploads\/2012\/07\/Mirsad-Biboviqambasador-i-Malit-t\u00eb-Zi-n\u00eb-Hungari.1.jpg'><img width=\"150\" height=\"150\" src=\"https:\/\/www.visit-ulcinj.com\/blog\/wp-content\/uploads\/2012\/07\/Mirsad-Biboviqambasador-i-Malit-t\u00eb-Zi-n\u00eb-Hungari.1-150x150.jpg\" class=\"attachment-thumbnail size-thumbnail\" alt=\"\" loading=\"lazy\" \/><\/a>\n\t\t\t<\/dt><\/dl><dl class='gallery-item'>\n\t\t\t<dt class='gallery-icon landscape'>\n\t\t\t\t<a href='https:\/\/www.visit-ulcinj.com\/blog\/wp-content\/uploads\/2012\/07\/Mirsad-Biboviqambasador-i-Malit-t\u00eb-Zi-n\u00eb-Hungari.2.jpg'><img width=\"150\" height=\"150\" src=\"https:\/\/www.visit-ulcinj.com\/blog\/wp-content\/uploads\/2012\/07\/Mirsad-Biboviqambasador-i-Malit-t\u00eb-Zi-n\u00eb-Hungari.2-150x150.jpg\" class=\"attachment-thumbnail size-thumbnail\" alt=\"\" loading=\"lazy\" \/><\/a>\n\t\t\t<\/dt><\/dl><br style=\"clear: both\" \/><dl class='gallery-item'>\n\t\t\t<dt class='gallery-icon landscape'>\n\t\t\t\t<a href='https:\/\/www.visit-ulcinj.com\/blog\/wp-content\/uploads\/2012\/07\/Mirsad-Biboviqambasador-i-Malit-t\u00eb-Zi-n\u00eb-Hungari.3.jpg'><img width=\"150\" height=\"150\" src=\"https:\/\/www.visit-ulcinj.com\/blog\/wp-content\/uploads\/2012\/07\/Mirsad-Biboviqambasador-i-Malit-t\u00eb-Zi-n\u00eb-Hungari.3-150x150.jpg\" class=\"attachment-thumbnail size-thumbnail\" alt=\"\" loading=\"lazy\" \/><\/a>\n\t\t\t<\/dt><\/dl><dl class='gallery-item'>\n\t\t\t<dt class='gallery-icon landscape'>\n\t\t\t\t<a href='https:\/\/www.visit-ulcinj.com\/blog\/wp-content\/uploads\/2012\/07\/Mirsad-Biboviqambasador-i-Malit-t\u00eb-Zi-n\u00eb-Hungari.4.jpg'><img width=\"150\" height=\"150\" src=\"https:\/\/www.visit-ulcinj.com\/blog\/wp-content\/uploads\/2012\/07\/Mirsad-Biboviqambasador-i-Malit-t\u00eb-Zi-n\u00eb-Hungari.4-150x150.jpg\" class=\"attachment-thumbnail size-thumbnail\" alt=\"\" loading=\"lazy\" \/><\/a>\n\t\t\t<\/dt><\/dl><dl class='gallery-item'>\n\t\t\t<dt class='gallery-icon landscape'>\n\t\t\t\t<a href='https:\/\/www.visit-ulcinj.com\/blog\/wp-content\/uploads\/2012\/07\/Mirsad-Biboviqambasador-i-Malit-t\u00eb-Zi-n\u00eb-Hungari.5.jpg'><img width=\"150\" height=\"150\" src=\"https:\/\/www.visit-ulcinj.com\/blog\/wp-content\/uploads\/2012\/07\/Mirsad-Biboviqambasador-i-Malit-t\u00eb-Zi-n\u00eb-Hungari.5-150x150.jpg\" class=\"attachment-thumbnail size-thumbnail\" alt=\"\" loading=\"lazy\" \/><\/a>\n\t\t\t<\/dt><\/dl><br style=\"clear: both\" \/><dl class='gallery-item'>\n\t\t\t<dt class='gallery-icon landscape'>\n\t\t\t\t<a href='https:\/\/www.visit-ulcinj.com\/blog\/wp-content\/uploads\/2012\/07\/Mirsad-Biboviqambasador-i-Malit-t\u00eb-Zi-n\u00eb-Hungari.6.jpg'><img width=\"150\" height=\"150\" src=\"https:\/\/www.visit-ulcinj.com\/blog\/wp-content\/uploads\/2012\/07\/Mirsad-Biboviqambasador-i-Malit-t\u00eb-Zi-n\u00eb-Hungari.6-150x150.jpg\" class=\"attachment-thumbnail size-thumbnail\" alt=\"\" loading=\"lazy\" \/><\/a>\n\t\t\t<\/dt><\/dl><dl class='gallery-item'>\n\t\t\t<dt class='gallery-icon landscape'>\n\t\t\t\t<a href='https:\/\/www.visit-ulcinj.com\/blog\/wp-content\/uploads\/2012\/07\/Mirsad-Biboviqambasador-i-Malit-t\u00eb-Zi-n\u00eb-Hungari.7.jpg'><img width=\"150\" height=\"150\" src=\"https:\/\/www.visit-ulcinj.com\/blog\/wp-content\/uploads\/2012\/07\/Mirsad-Biboviqambasador-i-Malit-t\u00eb-Zi-n\u00eb-Hungari.7-150x150.jpg\" class=\"attachment-thumbnail size-thumbnail\" alt=\"\" loading=\"lazy\" \/><\/a>\n\t\t\t<\/dt><\/dl><dl class='gallery-item'>\n\t\t\t<dt class='gallery-icon landscape'>\n\t\t\t\t<a href='https:\/\/www.visit-ulcinj.com\/blog\/wp-content\/uploads\/2012\/07\/Mirsad-Biboviqambasador-i-Malit-t\u00eb-Zi-n\u00eb-Hungari.9.jpg'><img width=\"150\" height=\"150\" src=\"https:\/\/www.visit-ulcinj.com\/blog\/wp-content\/uploads\/2012\/07\/Mirsad-Biboviqambasador-i-Malit-t\u00eb-Zi-n\u00eb-Hungari.9-150x150.jpg\" class=\"attachment-thumbnail size-thumbnail\" alt=\"\" loading=\"lazy\" \/><\/a>\n\t\t\t<\/dt><\/dl><br style=\"clear: both\" \/>\n\t\t<\/div>\n\n","protected":false},"excerpt":{"rendered":"<p>Qeveria e Malit t\u00eb Zi ka propozuar p\u00ebr ambasador t\u00eb ri t\u00eb Malit t\u00eb Zi \u00a0n\u00eb Budapest t\u00eb Hungaris\u00eb sekretarin e\u00a0 p\u00ebrgjithsh\u00ebm t\u00eb Ministris\u00eb s\u00eb Jashtme dhe t\u00eb Integrimeve Evropiane t\u00eb Malit t\u00eb Zi,z, Mirsad Biboviqin. Sipas infomacioneve nga e p\u00ebrditshmja malazeze \u201cPobjeda\u201d, dhe vendimin e Qeveris\u00eb malazeze deri n\u00eb fund t\u00eb muajit pritet q\u00eb [&hellip;]<\/p>\n","protected":false},"author":1,"featured_media":0,"comment_status":"open","ping_status":"closed","sticky":false,"template":"","format":"standard","meta":{"spay_email":"","jetpack_publicize_message":"","jetpack_is_tweetstorm":false,"jetpack_publicize_feature_enabled":true},"categories":[1,6950],"tags":[413,20842,95,20841,200,18],"jetpack_publicize_connections":[],"yoast_head":"<!-- This site is optimized with the Yoast SEO plugin v19.1 - https:\/\/yoast.com\/wordpress\/plugins\/seo\/ -->\n<title>Mirsad Biboviq,ambasador i Malit t\u00eb Zi n\u00eb Hungari - Lajme nga Ulqini<\/title>\n<meta name=\"description\" content=\"Qeveria e Malit t\u00eb Zi ka propozuar p\u00ebr ambasador t\u00eb ri t\u00eb Malit t\u00eb Zi \u00a0n\u00eb Budapest t\u00eb Hungaris\u00eb sekretarin e\u00a0 p\u00ebrgjithsh\u00ebm t\u00eb Ministris\u00eb s\u00eb Jashtme dhe t\u00eb\" \/>\n<meta name=\"robots\" content=\"index, follow, max-snippet:-1, max-image-preview:large, max-video-preview:-1\" \/>\n<link rel=\"canonical\" href=\"https:\/\/www.visit-ulcinj.com\/blog\/2012\/07\/27\/mirsad-biboviqambasador-i-malit-te-zi-ne-hungari\/\" \/>\n<meta property=\"og:locale\" content=\"en_US\" \/>\n<meta property=\"og:type\" content=\"article\" \/>\n<meta property=\"og:title\" content=\"Mirsad Biboviq,ambasador i Malit t\u00eb Zi n\u00eb Hungari - Lajme nga Ulqini\" \/>\n<meta property=\"og:description\" content=\"Qeveria e Malit t\u00eb Zi ka propozuar p\u00ebr ambasador t\u00eb ri t\u00eb Malit t\u00eb Zi \u00a0n\u00eb Budapest t\u00eb Hungaris\u00eb sekretarin e\u00a0 p\u00ebrgjithsh\u00ebm t\u00eb Ministris\u00eb s\u00eb Jashtme dhe t\u00eb\" \/>\n<meta property=\"og:url\" content=\"https:\/\/www.visit-ulcinj.com\/blog\/2012\/07\/27\/mirsad-biboviqambasador-i-malit-te-zi-ne-hungari\/\" \/>\n<meta property=\"og:site_name\" content=\"Lajme nga Ulqini\" \/>\n<meta property=\"article:published_time\" content=\"2012-07-27T16:03:30+00:00\" \/>\n<meta property=\"article:modified_time\" content=\"2012-07-29T11:41:19+00:00\" \/>\n<meta property=\"og:image\" content=\"https:\/\/www.visit-ulcinj.com\/blog\/wp-content\/uploads\/2012\/07\/Mirsad-Biboviqambasador-i-Malit-t\u00eb-Zi-n\u00eb-Hungari-150x150.jpg\" \/>\n<meta name=\"twitter:label1\" content=\"Written by\" \/>\n\t<meta name=\"twitter:data1\" content=\"ulqini\" \/>\n<script type=\"application\/ld+json\" class=\"yoast-schema-graph\">{\"@context\":\"https:\/\/schema.org\",\"@graph\":[{\"@type\":\"WebSite\",\"@id\":\"https:\/\/www.visit-ulcinj.com\/blog\/#website\",\"url\":\"https:\/\/www.visit-ulcinj.com\/blog\/\",\"name\":\"Lajme nga Ulqini\",\"description\":\"Lajme,Vijesti,Ulqini,Ulqin,Crna Gora,Mali i Zi\",\"potentialAction\":[{\"@type\":\"SearchAction\",\"target\":{\"@type\":\"EntryPoint\",\"urlTemplate\":\"https:\/\/www.visit-ulcinj.com\/blog\/?s={search_term_string}\"},\"query-input\":\"required name=search_term_string\"}],\"inLanguage\":\"en-US\"},{\"@type\":\"WebPage\",\"@id\":\"https:\/\/www.visit-ulcinj.com\/blog\/2012\/07\/27\/mirsad-biboviqambasador-i-malit-te-zi-ne-hungari\/#webpage\",\"url\":\"https:\/\/www.visit-ulcinj.com\/blog\/2012\/07\/27\/mirsad-biboviqambasador-i-malit-te-zi-ne-hungari\/\",\"name\":\"Mirsad Biboviq,ambasador i Malit t\u00eb Zi n\u00eb Hungari - Lajme nga Ulqini\",\"isPartOf\":{\"@id\":\"https:\/\/www.visit-ulcinj.com\/blog\/#website\"},\"datePublished\":\"2012-07-27T16:03:30+00:00\",\"dateModified\":\"2012-07-29T11:41:19+00:00\",\"author\":{\"@id\":\"https:\/\/www.visit-ulcinj.com\/blog\/#\/schema\/person\/dcab619c614d3038751c63bc2aadc06d\"},\"description\":\"Qeveria e Malit t\u00eb Zi ka propozuar p\u00ebr ambasador t\u00eb ri t\u00eb Malit t\u00eb Zi \u00a0n\u00eb Budapest t\u00eb Hungaris\u00eb sekretarin e\u00a0 p\u00ebrgjithsh\u00ebm t\u00eb Ministris\u00eb s\u00eb Jashtme dhe t\u00eb\",\"breadcrumb\":{\"@id\":\"https:\/\/www.visit-ulcinj.com\/blog\/2012\/07\/27\/mirsad-biboviqambasador-i-malit-te-zi-ne-hungari\/#breadcrumb\"},\"inLanguage\":\"en-US\",\"potentialAction\":[{\"@type\":\"ReadAction\",\"target\":[\"https:\/\/www.visit-ulcinj.com\/blog\/2012\/07\/27\/mirsad-biboviqambasador-i-malit-te-zi-ne-hungari\/\"]}]},{\"@type\":\"BreadcrumbList\",\"@id\":\"https:\/\/www.visit-ulcinj.com\/blog\/2012\/07\/27\/mirsad-biboviqambasador-i-malit-te-zi-ne-hungari\/#breadcrumb\",\"itemListElement\":[{\"@type\":\"ListItem\",\"position\":1,\"name\":\"Mirsad Biboviq,ambasador i Malit t\u00eb Zi n\u00eb Hungari\"}]},{\"@type\":\"Person\",\"@id\":\"https:\/\/www.visit-ulcinj.com\/blog\/#\/schema\/person\/dcab619c614d3038751c63bc2aadc06d\",\"name\":\"ulqini\",\"sameAs\":[\"http:\/\/www.visit-ulcinj.com\"],\"url\":\"https:\/\/www.visit-ulcinj.com\/blog\/author\/admin\/\"}]}<\/script>\n<!-- \/ Yoast SEO plugin. -->","yoast_head_json":{"title":"Mirsad Biboviq,ambasador i Malit t\u00eb Zi n\u00eb Hungari - Lajme nga Ulqini","description":"Qeveria e Malit t\u00eb Zi ka propozuar p\u00ebr ambasador t\u00eb ri t\u00eb Malit t\u00eb Zi \u00a0n\u00eb Budapest t\u00eb Hungaris\u00eb sekretarin e\u00a0 p\u00ebrgjithsh\u00ebm t\u00eb Ministris\u00eb s\u00eb Jashtme dhe t\u00eb","robots":{"index":"index","follow":"follow","max-snippet":"max-snippet:-1","max-image-preview":"max-image-preview:large","max-video-preview":"max-video-preview:-1"},"canonical":"https:\/\/www.visit-ulcinj.com\/blog\/2012\/07\/27\/mirsad-biboviqambasador-i-malit-te-zi-ne-hungari\/","og_locale":"en_US","og_type":"article","og_title":"Mirsad Biboviq,ambasador i Malit t\u00eb Zi n\u00eb Hungari - Lajme nga Ulqini","og_description":"Qeveria e Malit t\u00eb Zi ka propozuar p\u00ebr ambasador t\u00eb ri t\u00eb Malit t\u00eb Zi \u00a0n\u00eb Budapest t\u00eb Hungaris\u00eb sekretarin e\u00a0 p\u00ebrgjithsh\u00ebm t\u00eb Ministris\u00eb s\u00eb Jashtme dhe t\u00eb","og_url":"https:\/\/www.visit-ulcinj.com\/blog\/2012\/07\/27\/mirsad-biboviqambasador-i-malit-te-zi-ne-hungari\/","og_site_name":"Lajme nga Ulqini","article_published_time":"2012-07-27T16:03:30+00:00","article_modified_time":"2012-07-29T11:41:19+00:00","og_image":[{"url":"https:\/\/www.visit-ulcinj.com\/blog\/wp-content\/uploads\/2012\/07\/Mirsad-Biboviqambasador-i-Malit-t\u00eb-Zi-n\u00eb-Hungari-150x150.jpg"}],"twitter_misc":{"Written by":"ulqini"},"schema":{"@context":"https:\/\/schema.org","@graph":[{"@type":"WebSite","@id":"https:\/\/www.visit-ulcinj.com\/blog\/#website","url":"https:\/\/www.visit-ulcinj.com\/blog\/","name":"Lajme nga Ulqini","description":"Lajme,Vijesti,Ulqini,Ulqin,Crna Gora,Mali i Zi","potentialAction":[{"@type":"SearchAction","target":{"@type":"EntryPoint","urlTemplate":"https:\/\/www.visit-ulcinj.com\/blog\/?s={search_term_string}"},"query-input":"required name=search_term_string"}],"inLanguage":"en-US"},{"@type":"WebPage","@id":"https:\/\/www.visit-ulcinj.com\/blog\/2012\/07\/27\/mirsad-biboviqambasador-i-malit-te-zi-ne-hungari\/#webpage","url":"https:\/\/www.visit-ulcinj.com\/blog\/2012\/07\/27\/mirsad-biboviqambasador-i-malit-te-zi-ne-hungari\/","name":"Mirsad Biboviq,ambasador i Malit t\u00eb Zi n\u00eb Hungari - Lajme nga Ulqini","isPartOf":{"@id":"https:\/\/www.visit-ulcinj.com\/blog\/#website"},"datePublished":"2012-07-27T16:03:30+00:00","dateModified":"2012-07-29T11:41:19+00:00","author":{"@id":"https:\/\/www.visit-ulcinj.com\/blog\/#\/schema\/person\/dcab619c614d3038751c63bc2aadc06d"},"description":"Qeveria e Malit t\u00eb Zi ka propozuar p\u00ebr ambasador t\u00eb ri t\u00eb Malit t\u00eb Zi \u00a0n\u00eb Budapest t\u00eb Hungaris\u00eb sekretarin e\u00a0 p\u00ebrgjithsh\u00ebm t\u00eb Ministris\u00eb s\u00eb Jashtme dhe t\u00eb","breadcrumb":{"@id":"https:\/\/www.visit-ulcinj.com\/blog\/2012\/07\/27\/mirsad-biboviqambasador-i-malit-te-zi-ne-hungari\/#breadcrumb"},"inLanguage":"en-US","potentialAction":[{"@type":"ReadAction","target":["https:\/\/www.visit-ulcinj.com\/blog\/2012\/07\/27\/mirsad-biboviqambasador-i-malit-te-zi-ne-hungari\/"]}]},{"@type":"BreadcrumbList","@id":"https:\/\/www.visit-ulcinj.com\/blog\/2012\/07\/27\/mirsad-biboviqambasador-i-malit-te-zi-ne-hungari\/#breadcrumb","itemListElement":[{"@type":"ListItem","position":1,"name":"Mirsad Biboviq,ambasador i Malit t\u00eb Zi n\u00eb Hungari"}]},{"@type":"Person","@id":"https:\/\/www.visit-ulcinj.com\/blog\/#\/schema\/person\/dcab619c614d3038751c63bc2aadc06d","name":"ulqini","sameAs":["http:\/\/www.visit-ulcinj.com"],"url":"https:\/\/www.visit-ulcinj.com\/blog\/author\/admin\/"}]}},"jetpack_featured_media_url":"","jetpack_sharing_enabled":true,"jetpack_shortlink":"https:\/\/wp.me\/pe6lTn-geG","_links":{"self":[{"href":"https:\/\/www.visit-ulcinj.com\/blog\/wp-json\/wp\/v2\/posts\/62414"}],"collection":[{"href":"https:\/\/www.visit-ulcinj.com\/blog\/wp-json\/wp\/v2\/posts"}],"about":[{"href":"https:\/\/www.visit-ulcinj.com\/blog\/wp-json\/wp\/v2\/types\/post"}],"author":[{"embeddable":true,"href":"https:\/\/www.visit-ulcinj.com\/blog\/wp-json\/wp\/v2\/users\/1"}],"replies":[{"embeddable":true,"href":"https:\/\/www.visit-ulcinj.com\/blog\/wp-json\/wp\/v2\/comments?post=62414"}],"version-history":[{"count":5,"href":"https:\/\/www.visit-ulcinj.com\/blog\/wp-json\/wp\/v2\/posts\/62414\/revisions"}],"predecessor-version":[{"id":62455,"href":"https:\/\/www.visit-ulcinj.com\/blog\/wp-json\/wp\/v2\/posts\/62414\/revisions\/62455"}],"wp:attachment":[{"href":"https:\/\/www.visit-ulcinj.com\/blog\/wp-json\/wp\/v2\/media?parent=62414"}],"wp:term":[{"taxonomy":"category","embeddable":true,"href":"https:\/\/www.visit-ulcinj.com\/blog\/wp-json\/wp\/v2\/categories?post=62414"},{"taxonomy":"post_tag","embeddable":true,"href":"https:\/\/www.visit-ulcinj.com\/blog\/wp-json\/wp\/v2\/tags?post=62414"}],"curies":[{"name":"wp","href":"https:\/\/api.w.org\/{rel}","templated":true}]}}