{"id":62435,"date":"2012-07-29T10:11:36","date_gmt":"2012-07-29T09:11:36","guid":{"rendered":"http:\/\/www.visit-ulcinj.com\/blog\/?p=62435"},"modified":"2012-07-29T18:25:22","modified_gmt":"2012-07-29T17:25:22","slug":"mujo-kraja-mladi-nece-u-kuvare","status":"publish","type":"post","link":"https:\/\/www.visit-ulcinj.com\/blog\/2012\/07\/29\/mujo-kraja-mladi-nece-u-kuvare\/","title":{"rendered":"Mujo Kraja : Mladi ne\u0107e u kuvare"},"content":{"rendered":"<p><strong><a href=\"http:\/\/www.visit-ulcinj.com\/blog\/wp-content\/uploads\/2012\/07\/Mujo-Kraja_Hotel-Mediteran_Ulcinj.jpg\"><img loading=\"lazy\" class=\"alignleft  wp-image-62436\" title=\"Mujo Kraja_Hotel Mediteran_Ulcinj\" src=\"http:\/\/www.visit-ulcinj.com\/blog\/wp-content\/uploads\/2012\/07\/Mujo-Kraja_Hotel-Mediteran_Ulcinj.jpg\" alt=\"\" width=\"350\" height=\"400\" \/><\/a>Poznati ulcinjski ugostitelj o nedostatku kadrova u zemlji turizma. Vanpansion je lo\u0161, ponuda nije zavidna, nema ni gostiju.<\/strong><\/p>\n<p>ULCINJ &#8211; Za vi\u0161e od 40 godina rada u turizmu kuvar Mujo Kraja (65) svedok je prosperiteta, ali i posrnu\u0107a ulcinjskog turizma. Svedok je sre\u0107nih vremena kada su u najju\u017eniji crnogorski primorski grad ve\u0107 sa prole\u0107a dolazili gosti iz zapadne Evrope, i ostajali do pozne jeseni.<\/p>\n<p>Danas, kad se sezona svodi na nepuna dva meseca, ta dobra minula vremena gotovo da su nestvarna.<\/p>\n<p>Sa setom ih se se\u0107a kuvar Mujo, koji je radio gotovo u svim ulcinjskim hotelima, koji sa emocijama govori o deficitarnom zanatu u Crnoj Gori.<\/p>\n<p>&#8211; Kulinarski zanat jeste te\u017eak, ali je dobro pla\u0107en. Me\u0111utim, mladi ne\u0107e kuvarsku kapu i ja radim iako sam u penziji &#8211; po\u010dinje pri\u010du vitalni kuvar na terasi hotela \u201cMediteran\u201d sa koje se pru\u017ea prelep pogled na kulu Bal\u0161i\u0107a u starom gradu Ulcinju.<\/p>\n<p>Nedostatak kadra u ugostiteljstvu je veliki problem ulcinjskog, a i crnogorskog turizma.<\/p>\n<p>&#8211; Nemamo kuvara, stru\u010dnih konobara. Nerado se Crnogorci opredeljuju za ova zanimanja. Smatram da bi hoteli trebalo da organizuju kurseve i stalno obu\u010davaju mlade kadrove, motivi\u0161u ih da se bave ovim poslovima. Dobar primer je \u0161kola \u201cVuko Mitrovi\u0107\u201d u Milo\u010deru koja se \u0161estu godinu zaredom bavi obukom svih kadrova za rad u hotelima &#8211; isti\u010de sagovornik \u201cNovosti\u201d.<br \/>\n<a href=\"http:\/\/www.visit-ulcinj.com\/blog\/wp-content\/uploads\/2012\/07\/Hotel-Mediteran-Ulcinj-promovise-Crnogorsko-primorje-u-Americi1.jpg\"><img loading=\"lazy\" class=\"alignleft  wp-image-62437\" title=\"Hotel Mediteran Ulcinj promovise Crnogorsko primorje u Americi\" src=\"http:\/\/www.visit-ulcinj.com\/blog\/wp-content\/uploads\/2012\/07\/Hotel-Mediteran-Ulcinj-promovise-Crnogorsko-primorje-u-Americi1.jpg\" alt=\"\" width=\"508\" height=\"300\" \/><\/a><\/p>\n<p>On se prise\u0107a da su pre \u010detrdesetak godina u Ulcinju i ponuda i potra\u017enja bila na vi\u0161em nivou.<\/p>\n<p>&#8211; Danas je vanpansion jako lo\u0161, a ponuda nije zavidna. Mnogo sam \u017ealostan \u0161to Ulcinj nema visoko kategorisane hotele. Ima interesovanja investitora, ali nema dovoljno dobre volje zvani\u010dnika. Sada\u0161nji vlasnik hotela \u201cMediteran\u201d Iso Be\u0107ovi\u0107, \u017eivi godinama u \u010cikagu i hteo je da ula\u017ee u turizam rodnog grada. Pre pet godina dao je projekte za izgradnju hotela sa \u010detiri zvezdice. Do dana dana\u0161njeg nema zeleno svetlo, a zapo\u0161ljava 50-ak radnika u \u201cMediteranu\u201d &#8211; ka\u017ee Kraja.<br \/>\n<a href=\"http:\/\/www.visit-ulcinj.com\/blog\/wp-content\/uploads\/2012\/07\/Hotel-Mediteran-Ulcinj_Bazen.jpg\"><img loading=\"lazy\" class=\"alignleft  wp-image-62438\" title=\"Hotel-Mediteran-Ulcinj_Bazen\" src=\"http:\/\/www.visit-ulcinj.com\/blog\/wp-content\/uploads\/2012\/07\/Hotel-Mediteran-Ulcinj_Bazen.jpg\" alt=\"\" width=\"508\" height=\"300\" \/><\/a><\/p>\n<p>Voleo bi Mujo da mu se ostvari \u017eelja i da svoje specijalitete, pogotovo nacionalne &#8211; ulcinjske bamije, levreke na cigli &#8211; ali i internacionalna jela sprema u hotelu sa \u010detiri zvezdice.<\/p>\n<p>&#8211; Sva jela pravim sa voljom i zadovoljstvom. Ako bog da, radi\u0107u jo\u0161 koju godinu &#8211; isti\u010de Mujo Kraja.<\/p>\n<p>&nbsp;<\/p>\n<p><strong>JAJA ZA USKRS<\/strong><\/p>\n<p>&#8211; PAMTIM kada je Ulcinj vrveo od Nemaca, Engleza, \u0160vajcaraca&#8230; Izgubili smo te goste, ali se nadam da \u0107emo ih ponovo vratiti. Se\u0107am se mog rada u hotelu \u201cGaleb\u201d, za Uskrs smo gostima farbali 600 jaja. Danas u to doba nema turista ali ni hotela \u201cGaleb\u201d, sru\u0161ili ga &#8211; ka\u017ee setno kuvar Mujo.<br \/>\n<a href=\"http:\/\/www.visit-ulcinj.com\/blog\/2012\/04\/29\/uzgoj-koza-eko-farme-ulcinjproizvodnja-i-prodaja\/\" target=\"_blank\"><img loading=\"lazy\" class=\"alignleft  wp-image-62440\" title=\"Selatin-Djelosi_Uzgoj-koza-Eko-Farme_Kravari-UlcinjProizvodnja-i-Prodaja_crna-gora_Montenegro\" src=\"http:\/\/www.visit-ulcinj.com\/blog\/wp-content\/uploads\/2012\/07\/Selatin-Djelosi_Uzgoj-koza-Eko-Farme_Kravari-UlcinjProizvodnja-i-Prodaja_crna-gora_Montenegro.jpg\" alt=\"\" width=\"508\" height=\"300\" \/><\/a><\/p>\n<p><strong>DOMA\u0106A HRANA NA \u0160VEDSKOM STOLU<\/strong><\/p>\n<p><a href=\"http:\/\/www.visit-ulcinj.com\/blog\/2012\/04\/29\/uzgoj-koza-eko-farme-ulcinjproizvodnja-i-prodaja\/\" target=\"_blank\"><strong>SEOSKI, doma\u0107i proizvodi su na trpezi hotela \u201cMediteran\u201d. Gostima se na \u0161vedskom stolu nude kozji dimljeni sir, masline, doma\u0107e mesne prera\u0111evine, povr\u0107e i vo\u0107e iz bogate ulcinjske zale\u0111ine, kozje i kravlje mleko koje se svako jutro sve\u017ee doprema sa farme direktora hotela Seljatina \u0110eljo\u0161evi\u0107a.<\/strong><\/a><\/p>\n<p><a href=\"http:\/\/www.novosti.rs\/vesti\/planeta.300.html:390018-Mujo-Kraja--Mladi-nece-u-kuvare\" target=\"_blank\"><strong> Izvor: Novosti<\/strong><\/a><\/p>\n<p><strong><!--YouTube Error: bad URL entered--><\/strong><\/p>\n","protected":false},"excerpt":{"rendered":"<p>Poznati ulcinjski ugostitelj o nedostatku kadrova u zemlji turizma. Vanpansion je lo\u0161, ponuda nije zavidna, nema ni gostiju. ULCINJ &#8211; Za vi\u0161e od 40 godina rada u turizmu kuvar Mujo Kraja (65) svedok je prosperiteta, ali i posrnu\u0107a ulcinjskog turizma. Svedok je sre\u0107nih vremena kada su u najju\u017eniji crnogorski primorski grad ve\u0107 sa prole\u0107a dolazili [&hellip;]<\/p>\n","protected":false},"author":1,"featured_media":0,"comment_status":"open","ping_status":"closed","sticky":false,"template":"","format":"standard","meta":{"spay_email":"","jetpack_publicize_message":"","jetpack_is_tweetstorm":false,"jetpack_publicize_feature_enabled":true},"categories":[7],"tags":[13382,20844,20843],"jetpack_publicize_connections":[],"yoast_head":"<!-- This site is optimized with the Yoast SEO plugin v19.1 - https:\/\/yoast.com\/wordpress\/plugins\/seo\/ -->\n<title>Mujo Kraja : Mladi ne\u0107e u kuvare - Lajme nga Ulqini<\/title>\n<meta name=\"description\" content=\"Poznati ulcinjski ugostitelj o nedostatku kadrova u zemlji turizma. Vanpansion je lo\u0161, ponuda nije zavidna, nema ni gostiju. ULCINJ - Za vi\u0161e od 40 godina\" \/>\n<meta name=\"robots\" content=\"index, follow, max-snippet:-1, max-image-preview:large, max-video-preview:-1\" \/>\n<link rel=\"canonical\" href=\"https:\/\/www.visit-ulcinj.com\/blog\/2012\/07\/29\/mujo-kraja-mladi-nece-u-kuvare\/\" \/>\n<meta property=\"og:locale\" content=\"en_US\" \/>\n<meta property=\"og:type\" content=\"article\" \/>\n<meta property=\"og:title\" content=\"Mujo Kraja : Mladi ne\u0107e u kuvare - Lajme nga Ulqini\" \/>\n<meta property=\"og:description\" content=\"Poznati ulcinjski ugostitelj o nedostatku kadrova u zemlji turizma. Vanpansion je lo\u0161, ponuda nije zavidna, nema ni gostiju. ULCINJ - Za vi\u0161e od 40 godina\" \/>\n<meta property=\"og:url\" content=\"https:\/\/www.visit-ulcinj.com\/blog\/2012\/07\/29\/mujo-kraja-mladi-nece-u-kuvare\/\" \/>\n<meta property=\"og:site_name\" content=\"Lajme nga Ulqini\" \/>\n<meta property=\"article:published_time\" content=\"2012-07-29T09:11:36+00:00\" \/>\n<meta property=\"article:modified_time\" content=\"2012-07-29T17:25:22+00:00\" \/>\n<meta property=\"og:image\" content=\"http:\/\/www.visit-ulcinj.com\/blog\/wp-content\/uploads\/2012\/07\/Mujo-Kraja_Hotel-Mediteran_Ulcinj.jpg\" \/>\n<meta name=\"twitter:label1\" content=\"Written by\" \/>\n\t<meta name=\"twitter:data1\" content=\"ulqini\" \/>\n\t<meta name=\"twitter:label2\" content=\"Est. reading time\" \/>\n\t<meta name=\"twitter:data2\" content=\"3 minutes\" \/>\n<script type=\"application\/ld+json\" class=\"yoast-schema-graph\">{\"@context\":\"https:\/\/schema.org\",\"@graph\":[{\"@type\":\"WebSite\",\"@id\":\"https:\/\/www.visit-ulcinj.com\/blog\/#website\",\"url\":\"https:\/\/www.visit-ulcinj.com\/blog\/\",\"name\":\"Lajme nga Ulqini\",\"description\":\"Lajme,Vijesti,Ulqini,Ulqin,Crna Gora,Mali i Zi\",\"potentialAction\":[{\"@type\":\"SearchAction\",\"target\":{\"@type\":\"EntryPoint\",\"urlTemplate\":\"https:\/\/www.visit-ulcinj.com\/blog\/?s={search_term_string}\"},\"query-input\":\"required name=search_term_string\"}],\"inLanguage\":\"en-US\"},{\"@type\":\"ImageObject\",\"inLanguage\":\"en-US\",\"@id\":\"https:\/\/www.visit-ulcinj.com\/blog\/2012\/07\/29\/mujo-kraja-mladi-nece-u-kuvare\/#primaryimage\",\"url\":\"https:\/\/www.visit-ulcinj.com\/blog\/wp-content\/uploads\/2012\/07\/Mujo-Kraja_Hotel-Mediteran_Ulcinj.jpg\",\"contentUrl\":\"https:\/\/www.visit-ulcinj.com\/blog\/wp-content\/uploads\/2012\/07\/Mujo-Kraja_Hotel-Mediteran_Ulcinj.jpg\",\"width\":\"600\",\"height\":\"787\"},{\"@type\":\"WebPage\",\"@id\":\"https:\/\/www.visit-ulcinj.com\/blog\/2012\/07\/29\/mujo-kraja-mladi-nece-u-kuvare\/#webpage\",\"url\":\"https:\/\/www.visit-ulcinj.com\/blog\/2012\/07\/29\/mujo-kraja-mladi-nece-u-kuvare\/\",\"name\":\"Mujo Kraja : Mladi ne\u0107e u kuvare - Lajme nga Ulqini\",\"isPartOf\":{\"@id\":\"https:\/\/www.visit-ulcinj.com\/blog\/#website\"},\"primaryImageOfPage\":{\"@id\":\"https:\/\/www.visit-ulcinj.com\/blog\/2012\/07\/29\/mujo-kraja-mladi-nece-u-kuvare\/#primaryimage\"},\"datePublished\":\"2012-07-29T09:11:36+00:00\",\"dateModified\":\"2012-07-29T17:25:22+00:00\",\"author\":{\"@id\":\"https:\/\/www.visit-ulcinj.com\/blog\/#\/schema\/person\/dcab619c614d3038751c63bc2aadc06d\"},\"description\":\"Poznati ulcinjski ugostitelj o nedostatku kadrova u zemlji turizma. Vanpansion je lo\u0161, ponuda nije zavidna, nema ni gostiju. ULCINJ - Za vi\u0161e od 40 godina\",\"breadcrumb\":{\"@id\":\"https:\/\/www.visit-ulcinj.com\/blog\/2012\/07\/29\/mujo-kraja-mladi-nece-u-kuvare\/#breadcrumb\"},\"inLanguage\":\"en-US\",\"potentialAction\":[{\"@type\":\"ReadAction\",\"target\":[\"https:\/\/www.visit-ulcinj.com\/blog\/2012\/07\/29\/mujo-kraja-mladi-nece-u-kuvare\/\"]}]},{\"@type\":\"BreadcrumbList\",\"@id\":\"https:\/\/www.visit-ulcinj.com\/blog\/2012\/07\/29\/mujo-kraja-mladi-nece-u-kuvare\/#breadcrumb\",\"itemListElement\":[{\"@type\":\"ListItem\",\"position\":1,\"name\":\"Mujo Kraja : Mladi ne\u0107e u kuvare\"}]},{\"@type\":\"Person\",\"@id\":\"https:\/\/www.visit-ulcinj.com\/blog\/#\/schema\/person\/dcab619c614d3038751c63bc2aadc06d\",\"name\":\"ulqini\",\"sameAs\":[\"http:\/\/www.visit-ulcinj.com\"],\"url\":\"https:\/\/www.visit-ulcinj.com\/blog\/author\/admin\/\"}]}<\/script>\n<!-- \/ Yoast SEO plugin. -->","yoast_head_json":{"title":"Mujo Kraja : Mladi ne\u0107e u kuvare - Lajme nga Ulqini","description":"Poznati ulcinjski ugostitelj o nedostatku kadrova u zemlji turizma. Vanpansion je lo\u0161, ponuda nije zavidna, nema ni gostiju. ULCINJ - Za vi\u0161e od 40 godina","robots":{"index":"index","follow":"follow","max-snippet":"max-snippet:-1","max-image-preview":"max-image-preview:large","max-video-preview":"max-video-preview:-1"},"canonical":"https:\/\/www.visit-ulcinj.com\/blog\/2012\/07\/29\/mujo-kraja-mladi-nece-u-kuvare\/","og_locale":"en_US","og_type":"article","og_title":"Mujo Kraja : Mladi ne\u0107e u kuvare - Lajme nga Ulqini","og_description":"Poznati ulcinjski ugostitelj o nedostatku kadrova u zemlji turizma. Vanpansion je lo\u0161, ponuda nije zavidna, nema ni gostiju. ULCINJ - Za vi\u0161e od 40 godina","og_url":"https:\/\/www.visit-ulcinj.com\/blog\/2012\/07\/29\/mujo-kraja-mladi-nece-u-kuvare\/","og_site_name":"Lajme nga Ulqini","article_published_time":"2012-07-29T09:11:36+00:00","article_modified_time":"2012-07-29T17:25:22+00:00","og_image":[{"url":"http:\/\/www.visit-ulcinj.com\/blog\/wp-content\/uploads\/2012\/07\/Mujo-Kraja_Hotel-Mediteran_Ulcinj.jpg"}],"twitter_misc":{"Written by":"ulqini","Est. reading time":"3 minutes"},"schema":{"@context":"https:\/\/schema.org","@graph":[{"@type":"WebSite","@id":"https:\/\/www.visit-ulcinj.com\/blog\/#website","url":"https:\/\/www.visit-ulcinj.com\/blog\/","name":"Lajme nga Ulqini","description":"Lajme,Vijesti,Ulqini,Ulqin,Crna Gora,Mali i Zi","potentialAction":[{"@type":"SearchAction","target":{"@type":"EntryPoint","urlTemplate":"https:\/\/www.visit-ulcinj.com\/blog\/?s={search_term_string}"},"query-input":"required name=search_term_string"}],"inLanguage":"en-US"},{"@type":"ImageObject","inLanguage":"en-US","@id":"https:\/\/www.visit-ulcinj.com\/blog\/2012\/07\/29\/mujo-kraja-mladi-nece-u-kuvare\/#primaryimage","url":"https:\/\/www.visit-ulcinj.com\/blog\/wp-content\/uploads\/2012\/07\/Mujo-Kraja_Hotel-Mediteran_Ulcinj.jpg","contentUrl":"https:\/\/www.visit-ulcinj.com\/blog\/wp-content\/uploads\/2012\/07\/Mujo-Kraja_Hotel-Mediteran_Ulcinj.jpg","width":"600","height":"787"},{"@type":"WebPage","@id":"https:\/\/www.visit-ulcinj.com\/blog\/2012\/07\/29\/mujo-kraja-mladi-nece-u-kuvare\/#webpage","url":"https:\/\/www.visit-ulcinj.com\/blog\/2012\/07\/29\/mujo-kraja-mladi-nece-u-kuvare\/","name":"Mujo Kraja : Mladi ne\u0107e u kuvare - Lajme nga Ulqini","isPartOf":{"@id":"https:\/\/www.visit-ulcinj.com\/blog\/#website"},"primaryImageOfPage":{"@id":"https:\/\/www.visit-ulcinj.com\/blog\/2012\/07\/29\/mujo-kraja-mladi-nece-u-kuvare\/#primaryimage"},"datePublished":"2012-07-29T09:11:36+00:00","dateModified":"2012-07-29T17:25:22+00:00","author":{"@id":"https:\/\/www.visit-ulcinj.com\/blog\/#\/schema\/person\/dcab619c614d3038751c63bc2aadc06d"},"description":"Poznati ulcinjski ugostitelj o nedostatku kadrova u zemlji turizma. Vanpansion je lo\u0161, ponuda nije zavidna, nema ni gostiju. ULCINJ - Za vi\u0161e od 40 godina","breadcrumb":{"@id":"https:\/\/www.visit-ulcinj.com\/blog\/2012\/07\/29\/mujo-kraja-mladi-nece-u-kuvare\/#breadcrumb"},"inLanguage":"en-US","potentialAction":[{"@type":"ReadAction","target":["https:\/\/www.visit-ulcinj.com\/blog\/2012\/07\/29\/mujo-kraja-mladi-nece-u-kuvare\/"]}]},{"@type":"BreadcrumbList","@id":"https:\/\/www.visit-ulcinj.com\/blog\/2012\/07\/29\/mujo-kraja-mladi-nece-u-kuvare\/#breadcrumb","itemListElement":[{"@type":"ListItem","position":1,"name":"Mujo Kraja : Mladi ne\u0107e u kuvare"}]},{"@type":"Person","@id":"https:\/\/www.visit-ulcinj.com\/blog\/#\/schema\/person\/dcab619c614d3038751c63bc2aadc06d","name":"ulqini","sameAs":["http:\/\/www.visit-ulcinj.com"],"url":"https:\/\/www.visit-ulcinj.com\/blog\/author\/admin\/"}]}},"jetpack_featured_media_url":"","jetpack_sharing_enabled":true,"jetpack_shortlink":"https:\/\/wp.me\/pe6lTn-gf1","_links":{"self":[{"href":"https:\/\/www.visit-ulcinj.com\/blog\/wp-json\/wp\/v2\/posts\/62435"}],"collection":[{"href":"https:\/\/www.visit-ulcinj.com\/blog\/wp-json\/wp\/v2\/posts"}],"about":[{"href":"https:\/\/www.visit-ulcinj.com\/blog\/wp-json\/wp\/v2\/types\/post"}],"author":[{"embeddable":true,"href":"https:\/\/www.visit-ulcinj.com\/blog\/wp-json\/wp\/v2\/users\/1"}],"replies":[{"embeddable":true,"href":"https:\/\/www.visit-ulcinj.com\/blog\/wp-json\/wp\/v2\/comments?post=62435"}],"version-history":[{"count":5,"href":"https:\/\/www.visit-ulcinj.com\/blog\/wp-json\/wp\/v2\/posts\/62435\/revisions"}],"predecessor-version":[{"id":62467,"href":"https:\/\/www.visit-ulcinj.com\/blog\/wp-json\/wp\/v2\/posts\/62435\/revisions\/62467"}],"wp:attachment":[{"href":"https:\/\/www.visit-ulcinj.com\/blog\/wp-json\/wp\/v2\/media?parent=62435"}],"wp:term":[{"taxonomy":"category","embeddable":true,"href":"https:\/\/www.visit-ulcinj.com\/blog\/wp-json\/wp\/v2\/categories?post=62435"},{"taxonomy":"post_tag","embeddable":true,"href":"https:\/\/www.visit-ulcinj.com\/blog\/wp-json\/wp\/v2\/tags?post=62435"}],"curies":[{"name":"wp","href":"https:\/\/api.w.org\/{rel}","templated":true}]}}