{"id":62449,"date":"2012-07-29T12:36:48","date_gmt":"2012-07-29T11:36:48","guid":{"rendered":"http:\/\/www.visit-ulcinj.com\/blog\/?p=62449"},"modified":"2012-08-02T18:55:56","modified_gmt":"2012-08-02T17:55:56","slug":"muaji-i-ramazanit-zbret-numri-i-turisteve-ne-ulqin","status":"publish","type":"post","link":"https:\/\/www.visit-ulcinj.com\/blog\/2012\/07\/29\/muaji-i-ramazanit-zbret-numri-i-turisteve-ne-ulqin\/","title":{"rendered":"Muaji i Ramazanit, zbret numri i turist\u00ebve n\u00eb Ulqin"},"content":{"rendered":"<p><a href=\"http:\/\/www.visit-ulcinj.com\/blog\/wp-content\/uploads\/2012\/07\/Long-Beach-Ulcinj_Ulqin-_Montenegro.jpg\"><img loading=\"lazy\" class=\"alignleft  wp-image-62450\" title=\"Long Beach Ulcinj_Ulqin _Montenegro\" src=\"http:\/\/www.visit-ulcinj.com\/blog\/wp-content\/uploads\/2012\/07\/Long-Beach-Ulcinj_Ulqin-_Montenegro.jpg\" alt=\"\" width=\"508\" height=\"360\" \/><\/a>Drastikisht \u00ebsht\u00eb\u00a0zvogluar vizita e turist\u00ebve t\u00eb huaj n\u00eb Ulqin n\u00eb muajin qershor, n\u00eb krahasim me periudh\u00ebn e nj\u00ebjt\u00eb t\u00eb vitit t\u00eb kaluar. T\u00eb dh\u00ebnat statistikore flasin p\u00ebr nj\u00eb rritje t\u00eb numrit t\u00eb mysafir\u00ebve n\u00eb krahasim me vitin e kaluar n\u00eb t\u00eb nj\u00ebjt\u00ebn periudh\u00eb.<\/p>\n<p>Ulqini deklarohet n\u00eb pikun e sezonit turistik dhe nj\u00eb destinacion turistik i preferuar nga t\u00eb huajt dhe shqiptar\u00ebt e Kosov\u00ebs n\u00eb vecanti.<\/p>\n<p>Por plazhi i madh\u00eb I Ulqinit, plazhi me i madh dhe me masivi ne vend, i cili prej vitesh ishte bere destinacioni edhe i pushuesve nga Kosova e shqiptaret e Maqedonise, sivjet duket i braktisur.<\/p>\n<p>Njerzit qe \u00e7do dite dalin buze rruges per te bere te ndalojne te pakten pushuesit kosovare ne dhomat qe ata leshojne me qira.Tashme kan\u00eb ulur dhe \u00e7mimet, por numri i pushuesve ka rene ndjeshem.<\/p>\n<p>K\u00ebto dit\u00eb edhe pse flitet p\u00ebr nj\u00eb num\u00ebr shum\u00eb m\u00eb t\u00eb madh t\u00eb mysafir\u00ebve \u00a0se \u00e7\u00ebsht\u00eb ai zyrtar, n\u00eb plazhe, rruga dhe restorante mund t\u00eb v\u00ebrejm\u00eb nj\u00eb r\u00ebnie t\u00eb numrit t\u00eb mysafir\u00ebve n\u00eb krahasim me jav\u00ebn e kaluar, si duket muaji i ramazanit ka ndikuar q\u00eb mysafir\u00ebt q\u00eb e mbajn\u00eb ramazanin t\u00eb kthehen n\u00eb sht\u00ebpiat e tyre. Edhe k\u00ebt\u00eb vit problem \u00ebsht\u00eb mosparaqitja e mysafir\u00ebve nga ana e qiradh\u00ebns\u00ebve, t\u00eb cil\u00ebt nuk i paraqesin mysafir\u00ebt. K\u00ebt\u00eb do ta ndijn\u00eb m\u00eb shum\u00eb arka e Organizat\u00ebs turistike e Ulqinit e cila nuk \u00ebsht\u00eb e knaqur me shum\u00ebn q\u00eb \u00ebsht\u00eb derdhur n\u00eb k\u00ebt\u00eb ark nga taksa turistike dhe taksa e banimit.<\/p>\n<p>Edhe pse sezona ka qen\u00eb e sukseshme ,shumica e qiradh\u00ebns\u00ebve shprehen t\u00eb paknaqur me koh\u00ebzgjatjen e sezonit. N\u00eb fakt thon\u00eb se n\u00eb Ulqin kemi 30 dit\u00eb sezon\u00eb,dhe k\u00ebtu p\u00ebrfundon \u00e7do gj\u00eb n\u00eb lidhje me turiz\u00ebm.<\/p>\n<p>Edhe ata pushues kosovare qe me pare zgjidhnin Ulqinin, tashme zgjedhin plazhet e Shqip\u00ebris\u00eb,p\u00ebr arsye t\u00eb uljes s\u00eb \u00e7mimeve.<br \/>\nP\u00ebrtej euforis\u00eb se shifrave zyrtare Ulqini \u00ebsht\u00eb n\u00eb agoni. Hotelet po thuasje jane te boshatisura dhe ata pak pushues qe jane ndalur, preferojne te blejne ushqimet e te gatuajne vete duke shpenzuar gjithnje e me pak.<br \/>\n<a href=\"http:\/\/www.visit-ulcinj.com\/blog\/wp-content\/uploads\/2012\/07\/Betonimi-i-Ulqinit-po-vazhdan.jpg\"><img loading=\"lazy\" class=\"alignleft  wp-image-62451\" title=\"Betonimi i Ulqinit po vazhdan\" src=\"http:\/\/www.visit-ulcinj.com\/blog\/wp-content\/uploads\/2012\/07\/Betonimi-i-Ulqinit-po-vazhdan.jpg\" alt=\"\" width=\"508\" height=\"300\" \/><\/a><\/p>\n<p>Plazhi i Ulqinit eshte shembulli me tipik i shkaterrimit si pasoje e babezise se njeriut dhe papergjegjshmerise se pushtetit. Me apo pa leje, vija bregdetare e ketij plazhi u shnderrua ne njegeto modern.<br \/>\nPangopshmeria vazhdon, duke mbjelle me pallate edhe ate siperfaqe qe mund te kishte shpetuar deri tani neper kodra. Edhe pse pjesa me e madhe e apartamenteve kane mbetur te pambushura, ndertuesit nuk terhiqen nga betonizimi i kesaj zone turistike t\u00eb Ulqinit.<\/p>\n<p>Moda e nd\u00ebrtimit te apartamenteve ne plazh nga banoret e Ulqinit duket se tashme eshte vjeteruar dhe shume prej tyre po kerkojne t\u2032i shesin. Pa asnje infrastrukture te nevojshme per pushuesit, e me hapesira qe ngushtohen nga viti ne vit, me shume se nje zone turistike, plazhi i Ulqinit u shnderrua ne nje kompleks gjigant konviktesh, ku edhe me te varferit nuk po preferojne me te pushojne n\u00eb Ulqin.<\/p>\n<p>Kjo eshte hakmarrja e betonizimit dhe ndotjes, shkaterrimit te mjedisit dhe shperfillja raportit me natyren, e cila duhet lexuar mire edhe nga zonat e tjera turisitke te vendit, vecanerisht ne Ulqin, ku epidemia e ndertimeve nuk ka marre ende permasat e mallkimit.<\/p>\n<!--YouTube Error: bad URL entered-->\n","protected":false},"excerpt":{"rendered":"<p>Drastikisht \u00ebsht\u00eb\u00a0zvogluar vizita e turist\u00ebve t\u00eb huaj n\u00eb Ulqin n\u00eb muajin qershor, n\u00eb krahasim me periudh\u00ebn e nj\u00ebjt\u00eb t\u00eb vitit t\u00eb kaluar. T\u00eb dh\u00ebnat statistikore flasin p\u00ebr nj\u00eb rritje t\u00eb numrit t\u00eb mysafir\u00ebve n\u00eb krahasim me vitin e kaluar n\u00eb t\u00eb nj\u00ebjt\u00ebn periudh\u00eb. Ulqini deklarohet n\u00eb pikun e sezonit turistik dhe nj\u00eb destinacion turistik i [&hellip;]<\/p>\n","protected":false},"author":1,"featured_media":0,"comment_status":"open","ping_status":"closed","sticky":false,"template":"","format":"standard","meta":{"spay_email":"","jetpack_publicize_message":"","jetpack_is_tweetstorm":false,"jetpack_publicize_feature_enabled":true},"categories":[14249],"tags":[14887],"jetpack_publicize_connections":[],"yoast_head":"<!-- This site is optimized with the Yoast SEO plugin v19.1 - https:\/\/yoast.com\/wordpress\/plugins\/seo\/ -->\n<title>Muaji i Ramazanit, zbret numri i turist\u00ebve n\u00eb Ulqin - Lajme nga Ulqini<\/title>\n<meta name=\"description\" content=\"Drastikisht \u00ebsht\u00eb\u00a0zvogluar vizita e turist\u00ebve t\u00eb huaj n\u00eb Ulqin n\u00eb muajin qershor, n\u00eb krahasim me periudh\u00ebn e nj\u00ebjt\u00eb t\u00eb vitit t\u00eb kaluar. T\u00eb dh\u00ebnat\" \/>\n<meta name=\"robots\" content=\"index, follow, max-snippet:-1, max-image-preview:large, max-video-preview:-1\" \/>\n<link rel=\"canonical\" href=\"https:\/\/www.visit-ulcinj.com\/blog\/2012\/07\/29\/muaji-i-ramazanit-zbret-numri-i-turisteve-ne-ulqin\/\" \/>\n<meta property=\"og:locale\" content=\"en_US\" \/>\n<meta property=\"og:type\" content=\"article\" \/>\n<meta property=\"og:title\" content=\"Muaji i Ramazanit, zbret numri i turist\u00ebve n\u00eb Ulqin - Lajme nga Ulqini\" \/>\n<meta property=\"og:description\" content=\"Drastikisht \u00ebsht\u00eb\u00a0zvogluar vizita e turist\u00ebve t\u00eb huaj n\u00eb Ulqin n\u00eb muajin qershor, n\u00eb krahasim me periudh\u00ebn e nj\u00ebjt\u00eb t\u00eb vitit t\u00eb kaluar. T\u00eb dh\u00ebnat\" \/>\n<meta property=\"og:url\" content=\"https:\/\/www.visit-ulcinj.com\/blog\/2012\/07\/29\/muaji-i-ramazanit-zbret-numri-i-turisteve-ne-ulqin\/\" \/>\n<meta property=\"og:site_name\" content=\"Lajme nga Ulqini\" \/>\n<meta property=\"article:published_time\" content=\"2012-07-29T11:36:48+00:00\" \/>\n<meta property=\"article:modified_time\" content=\"2012-08-02T17:55:56+00:00\" \/>\n<meta property=\"og:image\" content=\"http:\/\/www.visit-ulcinj.com\/blog\/wp-content\/uploads\/2012\/07\/Long-Beach-Ulcinj_Ulqin-_Montenegro.jpg\" \/>\n<meta name=\"twitter:label1\" content=\"Written by\" \/>\n\t<meta name=\"twitter:data1\" content=\"ulqini\" \/>\n\t<meta name=\"twitter:label2\" content=\"Est. reading time\" \/>\n\t<meta name=\"twitter:data2\" content=\"3 minutes\" \/>\n<script type=\"application\/ld+json\" class=\"yoast-schema-graph\">{\"@context\":\"https:\/\/schema.org\",\"@graph\":[{\"@type\":\"WebSite\",\"@id\":\"https:\/\/www.visit-ulcinj.com\/blog\/#website\",\"url\":\"https:\/\/www.visit-ulcinj.com\/blog\/\",\"name\":\"Lajme nga Ulqini\",\"description\":\"Lajme,Vijesti,Ulqini,Ulqin,Crna Gora,Mali i Zi\",\"potentialAction\":[{\"@type\":\"SearchAction\",\"target\":{\"@type\":\"EntryPoint\",\"urlTemplate\":\"https:\/\/www.visit-ulcinj.com\/blog\/?s={search_term_string}\"},\"query-input\":\"required name=search_term_string\"}],\"inLanguage\":\"en-US\"},{\"@type\":\"ImageObject\",\"inLanguage\":\"en-US\",\"@id\":\"https:\/\/www.visit-ulcinj.com\/blog\/2012\/07\/29\/muaji-i-ramazanit-zbret-numri-i-turisteve-ne-ulqin\/#primaryimage\",\"url\":\"https:\/\/www.visit-ulcinj.com\/blog\/wp-content\/uploads\/2012\/07\/Long-Beach-Ulcinj_Ulqin-_Montenegro.jpg\",\"contentUrl\":\"https:\/\/www.visit-ulcinj.com\/blog\/wp-content\/uploads\/2012\/07\/Long-Beach-Ulcinj_Ulqin-_Montenegro.jpg\",\"width\":\"900\",\"height\":\"483\"},{\"@type\":\"WebPage\",\"@id\":\"https:\/\/www.visit-ulcinj.com\/blog\/2012\/07\/29\/muaji-i-ramazanit-zbret-numri-i-turisteve-ne-ulqin\/#webpage\",\"url\":\"https:\/\/www.visit-ulcinj.com\/blog\/2012\/07\/29\/muaji-i-ramazanit-zbret-numri-i-turisteve-ne-ulqin\/\",\"name\":\"Muaji i Ramazanit, zbret numri i turist\u00ebve n\u00eb Ulqin - Lajme nga Ulqini\",\"isPartOf\":{\"@id\":\"https:\/\/www.visit-ulcinj.com\/blog\/#website\"},\"primaryImageOfPage\":{\"@id\":\"https:\/\/www.visit-ulcinj.com\/blog\/2012\/07\/29\/muaji-i-ramazanit-zbret-numri-i-turisteve-ne-ulqin\/#primaryimage\"},\"datePublished\":\"2012-07-29T11:36:48+00:00\",\"dateModified\":\"2012-08-02T17:55:56+00:00\",\"author\":{\"@id\":\"https:\/\/www.visit-ulcinj.com\/blog\/#\/schema\/person\/dcab619c614d3038751c63bc2aadc06d\"},\"description\":\"Drastikisht \u00ebsht\u00eb\u00a0zvogluar vizita e turist\u00ebve t\u00eb huaj n\u00eb Ulqin n\u00eb muajin qershor, n\u00eb krahasim me periudh\u00ebn e nj\u00ebjt\u00eb t\u00eb vitit t\u00eb kaluar. T\u00eb dh\u00ebnat\",\"breadcrumb\":{\"@id\":\"https:\/\/www.visit-ulcinj.com\/blog\/2012\/07\/29\/muaji-i-ramazanit-zbret-numri-i-turisteve-ne-ulqin\/#breadcrumb\"},\"inLanguage\":\"en-US\",\"potentialAction\":[{\"@type\":\"ReadAction\",\"target\":[\"https:\/\/www.visit-ulcinj.com\/blog\/2012\/07\/29\/muaji-i-ramazanit-zbret-numri-i-turisteve-ne-ulqin\/\"]}]},{\"@type\":\"BreadcrumbList\",\"@id\":\"https:\/\/www.visit-ulcinj.com\/blog\/2012\/07\/29\/muaji-i-ramazanit-zbret-numri-i-turisteve-ne-ulqin\/#breadcrumb\",\"itemListElement\":[{\"@type\":\"ListItem\",\"position\":1,\"name\":\"Muaji i Ramazanit, zbret numri i turist\u00ebve n\u00eb Ulqin\"}]},{\"@type\":\"Person\",\"@id\":\"https:\/\/www.visit-ulcinj.com\/blog\/#\/schema\/person\/dcab619c614d3038751c63bc2aadc06d\",\"name\":\"ulqini\",\"sameAs\":[\"http:\/\/www.visit-ulcinj.com\"],\"url\":\"https:\/\/www.visit-ulcinj.com\/blog\/author\/admin\/\"}]}<\/script>\n<!-- \/ Yoast SEO plugin. -->","yoast_head_json":{"title":"Muaji i Ramazanit, zbret numri i turist\u00ebve n\u00eb Ulqin - Lajme nga Ulqini","description":"Drastikisht \u00ebsht\u00eb\u00a0zvogluar vizita e turist\u00ebve t\u00eb huaj n\u00eb Ulqin n\u00eb muajin qershor, n\u00eb krahasim me periudh\u00ebn e nj\u00ebjt\u00eb t\u00eb vitit t\u00eb kaluar. T\u00eb dh\u00ebnat","robots":{"index":"index","follow":"follow","max-snippet":"max-snippet:-1","max-image-preview":"max-image-preview:large","max-video-preview":"max-video-preview:-1"},"canonical":"https:\/\/www.visit-ulcinj.com\/blog\/2012\/07\/29\/muaji-i-ramazanit-zbret-numri-i-turisteve-ne-ulqin\/","og_locale":"en_US","og_type":"article","og_title":"Muaji i Ramazanit, zbret numri i turist\u00ebve n\u00eb Ulqin - Lajme nga Ulqini","og_description":"Drastikisht \u00ebsht\u00eb\u00a0zvogluar vizita e turist\u00ebve t\u00eb huaj n\u00eb Ulqin n\u00eb muajin qershor, n\u00eb krahasim me periudh\u00ebn e nj\u00ebjt\u00eb t\u00eb vitit t\u00eb kaluar. T\u00eb dh\u00ebnat","og_url":"https:\/\/www.visit-ulcinj.com\/blog\/2012\/07\/29\/muaji-i-ramazanit-zbret-numri-i-turisteve-ne-ulqin\/","og_site_name":"Lajme nga Ulqini","article_published_time":"2012-07-29T11:36:48+00:00","article_modified_time":"2012-08-02T17:55:56+00:00","og_image":[{"url":"http:\/\/www.visit-ulcinj.com\/blog\/wp-content\/uploads\/2012\/07\/Long-Beach-Ulcinj_Ulqin-_Montenegro.jpg"}],"twitter_misc":{"Written by":"ulqini","Est. reading time":"3 minutes"},"schema":{"@context":"https:\/\/schema.org","@graph":[{"@type":"WebSite","@id":"https:\/\/www.visit-ulcinj.com\/blog\/#website","url":"https:\/\/www.visit-ulcinj.com\/blog\/","name":"Lajme nga Ulqini","description":"Lajme,Vijesti,Ulqini,Ulqin,Crna Gora,Mali i Zi","potentialAction":[{"@type":"SearchAction","target":{"@type":"EntryPoint","urlTemplate":"https:\/\/www.visit-ulcinj.com\/blog\/?s={search_term_string}"},"query-input":"required name=search_term_string"}],"inLanguage":"en-US"},{"@type":"ImageObject","inLanguage":"en-US","@id":"https:\/\/www.visit-ulcinj.com\/blog\/2012\/07\/29\/muaji-i-ramazanit-zbret-numri-i-turisteve-ne-ulqin\/#primaryimage","url":"https:\/\/www.visit-ulcinj.com\/blog\/wp-content\/uploads\/2012\/07\/Long-Beach-Ulcinj_Ulqin-_Montenegro.jpg","contentUrl":"https:\/\/www.visit-ulcinj.com\/blog\/wp-content\/uploads\/2012\/07\/Long-Beach-Ulcinj_Ulqin-_Montenegro.jpg","width":"900","height":"483"},{"@type":"WebPage","@id":"https:\/\/www.visit-ulcinj.com\/blog\/2012\/07\/29\/muaji-i-ramazanit-zbret-numri-i-turisteve-ne-ulqin\/#webpage","url":"https:\/\/www.visit-ulcinj.com\/blog\/2012\/07\/29\/muaji-i-ramazanit-zbret-numri-i-turisteve-ne-ulqin\/","name":"Muaji i Ramazanit, zbret numri i turist\u00ebve n\u00eb Ulqin - Lajme nga Ulqini","isPartOf":{"@id":"https:\/\/www.visit-ulcinj.com\/blog\/#website"},"primaryImageOfPage":{"@id":"https:\/\/www.visit-ulcinj.com\/blog\/2012\/07\/29\/muaji-i-ramazanit-zbret-numri-i-turisteve-ne-ulqin\/#primaryimage"},"datePublished":"2012-07-29T11:36:48+00:00","dateModified":"2012-08-02T17:55:56+00:00","author":{"@id":"https:\/\/www.visit-ulcinj.com\/blog\/#\/schema\/person\/dcab619c614d3038751c63bc2aadc06d"},"description":"Drastikisht \u00ebsht\u00eb\u00a0zvogluar vizita e turist\u00ebve t\u00eb huaj n\u00eb Ulqin n\u00eb muajin qershor, n\u00eb krahasim me periudh\u00ebn e nj\u00ebjt\u00eb t\u00eb vitit t\u00eb kaluar. T\u00eb dh\u00ebnat","breadcrumb":{"@id":"https:\/\/www.visit-ulcinj.com\/blog\/2012\/07\/29\/muaji-i-ramazanit-zbret-numri-i-turisteve-ne-ulqin\/#breadcrumb"},"inLanguage":"en-US","potentialAction":[{"@type":"ReadAction","target":["https:\/\/www.visit-ulcinj.com\/blog\/2012\/07\/29\/muaji-i-ramazanit-zbret-numri-i-turisteve-ne-ulqin\/"]}]},{"@type":"BreadcrumbList","@id":"https:\/\/www.visit-ulcinj.com\/blog\/2012\/07\/29\/muaji-i-ramazanit-zbret-numri-i-turisteve-ne-ulqin\/#breadcrumb","itemListElement":[{"@type":"ListItem","position":1,"name":"Muaji i Ramazanit, zbret numri i turist\u00ebve n\u00eb Ulqin"}]},{"@type":"Person","@id":"https:\/\/www.visit-ulcinj.com\/blog\/#\/schema\/person\/dcab619c614d3038751c63bc2aadc06d","name":"ulqini","sameAs":["http:\/\/www.visit-ulcinj.com"],"url":"https:\/\/www.visit-ulcinj.com\/blog\/author\/admin\/"}]}},"jetpack_featured_media_url":"","jetpack_sharing_enabled":true,"jetpack_shortlink":"https:\/\/wp.me\/pe6lTn-gff","_links":{"self":[{"href":"https:\/\/www.visit-ulcinj.com\/blog\/wp-json\/wp\/v2\/posts\/62449"}],"collection":[{"href":"https:\/\/www.visit-ulcinj.com\/blog\/wp-json\/wp\/v2\/posts"}],"about":[{"href":"https:\/\/www.visit-ulcinj.com\/blog\/wp-json\/wp\/v2\/types\/post"}],"author":[{"embeddable":true,"href":"https:\/\/www.visit-ulcinj.com\/blog\/wp-json\/wp\/v2\/users\/1"}],"replies":[{"embeddable":true,"href":"https:\/\/www.visit-ulcinj.com\/blog\/wp-json\/wp\/v2\/comments?post=62449"}],"version-history":[{"count":8,"href":"https:\/\/www.visit-ulcinj.com\/blog\/wp-json\/wp\/v2\/posts\/62449\/revisions"}],"predecessor-version":[{"id":62556,"href":"https:\/\/www.visit-ulcinj.com\/blog\/wp-json\/wp\/v2\/posts\/62449\/revisions\/62556"}],"wp:attachment":[{"href":"https:\/\/www.visit-ulcinj.com\/blog\/wp-json\/wp\/v2\/media?parent=62449"}],"wp:term":[{"taxonomy":"category","embeddable":true,"href":"https:\/\/www.visit-ulcinj.com\/blog\/wp-json\/wp\/v2\/categories?post=62449"},{"taxonomy":"post_tag","embeddable":true,"href":"https:\/\/www.visit-ulcinj.com\/blog\/wp-json\/wp\/v2\/tags?post=62449"}],"curies":[{"name":"wp","href":"https:\/\/api.w.org\/{rel}","templated":true}]}}