{"id":62482,"date":"2012-07-30T14:11:46","date_gmt":"2012-07-30T13:11:46","guid":{"rendered":"http:\/\/www.visit-ulcinj.com\/blog\/?p=62482"},"modified":"2012-07-30T14:12:24","modified_gmt":"2012-07-30T13:12:24","slug":"botuesit-kosovare-te-painteresuar-per-panairin-e-ulqinit","status":"publish","type":"post","link":"https:\/\/www.visit-ulcinj.com\/blog\/2012\/07\/30\/botuesit-kosovare-te-painteresuar-per-panairin-e-ulqinit\/","title":{"rendered":"Botuesit kosovar\u00eb, t\u00eb painteresuar p\u00ebr Panairin e Ulqinit"},"content":{"rendered":"<p><a href=\"http:\/\/www.visit-ulcinj.com\/blog\/wp-content\/uploads\/2012\/07\/Panairi-i-librit-ne-uqlin.jpg\"><img loading=\"lazy\" class=\"alignleft  wp-image-62483\" title=\"Panairi i librit ne uqlin\" src=\"http:\/\/www.visit-ulcinj.com\/blog\/wp-content\/uploads\/2012\/07\/Panairi-i-librit-ne-uqlin.jpg\" alt=\"\" width=\"508\" height=\"360\" \/><\/a>N\u00eb agjend\u00ebn p\u00ebr edicionin e ri, organizator\u00ebt e ekspozit\u00ebs s\u00eb librit n\u00eb qytetin bregdetar, kan\u00eb l\u00ebn\u00eb vend p\u00ebr 25 sht\u00ebpi botuese. Mes tyre, ata thon\u00eb se do t\u00eb ket\u00eb edhe botues nga Kosova. Por Shoqata e Botuesve t\u00eb Kosov\u00ebs nuk e ka nd\u00ebrmend t\u2019i p\u00ebrgjigjet ftes\u00ebs p\u00ebr t\u2019u b\u00ebr\u00eb pjes\u00eb e Panairit t\u00eb Librit n\u00eb Ulqin. Evenimenti pes\u00ebditor i librit do t\u00eb nis\u00eb n\u00eb dit\u00ebn e tet\u00eb t\u00eb muajit gusht. Panairi i Librit n\u00eb Ulqin, sivjet organizohet nga Qendra Kulturore n\u00eb Ulqin, n\u00eb bashk\u00ebpunim me komun\u00ebn. Vitin e kaluar Komuna e Ulqinit kishte realizuar panairin n\u00eb bashk\u00ebpunim me Shoq\u00ebrin\u00eb e Librit Shqip, derisa dhjet\u00eb edicionet e para komuna i kishte realizuar n\u00eb bashk\u00ebpunim me Shoqat\u00ebn e Botuesve Shqiptar\u00eb.<\/p>\n<p>Botuesit kosovar\u00eb ende nuk kan\u00eb marr\u00eb ftes\u00eb zyrtare p\u00ebr t\u00eb marr\u00eb pjes\u00eb n\u00eb panair, megjith\u00ebse nuk e kan\u00eb nd\u00ebrmend t\u2019i thon\u00eb \u201cpo\u201d k\u00ebrkes\u00ebs.<\/p>\n<p>\u201cNuk kemi marr\u00eb ende ftes\u00eb, por sidoqoft\u00eb nuk e besoj q\u00eb do t\u00eb marrim pjes\u00eb. Me th\u00ebn\u00eb t\u00eb drejt\u00ebn panairet sezonale nuk i kemi n\u00eb agjend\u00eb dhe nuk kemi shum\u00eb energji t\u00eb merremi me to\u201d, ka th\u00ebn\u00eb Besian Zenelaj, n\u00ebnkryetar i Shoqat\u00ebs s\u00eb Botuesve t\u00eb Kosov\u00ebs.<br \/>\n<a href=\"http:\/\/www.visit-ulcinj.com\/blog\/wp-content\/uploads\/2012\/07\/Nail-Draga_Ulqin.jpg\"><img loading=\"lazy\" class=\"alignleft  wp-image-62485\" title=\"Nail Draga_Ulqin\" src=\"http:\/\/www.visit-ulcinj.com\/blog\/wp-content\/uploads\/2012\/07\/Nail-Draga_Ulqin.jpg\" alt=\"\" width=\"508\" height=\"300\" \/><\/a><br \/>\nNail Draga, drejtor i Qendr\u00ebs Kulturore n\u00eb Ulqin, q\u00eb sivjet organizon panairin n\u00eb bashk\u00ebpunim me Komun\u00ebn e Ulqinit, ka th\u00ebn\u00eb se ftesa p\u00ebr t\u2019u b\u00ebr\u00eb pjes\u00eb e panairit u dedikohet gjith\u00eb botuesve shqiptar\u00eb.<\/p>\n<p>\u201cFtesa \u00ebsht\u00eb publike dhe ne shfryt\u00ebzojm\u00eb rastin q\u00eb t\u2019i informojm\u00eb botuesit shqiptar\u00eb nga Kosova e Shqip\u00ebria se jan\u00eb t\u00eb mir\u00ebseardhur\u201d, ka th\u00ebn\u00eb Draga.<\/p>\n<p>Ai ka dh\u00ebn\u00eb shpjegime p\u00ebr lajmet q\u00eb kan\u00eb qarkulluar n\u00ebp\u00ebr medie n\u00eb Mal t\u00eb Zi, ku thuhet se edicioni i 12-t\u00eb i panairit rrezikon t\u00eb mos mbahet.<\/p>\n<p>\u201cProblemi ka qen\u00eb se ne nuk e disponojm\u00eb infrastruktur\u00ebn p\u00ebrkat\u00ebse, por s\u00eb fundi jemi marr\u00eb vesh me nj\u00eb sht\u00ebpi botuese n\u00eb Mal t\u00eb Zi q\u00eb t\u00eb marrim me qira gj\u00ebrat e tyre\u201d, ka shpjeguar Draga.<\/p>\n<p>Draga ka zbuluar detaje p\u00ebr m\u00ebnyr\u00ebn se si do t\u00eb realizohet sivjet panairi.<\/p>\n<p>\u201cDo t\u00eb jen\u00eb mesatarisht 25 sht\u00ebpi botuese dhe panairi si zakonisht mbahet n\u00eb sh\u00ebtitoren n\u00eb Ran\u00eb. N\u00eb dispozicion t\u00eb botuesve do t\u00eb jen\u00eb 100 metra katror\u201d, ka th\u00ebn\u00eb ai.<\/p>\n<p>Sa i p\u00ebrket numrit t\u00eb vizitor\u00ebve, Draga \u00ebsht\u00eb i bindur q\u00eb do t\u00eb jet\u00eb i mjaftuesh\u00ebm.<\/p>\n<p>\u201cPanairi zgjat pes\u00eb dit\u00eb dhe shpresojm\u00eb q\u00eb duke qen\u00eb piku i sezonit do t\u00eb ket\u00eb num\u00ebr t\u00eb konsideruesh\u00ebm t\u00eb vizitor\u00ebve, duke marr\u00eb parasysh edhe vendin e p\u00ebrshtatsh\u00ebm n\u00eb t\u00eb cilin mbahet\u201d, ka th\u00ebn\u00eb ai.<\/p>\n<p>Sipas tij, ende nuk \u00ebsht\u00eb caktuar lista me mysafir\u00ebt, por ftesa do t\u2019u b\u00ebhet p\u00ebrfaq\u00ebsuesve institucional\u00eb t\u00eb Kosov\u00ebs e Shqip\u00ebris\u00eb.<\/p>\n<p>\u201cJemi n\u00eb bisedime dhe jan\u00eb gjasat maksimale q\u00eb t\u00eb jen\u00eb t\u00eb pranish\u00ebm p\u00ebrfaq\u00ebsues t\u00eb ministrive t\u00eb kultur\u00ebs nga Kosova e Shqip\u00ebria\u201d, ka th\u00ebn\u00eb ai.<br \/>\n<a href=\"http:\/\/www.visit-ulcinj.com\/blog\/wp-content\/uploads\/2012\/07\/Panairi-i-librit-ne-uqlin_Memli-Krasniqi_Dinosha.jpg\"><img loading=\"lazy\" class=\"alignleft  wp-image-62484\" title=\"Panairi i librit ne uqlin_Memli Krasniqi_Dinosha\" src=\"http:\/\/www.visit-ulcinj.com\/blog\/wp-content\/uploads\/2012\/07\/Panairi-i-librit-ne-uqlin_Memli-Krasniqi_Dinosha.jpg\" alt=\"\" width=\"508\" height=\"300\" \/><\/a><br \/>\nN\u00eb edicionin e kaluar n\u00eb ceremonin\u00eb e hapjes s\u00eb panairit kan\u00eb qen\u00eb t\u00eb pranish\u00ebm ministri i Kultur\u00ebs i Republik\u00ebs s\u00eb Kosov\u00ebs, Memli Krasniqi, z\u00ebvend\u00ebsministrja p\u00ebr Kultur\u00ebn pran\u00eb Ministris\u00eb s\u00eb Turizmit, Kultur\u00ebs, Rinis\u00eb dhe Sporteve e Republik\u00ebs s\u00eb Shqip\u00ebris\u00eb, Zana Turku, ministri p\u00ebr t\u00eb Drejtat e Njeriut dhe Pakicave i Malit t\u00eb Zi, Ferhat Dinosha, e t\u00eb tjer\u00eb. Megjithat\u00eb, organizator\u00ebt kishin sjell\u00eb m\u00eb pak botues e libra se q\u00eb kishin paralajm\u00ebruar. Edhe pse organizator\u00ebt kishin njoftuar se n\u00eb Panair do t\u00eb marrin pjes\u00eb rreth 50 botues nga Mali i Zi, Shqip\u00ebria, Kosova, Maqedonia, Bosnja dhe Kroacia, shumica prej tyre nuk i ishin p\u00ebrgjigjur ftes\u00ebs.<\/p>\n<p><strong>Koha Net<\/strong><\/p>\n","protected":false},"excerpt":{"rendered":"<p>N\u00eb agjend\u00ebn p\u00ebr edicionin e ri, organizator\u00ebt e ekspozit\u00ebs s\u00eb librit n\u00eb qytetin bregdetar, kan\u00eb l\u00ebn\u00eb vend p\u00ebr 25 sht\u00ebpi botuese. Mes tyre, ata thon\u00eb se do t\u00eb ket\u00eb edhe botues nga Kosova. Por Shoqata e Botuesve t\u00eb Kosov\u00ebs nuk e ka nd\u00ebrmend t\u2019i p\u00ebrgjigjet ftes\u00ebs p\u00ebr t\u2019u b\u00ebr\u00eb pjes\u00eb e Panairit t\u00eb Librit n\u00eb [&hellip;]<\/p>\n","protected":false},"author":1,"featured_media":0,"comment_status":"open","ping_status":"closed","sticky":false,"template":"","format":"standard","meta":{"spay_email":"","jetpack_publicize_message":"","jetpack_is_tweetstorm":false,"jetpack_publicize_feature_enabled":true},"categories":[14],"tags":[12179,19433,200],"jetpack_publicize_connections":[],"yoast_head":"<!-- This site is optimized with the Yoast SEO plugin v19.1 - https:\/\/yoast.com\/wordpress\/plugins\/seo\/ -->\n<title>Botuesit kosovar\u00eb, t\u00eb painteresuar p\u00ebr Panairin e Ulqinit - Lajme nga Ulqini<\/title>\n<meta name=\"description\" content=\"N\u00eb agjend\u00ebn p\u00ebr edicionin e ri, organizator\u00ebt e ekspozit\u00ebs s\u00eb librit n\u00eb qytetin bregdetar, kan\u00eb l\u00ebn\u00eb vend p\u00ebr 25 sht\u00ebpi botuese. Mes tyre, ata thon\u00eb se do\" \/>\n<meta name=\"robots\" content=\"index, follow, max-snippet:-1, max-image-preview:large, max-video-preview:-1\" \/>\n<link rel=\"canonical\" href=\"https:\/\/www.visit-ulcinj.com\/blog\/2012\/07\/30\/botuesit-kosovare-te-painteresuar-per-panairin-e-ulqinit\/\" \/>\n<meta property=\"og:locale\" content=\"en_US\" \/>\n<meta property=\"og:type\" content=\"article\" \/>\n<meta property=\"og:title\" content=\"Botuesit kosovar\u00eb, t\u00eb painteresuar p\u00ebr Panairin e Ulqinit - Lajme nga Ulqini\" \/>\n<meta property=\"og:description\" content=\"N\u00eb agjend\u00ebn p\u00ebr edicionin e ri, organizator\u00ebt e ekspozit\u00ebs s\u00eb librit n\u00eb qytetin bregdetar, kan\u00eb l\u00ebn\u00eb vend p\u00ebr 25 sht\u00ebpi botuese. Mes tyre, ata thon\u00eb se do\" \/>\n<meta property=\"og:url\" content=\"https:\/\/www.visit-ulcinj.com\/blog\/2012\/07\/30\/botuesit-kosovare-te-painteresuar-per-panairin-e-ulqinit\/\" \/>\n<meta property=\"og:site_name\" content=\"Lajme nga Ulqini\" \/>\n<meta property=\"article:published_time\" content=\"2012-07-30T13:11:46+00:00\" \/>\n<meta property=\"article:modified_time\" content=\"2012-07-30T13:12:24+00:00\" \/>\n<meta property=\"og:image\" content=\"http:\/\/www.visit-ulcinj.com\/blog\/wp-content\/uploads\/2012\/07\/Panairi-i-librit-ne-uqlin.jpg\" \/>\n<meta name=\"twitter:label1\" content=\"Written by\" \/>\n\t<meta name=\"twitter:data1\" content=\"ulqini\" \/>\n\t<meta name=\"twitter:label2\" content=\"Est. reading time\" \/>\n\t<meta name=\"twitter:data2\" content=\"3 minutes\" \/>\n<script type=\"application\/ld+json\" class=\"yoast-schema-graph\">{\"@context\":\"https:\/\/schema.org\",\"@graph\":[{\"@type\":\"WebSite\",\"@id\":\"https:\/\/www.visit-ulcinj.com\/blog\/#website\",\"url\":\"https:\/\/www.visit-ulcinj.com\/blog\/\",\"name\":\"Lajme nga Ulqini\",\"description\":\"Lajme,Vijesti,Ulqini,Ulqin,Crna Gora,Mali i Zi\",\"potentialAction\":[{\"@type\":\"SearchAction\",\"target\":{\"@type\":\"EntryPoint\",\"urlTemplate\":\"https:\/\/www.visit-ulcinj.com\/blog\/?s={search_term_string}\"},\"query-input\":\"required name=search_term_string\"}],\"inLanguage\":\"en-US\"},{\"@type\":\"ImageObject\",\"inLanguage\":\"en-US\",\"@id\":\"https:\/\/www.visit-ulcinj.com\/blog\/2012\/07\/30\/botuesit-kosovare-te-painteresuar-per-panairin-e-ulqinit\/#primaryimage\",\"url\":\"https:\/\/www.visit-ulcinj.com\/blog\/wp-content\/uploads\/2012\/07\/Panairi-i-librit-ne-uqlin.jpg\",\"contentUrl\":\"https:\/\/www.visit-ulcinj.com\/blog\/wp-content\/uploads\/2012\/07\/Panairi-i-librit-ne-uqlin.jpg\",\"width\":\"720\",\"height\":\"540\"},{\"@type\":\"WebPage\",\"@id\":\"https:\/\/www.visit-ulcinj.com\/blog\/2012\/07\/30\/botuesit-kosovare-te-painteresuar-per-panairin-e-ulqinit\/#webpage\",\"url\":\"https:\/\/www.visit-ulcinj.com\/blog\/2012\/07\/30\/botuesit-kosovare-te-painteresuar-per-panairin-e-ulqinit\/\",\"name\":\"Botuesit kosovar\u00eb, t\u00eb painteresuar p\u00ebr Panairin e Ulqinit - Lajme nga Ulqini\",\"isPartOf\":{\"@id\":\"https:\/\/www.visit-ulcinj.com\/blog\/#website\"},\"primaryImageOfPage\":{\"@id\":\"https:\/\/www.visit-ulcinj.com\/blog\/2012\/07\/30\/botuesit-kosovare-te-painteresuar-per-panairin-e-ulqinit\/#primaryimage\"},\"datePublished\":\"2012-07-30T13:11:46+00:00\",\"dateModified\":\"2012-07-30T13:12:24+00:00\",\"author\":{\"@id\":\"https:\/\/www.visit-ulcinj.com\/blog\/#\/schema\/person\/dcab619c614d3038751c63bc2aadc06d\"},\"description\":\"N\u00eb agjend\u00ebn p\u00ebr edicionin e ri, organizator\u00ebt e ekspozit\u00ebs s\u00eb librit n\u00eb qytetin bregdetar, kan\u00eb l\u00ebn\u00eb vend p\u00ebr 25 sht\u00ebpi botuese. Mes tyre, ata thon\u00eb se do\",\"breadcrumb\":{\"@id\":\"https:\/\/www.visit-ulcinj.com\/blog\/2012\/07\/30\/botuesit-kosovare-te-painteresuar-per-panairin-e-ulqinit\/#breadcrumb\"},\"inLanguage\":\"en-US\",\"potentialAction\":[{\"@type\":\"ReadAction\",\"target\":[\"https:\/\/www.visit-ulcinj.com\/blog\/2012\/07\/30\/botuesit-kosovare-te-painteresuar-per-panairin-e-ulqinit\/\"]}]},{\"@type\":\"BreadcrumbList\",\"@id\":\"https:\/\/www.visit-ulcinj.com\/blog\/2012\/07\/30\/botuesit-kosovare-te-painteresuar-per-panairin-e-ulqinit\/#breadcrumb\",\"itemListElement\":[{\"@type\":\"ListItem\",\"position\":1,\"name\":\"Botuesit kosovar\u00eb, t\u00eb painteresuar p\u00ebr Panairin e Ulqinit\"}]},{\"@type\":\"Person\",\"@id\":\"https:\/\/www.visit-ulcinj.com\/blog\/#\/schema\/person\/dcab619c614d3038751c63bc2aadc06d\",\"name\":\"ulqini\",\"sameAs\":[\"http:\/\/www.visit-ulcinj.com\"],\"url\":\"https:\/\/www.visit-ulcinj.com\/blog\/author\/admin\/\"}]}<\/script>\n<!-- \/ Yoast SEO plugin. -->","yoast_head_json":{"title":"Botuesit kosovar\u00eb, t\u00eb painteresuar p\u00ebr Panairin e Ulqinit - Lajme nga Ulqini","description":"N\u00eb agjend\u00ebn p\u00ebr edicionin e ri, organizator\u00ebt e ekspozit\u00ebs s\u00eb librit n\u00eb qytetin bregdetar, kan\u00eb l\u00ebn\u00eb vend p\u00ebr 25 sht\u00ebpi botuese. Mes tyre, ata thon\u00eb se do","robots":{"index":"index","follow":"follow","max-snippet":"max-snippet:-1","max-image-preview":"max-image-preview:large","max-video-preview":"max-video-preview:-1"},"canonical":"https:\/\/www.visit-ulcinj.com\/blog\/2012\/07\/30\/botuesit-kosovare-te-painteresuar-per-panairin-e-ulqinit\/","og_locale":"en_US","og_type":"article","og_title":"Botuesit kosovar\u00eb, t\u00eb painteresuar p\u00ebr Panairin e Ulqinit - Lajme nga Ulqini","og_description":"N\u00eb agjend\u00ebn p\u00ebr edicionin e ri, organizator\u00ebt e ekspozit\u00ebs s\u00eb librit n\u00eb qytetin bregdetar, kan\u00eb l\u00ebn\u00eb vend p\u00ebr 25 sht\u00ebpi botuese. Mes tyre, ata thon\u00eb se do","og_url":"https:\/\/www.visit-ulcinj.com\/blog\/2012\/07\/30\/botuesit-kosovare-te-painteresuar-per-panairin-e-ulqinit\/","og_site_name":"Lajme nga Ulqini","article_published_time":"2012-07-30T13:11:46+00:00","article_modified_time":"2012-07-30T13:12:24+00:00","og_image":[{"url":"http:\/\/www.visit-ulcinj.com\/blog\/wp-content\/uploads\/2012\/07\/Panairi-i-librit-ne-uqlin.jpg"}],"twitter_misc":{"Written by":"ulqini","Est. reading time":"3 minutes"},"schema":{"@context":"https:\/\/schema.org","@graph":[{"@type":"WebSite","@id":"https:\/\/www.visit-ulcinj.com\/blog\/#website","url":"https:\/\/www.visit-ulcinj.com\/blog\/","name":"Lajme nga Ulqini","description":"Lajme,Vijesti,Ulqini,Ulqin,Crna Gora,Mali i Zi","potentialAction":[{"@type":"SearchAction","target":{"@type":"EntryPoint","urlTemplate":"https:\/\/www.visit-ulcinj.com\/blog\/?s={search_term_string}"},"query-input":"required name=search_term_string"}],"inLanguage":"en-US"},{"@type":"ImageObject","inLanguage":"en-US","@id":"https:\/\/www.visit-ulcinj.com\/blog\/2012\/07\/30\/botuesit-kosovare-te-painteresuar-per-panairin-e-ulqinit\/#primaryimage","url":"https:\/\/www.visit-ulcinj.com\/blog\/wp-content\/uploads\/2012\/07\/Panairi-i-librit-ne-uqlin.jpg","contentUrl":"https:\/\/www.visit-ulcinj.com\/blog\/wp-content\/uploads\/2012\/07\/Panairi-i-librit-ne-uqlin.jpg","width":"720","height":"540"},{"@type":"WebPage","@id":"https:\/\/www.visit-ulcinj.com\/blog\/2012\/07\/30\/botuesit-kosovare-te-painteresuar-per-panairin-e-ulqinit\/#webpage","url":"https:\/\/www.visit-ulcinj.com\/blog\/2012\/07\/30\/botuesit-kosovare-te-painteresuar-per-panairin-e-ulqinit\/","name":"Botuesit kosovar\u00eb, t\u00eb painteresuar p\u00ebr Panairin e Ulqinit - Lajme nga Ulqini","isPartOf":{"@id":"https:\/\/www.visit-ulcinj.com\/blog\/#website"},"primaryImageOfPage":{"@id":"https:\/\/www.visit-ulcinj.com\/blog\/2012\/07\/30\/botuesit-kosovare-te-painteresuar-per-panairin-e-ulqinit\/#primaryimage"},"datePublished":"2012-07-30T13:11:46+00:00","dateModified":"2012-07-30T13:12:24+00:00","author":{"@id":"https:\/\/www.visit-ulcinj.com\/blog\/#\/schema\/person\/dcab619c614d3038751c63bc2aadc06d"},"description":"N\u00eb agjend\u00ebn p\u00ebr edicionin e ri, organizator\u00ebt e ekspozit\u00ebs s\u00eb librit n\u00eb qytetin bregdetar, kan\u00eb l\u00ebn\u00eb vend p\u00ebr 25 sht\u00ebpi botuese. Mes tyre, ata thon\u00eb se do","breadcrumb":{"@id":"https:\/\/www.visit-ulcinj.com\/blog\/2012\/07\/30\/botuesit-kosovare-te-painteresuar-per-panairin-e-ulqinit\/#breadcrumb"},"inLanguage":"en-US","potentialAction":[{"@type":"ReadAction","target":["https:\/\/www.visit-ulcinj.com\/blog\/2012\/07\/30\/botuesit-kosovare-te-painteresuar-per-panairin-e-ulqinit\/"]}]},{"@type":"BreadcrumbList","@id":"https:\/\/www.visit-ulcinj.com\/blog\/2012\/07\/30\/botuesit-kosovare-te-painteresuar-per-panairin-e-ulqinit\/#breadcrumb","itemListElement":[{"@type":"ListItem","position":1,"name":"Botuesit kosovar\u00eb, t\u00eb painteresuar p\u00ebr Panairin e Ulqinit"}]},{"@type":"Person","@id":"https:\/\/www.visit-ulcinj.com\/blog\/#\/schema\/person\/dcab619c614d3038751c63bc2aadc06d","name":"ulqini","sameAs":["http:\/\/www.visit-ulcinj.com"],"url":"https:\/\/www.visit-ulcinj.com\/blog\/author\/admin\/"}]}},"jetpack_featured_media_url":"","jetpack_sharing_enabled":true,"jetpack_shortlink":"https:\/\/wp.me\/pe6lTn-gfM","_links":{"self":[{"href":"https:\/\/www.visit-ulcinj.com\/blog\/wp-json\/wp\/v2\/posts\/62482"}],"collection":[{"href":"https:\/\/www.visit-ulcinj.com\/blog\/wp-json\/wp\/v2\/posts"}],"about":[{"href":"https:\/\/www.visit-ulcinj.com\/blog\/wp-json\/wp\/v2\/types\/post"}],"author":[{"embeddable":true,"href":"https:\/\/www.visit-ulcinj.com\/blog\/wp-json\/wp\/v2\/users\/1"}],"replies":[{"embeddable":true,"href":"https:\/\/www.visit-ulcinj.com\/blog\/wp-json\/wp\/v2\/comments?post=62482"}],"version-history":[{"count":2,"href":"https:\/\/www.visit-ulcinj.com\/blog\/wp-json\/wp\/v2\/posts\/62482\/revisions"}],"predecessor-version":[{"id":62487,"href":"https:\/\/www.visit-ulcinj.com\/blog\/wp-json\/wp\/v2\/posts\/62482\/revisions\/62487"}],"wp:attachment":[{"href":"https:\/\/www.visit-ulcinj.com\/blog\/wp-json\/wp\/v2\/media?parent=62482"}],"wp:term":[{"taxonomy":"category","embeddable":true,"href":"https:\/\/www.visit-ulcinj.com\/blog\/wp-json\/wp\/v2\/categories?post=62482"},{"taxonomy":"post_tag","embeddable":true,"href":"https:\/\/www.visit-ulcinj.com\/blog\/wp-json\/wp\/v2\/tags?post=62482"}],"curies":[{"name":"wp","href":"https:\/\/api.w.org\/{rel}","templated":true}]}}