{"id":62488,"date":"2012-07-30T15:40:34","date_gmt":"2012-07-30T14:40:34","guid":{"rendered":"http:\/\/www.visit-ulcinj.com\/blog\/?p=62488"},"modified":"2012-07-30T15:40:34","modified_gmt":"2012-07-30T14:40:34","slug":"udsh-ja-pershendet-vendimin-e-kuvendit-te-malit-te-zi","status":"publish","type":"post","link":"https:\/\/www.visit-ulcinj.com\/blog\/2012\/07\/30\/udsh-ja-pershendet-vendimin-e-kuvendit-te-malit-te-zi\/","title":{"rendered":"UDSH-ja p\u00ebrsh\u00ebndet vendimin e Kuvendit t\u00eb Malit t\u00eb Zi"},"content":{"rendered":"<h3><a href=\"http:\/\/www.visit-ulcinj.com\/blog\/wp-content\/uploads\/2010\/09\/UNIONI-DEMOKRATIK-I-SHQIPTAR\u00cbVE.jpg\"><img loading=\"lazy\" class=\"alignleft size-thumbnail wp-image-36988\" title=\"UNIONI  DEMOKRATIK I SHQIPTAR\u00cbVE\" src=\"http:\/\/www.visit-ulcinj.com\/blog\/wp-content\/uploads\/2010\/09\/UNIONI-DEMOKRATIK-I-SHQIPTAR\u00cbVE-150x150.jpg\" alt=\"\" width=\"150\" height=\"150\" \/><\/a><strong>UNIONI DEMOKRATIK I SHQIPTAR\u00cbVE<\/strong><\/h3>\n<p>&nbsp;<\/p>\n<p>&nbsp;<\/p>\n<p>Ulqin,m\u00eb 30.07.2012<\/p>\n<p>&nbsp;<\/p>\n<p>Unioni Demokratik i Shqiptar\u00ebve e p\u00ebrsh\u00ebndet vendimin e Kuvendit t\u00eb Malit t\u00eb Zi q\u00eb kriporja t\u00eb jet\u00eb zon\u00eb e mbrojtur dhe \u00ebsht\u00eb e mendimit q\u00eb duhet t\u00eb mb\u00ebshteten projektet t\u00eb cil\u00ebt \u00e7ojn\u00eb kah revitalizimi\u00a0 i k\u00ebsaj nd\u00ebrmarrje,\u00e7ka do mund\u00ebsoj t\u00eb vazhdohet m\u00eb prodhimin e krip\u00ebs .<\/p>\n<p>Konform\u00eb\u00a0 k\u00ebtij q\u00ebndrim kryetari dhe deputeti i UDSH-s\u00eb z.Mehmed Zenka votoj pro vendimit p\u00ebr mbrojtjen e kripores.<\/p>\n<p>&nbsp;<\/p>\n<p><strong>Sh\u00ebrbimi informativ i UDSH-s\u00eb<\/strong><\/p>\n","protected":false},"excerpt":{"rendered":"<p>UNIONI DEMOKRATIK I SHQIPTAR\u00cbVE &nbsp; &nbsp; Ulqin,m\u00eb 30.07.2012 &nbsp; Unioni Demokratik i Shqiptar\u00ebve e p\u00ebrsh\u00ebndet vendimin e Kuvendit t\u00eb Malit t\u00eb Zi q\u00eb kriporja t\u00eb jet\u00eb zon\u00eb e mbrojtur dhe \u00ebsht\u00eb e mendimit q\u00eb duhet t\u00eb mb\u00ebshteten projektet t\u00eb cil\u00ebt \u00e7ojn\u00eb kah revitalizimi\u00a0 i k\u00ebsaj nd\u00ebrmarrje,\u00e7ka do mund\u00ebsoj t\u00eb vazhdohet m\u00eb prodhimin e krip\u00ebs . [&hellip;]<\/p>\n","protected":false},"author":1,"featured_media":0,"comment_status":"open","ping_status":"closed","sticky":false,"template":"","format":"standard","meta":{"spay_email":"","jetpack_publicize_message":"","jetpack_is_tweetstorm":false,"jetpack_publicize_feature_enabled":true},"categories":[6],"tags":[4680,200],"jetpack_publicize_connections":[],"yoast_head":"<!-- This site is optimized with the Yoast SEO plugin v19.1 - https:\/\/yoast.com\/wordpress\/plugins\/seo\/ -->\n<title>UDSH-ja p\u00ebrsh\u00ebndet vendimin e Kuvendit t\u00eb Malit t\u00eb Zi - Lajme nga Ulqini<\/title>\n<meta name=\"description\" content=\"UNIONI DEMOKRATIK I SHQIPTAR\u00cbVE &nbsp; &nbsp; Ulqin,m\u00eb 30.07.2012 &nbsp; Unioni Demokratik i Shqiptar\u00ebve e p\u00ebrsh\u00ebndet vendimin e Kuvendit t\u00eb Malit t\u00eb Zi\" \/>\n<meta name=\"robots\" content=\"index, follow, max-snippet:-1, max-image-preview:large, max-video-preview:-1\" \/>\n<link rel=\"canonical\" href=\"https:\/\/www.visit-ulcinj.com\/blog\/2012\/07\/30\/udsh-ja-pershendet-vendimin-e-kuvendit-te-malit-te-zi\/\" \/>\n<meta property=\"og:locale\" content=\"en_US\" \/>\n<meta property=\"og:type\" content=\"article\" \/>\n<meta property=\"og:title\" content=\"UDSH-ja p\u00ebrsh\u00ebndet vendimin e Kuvendit t\u00eb Malit t\u00eb Zi - Lajme nga Ulqini\" \/>\n<meta property=\"og:description\" content=\"UNIONI DEMOKRATIK I SHQIPTAR\u00cbVE &nbsp; &nbsp; Ulqin,m\u00eb 30.07.2012 &nbsp; Unioni Demokratik i Shqiptar\u00ebve e p\u00ebrsh\u00ebndet vendimin e Kuvendit t\u00eb Malit t\u00eb Zi\" \/>\n<meta property=\"og:url\" content=\"https:\/\/www.visit-ulcinj.com\/blog\/2012\/07\/30\/udsh-ja-pershendet-vendimin-e-kuvendit-te-malit-te-zi\/\" \/>\n<meta property=\"og:site_name\" content=\"Lajme nga Ulqini\" \/>\n<meta property=\"article:published_time\" content=\"2012-07-30T14:40:34+00:00\" \/>\n<meta name=\"twitter:label1\" content=\"Written by\" \/>\n\t<meta name=\"twitter:data1\" content=\"ulqini\" \/>\n<script type=\"application\/ld+json\" class=\"yoast-schema-graph\">{\"@context\":\"https:\/\/schema.org\",\"@graph\":[{\"@type\":\"WebSite\",\"@id\":\"https:\/\/www.visit-ulcinj.com\/blog\/#website\",\"url\":\"https:\/\/www.visit-ulcinj.com\/blog\/\",\"name\":\"Lajme nga Ulqini\",\"description\":\"Lajme,Vijesti,Ulqini,Ulqin,Crna Gora,Mali i Zi\",\"potentialAction\":[{\"@type\":\"SearchAction\",\"target\":{\"@type\":\"EntryPoint\",\"urlTemplate\":\"https:\/\/www.visit-ulcinj.com\/blog\/?s={search_term_string}\"},\"query-input\":\"required name=search_term_string\"}],\"inLanguage\":\"en-US\"},{\"@type\":\"WebPage\",\"@id\":\"https:\/\/www.visit-ulcinj.com\/blog\/2012\/07\/30\/udsh-ja-pershendet-vendimin-e-kuvendit-te-malit-te-zi\/#webpage\",\"url\":\"https:\/\/www.visit-ulcinj.com\/blog\/2012\/07\/30\/udsh-ja-pershendet-vendimin-e-kuvendit-te-malit-te-zi\/\",\"name\":\"UDSH-ja p\u00ebrsh\u00ebndet vendimin e Kuvendit t\u00eb Malit t\u00eb Zi - Lajme nga Ulqini\",\"isPartOf\":{\"@id\":\"https:\/\/www.visit-ulcinj.com\/blog\/#website\"},\"datePublished\":\"2012-07-30T14:40:34+00:00\",\"dateModified\":\"2012-07-30T14:40:34+00:00\",\"author\":{\"@id\":\"https:\/\/www.visit-ulcinj.com\/blog\/#\/schema\/person\/dcab619c614d3038751c63bc2aadc06d\"},\"description\":\"UNIONI DEMOKRATIK I SHQIPTAR\u00cbVE &nbsp; &nbsp; Ulqin,m\u00eb 30.07.2012 &nbsp; Unioni Demokratik i Shqiptar\u00ebve e p\u00ebrsh\u00ebndet vendimin e Kuvendit t\u00eb Malit t\u00eb Zi\",\"breadcrumb\":{\"@id\":\"https:\/\/www.visit-ulcinj.com\/blog\/2012\/07\/30\/udsh-ja-pershendet-vendimin-e-kuvendit-te-malit-te-zi\/#breadcrumb\"},\"inLanguage\":\"en-US\",\"potentialAction\":[{\"@type\":\"ReadAction\",\"target\":[\"https:\/\/www.visit-ulcinj.com\/blog\/2012\/07\/30\/udsh-ja-pershendet-vendimin-e-kuvendit-te-malit-te-zi\/\"]}]},{\"@type\":\"BreadcrumbList\",\"@id\":\"https:\/\/www.visit-ulcinj.com\/blog\/2012\/07\/30\/udsh-ja-pershendet-vendimin-e-kuvendit-te-malit-te-zi\/#breadcrumb\",\"itemListElement\":[{\"@type\":\"ListItem\",\"position\":1,\"name\":\"UDSH-ja p\u00ebrsh\u00ebndet vendimin e Kuvendit t\u00eb Malit t\u00eb Zi\"}]},{\"@type\":\"Person\",\"@id\":\"https:\/\/www.visit-ulcinj.com\/blog\/#\/schema\/person\/dcab619c614d3038751c63bc2aadc06d\",\"name\":\"ulqini\",\"sameAs\":[\"http:\/\/www.visit-ulcinj.com\"],\"url\":\"https:\/\/www.visit-ulcinj.com\/blog\/author\/admin\/\"}]}<\/script>\n<!-- \/ Yoast SEO plugin. -->","yoast_head_json":{"title":"UDSH-ja p\u00ebrsh\u00ebndet vendimin e Kuvendit t\u00eb Malit t\u00eb Zi - Lajme nga Ulqini","description":"UNIONI DEMOKRATIK I SHQIPTAR\u00cbVE &nbsp; &nbsp; Ulqin,m\u00eb 30.07.2012 &nbsp; Unioni Demokratik i Shqiptar\u00ebve e p\u00ebrsh\u00ebndet vendimin e Kuvendit t\u00eb Malit t\u00eb Zi","robots":{"index":"index","follow":"follow","max-snippet":"max-snippet:-1","max-image-preview":"max-image-preview:large","max-video-preview":"max-video-preview:-1"},"canonical":"https:\/\/www.visit-ulcinj.com\/blog\/2012\/07\/30\/udsh-ja-pershendet-vendimin-e-kuvendit-te-malit-te-zi\/","og_locale":"en_US","og_type":"article","og_title":"UDSH-ja p\u00ebrsh\u00ebndet vendimin e Kuvendit t\u00eb Malit t\u00eb Zi - Lajme nga Ulqini","og_description":"UNIONI DEMOKRATIK I SHQIPTAR\u00cbVE &nbsp; &nbsp; Ulqin,m\u00eb 30.07.2012 &nbsp; Unioni Demokratik i Shqiptar\u00ebve e p\u00ebrsh\u00ebndet vendimin e Kuvendit t\u00eb Malit t\u00eb Zi","og_url":"https:\/\/www.visit-ulcinj.com\/blog\/2012\/07\/30\/udsh-ja-pershendet-vendimin-e-kuvendit-te-malit-te-zi\/","og_site_name":"Lajme nga Ulqini","article_published_time":"2012-07-30T14:40:34+00:00","twitter_misc":{"Written by":"ulqini"},"schema":{"@context":"https:\/\/schema.org","@graph":[{"@type":"WebSite","@id":"https:\/\/www.visit-ulcinj.com\/blog\/#website","url":"https:\/\/www.visit-ulcinj.com\/blog\/","name":"Lajme nga Ulqini","description":"Lajme,Vijesti,Ulqini,Ulqin,Crna Gora,Mali i Zi","potentialAction":[{"@type":"SearchAction","target":{"@type":"EntryPoint","urlTemplate":"https:\/\/www.visit-ulcinj.com\/blog\/?s={search_term_string}"},"query-input":"required name=search_term_string"}],"inLanguage":"en-US"},{"@type":"WebPage","@id":"https:\/\/www.visit-ulcinj.com\/blog\/2012\/07\/30\/udsh-ja-pershendet-vendimin-e-kuvendit-te-malit-te-zi\/#webpage","url":"https:\/\/www.visit-ulcinj.com\/blog\/2012\/07\/30\/udsh-ja-pershendet-vendimin-e-kuvendit-te-malit-te-zi\/","name":"UDSH-ja p\u00ebrsh\u00ebndet vendimin e Kuvendit t\u00eb Malit t\u00eb Zi - Lajme nga Ulqini","isPartOf":{"@id":"https:\/\/www.visit-ulcinj.com\/blog\/#website"},"datePublished":"2012-07-30T14:40:34+00:00","dateModified":"2012-07-30T14:40:34+00:00","author":{"@id":"https:\/\/www.visit-ulcinj.com\/blog\/#\/schema\/person\/dcab619c614d3038751c63bc2aadc06d"},"description":"UNIONI DEMOKRATIK I SHQIPTAR\u00cbVE &nbsp; &nbsp; Ulqin,m\u00eb 30.07.2012 &nbsp; Unioni Demokratik i Shqiptar\u00ebve e p\u00ebrsh\u00ebndet vendimin e Kuvendit t\u00eb Malit t\u00eb Zi","breadcrumb":{"@id":"https:\/\/www.visit-ulcinj.com\/blog\/2012\/07\/30\/udsh-ja-pershendet-vendimin-e-kuvendit-te-malit-te-zi\/#breadcrumb"},"inLanguage":"en-US","potentialAction":[{"@type":"ReadAction","target":["https:\/\/www.visit-ulcinj.com\/blog\/2012\/07\/30\/udsh-ja-pershendet-vendimin-e-kuvendit-te-malit-te-zi\/"]}]},{"@type":"BreadcrumbList","@id":"https:\/\/www.visit-ulcinj.com\/blog\/2012\/07\/30\/udsh-ja-pershendet-vendimin-e-kuvendit-te-malit-te-zi\/#breadcrumb","itemListElement":[{"@type":"ListItem","position":1,"name":"UDSH-ja p\u00ebrsh\u00ebndet vendimin e Kuvendit t\u00eb Malit t\u00eb Zi"}]},{"@type":"Person","@id":"https:\/\/www.visit-ulcinj.com\/blog\/#\/schema\/person\/dcab619c614d3038751c63bc2aadc06d","name":"ulqini","sameAs":["http:\/\/www.visit-ulcinj.com"],"url":"https:\/\/www.visit-ulcinj.com\/blog\/author\/admin\/"}]}},"jetpack_featured_media_url":"","jetpack_sharing_enabled":true,"jetpack_shortlink":"https:\/\/wp.me\/pe6lTn-gfS","_links":{"self":[{"href":"https:\/\/www.visit-ulcinj.com\/blog\/wp-json\/wp\/v2\/posts\/62488"}],"collection":[{"href":"https:\/\/www.visit-ulcinj.com\/blog\/wp-json\/wp\/v2\/posts"}],"about":[{"href":"https:\/\/www.visit-ulcinj.com\/blog\/wp-json\/wp\/v2\/types\/post"}],"author":[{"embeddable":true,"href":"https:\/\/www.visit-ulcinj.com\/blog\/wp-json\/wp\/v2\/users\/1"}],"replies":[{"embeddable":true,"href":"https:\/\/www.visit-ulcinj.com\/blog\/wp-json\/wp\/v2\/comments?post=62488"}],"version-history":[{"count":2,"href":"https:\/\/www.visit-ulcinj.com\/blog\/wp-json\/wp\/v2\/posts\/62488\/revisions"}],"predecessor-version":[{"id":62490,"href":"https:\/\/www.visit-ulcinj.com\/blog\/wp-json\/wp\/v2\/posts\/62488\/revisions\/62490"}],"wp:attachment":[{"href":"https:\/\/www.visit-ulcinj.com\/blog\/wp-json\/wp\/v2\/media?parent=62488"}],"wp:term":[{"taxonomy":"category","embeddable":true,"href":"https:\/\/www.visit-ulcinj.com\/blog\/wp-json\/wp\/v2\/categories?post=62488"},{"taxonomy":"post_tag","embeddable":true,"href":"https:\/\/www.visit-ulcinj.com\/blog\/wp-json\/wp\/v2\/tags?post=62488"}],"curies":[{"name":"wp","href":"https:\/\/api.w.org\/{rel}","templated":true}]}}