{"id":62492,"date":"2012-07-31T17:55:43","date_gmt":"2012-07-31T16:55:43","guid":{"rendered":"http:\/\/www.visit-ulcinj.com\/blog\/?p=62492"},"modified":"2012-07-31T17:55:43","modified_gmt":"2012-07-31T16:55:43","slug":"mali-i-zi-zgjedhjet-e-parakohshme-me-14-tetor","status":"publish","type":"post","link":"https:\/\/www.visit-ulcinj.com\/blog\/2012\/07\/31\/mali-i-zi-zgjedhjet-e-parakohshme-me-14-tetor\/","title":{"rendered":"Mali i Zi, zgjedhjet e parakohshme m\u00eb 14 tetor"},"content":{"rendered":"<p><a href=\"http:\/\/www.visit-ulcinj.com\/blog\/wp-content\/uploads\/2012\/07\/zgjedjet-ne-mal-te-zi.jpg\"><img loading=\"lazy\" class=\"alignleft  wp-image-62493\" title=\"zgjedjet ne mal te zi\" src=\"http:\/\/www.visit-ulcinj.com\/blog\/wp-content\/uploads\/2012\/07\/zgjedjet-ne-mal-te-zi.jpg\" alt=\"\" width=\"508\" height=\"360\" \/><\/a>Presidenti i Malit t\u00eb Zi, Fillip Vujanovic k\u00ebrkoi q\u00eb zgjedhjet e p\u00ebrgjithshme t\u00eb parakohshme t\u00eb mbahen m\u00eb 14 tetor.<\/p>\n<p>Sipas AFP-se parlamenti votoi n\u00eb jav\u00ebn e kaluar p\u00ebr mbajtjen e zgjedhjeve t\u00eb parakohshme p\u00ebr shkak t\u00eb nevoj\u00ebs q\u00eb ne negociatat p\u00ebr an\u00ebtar\u00ebsim n\u00eb Bashkimin Evropian, Podgorica zyrtare t\u00eb hyj\u00eb me nj\u00eb qeveri q\u00eb ka nj\u00eb mandat t\u00eb plot\u00eb kat\u00ebr-vje\u00e7ar.<\/p>\n<p>Para votimit, koalicioni qeveris\u00ebs i Partis\u00eb Demkratike Socialiste dhe Partis\u00eb Socialiste t\u00eb Popullit ve\u00e7 se ishte marr\u00eb vesh q\u00eb t\u2019i bashkoj\u00eb forcat gjat\u00eb votimit.<\/p>\n<p>Mali i Zi nisi negociatat p\u00ebr an\u00ebtar\u00ebsim n\u00eb BE n\u00eb qershor t\u00eb k\u00ebtij viti.<\/p>\n<p><strong>Panorama<\/strong><\/p>\n","protected":false},"excerpt":{"rendered":"<p>Presidenti i Malit t\u00eb Zi, Fillip Vujanovic k\u00ebrkoi q\u00eb zgjedhjet e p\u00ebrgjithshme t\u00eb parakohshme t\u00eb mbahen m\u00eb 14 tetor. Sipas AFP-se parlamenti votoi n\u00eb jav\u00ebn e kaluar p\u00ebr mbajtjen e zgjedhjeve t\u00eb parakohshme p\u00ebr shkak t\u00eb nevoj\u00ebs q\u00eb ne negociatat p\u00ebr an\u00ebtar\u00ebsim n\u00eb Bashkimin Evropian, Podgorica zyrtare t\u00eb hyj\u00eb me nj\u00eb qeveri q\u00eb ka nj\u00eb [&hellip;]<\/p>\n","protected":false},"author":1,"featured_media":0,"comment_status":"open","ping_status":"closed","sticky":false,"template":"","format":"standard","meta":{"spay_email":"","jetpack_publicize_message":"","jetpack_is_tweetstorm":false,"jetpack_publicize_feature_enabled":true},"categories":[12],"tags":[95],"jetpack_publicize_connections":[],"yoast_head":"<!-- This site is optimized with the Yoast SEO plugin v19.1 - https:\/\/yoast.com\/wordpress\/plugins\/seo\/ -->\n<title>Mali i Zi, zgjedhjet e parakohshme m\u00eb 14 tetor - Lajme nga Ulqini<\/title>\n<meta name=\"description\" content=\"Presidenti i Malit t\u00eb Zi, Fillip Vujanovic k\u00ebrkoi q\u00eb zgjedhjet e p\u00ebrgjithshme t\u00eb parakohshme t\u00eb mbahen m\u00eb 14 tetor. Sipas AFP-se parlamenti votoi n\u00eb jav\u00ebn\" \/>\n<meta name=\"robots\" content=\"index, follow, max-snippet:-1, max-image-preview:large, max-video-preview:-1\" \/>\n<link rel=\"canonical\" href=\"https:\/\/www.visit-ulcinj.com\/blog\/2012\/07\/31\/mali-i-zi-zgjedhjet-e-parakohshme-me-14-tetor\/\" \/>\n<meta property=\"og:locale\" content=\"en_US\" \/>\n<meta property=\"og:type\" content=\"article\" \/>\n<meta property=\"og:title\" content=\"Mali i Zi, zgjedhjet e parakohshme m\u00eb 14 tetor - Lajme nga Ulqini\" \/>\n<meta property=\"og:description\" content=\"Presidenti i Malit t\u00eb Zi, Fillip Vujanovic k\u00ebrkoi q\u00eb zgjedhjet e p\u00ebrgjithshme t\u00eb parakohshme t\u00eb mbahen m\u00eb 14 tetor. Sipas AFP-se parlamenti votoi n\u00eb jav\u00ebn\" \/>\n<meta property=\"og:url\" content=\"https:\/\/www.visit-ulcinj.com\/blog\/2012\/07\/31\/mali-i-zi-zgjedhjet-e-parakohshme-me-14-tetor\/\" \/>\n<meta property=\"og:site_name\" content=\"Lajme nga Ulqini\" \/>\n<meta property=\"article:published_time\" content=\"2012-07-31T16:55:43+00:00\" \/>\n<meta property=\"og:image\" content=\"http:\/\/www.visit-ulcinj.com\/blog\/wp-content\/uploads\/2012\/07\/zgjedjet-ne-mal-te-zi.jpg\" \/>\n<meta name=\"twitter:label1\" content=\"Written by\" \/>\n\t<meta name=\"twitter:data1\" content=\"ulqini\" \/>\n\t<meta name=\"twitter:label2\" content=\"Est. reading time\" \/>\n\t<meta name=\"twitter:data2\" content=\"1 minute\" \/>\n<script type=\"application\/ld+json\" class=\"yoast-schema-graph\">{\"@context\":\"https:\/\/schema.org\",\"@graph\":[{\"@type\":\"WebSite\",\"@id\":\"https:\/\/www.visit-ulcinj.com\/blog\/#website\",\"url\":\"https:\/\/www.visit-ulcinj.com\/blog\/\",\"name\":\"Lajme nga Ulqini\",\"description\":\"Lajme,Vijesti,Ulqini,Ulqin,Crna Gora,Mali i Zi\",\"potentialAction\":[{\"@type\":\"SearchAction\",\"target\":{\"@type\":\"EntryPoint\",\"urlTemplate\":\"https:\/\/www.visit-ulcinj.com\/blog\/?s={search_term_string}\"},\"query-input\":\"required name=search_term_string\"}],\"inLanguage\":\"en-US\"},{\"@type\":\"ImageObject\",\"inLanguage\":\"en-US\",\"@id\":\"https:\/\/www.visit-ulcinj.com\/blog\/2012\/07\/31\/mali-i-zi-zgjedhjet-e-parakohshme-me-14-tetor\/#primaryimage\",\"url\":\"https:\/\/www.visit-ulcinj.com\/blog\/wp-content\/uploads\/2012\/07\/zgjedjet-ne-mal-te-zi.jpg\",\"contentUrl\":\"https:\/\/www.visit-ulcinj.com\/blog\/wp-content\/uploads\/2012\/07\/zgjedjet-ne-mal-te-zi.jpg\",\"width\":\"800\",\"height\":\"530\"},{\"@type\":\"WebPage\",\"@id\":\"https:\/\/www.visit-ulcinj.com\/blog\/2012\/07\/31\/mali-i-zi-zgjedhjet-e-parakohshme-me-14-tetor\/#webpage\",\"url\":\"https:\/\/www.visit-ulcinj.com\/blog\/2012\/07\/31\/mali-i-zi-zgjedhjet-e-parakohshme-me-14-tetor\/\",\"name\":\"Mali i Zi, zgjedhjet e parakohshme m\u00eb 14 tetor - Lajme nga Ulqini\",\"isPartOf\":{\"@id\":\"https:\/\/www.visit-ulcinj.com\/blog\/#website\"},\"primaryImageOfPage\":{\"@id\":\"https:\/\/www.visit-ulcinj.com\/blog\/2012\/07\/31\/mali-i-zi-zgjedhjet-e-parakohshme-me-14-tetor\/#primaryimage\"},\"datePublished\":\"2012-07-31T16:55:43+00:00\",\"dateModified\":\"2012-07-31T16:55:43+00:00\",\"author\":{\"@id\":\"https:\/\/www.visit-ulcinj.com\/blog\/#\/schema\/person\/dcab619c614d3038751c63bc2aadc06d\"},\"description\":\"Presidenti i Malit t\u00eb Zi, Fillip Vujanovic k\u00ebrkoi q\u00eb zgjedhjet e p\u00ebrgjithshme t\u00eb parakohshme t\u00eb mbahen m\u00eb 14 tetor. Sipas AFP-se parlamenti votoi n\u00eb jav\u00ebn\",\"breadcrumb\":{\"@id\":\"https:\/\/www.visit-ulcinj.com\/blog\/2012\/07\/31\/mali-i-zi-zgjedhjet-e-parakohshme-me-14-tetor\/#breadcrumb\"},\"inLanguage\":\"en-US\",\"potentialAction\":[{\"@type\":\"ReadAction\",\"target\":[\"https:\/\/www.visit-ulcinj.com\/blog\/2012\/07\/31\/mali-i-zi-zgjedhjet-e-parakohshme-me-14-tetor\/\"]}]},{\"@type\":\"BreadcrumbList\",\"@id\":\"https:\/\/www.visit-ulcinj.com\/blog\/2012\/07\/31\/mali-i-zi-zgjedhjet-e-parakohshme-me-14-tetor\/#breadcrumb\",\"itemListElement\":[{\"@type\":\"ListItem\",\"position\":1,\"name\":\"Mali i Zi, zgjedhjet e parakohshme m\u00eb 14 tetor\"}]},{\"@type\":\"Person\",\"@id\":\"https:\/\/www.visit-ulcinj.com\/blog\/#\/schema\/person\/dcab619c614d3038751c63bc2aadc06d\",\"name\":\"ulqini\",\"sameAs\":[\"http:\/\/www.visit-ulcinj.com\"],\"url\":\"https:\/\/www.visit-ulcinj.com\/blog\/author\/admin\/\"}]}<\/script>\n<!-- \/ Yoast SEO plugin. -->","yoast_head_json":{"title":"Mali i Zi, zgjedhjet e parakohshme m\u00eb 14 tetor - Lajme nga Ulqini","description":"Presidenti i Malit t\u00eb Zi, Fillip Vujanovic k\u00ebrkoi q\u00eb zgjedhjet e p\u00ebrgjithshme t\u00eb parakohshme t\u00eb mbahen m\u00eb 14 tetor. Sipas AFP-se parlamenti votoi n\u00eb jav\u00ebn","robots":{"index":"index","follow":"follow","max-snippet":"max-snippet:-1","max-image-preview":"max-image-preview:large","max-video-preview":"max-video-preview:-1"},"canonical":"https:\/\/www.visit-ulcinj.com\/blog\/2012\/07\/31\/mali-i-zi-zgjedhjet-e-parakohshme-me-14-tetor\/","og_locale":"en_US","og_type":"article","og_title":"Mali i Zi, zgjedhjet e parakohshme m\u00eb 14 tetor - Lajme nga Ulqini","og_description":"Presidenti i Malit t\u00eb Zi, Fillip Vujanovic k\u00ebrkoi q\u00eb zgjedhjet e p\u00ebrgjithshme t\u00eb parakohshme t\u00eb mbahen m\u00eb 14 tetor. Sipas AFP-se parlamenti votoi n\u00eb jav\u00ebn","og_url":"https:\/\/www.visit-ulcinj.com\/blog\/2012\/07\/31\/mali-i-zi-zgjedhjet-e-parakohshme-me-14-tetor\/","og_site_name":"Lajme nga Ulqini","article_published_time":"2012-07-31T16:55:43+00:00","og_image":[{"url":"http:\/\/www.visit-ulcinj.com\/blog\/wp-content\/uploads\/2012\/07\/zgjedjet-ne-mal-te-zi.jpg"}],"twitter_misc":{"Written by":"ulqini","Est. reading time":"1 minute"},"schema":{"@context":"https:\/\/schema.org","@graph":[{"@type":"WebSite","@id":"https:\/\/www.visit-ulcinj.com\/blog\/#website","url":"https:\/\/www.visit-ulcinj.com\/blog\/","name":"Lajme nga Ulqini","description":"Lajme,Vijesti,Ulqini,Ulqin,Crna Gora,Mali i Zi","potentialAction":[{"@type":"SearchAction","target":{"@type":"EntryPoint","urlTemplate":"https:\/\/www.visit-ulcinj.com\/blog\/?s={search_term_string}"},"query-input":"required name=search_term_string"}],"inLanguage":"en-US"},{"@type":"ImageObject","inLanguage":"en-US","@id":"https:\/\/www.visit-ulcinj.com\/blog\/2012\/07\/31\/mali-i-zi-zgjedhjet-e-parakohshme-me-14-tetor\/#primaryimage","url":"https:\/\/www.visit-ulcinj.com\/blog\/wp-content\/uploads\/2012\/07\/zgjedjet-ne-mal-te-zi.jpg","contentUrl":"https:\/\/www.visit-ulcinj.com\/blog\/wp-content\/uploads\/2012\/07\/zgjedjet-ne-mal-te-zi.jpg","width":"800","height":"530"},{"@type":"WebPage","@id":"https:\/\/www.visit-ulcinj.com\/blog\/2012\/07\/31\/mali-i-zi-zgjedhjet-e-parakohshme-me-14-tetor\/#webpage","url":"https:\/\/www.visit-ulcinj.com\/blog\/2012\/07\/31\/mali-i-zi-zgjedhjet-e-parakohshme-me-14-tetor\/","name":"Mali i Zi, zgjedhjet e parakohshme m\u00eb 14 tetor - Lajme nga Ulqini","isPartOf":{"@id":"https:\/\/www.visit-ulcinj.com\/blog\/#website"},"primaryImageOfPage":{"@id":"https:\/\/www.visit-ulcinj.com\/blog\/2012\/07\/31\/mali-i-zi-zgjedhjet-e-parakohshme-me-14-tetor\/#primaryimage"},"datePublished":"2012-07-31T16:55:43+00:00","dateModified":"2012-07-31T16:55:43+00:00","author":{"@id":"https:\/\/www.visit-ulcinj.com\/blog\/#\/schema\/person\/dcab619c614d3038751c63bc2aadc06d"},"description":"Presidenti i Malit t\u00eb Zi, Fillip Vujanovic k\u00ebrkoi q\u00eb zgjedhjet e p\u00ebrgjithshme t\u00eb parakohshme t\u00eb mbahen m\u00eb 14 tetor. Sipas AFP-se parlamenti votoi n\u00eb jav\u00ebn","breadcrumb":{"@id":"https:\/\/www.visit-ulcinj.com\/blog\/2012\/07\/31\/mali-i-zi-zgjedhjet-e-parakohshme-me-14-tetor\/#breadcrumb"},"inLanguage":"en-US","potentialAction":[{"@type":"ReadAction","target":["https:\/\/www.visit-ulcinj.com\/blog\/2012\/07\/31\/mali-i-zi-zgjedhjet-e-parakohshme-me-14-tetor\/"]}]},{"@type":"BreadcrumbList","@id":"https:\/\/www.visit-ulcinj.com\/blog\/2012\/07\/31\/mali-i-zi-zgjedhjet-e-parakohshme-me-14-tetor\/#breadcrumb","itemListElement":[{"@type":"ListItem","position":1,"name":"Mali i Zi, zgjedhjet e parakohshme m\u00eb 14 tetor"}]},{"@type":"Person","@id":"https:\/\/www.visit-ulcinj.com\/blog\/#\/schema\/person\/dcab619c614d3038751c63bc2aadc06d","name":"ulqini","sameAs":["http:\/\/www.visit-ulcinj.com"],"url":"https:\/\/www.visit-ulcinj.com\/blog\/author\/admin\/"}]}},"jetpack_featured_media_url":"","jetpack_sharing_enabled":true,"jetpack_shortlink":"https:\/\/wp.me\/pe6lTn-gfW","_links":{"self":[{"href":"https:\/\/www.visit-ulcinj.com\/blog\/wp-json\/wp\/v2\/posts\/62492"}],"collection":[{"href":"https:\/\/www.visit-ulcinj.com\/blog\/wp-json\/wp\/v2\/posts"}],"about":[{"href":"https:\/\/www.visit-ulcinj.com\/blog\/wp-json\/wp\/v2\/types\/post"}],"author":[{"embeddable":true,"href":"https:\/\/www.visit-ulcinj.com\/blog\/wp-json\/wp\/v2\/users\/1"}],"replies":[{"embeddable":true,"href":"https:\/\/www.visit-ulcinj.com\/blog\/wp-json\/wp\/v2\/comments?post=62492"}],"version-history":[{"count":1,"href":"https:\/\/www.visit-ulcinj.com\/blog\/wp-json\/wp\/v2\/posts\/62492\/revisions"}],"predecessor-version":[{"id":62494,"href":"https:\/\/www.visit-ulcinj.com\/blog\/wp-json\/wp\/v2\/posts\/62492\/revisions\/62494"}],"wp:attachment":[{"href":"https:\/\/www.visit-ulcinj.com\/blog\/wp-json\/wp\/v2\/media?parent=62492"}],"wp:term":[{"taxonomy":"category","embeddable":true,"href":"https:\/\/www.visit-ulcinj.com\/blog\/wp-json\/wp\/v2\/categories?post=62492"},{"taxonomy":"post_tag","embeddable":true,"href":"https:\/\/www.visit-ulcinj.com\/blog\/wp-json\/wp\/v2\/tags?post=62492"}],"curies":[{"name":"wp","href":"https:\/\/api.w.org\/{rel}","templated":true}]}}