{"id":62495,"date":"2012-07-31T18:30:57","date_gmt":"2012-07-31T17:30:57","guid":{"rendered":"http:\/\/www.visit-ulcinj.com\/blog\/?p=62495"},"modified":"2012-07-31T18:30:57","modified_gmt":"2012-07-31T17:30:57","slug":"nora-hapet-shume-tregon-pjeset-intime-ne-publik","status":"publish","type":"post","link":"https:\/\/www.visit-ulcinj.com\/blog\/2012\/07\/31\/nora-hapet-shume-tregon-pjeset-intime-ne-publik\/","title":{"rendered":"Nora hapet shume, tregon pjeset intime ne publik\u2026"},"content":{"rendered":"<p><a href=\"http:\/\/www.visit-ulcinj.com\/blog\/wp-content\/uploads\/2012\/07\/Nora-istrefi.jpg\"><img loading=\"lazy\" class=\"alignleft size-full wp-image-62496\" title=\"Nora istrefi\" src=\"http:\/\/www.visit-ulcinj.com\/blog\/wp-content\/uploads\/2012\/07\/Nora-istrefi.jpg\" alt=\"\" width=\"240\" height=\"310\" \/><\/a>K\u00ebt\u00eb gj\u00eb e kan\u00eb d\u00ebshmuar edhe k\u00ebng\u00ebtaret t\u00eb cilat gjithmon\u00eb mundohen t\u00eb sjellin di\u00e7ka m\u00eb speciale p\u00ebr fansat e tyre, ve\u00e7an\u00ebrisht n\u00ebp\u00ebr koncerte. Muaji i Ramazanit si duket nuk i ka penguar aspak koncertet e k\u00ebng\u00ebtar\u00ebve, p\u00ebrkundrazi po ua shton pun\u00ebn atyre, kurse n\u00eb mesin e k\u00ebng\u00ebtareve t\u00eb tilla jan\u00eb edhe Genta Islmajli dhe Nora Istrfei.<\/p>\n<p>N\u00eb nj\u00eb koncert n\u00eb Gjilan, Genta \u00ebsht\u00eb ngjitur te disa shkall\u00eb t\u00eb diskotek\u00ebs, duke b\u00ebr\u00eb q\u00eb publiku t\u00eb \u00e7mendet pas saj. E veshur me nj\u00eb pal\u00eb pantallona t\u00eb shkurta dhe nj\u00eb look krejt ndryshe me flok\u00eb ka\u00e7urrel, Genta k\u00ebt\u00eb vit do t\u00eb kujtohet p\u00ebr sjelljet e reja q\u00eb ka b\u00ebr\u00eb p\u00ebr fansat e saj sa ne facebook gjithashtu edhe ne youtube.<\/p>\n<p>E nd\u00ebrsa ajo mundohet t\u00eb b\u00ebj\u00eb \u201cstri ptiz\u201d n\u00ebp\u00ebr koncerte, Nora Istrefi, e veshur me nj\u00eb triko si forma e t\u00eb brendshmeve, por nga mbrapa e gjat\u00eb, si dhe me nj\u00eb pal\u00eb k\u00ebpuc\u00eb \u201calla\u201d Lady Gaga, ka dh\u00ebn\u00eb spektak\u00ebl n\u00eb nj\u00eb koncert n\u00eb qytetin e Pej\u00ebs, duke l\u00ebn\u00eb goj\u00ebhapur t\u00eb gjith\u00eb t\u00eb pranishmit aty. Pasi u postuan t\u00eb gjitha fotot nga koncerti, k\u00ebng\u00ebtarja kishte k\u00ebrkuar q\u00eb nj\u00eb foto e postuar t\u00eb largohet nga facebooku, por kjo gj\u00eb nuk i shp\u00ebtoi gazet\u00ebs Panorama (plus), e cila e publikoi.<\/p>\n<!--YouTube Error: bad URL entered-->\n<p>&nbsp;<\/p>\n","protected":false},"excerpt":{"rendered":"<p>K\u00ebt\u00eb gj\u00eb e kan\u00eb d\u00ebshmuar edhe k\u00ebng\u00ebtaret t\u00eb cilat gjithmon\u00eb mundohen t\u00eb sjellin di\u00e7ka m\u00eb speciale p\u00ebr fansat e tyre, ve\u00e7an\u00ebrisht n\u00ebp\u00ebr koncerte. Muaji i Ramazanit si duket nuk i ka penguar aspak koncertet e k\u00ebng\u00ebtar\u00ebve, p\u00ebrkundrazi po ua shton pun\u00ebn atyre, kurse n\u00eb mesin e k\u00ebng\u00ebtareve t\u00eb tilla jan\u00eb edhe Genta Islmajli dhe Nora [&hellip;]<\/p>\n","protected":false},"author":1,"featured_media":0,"comment_status":"open","ping_status":"closed","sticky":false,"template":"","format":"standard","meta":{"spay_email":"","jetpack_publicize_message":"","jetpack_is_tweetstorm":false,"jetpack_publicize_feature_enabled":true},"categories":[1],"tags":[4939],"jetpack_publicize_connections":[],"yoast_head":"<!-- This site is optimized with the Yoast SEO plugin v19.1 - https:\/\/yoast.com\/wordpress\/plugins\/seo\/ -->\n<title>Nora hapet shume, tregon pjeset intime ne publik\u2026 - Lajme nga Ulqini<\/title>\n<meta name=\"description\" content=\"K\u00ebt\u00eb gj\u00eb e kan\u00eb d\u00ebshmuar edhe k\u00ebng\u00ebtaret t\u00eb cilat gjithmon\u00eb mundohen t\u00eb sjellin di\u00e7ka m\u00eb speciale p\u00ebr fansat e tyre, ve\u00e7an\u00ebrisht n\u00ebp\u00ebr koncerte. Muaji i\" \/>\n<meta name=\"robots\" content=\"index, follow, max-snippet:-1, max-image-preview:large, max-video-preview:-1\" \/>\n<link rel=\"canonical\" href=\"https:\/\/www.visit-ulcinj.com\/blog\/2012\/07\/31\/nora-hapet-shume-tregon-pjeset-intime-ne-publik\/\" \/>\n<meta property=\"og:locale\" content=\"en_US\" \/>\n<meta property=\"og:type\" content=\"article\" \/>\n<meta property=\"og:title\" content=\"Nora hapet shume, tregon pjeset intime ne publik\u2026 - Lajme nga Ulqini\" \/>\n<meta property=\"og:description\" content=\"K\u00ebt\u00eb gj\u00eb e kan\u00eb d\u00ebshmuar edhe k\u00ebng\u00ebtaret t\u00eb cilat gjithmon\u00eb mundohen t\u00eb sjellin di\u00e7ka m\u00eb speciale p\u00ebr fansat e tyre, ve\u00e7an\u00ebrisht n\u00ebp\u00ebr koncerte. Muaji i\" \/>\n<meta property=\"og:url\" content=\"https:\/\/www.visit-ulcinj.com\/blog\/2012\/07\/31\/nora-hapet-shume-tregon-pjeset-intime-ne-publik\/\" \/>\n<meta property=\"og:site_name\" content=\"Lajme nga Ulqini\" \/>\n<meta property=\"article:published_time\" content=\"2012-07-31T17:30:57+00:00\" \/>\n<meta property=\"og:image\" content=\"http:\/\/www.visit-ulcinj.com\/blog\/wp-content\/uploads\/2012\/07\/Nora-istrefi.jpg\" \/>\n<meta name=\"twitter:label1\" content=\"Written by\" \/>\n\t<meta name=\"twitter:data1\" content=\"ulqini\" \/>\n\t<meta name=\"twitter:label2\" content=\"Est. reading time\" \/>\n\t<meta name=\"twitter:data2\" content=\"1 minute\" \/>\n<script type=\"application\/ld+json\" class=\"yoast-schema-graph\">{\"@context\":\"https:\/\/schema.org\",\"@graph\":[{\"@type\":\"WebSite\",\"@id\":\"https:\/\/www.visit-ulcinj.com\/blog\/#website\",\"url\":\"https:\/\/www.visit-ulcinj.com\/blog\/\",\"name\":\"Lajme nga Ulqini\",\"description\":\"Lajme,Vijesti,Ulqini,Ulqin,Crna Gora,Mali i Zi\",\"potentialAction\":[{\"@type\":\"SearchAction\",\"target\":{\"@type\":\"EntryPoint\",\"urlTemplate\":\"https:\/\/www.visit-ulcinj.com\/blog\/?s={search_term_string}\"},\"query-input\":\"required name=search_term_string\"}],\"inLanguage\":\"en-US\"},{\"@type\":\"ImageObject\",\"inLanguage\":\"en-US\",\"@id\":\"https:\/\/www.visit-ulcinj.com\/blog\/2012\/07\/31\/nora-hapet-shume-tregon-pjeset-intime-ne-publik\/#primaryimage\",\"url\":\"http:\/\/www.visit-ulcinj.com\/blog\/wp-content\/uploads\/2012\/07\/Nora-istrefi.jpg\",\"contentUrl\":\"http:\/\/www.visit-ulcinj.com\/blog\/wp-content\/uploads\/2012\/07\/Nora-istrefi.jpg\"},{\"@type\":\"WebPage\",\"@id\":\"https:\/\/www.visit-ulcinj.com\/blog\/2012\/07\/31\/nora-hapet-shume-tregon-pjeset-intime-ne-publik\/#webpage\",\"url\":\"https:\/\/www.visit-ulcinj.com\/blog\/2012\/07\/31\/nora-hapet-shume-tregon-pjeset-intime-ne-publik\/\",\"name\":\"Nora hapet shume, tregon pjeset intime ne publik\u2026 - Lajme nga Ulqini\",\"isPartOf\":{\"@id\":\"https:\/\/www.visit-ulcinj.com\/blog\/#website\"},\"primaryImageOfPage\":{\"@id\":\"https:\/\/www.visit-ulcinj.com\/blog\/2012\/07\/31\/nora-hapet-shume-tregon-pjeset-intime-ne-publik\/#primaryimage\"},\"datePublished\":\"2012-07-31T17:30:57+00:00\",\"dateModified\":\"2012-07-31T17:30:57+00:00\",\"author\":{\"@id\":\"https:\/\/www.visit-ulcinj.com\/blog\/#\/schema\/person\/dcab619c614d3038751c63bc2aadc06d\"},\"description\":\"K\u00ebt\u00eb gj\u00eb e kan\u00eb d\u00ebshmuar edhe k\u00ebng\u00ebtaret t\u00eb cilat gjithmon\u00eb mundohen t\u00eb sjellin di\u00e7ka m\u00eb speciale p\u00ebr fansat e tyre, ve\u00e7an\u00ebrisht n\u00ebp\u00ebr koncerte. Muaji i\",\"breadcrumb\":{\"@id\":\"https:\/\/www.visit-ulcinj.com\/blog\/2012\/07\/31\/nora-hapet-shume-tregon-pjeset-intime-ne-publik\/#breadcrumb\"},\"inLanguage\":\"en-US\",\"potentialAction\":[{\"@type\":\"ReadAction\",\"target\":[\"https:\/\/www.visit-ulcinj.com\/blog\/2012\/07\/31\/nora-hapet-shume-tregon-pjeset-intime-ne-publik\/\"]}]},{\"@type\":\"BreadcrumbList\",\"@id\":\"https:\/\/www.visit-ulcinj.com\/blog\/2012\/07\/31\/nora-hapet-shume-tregon-pjeset-intime-ne-publik\/#breadcrumb\",\"itemListElement\":[{\"@type\":\"ListItem\",\"position\":1,\"name\":\"Nora hapet shume, tregon pjeset intime ne publik\u2026\"}]},{\"@type\":\"Person\",\"@id\":\"https:\/\/www.visit-ulcinj.com\/blog\/#\/schema\/person\/dcab619c614d3038751c63bc2aadc06d\",\"name\":\"ulqini\",\"sameAs\":[\"http:\/\/www.visit-ulcinj.com\"],\"url\":\"https:\/\/www.visit-ulcinj.com\/blog\/author\/admin\/\"}]}<\/script>\n<!-- \/ Yoast SEO plugin. -->","yoast_head_json":{"title":"Nora hapet shume, tregon pjeset intime ne publik\u2026 - Lajme nga Ulqini","description":"K\u00ebt\u00eb gj\u00eb e kan\u00eb d\u00ebshmuar edhe k\u00ebng\u00ebtaret t\u00eb cilat gjithmon\u00eb mundohen t\u00eb sjellin di\u00e7ka m\u00eb speciale p\u00ebr fansat e tyre, ve\u00e7an\u00ebrisht n\u00ebp\u00ebr koncerte. Muaji i","robots":{"index":"index","follow":"follow","max-snippet":"max-snippet:-1","max-image-preview":"max-image-preview:large","max-video-preview":"max-video-preview:-1"},"canonical":"https:\/\/www.visit-ulcinj.com\/blog\/2012\/07\/31\/nora-hapet-shume-tregon-pjeset-intime-ne-publik\/","og_locale":"en_US","og_type":"article","og_title":"Nora hapet shume, tregon pjeset intime ne publik\u2026 - Lajme nga Ulqini","og_description":"K\u00ebt\u00eb gj\u00eb e kan\u00eb d\u00ebshmuar edhe k\u00ebng\u00ebtaret t\u00eb cilat gjithmon\u00eb mundohen t\u00eb sjellin di\u00e7ka m\u00eb speciale p\u00ebr fansat e tyre, ve\u00e7an\u00ebrisht n\u00ebp\u00ebr koncerte. Muaji i","og_url":"https:\/\/www.visit-ulcinj.com\/blog\/2012\/07\/31\/nora-hapet-shume-tregon-pjeset-intime-ne-publik\/","og_site_name":"Lajme nga Ulqini","article_published_time":"2012-07-31T17:30:57+00:00","og_image":[{"url":"http:\/\/www.visit-ulcinj.com\/blog\/wp-content\/uploads\/2012\/07\/Nora-istrefi.jpg"}],"twitter_misc":{"Written by":"ulqini","Est. reading time":"1 minute"},"schema":{"@context":"https:\/\/schema.org","@graph":[{"@type":"WebSite","@id":"https:\/\/www.visit-ulcinj.com\/blog\/#website","url":"https:\/\/www.visit-ulcinj.com\/blog\/","name":"Lajme nga Ulqini","description":"Lajme,Vijesti,Ulqini,Ulqin,Crna Gora,Mali i Zi","potentialAction":[{"@type":"SearchAction","target":{"@type":"EntryPoint","urlTemplate":"https:\/\/www.visit-ulcinj.com\/blog\/?s={search_term_string}"},"query-input":"required name=search_term_string"}],"inLanguage":"en-US"},{"@type":"ImageObject","inLanguage":"en-US","@id":"https:\/\/www.visit-ulcinj.com\/blog\/2012\/07\/31\/nora-hapet-shume-tregon-pjeset-intime-ne-publik\/#primaryimage","url":"http:\/\/www.visit-ulcinj.com\/blog\/wp-content\/uploads\/2012\/07\/Nora-istrefi.jpg","contentUrl":"http:\/\/www.visit-ulcinj.com\/blog\/wp-content\/uploads\/2012\/07\/Nora-istrefi.jpg"},{"@type":"WebPage","@id":"https:\/\/www.visit-ulcinj.com\/blog\/2012\/07\/31\/nora-hapet-shume-tregon-pjeset-intime-ne-publik\/#webpage","url":"https:\/\/www.visit-ulcinj.com\/blog\/2012\/07\/31\/nora-hapet-shume-tregon-pjeset-intime-ne-publik\/","name":"Nora hapet shume, tregon pjeset intime ne publik\u2026 - Lajme nga Ulqini","isPartOf":{"@id":"https:\/\/www.visit-ulcinj.com\/blog\/#website"},"primaryImageOfPage":{"@id":"https:\/\/www.visit-ulcinj.com\/blog\/2012\/07\/31\/nora-hapet-shume-tregon-pjeset-intime-ne-publik\/#primaryimage"},"datePublished":"2012-07-31T17:30:57+00:00","dateModified":"2012-07-31T17:30:57+00:00","author":{"@id":"https:\/\/www.visit-ulcinj.com\/blog\/#\/schema\/person\/dcab619c614d3038751c63bc2aadc06d"},"description":"K\u00ebt\u00eb gj\u00eb e kan\u00eb d\u00ebshmuar edhe k\u00ebng\u00ebtaret t\u00eb cilat gjithmon\u00eb mundohen t\u00eb sjellin di\u00e7ka m\u00eb speciale p\u00ebr fansat e tyre, ve\u00e7an\u00ebrisht n\u00ebp\u00ebr koncerte. Muaji i","breadcrumb":{"@id":"https:\/\/www.visit-ulcinj.com\/blog\/2012\/07\/31\/nora-hapet-shume-tregon-pjeset-intime-ne-publik\/#breadcrumb"},"inLanguage":"en-US","potentialAction":[{"@type":"ReadAction","target":["https:\/\/www.visit-ulcinj.com\/blog\/2012\/07\/31\/nora-hapet-shume-tregon-pjeset-intime-ne-publik\/"]}]},{"@type":"BreadcrumbList","@id":"https:\/\/www.visit-ulcinj.com\/blog\/2012\/07\/31\/nora-hapet-shume-tregon-pjeset-intime-ne-publik\/#breadcrumb","itemListElement":[{"@type":"ListItem","position":1,"name":"Nora hapet shume, tregon pjeset intime ne publik\u2026"}]},{"@type":"Person","@id":"https:\/\/www.visit-ulcinj.com\/blog\/#\/schema\/person\/dcab619c614d3038751c63bc2aadc06d","name":"ulqini","sameAs":["http:\/\/www.visit-ulcinj.com"],"url":"https:\/\/www.visit-ulcinj.com\/blog\/author\/admin\/"}]}},"jetpack_featured_media_url":"","jetpack_sharing_enabled":true,"jetpack_shortlink":"https:\/\/wp.me\/pe6lTn-gfZ","_links":{"self":[{"href":"https:\/\/www.visit-ulcinj.com\/blog\/wp-json\/wp\/v2\/posts\/62495"}],"collection":[{"href":"https:\/\/www.visit-ulcinj.com\/blog\/wp-json\/wp\/v2\/posts"}],"about":[{"href":"https:\/\/www.visit-ulcinj.com\/blog\/wp-json\/wp\/v2\/types\/post"}],"author":[{"embeddable":true,"href":"https:\/\/www.visit-ulcinj.com\/blog\/wp-json\/wp\/v2\/users\/1"}],"replies":[{"embeddable":true,"href":"https:\/\/www.visit-ulcinj.com\/blog\/wp-json\/wp\/v2\/comments?post=62495"}],"version-history":[{"count":1,"href":"https:\/\/www.visit-ulcinj.com\/blog\/wp-json\/wp\/v2\/posts\/62495\/revisions"}],"predecessor-version":[{"id":62497,"href":"https:\/\/www.visit-ulcinj.com\/blog\/wp-json\/wp\/v2\/posts\/62495\/revisions\/62497"}],"wp:attachment":[{"href":"https:\/\/www.visit-ulcinj.com\/blog\/wp-json\/wp\/v2\/media?parent=62495"}],"wp:term":[{"taxonomy":"category","embeddable":true,"href":"https:\/\/www.visit-ulcinj.com\/blog\/wp-json\/wp\/v2\/categories?post=62495"},{"taxonomy":"post_tag","embeddable":true,"href":"https:\/\/www.visit-ulcinj.com\/blog\/wp-json\/wp\/v2\/tags?post=62495"}],"curies":[{"name":"wp","href":"https:\/\/api.w.org\/{rel}","templated":true}]}}