{"id":62498,"date":"2012-07-31T18:36:51","date_gmt":"2012-07-31T17:36:51","guid":{"rendered":"http:\/\/www.visit-ulcinj.com\/blog\/?p=62498"},"modified":"2012-07-31T18:38:42","modified_gmt":"2012-07-31T17:38:42","slug":"fdi-organizon-proteste-ne-vuksanlekaj","status":"publish","type":"post","link":"https:\/\/www.visit-ulcinj.com\/blog\/2012\/07\/31\/fdi-organizon-proteste-ne-vuksanlekaj\/","title":{"rendered":"FDI organizon protest\u00eb n\u00eb Vuksanlekaj"},"content":{"rendered":"<p><strong><a href=\"http:\/\/www.visit-ulcinj.com\/blog\/wp-content\/uploads\/2012\/07\/FDI-organizon-protest\u00eb-n\u00eb-Vuksanlekaj.jpg\"><img loading=\"lazy\" class=\"alignleft  wp-image-62499\" title=\"FDI organizon protest\u00eb n\u00eb Vuksanlekaj\" src=\"http:\/\/www.visit-ulcinj.com\/blog\/wp-content\/uploads\/2012\/07\/FDI-organizon-protest\u00eb-n\u00eb-Vuksanlekaj.jpg\" alt=\"\" width=\"508\" height=\"360\" \/><\/a>\u00a0Lajm\u00ebrim<\/strong><\/p>\n<p>Forumi Demokratik p\u00ebr Integrim m\u00eb dat\u00ebn 4 gusht 2012, organizon protest\u00ebn kund\u00ebr diskriminimit m\u00eb \u00e7\u2019njer\u00ebzor q\u00eb Partia n\u00eb pushtet s\u00eb bashku me satelit\u00ebt e saj po u b\u00ebn shqiptar\u00ebve duke tentuar q\u00eb p\u00ebrmes pla\u00e7kitjes s\u00eb pron\u00ebs (tok\u00ebs) t\u2019i largoj\u00eb nj\u00ebher\u00eb e p\u00ebrgjithmon\u00eb nga trojet e tyre etnike autoktone. K\u00ebt\u00eb sulm ndaj tokave tona e p\u00ebrjetojm\u00eb jo vet\u00ebm si pla\u00e7kitje t\u00eb tok\u00ebs por, edhe si sulm armiq\u00ebsor, q\u00eb ka p\u00ebr q\u00ebllim spastrimin etnik t\u00eb shqiptar\u00ebve nga tokat e tyre st\u00ebrgjyshore.<\/p>\n<p>Si\u00e7 e dini t\u00eb nderuar qytetar\u00eb planet e k\u00ebtij pushteti jan\u00eb q\u00eb nj\u00eb nga nj\u00eb t\u00eb na i marrin tokat q\u00eb nga Dheu i Zi e deri n\u00eb breg t\u00eb Liqenit, po k\u00ebshtu edhe tokat e Plav\u00ebs e Gucis\u00eb, Rozhaj\u00ebs, Tivarit dhe Ulqinit. \u00cbsht\u00eb e drejt\u00eb dhe obligim i shenjt\u00eb dhe njer\u00ebzor q\u00eb \u00e7do qytetar t\u00eb ngritet dhe t\u2019i mbroj\u00eb tokat e veta, sepse toka n\u00ebnkupton jet\u00ebn.<\/p>\n<p>P\u00ebr k\u00ebt\u00eb arsye duhet q\u00eb t\u00eb gjith\u00eb s\u00eb bashku t\u00eb dalim n\u00eb protesta, fillimisht n\u00eb Vuksanlekaj p\u00ebr t\u00eb vazhduar edhe n\u00eb tokat e tjera t\u00eb rrezikuara nga ky pushtet anti \u2013 shqiptar. T\u2019u japim me dije nj\u00ebher\u00eb e p\u00ebrgjithmon\u00eb t\u00eb gjitha politikave anti \u2013 shqiptare se tokat tona do ti mbrojm\u00eb deri n\u00eb fund t\u00eb jet\u00ebs.<\/p>\n<p>E perjetshme qoft\u00eb Mal\u00ebsia \u2013 t\u00eb p\u00ebrjetsh\u00ebm qofshin t\u00eb gjith\u00eb shqiptar\u00ebt q\u00eb jetojn\u00eb n\u00eb tokat e tyre etnike n\u00eb Mal t\u00eb Zi.<\/p>\n<p><strong>FDI<\/strong><\/p>\n<!--YouTube Error: bad URL entered-->\n","protected":false},"excerpt":{"rendered":"<p>\u00a0Lajm\u00ebrim Forumi Demokratik p\u00ebr Integrim m\u00eb dat\u00ebn 4 gusht 2012, organizon protest\u00ebn kund\u00ebr diskriminimit m\u00eb \u00e7\u2019njer\u00ebzor q\u00eb Partia n\u00eb pushtet s\u00eb bashku me satelit\u00ebt e saj po u b\u00ebn shqiptar\u00ebve duke tentuar q\u00eb p\u00ebrmes pla\u00e7kitjes s\u00eb pron\u00ebs (tok\u00ebs) t\u2019i largoj\u00eb nj\u00ebher\u00eb e p\u00ebrgjithmon\u00eb nga trojet e tyre etnike autoktone. K\u00ebt\u00eb sulm ndaj tokave tona e [&hellip;]<\/p>\n","protected":false},"author":1,"featured_media":0,"comment_status":"open","ping_status":"closed","sticky":false,"template":"","format":"standard","meta":{"spay_email":"","jetpack_publicize_message":"","jetpack_is_tweetstorm":false,"jetpack_publicize_feature_enabled":true},"categories":[11],"tags":[],"jetpack_publicize_connections":[],"yoast_head":"<!-- This site is optimized with the Yoast SEO plugin v19.1 - https:\/\/yoast.com\/wordpress\/plugins\/seo\/ -->\n<title>FDI organizon protest\u00eb n\u00eb Vuksanlekaj - Lajme nga Ulqini<\/title>\n<meta name=\"description\" content=\"\u00a0Lajm\u00ebrim Forumi Demokratik p\u00ebr Integrim m\u00eb dat\u00ebn 4 gusht 2012, organizon protest\u00ebn kund\u00ebr diskriminimit m\u00eb \u00e7\u2019njer\u00ebzor q\u00eb Partia n\u00eb pushtet s\u00eb bashku me\" \/>\n<meta name=\"robots\" content=\"index, follow, max-snippet:-1, max-image-preview:large, max-video-preview:-1\" \/>\n<link rel=\"canonical\" href=\"https:\/\/www.visit-ulcinj.com\/blog\/2012\/07\/31\/fdi-organizon-proteste-ne-vuksanlekaj\/\" \/>\n<meta property=\"og:locale\" content=\"en_US\" \/>\n<meta property=\"og:type\" content=\"article\" \/>\n<meta property=\"og:title\" content=\"FDI organizon protest\u00eb n\u00eb Vuksanlekaj - Lajme nga Ulqini\" \/>\n<meta property=\"og:description\" content=\"\u00a0Lajm\u00ebrim Forumi Demokratik p\u00ebr Integrim m\u00eb dat\u00ebn 4 gusht 2012, organizon protest\u00ebn kund\u00ebr diskriminimit m\u00eb \u00e7\u2019njer\u00ebzor q\u00eb Partia n\u00eb pushtet s\u00eb bashku me\" \/>\n<meta property=\"og:url\" content=\"https:\/\/www.visit-ulcinj.com\/blog\/2012\/07\/31\/fdi-organizon-proteste-ne-vuksanlekaj\/\" \/>\n<meta property=\"og:site_name\" content=\"Lajme nga Ulqini\" \/>\n<meta property=\"article:published_time\" content=\"2012-07-31T17:36:51+00:00\" \/>\n<meta property=\"article:modified_time\" content=\"2012-07-31T17:38:42+00:00\" \/>\n<meta name=\"twitter:label1\" content=\"Written by\" \/>\n\t<meta name=\"twitter:data1\" content=\"ulqini\" \/>\n\t<meta name=\"twitter:label2\" content=\"Est. reading time\" \/>\n\t<meta name=\"twitter:data2\" content=\"1 minute\" \/>\n<script type=\"application\/ld+json\" class=\"yoast-schema-graph\">{\"@context\":\"https:\/\/schema.org\",\"@graph\":[{\"@type\":\"WebSite\",\"@id\":\"https:\/\/www.visit-ulcinj.com\/blog\/#website\",\"url\":\"https:\/\/www.visit-ulcinj.com\/blog\/\",\"name\":\"Lajme nga Ulqini\",\"description\":\"Lajme,Vijesti,Ulqini,Ulqin,Crna Gora,Mali i Zi\",\"potentialAction\":[{\"@type\":\"SearchAction\",\"target\":{\"@type\":\"EntryPoint\",\"urlTemplate\":\"https:\/\/www.visit-ulcinj.com\/blog\/?s={search_term_string}\"},\"query-input\":\"required name=search_term_string\"}],\"inLanguage\":\"en-US\"},{\"@type\":\"WebPage\",\"@id\":\"https:\/\/www.visit-ulcinj.com\/blog\/2012\/07\/31\/fdi-organizon-proteste-ne-vuksanlekaj\/#webpage\",\"url\":\"https:\/\/www.visit-ulcinj.com\/blog\/2012\/07\/31\/fdi-organizon-proteste-ne-vuksanlekaj\/\",\"name\":\"FDI organizon protest\u00eb n\u00eb Vuksanlekaj - Lajme nga Ulqini\",\"isPartOf\":{\"@id\":\"https:\/\/www.visit-ulcinj.com\/blog\/#website\"},\"datePublished\":\"2012-07-31T17:36:51+00:00\",\"dateModified\":\"2012-07-31T17:38:42+00:00\",\"author\":{\"@id\":\"https:\/\/www.visit-ulcinj.com\/blog\/#\/schema\/person\/dcab619c614d3038751c63bc2aadc06d\"},\"description\":\"\u00a0Lajm\u00ebrim Forumi Demokratik p\u00ebr Integrim m\u00eb dat\u00ebn 4 gusht 2012, organizon protest\u00ebn kund\u00ebr diskriminimit m\u00eb \u00e7\u2019njer\u00ebzor q\u00eb Partia n\u00eb pushtet s\u00eb bashku me\",\"breadcrumb\":{\"@id\":\"https:\/\/www.visit-ulcinj.com\/blog\/2012\/07\/31\/fdi-organizon-proteste-ne-vuksanlekaj\/#breadcrumb\"},\"inLanguage\":\"en-US\",\"potentialAction\":[{\"@type\":\"ReadAction\",\"target\":[\"https:\/\/www.visit-ulcinj.com\/blog\/2012\/07\/31\/fdi-organizon-proteste-ne-vuksanlekaj\/\"]}]},{\"@type\":\"BreadcrumbList\",\"@id\":\"https:\/\/www.visit-ulcinj.com\/blog\/2012\/07\/31\/fdi-organizon-proteste-ne-vuksanlekaj\/#breadcrumb\",\"itemListElement\":[{\"@type\":\"ListItem\",\"position\":1,\"name\":\"FDI organizon protest\u00eb n\u00eb Vuksanlekaj\"}]},{\"@type\":\"Person\",\"@id\":\"https:\/\/www.visit-ulcinj.com\/blog\/#\/schema\/person\/dcab619c614d3038751c63bc2aadc06d\",\"name\":\"ulqini\",\"sameAs\":[\"http:\/\/www.visit-ulcinj.com\"],\"url\":\"https:\/\/www.visit-ulcinj.com\/blog\/author\/admin\/\"}]}<\/script>\n<!-- \/ Yoast SEO plugin. -->","yoast_head_json":{"title":"FDI organizon protest\u00eb n\u00eb Vuksanlekaj - Lajme nga Ulqini","description":"\u00a0Lajm\u00ebrim Forumi Demokratik p\u00ebr Integrim m\u00eb dat\u00ebn 4 gusht 2012, organizon protest\u00ebn kund\u00ebr diskriminimit m\u00eb \u00e7\u2019njer\u00ebzor q\u00eb Partia n\u00eb pushtet s\u00eb bashku me","robots":{"index":"index","follow":"follow","max-snippet":"max-snippet:-1","max-image-preview":"max-image-preview:large","max-video-preview":"max-video-preview:-1"},"canonical":"https:\/\/www.visit-ulcinj.com\/blog\/2012\/07\/31\/fdi-organizon-proteste-ne-vuksanlekaj\/","og_locale":"en_US","og_type":"article","og_title":"FDI organizon protest\u00eb n\u00eb Vuksanlekaj - Lajme nga Ulqini","og_description":"\u00a0Lajm\u00ebrim Forumi Demokratik p\u00ebr Integrim m\u00eb dat\u00ebn 4 gusht 2012, organizon protest\u00ebn kund\u00ebr diskriminimit m\u00eb \u00e7\u2019njer\u00ebzor q\u00eb Partia n\u00eb pushtet s\u00eb bashku me","og_url":"https:\/\/www.visit-ulcinj.com\/blog\/2012\/07\/31\/fdi-organizon-proteste-ne-vuksanlekaj\/","og_site_name":"Lajme nga Ulqini","article_published_time":"2012-07-31T17:36:51+00:00","article_modified_time":"2012-07-31T17:38:42+00:00","twitter_misc":{"Written by":"ulqini","Est. reading time":"1 minute"},"schema":{"@context":"https:\/\/schema.org","@graph":[{"@type":"WebSite","@id":"https:\/\/www.visit-ulcinj.com\/blog\/#website","url":"https:\/\/www.visit-ulcinj.com\/blog\/","name":"Lajme nga Ulqini","description":"Lajme,Vijesti,Ulqini,Ulqin,Crna Gora,Mali i Zi","potentialAction":[{"@type":"SearchAction","target":{"@type":"EntryPoint","urlTemplate":"https:\/\/www.visit-ulcinj.com\/blog\/?s={search_term_string}"},"query-input":"required name=search_term_string"}],"inLanguage":"en-US"},{"@type":"WebPage","@id":"https:\/\/www.visit-ulcinj.com\/blog\/2012\/07\/31\/fdi-organizon-proteste-ne-vuksanlekaj\/#webpage","url":"https:\/\/www.visit-ulcinj.com\/blog\/2012\/07\/31\/fdi-organizon-proteste-ne-vuksanlekaj\/","name":"FDI organizon protest\u00eb n\u00eb Vuksanlekaj - Lajme nga Ulqini","isPartOf":{"@id":"https:\/\/www.visit-ulcinj.com\/blog\/#website"},"datePublished":"2012-07-31T17:36:51+00:00","dateModified":"2012-07-31T17:38:42+00:00","author":{"@id":"https:\/\/www.visit-ulcinj.com\/blog\/#\/schema\/person\/dcab619c614d3038751c63bc2aadc06d"},"description":"\u00a0Lajm\u00ebrim Forumi Demokratik p\u00ebr Integrim m\u00eb dat\u00ebn 4 gusht 2012, organizon protest\u00ebn kund\u00ebr diskriminimit m\u00eb \u00e7\u2019njer\u00ebzor q\u00eb Partia n\u00eb pushtet s\u00eb bashku me","breadcrumb":{"@id":"https:\/\/www.visit-ulcinj.com\/blog\/2012\/07\/31\/fdi-organizon-proteste-ne-vuksanlekaj\/#breadcrumb"},"inLanguage":"en-US","potentialAction":[{"@type":"ReadAction","target":["https:\/\/www.visit-ulcinj.com\/blog\/2012\/07\/31\/fdi-organizon-proteste-ne-vuksanlekaj\/"]}]},{"@type":"BreadcrumbList","@id":"https:\/\/www.visit-ulcinj.com\/blog\/2012\/07\/31\/fdi-organizon-proteste-ne-vuksanlekaj\/#breadcrumb","itemListElement":[{"@type":"ListItem","position":1,"name":"FDI organizon protest\u00eb n\u00eb Vuksanlekaj"}]},{"@type":"Person","@id":"https:\/\/www.visit-ulcinj.com\/blog\/#\/schema\/person\/dcab619c614d3038751c63bc2aadc06d","name":"ulqini","sameAs":["http:\/\/www.visit-ulcinj.com"],"url":"https:\/\/www.visit-ulcinj.com\/blog\/author\/admin\/"}]}},"jetpack_featured_media_url":"","jetpack_sharing_enabled":true,"jetpack_shortlink":"https:\/\/wp.me\/pe6lTn-gg2","_links":{"self":[{"href":"https:\/\/www.visit-ulcinj.com\/blog\/wp-json\/wp\/v2\/posts\/62498"}],"collection":[{"href":"https:\/\/www.visit-ulcinj.com\/blog\/wp-json\/wp\/v2\/posts"}],"about":[{"href":"https:\/\/www.visit-ulcinj.com\/blog\/wp-json\/wp\/v2\/types\/post"}],"author":[{"embeddable":true,"href":"https:\/\/www.visit-ulcinj.com\/blog\/wp-json\/wp\/v2\/users\/1"}],"replies":[{"embeddable":true,"href":"https:\/\/www.visit-ulcinj.com\/blog\/wp-json\/wp\/v2\/comments?post=62498"}],"version-history":[{"count":2,"href":"https:\/\/www.visit-ulcinj.com\/blog\/wp-json\/wp\/v2\/posts\/62498\/revisions"}],"predecessor-version":[{"id":62501,"href":"https:\/\/www.visit-ulcinj.com\/blog\/wp-json\/wp\/v2\/posts\/62498\/revisions\/62501"}],"wp:attachment":[{"href":"https:\/\/www.visit-ulcinj.com\/blog\/wp-json\/wp\/v2\/media?parent=62498"}],"wp:term":[{"taxonomy":"category","embeddable":true,"href":"https:\/\/www.visit-ulcinj.com\/blog\/wp-json\/wp\/v2\/categories?post=62498"},{"taxonomy":"post_tag","embeddable":true,"href":"https:\/\/www.visit-ulcinj.com\/blog\/wp-json\/wp\/v2\/tags?post=62498"}],"curies":[{"name":"wp","href":"https:\/\/api.w.org\/{rel}","templated":true}]}}