{"id":625,"date":"2008-02-23T14:27:17","date_gmt":"2008-02-23T19:27:17","guid":{"rendered":"http:\/\/www.visit-ulcinj.com\/blog\/2008\/02\/23\/ulqinkokteji-i-pavaresise-se-kosoves-ne-hapesirat-e-forces\/"},"modified":"2008-02-26T12:35:32","modified_gmt":"2008-02-26T17:35:32","slug":"ulqinkokteji-i-pavaresise-se-kosoves-ne-hapesirat-e-forces","status":"publish","type":"post","link":"https:\/\/www.visit-ulcinj.com\/blog\/2008\/02\/23\/ulqinkokteji-i-pavaresise-se-kosoves-ne-hapesirat-e-forces\/","title":{"rendered":"Ulqin:Kokteji i Pavar\u00ebsis\u00eb s\u00eb Kosov\u00ebs n\u00eb hap\u00ebsirat e Forc\u00ebs"},"content":{"rendered":"<p><a href=\"http:\/\/forcaere.org\/me\/News\/Press-FORCA\/Kokteji-i-Pavarsis-s-Kosovs.html\" target=\"_blank\" rel=\"lightbox[pics-1203793034]\" title=\"Nazif Cungu01\"><img loading=\"lazy\" src=\"http:\/\/www.visit-ulcinj.com\/blog\/wp-content\/uploads\/2008\/02\/7.jpg\" alt=\"Nazif Cungu01\" align=\"left\" height=\"160\" width=\"107\" \/><\/a>Mbr\u00ebm\u00eb n\u00eb hap\u00ebsirat e Forc\u00ebs u shenua dita e shpalljes s\u00eb pavar\u00ebsis\u00eb s\u00eb Kosov\u00ebs. N\u00eb koktejin q\u00eb u organizua me k\u00ebt\u00eb rast morr\u00ebn pjes\u00eb nj\u00eb numer i madh i t\u00eb qytetar\u00ebve. N\u00eb pranin\u00eb e disa mediave nga Mali i Zi dhe nga Shqip\u00ebria, kryetari i Forc\u00ebs lexoi nje fjalim t\u00eb p\u00ebrgaditur me k\u00ebt\u00eb rast.<br \/>\nForca Rinore p\u00ebrgaditi nj\u00eb tort\u00eb t\u00eb cil\u00ebn e quajt\u00ebn &#8220;Torta e pavar\u00ebsis\u00eb&#8221; dhe solemnisht u nda. K\u00ebshtu deri n\u00eb or\u00ebt e vona u festua me muzik\u00eb, pije dhe shoq\u00ebrim.<br \/>\nN\u00eb vijim mund t\u00eb lexoni edhe tekstin e lexuar nga Kryetari Nazif Cungu.<\/p>\n<p><strong>T\u00eb nderuara zonja dhe zot\u00ebrinj, <\/strong><br \/>\nSot \u00ebsht\u00eb dite Historike p\u00ebr popullin e Kosov\u00ebs dhe p\u00ebr ket\u00eb arsye jemi mbledhur k\u00ebtu q\u00eb edhe ne ta festojm\u00eb s\u00eb bashku kur edhe populli Kosovar dhe t\u00eb gjith\u00eb shqiptar\u00ebt kudo q\u00eb jan\u00eb festojn\u00eb.<br \/>\nShpallja e Pavar\u00ebsis\u00eb s\u00eb Kosov\u00ebs \u00ebsht\u00eb nj\u00eb realizim i \u00ebndrrave shekullore te Shqiptar\u00ebve kosovar.<br \/>\nJan\u00eb NDODHI te rralla ne histori kur krijohen shtete te reja dhe Kosov\u00ebs i d\u00ebshirojm\u00eb CDO T\u00cb MIR\u00cb, fat t\u00eb mir\u00eb, paqe dhe begati p\u00ebr te gjith\u00eb popujt e saj.<br \/>\nGjithashtu i d\u00ebshirojm\u00eb q\u00eb sa m\u00eb shpejt q\u00eb \u00ebsht\u00eb e mundshme, Kosova, Mali i Zi Serbia, Bosnja, Maqedonia,Shqip\u00ebria me t\u00eb gjith\u00eb shtetet e rajonit t\u00eb bashkohemi ne familjen e madhe te popujve dhe shteteve n\u00eb Evrop\u00ebn e lire dhe demokratike.<br \/>\nPavar\u00ebsia e Kosov\u00ebs \u00ebsht\u00eb edhe akt final i shp\u00ebrndarjes dhe dezintegrimit te Jugosllavis\u00eb socialiste. Populli i Kosov\u00ebs i p\u00ebrballoi stoikisht shum\u00eb tortura dhe k\u00ebrc\u00ebnime gjat\u00eb shekullit XX.<br \/>\nSpastrimet etnike t\u00eb viteve1912-13,q\u00eb vazhduan n\u00eb mbret\u00ebrin\u00eb e ish-Jugosllavis\u00eb.<br \/>\nkulmin e pati n\u00eb vitet 80-90 t\u00eb shekullit t\u00eb kaluar. K\u00ebtyre t\u00eb fundit jemi d\u00ebshmitar edhe ne.<br \/>\nMbyllja e shkollave dhe universiteteve, shtypit, p\u00ebrjashtimi nga puna si dhe p\u00ebrpjekja  e pasuksesshme p\u00ebr spastrimin etnik (af\u00ebr nj\u00eb milion kosovar\u00eb u d\u00ebbuan nga trevat e tyre). Ishte ky aktiviteti m\u00eb i organizuar n\u00eb Evrope prej nga fundi i Luftes II Bot\u00ebrore p\u00ebr ndryshime etnike.  Mij\u00ebra Kosovar, f\u00ebmije dhe gra pleq dhe burra kan\u00eb humbur jet\u00ebn n\u00eb at lufte.<br \/>\nHistorianet do t\u00eb japin vler\u00ebsime me t\u00eb mira p\u00ebr kushtet dhe arsyet e kriz\u00ebs s\u00eb ish Jugosllavis\u00eb.<br \/>\nLuft\u00ebrat e viteve \u201990 prej Sllovenis\u00eb , Kroacis\u00eb, dhe Bosnje edhe pse k\u00ebtyre shteteve ja mund\u00ebsuan pavar\u00ebsin\u00eb nuk rezulltuan ne rr\u00ebzimin e diktatorit serb. Aq m\u00eb pak edhe ideja nacionaliste nuk ishte e luftuar deri n\u00eb fund.<br \/>\nVet\u00ebm kriza e Kosov\u00ebs e viteve 98 si dhe intervenimi i NATO-se n\u00eb vitin 99 rezultoi me lirimin e Kosov\u00ebs.<br \/>\nPopulli i Kosov\u00ebs dhe shqiptar\u00ebt n\u00eb fund t\u00eb mij\u00ebvje\u00e7arit fitoi nj\u00eb aleat t\u00eb fuqish\u00ebm \u2013 SHBA-ne.<br \/>\nShteteve t\u00eb Bashkuara t\u00eb Amerik\u00ebs i dedikohet nj\u00eb faleminderit i ve\u00e7ant\u00eb dhe i p\u00ebrjetsh\u00ebm. Pa angazhimin e tyre si dhe Britanis\u00eb s\u00eb madhe  ende ky problem do t\u00eb ishte i pazgjidhur.<br \/>\nAto e b\u00ebn\u00eb ket\u00eb p\u00ebr t\u00eb mbrojtur t\u00eb drejtat njer\u00ebzore q\u00eb n\u00eb k\u00ebto troje shum\u00eb shpesh ishin t\u00eb shkelura. P\u00ebr ket\u00eb arsye n\u00eb udh\u00ebheq\u00ebsin e Kosov\u00ebs \u00ebsht\u00eb p\u00ebrgjegj\u00ebsi edhe m\u00eb e madhe q\u00eb ti respektoj principet p\u00ebr te cilat edhe Amerika edhe Evropa i p\u00ebrkrahu.<br \/>\nBesoj q\u00eb me pavar\u00ebsin\u00eb e Kosov\u00ebs i t\u00ebr\u00eb rajoni i Ballkanit do t\u00eb filloj nj\u00eb periudh\u00eb t\u00eb re , q\u00eb do t\u00eb karakterizohet me zhvillim si ekonomik ashtu edhe demokratik.<br \/>\nKosova duhet t\u00eb respektoj\u00eb t\u00eb drejtat e t\u00eb gjitha grupeve etnike, normat demokratike dhe n\u00eb shumic\u00ebn shqiptare t\u00eb Kosov\u00ebs do t\u00eb jet\u00eb edhe p\u00ebrgjegj\u00ebsia p\u00ebr arritjet e Kosov\u00ebs n\u00eb t\u00eb ardhmen.<br \/>\nKoha e shovinizmit ka kaluar.<br \/>\nKa ardhur koha e paqes e bashk\u00ebpunimit dhe zhvillimit.<br \/>\nSerbia sa m\u00eb shpejt q\u00eb do t\u00eb pranoj realitetin e ri, Kosov\u00ebn e Pavarur aq m\u00eb shpejt do t\u00eb niset t\u00eb kthehet n\u00eb at\u00eb \u00e7ka \u00ebsht\u00eb edhe i natyrsh\u00ebm: nj\u00eb shtet i fuqish\u00ebm ballkanik: si n\u00eb sfer\u00ebn ekonomike, kulturore etj. Nj\u00eb shtet nga i cili edhe rajoni do t\u00eb ket\u00eb  dobi dhe n\u00eb t\u00eb cilin mb\u00ebshtetet dhe me t\u00eb cilin bashk\u00ebpunon.<br \/>\nNuk e kan\u00eb t\u00eb drejt ato q\u00eb kund\u00ebrshtojn\u00eb pavar\u00ebsin e Kosov\u00ebs.<br \/>\nKjo e drejt \u00ebsht\u00eb b\u00eb tani e natyrshme dhe normale<br \/>\nNga Kosova e pavarur nuk kan\u00eb rrezik as Maqedonia e as  Serbia.<br \/>\nShqiptar\u00ebt kurr nuk do t\u00eb jen\u00eb as fundamentalist e as hegjemonist.<br \/>\nNe jemi popull i vjet\u00ebr evropian me kulture dhe tradite mij\u00ebvje\u00e7are. Shqiptar\u00ebt n\u00eb Ballkan jan\u00eb dhe do t\u00eb jen\u00eb paqedash\u00ebs dhe nuk do t\u00eb jen\u00eb k\u00ebrcenim p\u00ebr paqe ne rajon.<br \/>\nKet\u00eb e kemi d\u00ebshmuar edhe ne , shqiptar\u00ebt e Malit te Zi t\u00eb cil\u00ebt kemi d\u00ebshmuar kapacitet demokratike duke respektuar shtetin dhe duke ruajtur marr\u00ebdh\u00ebniet t\u00eb mira nd\u00ebretnike n\u00eb t\u00eb gjith\u00eb trevat ku jetojm\u00eb.<br \/>\nDhe besojm\u00eb q\u00eb \u00ebsht\u00eb koha si gjith\u00eb popujt evropian,t\u00eb g\u00ebzojm\u00eb parimet dhe arritjet e p\u00ebrbashk\u00ebta demokratike.<\/p>\n<p><strong>Edhe nj\u00eb here<br \/>\nJu ftoj\u00eb t\u00eb ngrejm nj\u00eb dolli p\u00ebr Popullin e Kosov\u00ebs dhe p\u00ebr Pavar\u00ebsin\u00eb e Saj.<br \/>\nG\u00ebzuar.<\/strong><\/p>\n<p><strong>Kryetari i partis\u00eb FORCA<br \/>\nNazif Cungu  <\/strong><\/p>\n<p class=\"sig\">&nbsp;<\/p>\n<p class=\"sig_cont\">&nbsp;<\/p>\n<p class=\"sig_thumb\">&nbsp;<\/p>\n<p class=\"sig\">&nbsp;<\/p>\n<p class=\"sig_cont\">&nbsp;<\/p>\n<p class=\"sig_cont\">&nbsp;<\/p>\n<p><span class=\"small\">Autor Iliriana Sula<\/span><\/p>\n<p align=\"right\">&nbsp;<\/p>\n<p class=\"sig\">&nbsp;<\/p>\n<p class=\"sig_cont\">&nbsp;<\/p>\n<p class=\"sig\">&nbsp;<\/p>\n<p class=\"sig_cont\">&nbsp;<\/p>\n<p class=\"sig_thumb\"><a href=\"http:\/\/forcaere.org\/images\/stories\/kokteji_pavaresise\/1.jpg\" rel=\"lightbox[sig0]\" title=\"Navigation tip: Hover mouse on top of the right or left side of the image to see the next or previous image respectively.&lt;br \/&gt;&lt;br \/&gt;You are browsing images from the article:&lt;br \/&gt;&lt;b&gt;Kokteji i Pavar\u00ebsis\u00eb s\u00eb Kosov\u00ebs&lt;\/b&gt;\" alt=\"You are browsing images from the article: Kokteji i Pavar\u00ebsis\u00eb s\u00eb Kosov\u00ebs\" target=\"_blank\"><img src=\"http:\/\/forcaere.org\/mambots\/content\/plugin_jw_sig\/showthumb.php?img=kokteji_pavaresise\/1.jpg&amp;width=200&amp;height=200&amp;quality=80\" \/><\/a><\/p>\n<p class=\"sig_cont\">&nbsp;<\/p>\n<p class=\"sig_thumb\"><a href=\"http:\/\/forcaere.org\/images\/stories\/kokteji_pavaresise\/2.jpg\" rel=\"lightbox[sig0]\" title=\"Navigation tip: Hover mouse on top of the right or left side of the image to see the next or previous image respectively.&lt;br \/&gt;&lt;br \/&gt;You are browsing images from the article:&lt;br \/&gt;&lt;b&gt;Kokteji i Pavar\u00ebsis\u00eb s\u00eb Kosov\u00ebs&lt;\/b&gt;\" alt=\"You are browsing images from the article: Kokteji i Pavar\u00ebsis\u00eb s\u00eb Kosov\u00ebs\" target=\"_blank\"><img src=\"http:\/\/forcaere.org\/mambots\/content\/plugin_jw_sig\/showthumb.php?img=kokteji_pavaresise\/2.jpg&amp;width=200&amp;height=200&amp;quality=80\" \/><\/a><\/p>\n<p class=\"sig_cont\">&nbsp;<\/p>\n<p class=\"sig_thumb\"><a href=\"http:\/\/forcaere.org\/images\/stories\/kokteji_pavaresise\/3.jpg\" rel=\"lightbox[sig0]\" title=\"Navigation tip: Hover mouse on top of the right or left side of the image to see the next or previous image respectively.&lt;br \/&gt;&lt;br \/&gt;You are browsing images from the article:&lt;br \/&gt;&lt;b&gt;Kokteji i Pavar\u00ebsis\u00eb s\u00eb Kosov\u00ebs&lt;\/b&gt;\" alt=\"You are browsing images from the article: Kokteji i Pavar\u00ebsis\u00eb s\u00eb Kosov\u00ebs\" target=\"_blank\"><img src=\"http:\/\/forcaere.org\/mambots\/content\/plugin_jw_sig\/showthumb.php?img=kokteji_pavaresise\/3.jpg&amp;width=200&amp;height=200&amp;quality=80\" \/><\/a><\/p>\n<p class=\"sig_cont\">&nbsp;<\/p>\n<p class=\"sig_thumb\"><a href=\"http:\/\/forcaere.org\/images\/stories\/kokteji_pavaresise\/4.jpg\" rel=\"lightbox[sig0]\" title=\"Navigation tip: Hover mouse on top of the right or left side of the image to see the next or previous image respectively.&lt;br \/&gt;&lt;br \/&gt;You are browsing images from the article:&lt;br \/&gt;&lt;b&gt;Kokteji i Pavar\u00ebsis\u00eb s\u00eb Kosov\u00ebs&lt;\/b&gt;\" alt=\"You are browsing images from the article: Kokteji i Pavar\u00ebsis\u00eb s\u00eb Kosov\u00ebs\" target=\"_blank\"><img src=\"http:\/\/forcaere.org\/mambots\/content\/plugin_jw_sig\/showthumb.php?img=kokteji_pavaresise\/4.jpg&amp;width=200&amp;height=200&amp;quality=80\" \/><\/a><\/p>\n<p class=\"sig_cont\">&nbsp;<\/p>\n<p class=\"sig_thumb\"><a href=\"http:\/\/forcaere.org\/images\/stories\/kokteji_pavaresise\/5.jpg\" rel=\"lightbox[sig0]\" title=\"Navigation tip: Hover mouse on top of the right or left side of the image to see the next or previous image respectively.&lt;br \/&gt;&lt;br \/&gt;You are browsing images from the article:&lt;br \/&gt;&lt;b&gt;Kokteji i Pavar\u00ebsis\u00eb s\u00eb Kosov\u00ebs&lt;\/b&gt;\" alt=\"You are browsing images from the article: Kokteji i Pavar\u00ebsis\u00eb s\u00eb Kosov\u00ebs\" target=\"_blank\"><img src=\"http:\/\/forcaere.org\/mambots\/content\/plugin_jw_sig\/showthumb.php?img=kokteji_pavaresise\/5.jpg&amp;width=200&amp;height=200&amp;quality=80\" \/><\/a><\/p>\n<p class=\"sig_cont\">&nbsp;<\/p>\n<p class=\"sig_thumb\"><a href=\"http:\/\/forcaere.org\/images\/stories\/kokteji_pavaresise\/6.jpg\" rel=\"lightbox[sig0]\" title=\"Navigation tip: Hover mouse on top of the right or left side of the image to see the next or previous image respectively.&lt;br \/&gt;&lt;br \/&gt;You are browsing images from the article:&lt;br \/&gt;&lt;b&gt;Kokteji i Pavar\u00ebsis\u00eb s\u00eb Kosov\u00ebs&lt;\/b&gt;\" alt=\"You are browsing images from the article: Kokteji i Pavar\u00ebsis\u00eb s\u00eb Kosov\u00ebs\" target=\"_blank\"><img src=\"http:\/\/forcaere.org\/mambots\/content\/plugin_jw_sig\/showthumb.php?img=kokteji_pavaresise\/6.jpg&amp;width=200&amp;height=200&amp;quality=80\" \/><\/a><\/p>\n<p class=\"sig_thumb\"><a href=\"http:\/\/forcaere.org\/images\/stories\/kokteji_pavaresise\/3.jpg\" rel=\"lightbox[sig0]\" title=\"Navigation tip: Hover mouse on top of the right or left side of the image to see the next or previous image respectively.&lt;br \/&gt;&lt;br \/&gt;You are browsing images from the article:&lt;br \/&gt;&lt;b&gt;Kokteji i Pavar\u00ebsis\u00eb s\u00eb Kosov\u00ebs&lt;\/b&gt;\" alt=\"You are browsing images from the article: Kokteji i Pavar\u00ebsis\u00eb s\u00eb Kosov\u00ebs\" target=\"_blank\"><br \/>\n<\/a><\/p>\n<p class=\"sig_cont\">&nbsp;<\/p>\n<p class=\"sig_thumb\"><a href=\"http:\/\/forcaere.org\/images\/stories\/kokteji_pavaresise\/4.jpg\" rel=\"lightbox[sig0]\" title=\"Navigation tip: Hover mouse on top of the right or left side of the image to see the next or previous image respectively.&lt;br \/&gt;&lt;br \/&gt;You are browsing images from the article:&lt;br \/&gt;&lt;b&gt;Kokteji i Pavar\u00ebsis\u00eb s\u00eb Kosov\u00ebs&lt;\/b&gt;\" alt=\"You are browsing images from the article: Kokteji i Pavar\u00ebsis\u00eb s\u00eb Kosov\u00ebs\" target=\"_blank\"><br \/>\n<\/a><\/p>\n<p class=\"sig_cont\">&nbsp;<\/p>\n<p class=\"sig_cont\">&nbsp;<\/p>\n<p class=\"sig_cont\">&nbsp;<\/p>\n<p class=\"sig_thumb\"><a href=\"http:\/\/forcaere.org\/images\/stories\/kokteji_pavaresise\/5.jpg\" rel=\"lightbox[sig0]\" title=\"Navigation tip: Hover mouse on top of the right or left side of the image to see the next or previous image respectively.&lt;br \/&gt;&lt;br \/&gt;You are browsing images from the article:&lt;br \/&gt;&lt;b&gt;Kokteji i Pavar\u00ebsis\u00eb s\u00eb Kosov\u00ebs&lt;\/b&gt;\" alt=\"You are browsing images from the article: Kokteji i Pavar\u00ebsis\u00eb s\u00eb Kosov\u00ebs\" target=\"_blank\"><br \/>\n<\/a><\/p>\n<p class=\"sig_cont\">&nbsp;<\/p>\n<p class=\"sig_thumb\"><a href=\"http:\/\/forcaere.org\/images\/stories\/kokteji_pavaresise\/6.jpg\" rel=\"lightbox[sig0]\" title=\"Navigation tip: Hover mouse on top of the right or left side of the image to see the next or previous image respectively.&lt;br \/&gt;&lt;br \/&gt;You are browsing images from the article:&lt;br \/&gt;&lt;b&gt;Kokteji i Pavar\u00ebsis\u00eb s\u00eb Kosov\u00ebs&lt;\/b&gt;\" alt=\"You are browsing images from the article: Kokteji i Pavar\u00ebsis\u00eb s\u00eb Kosov\u00ebs\" target=\"_blank\"><br \/>\n<\/a><\/p>\n<p align=\"right\">&nbsp;<\/p>\n<p><span class=\"small\"><\/span><\/p>\n","protected":false},"excerpt":{"rendered":"<p><img loading=\"lazy\" src=\"http:\/\/www.visit-ulcinj.com\/blog\/wp-content\/uploads\/2008\/02\/7.jpg\" alt=\"Nazif Cungu01\" align=\"left\" height=\"140\" width=\"140\" \/><\/p>\n","protected":false},"author":1,"featured_media":0,"comment_status":"open","ping_status":"closed","sticky":false,"template":"","format":"standard","meta":{"spay_email":"","jetpack_publicize_message":"","jetpack_is_tweetstorm":false,"jetpack_publicize_feature_enabled":true},"categories":[12],"tags":[1874,100,117,1873,49,325,1386,503,1870,1559,1872,1799,1327,235,792,354,1357],"jetpack_publicize_connections":[],"yoast_head":"<!-- This site is optimized with the Yoast SEO plugin v19.1 - https:\/\/yoast.com\/wordpress\/plugins\/seo\/ -->\n<title>Ulqin:Kokteji i Pavar\u00ebsis\u00eb s\u00eb Kosov\u00ebs n\u00eb hap\u00ebsirat e Forc\u00ebs - Lajme nga Ulqini<\/title>\n<meta name=\"robots\" content=\"index, follow, max-snippet:-1, max-image-preview:large, max-video-preview:-1\" \/>\n<link rel=\"canonical\" href=\"https:\/\/www.visit-ulcinj.com\/blog\/2008\/02\/23\/ulqinkokteji-i-pavaresise-se-kosoves-ne-hapesirat-e-forces\/\" \/>\n<meta property=\"og:locale\" content=\"en_US\" \/>\n<meta property=\"og:type\" content=\"article\" \/>\n<meta property=\"og:title\" content=\"Ulqin:Kokteji i Pavar\u00ebsis\u00eb s\u00eb Kosov\u00ebs n\u00eb hap\u00ebsirat e Forc\u00ebs - Lajme nga Ulqini\" \/>\n<meta property=\"og:url\" content=\"https:\/\/www.visit-ulcinj.com\/blog\/2008\/02\/23\/ulqinkokteji-i-pavaresise-se-kosoves-ne-hapesirat-e-forces\/\" \/>\n<meta property=\"og:site_name\" content=\"Lajme nga Ulqini\" \/>\n<meta property=\"article:published_time\" content=\"2008-02-23T19:27:17+00:00\" \/>\n<meta property=\"article:modified_time\" content=\"2008-02-26T17:35:32+00:00\" \/>\n<meta property=\"og:image\" content=\"http:\/\/www.visit-ulcinj.com\/blog\/wp-content\/uploads\/2008\/02\/7.jpg\" \/>\n<meta name=\"twitter:label1\" content=\"Written by\" \/>\n\t<meta name=\"twitter:data1\" content=\"ulqini\" \/>\n\t<meta name=\"twitter:label2\" content=\"Est. reading time\" \/>\n\t<meta name=\"twitter:data2\" content=\"5 minutes\" \/>\n<script type=\"application\/ld+json\" class=\"yoast-schema-graph\">{\"@context\":\"https:\/\/schema.org\",\"@graph\":[{\"@type\":\"WebSite\",\"@id\":\"https:\/\/www.visit-ulcinj.com\/blog\/#website\",\"url\":\"https:\/\/www.visit-ulcinj.com\/blog\/\",\"name\":\"Lajme nga Ulqini\",\"description\":\"Lajme,Vijesti,Ulqini,Ulqin,Crna Gora,Mali i Zi\",\"potentialAction\":[{\"@type\":\"SearchAction\",\"target\":{\"@type\":\"EntryPoint\",\"urlTemplate\":\"https:\/\/www.visit-ulcinj.com\/blog\/?s={search_term_string}\"},\"query-input\":\"required name=search_term_string\"}],\"inLanguage\":\"en-US\"},{\"@type\":\"ImageObject\",\"inLanguage\":\"en-US\",\"@id\":\"https:\/\/www.visit-ulcinj.com\/blog\/2008\/02\/23\/ulqinkokteji-i-pavaresise-se-kosoves-ne-hapesirat-e-forces\/#primaryimage\",\"url\":\"http:\/\/www.visit-ulcinj.com\/blog\/wp-content\/uploads\/2008\/02\/7.jpg\",\"contentUrl\":\"http:\/\/www.visit-ulcinj.com\/blog\/wp-content\/uploads\/2008\/02\/7.jpg\"},{\"@type\":\"WebPage\",\"@id\":\"https:\/\/www.visit-ulcinj.com\/blog\/2008\/02\/23\/ulqinkokteji-i-pavaresise-se-kosoves-ne-hapesirat-e-forces\/#webpage\",\"url\":\"https:\/\/www.visit-ulcinj.com\/blog\/2008\/02\/23\/ulqinkokteji-i-pavaresise-se-kosoves-ne-hapesirat-e-forces\/\",\"name\":\"Ulqin:Kokteji i Pavar\u00ebsis\u00eb s\u00eb Kosov\u00ebs n\u00eb hap\u00ebsirat e Forc\u00ebs - Lajme nga Ulqini\",\"isPartOf\":{\"@id\":\"https:\/\/www.visit-ulcinj.com\/blog\/#website\"},\"primaryImageOfPage\":{\"@id\":\"https:\/\/www.visit-ulcinj.com\/blog\/2008\/02\/23\/ulqinkokteji-i-pavaresise-se-kosoves-ne-hapesirat-e-forces\/#primaryimage\"},\"datePublished\":\"2008-02-23T19:27:17+00:00\",\"dateModified\":\"2008-02-26T17:35:32+00:00\",\"author\":{\"@id\":\"https:\/\/www.visit-ulcinj.com\/blog\/#\/schema\/person\/dcab619c614d3038751c63bc2aadc06d\"},\"breadcrumb\":{\"@id\":\"https:\/\/www.visit-ulcinj.com\/blog\/2008\/02\/23\/ulqinkokteji-i-pavaresise-se-kosoves-ne-hapesirat-e-forces\/#breadcrumb\"},\"inLanguage\":\"en-US\",\"potentialAction\":[{\"@type\":\"ReadAction\",\"target\":[\"https:\/\/www.visit-ulcinj.com\/blog\/2008\/02\/23\/ulqinkokteji-i-pavaresise-se-kosoves-ne-hapesirat-e-forces\/\"]}]},{\"@type\":\"BreadcrumbList\",\"@id\":\"https:\/\/www.visit-ulcinj.com\/blog\/2008\/02\/23\/ulqinkokteji-i-pavaresise-se-kosoves-ne-hapesirat-e-forces\/#breadcrumb\",\"itemListElement\":[{\"@type\":\"ListItem\",\"position\":1,\"name\":\"Ulqin:Kokteji i Pavar\u00ebsis\u00eb s\u00eb Kosov\u00ebs n\u00eb hap\u00ebsirat e Forc\u00ebs\"}]},{\"@type\":\"Person\",\"@id\":\"https:\/\/www.visit-ulcinj.com\/blog\/#\/schema\/person\/dcab619c614d3038751c63bc2aadc06d\",\"name\":\"ulqini\",\"sameAs\":[\"http:\/\/www.visit-ulcinj.com\"],\"url\":\"https:\/\/www.visit-ulcinj.com\/blog\/author\/admin\/\"}]}<\/script>\n<!-- \/ Yoast SEO plugin. -->","yoast_head_json":{"title":"Ulqin:Kokteji i Pavar\u00ebsis\u00eb s\u00eb Kosov\u00ebs n\u00eb hap\u00ebsirat e Forc\u00ebs - Lajme nga Ulqini","robots":{"index":"index","follow":"follow","max-snippet":"max-snippet:-1","max-image-preview":"max-image-preview:large","max-video-preview":"max-video-preview:-1"},"canonical":"https:\/\/www.visit-ulcinj.com\/blog\/2008\/02\/23\/ulqinkokteji-i-pavaresise-se-kosoves-ne-hapesirat-e-forces\/","og_locale":"en_US","og_type":"article","og_title":"Ulqin:Kokteji i Pavar\u00ebsis\u00eb s\u00eb Kosov\u00ebs n\u00eb hap\u00ebsirat e Forc\u00ebs - Lajme nga Ulqini","og_url":"https:\/\/www.visit-ulcinj.com\/blog\/2008\/02\/23\/ulqinkokteji-i-pavaresise-se-kosoves-ne-hapesirat-e-forces\/","og_site_name":"Lajme nga Ulqini","article_published_time":"2008-02-23T19:27:17+00:00","article_modified_time":"2008-02-26T17:35:32+00:00","og_image":[{"url":"http:\/\/www.visit-ulcinj.com\/blog\/wp-content\/uploads\/2008\/02\/7.jpg"}],"twitter_misc":{"Written by":"ulqini","Est. reading time":"5 minutes"},"schema":{"@context":"https:\/\/schema.org","@graph":[{"@type":"WebSite","@id":"https:\/\/www.visit-ulcinj.com\/blog\/#website","url":"https:\/\/www.visit-ulcinj.com\/blog\/","name":"Lajme nga Ulqini","description":"Lajme,Vijesti,Ulqini,Ulqin,Crna Gora,Mali i Zi","potentialAction":[{"@type":"SearchAction","target":{"@type":"EntryPoint","urlTemplate":"https:\/\/www.visit-ulcinj.com\/blog\/?s={search_term_string}"},"query-input":"required name=search_term_string"}],"inLanguage":"en-US"},{"@type":"ImageObject","inLanguage":"en-US","@id":"https:\/\/www.visit-ulcinj.com\/blog\/2008\/02\/23\/ulqinkokteji-i-pavaresise-se-kosoves-ne-hapesirat-e-forces\/#primaryimage","url":"http:\/\/www.visit-ulcinj.com\/blog\/wp-content\/uploads\/2008\/02\/7.jpg","contentUrl":"http:\/\/www.visit-ulcinj.com\/blog\/wp-content\/uploads\/2008\/02\/7.jpg"},{"@type":"WebPage","@id":"https:\/\/www.visit-ulcinj.com\/blog\/2008\/02\/23\/ulqinkokteji-i-pavaresise-se-kosoves-ne-hapesirat-e-forces\/#webpage","url":"https:\/\/www.visit-ulcinj.com\/blog\/2008\/02\/23\/ulqinkokteji-i-pavaresise-se-kosoves-ne-hapesirat-e-forces\/","name":"Ulqin:Kokteji i Pavar\u00ebsis\u00eb s\u00eb Kosov\u00ebs n\u00eb hap\u00ebsirat e Forc\u00ebs - Lajme nga Ulqini","isPartOf":{"@id":"https:\/\/www.visit-ulcinj.com\/blog\/#website"},"primaryImageOfPage":{"@id":"https:\/\/www.visit-ulcinj.com\/blog\/2008\/02\/23\/ulqinkokteji-i-pavaresise-se-kosoves-ne-hapesirat-e-forces\/#primaryimage"},"datePublished":"2008-02-23T19:27:17+00:00","dateModified":"2008-02-26T17:35:32+00:00","author":{"@id":"https:\/\/www.visit-ulcinj.com\/blog\/#\/schema\/person\/dcab619c614d3038751c63bc2aadc06d"},"breadcrumb":{"@id":"https:\/\/www.visit-ulcinj.com\/blog\/2008\/02\/23\/ulqinkokteji-i-pavaresise-se-kosoves-ne-hapesirat-e-forces\/#breadcrumb"},"inLanguage":"en-US","potentialAction":[{"@type":"ReadAction","target":["https:\/\/www.visit-ulcinj.com\/blog\/2008\/02\/23\/ulqinkokteji-i-pavaresise-se-kosoves-ne-hapesirat-e-forces\/"]}]},{"@type":"BreadcrumbList","@id":"https:\/\/www.visit-ulcinj.com\/blog\/2008\/02\/23\/ulqinkokteji-i-pavaresise-se-kosoves-ne-hapesirat-e-forces\/#breadcrumb","itemListElement":[{"@type":"ListItem","position":1,"name":"Ulqin:Kokteji i Pavar\u00ebsis\u00eb s\u00eb Kosov\u00ebs n\u00eb hap\u00ebsirat e Forc\u00ebs"}]},{"@type":"Person","@id":"https:\/\/www.visit-ulcinj.com\/blog\/#\/schema\/person\/dcab619c614d3038751c63bc2aadc06d","name":"ulqini","sameAs":["http:\/\/www.visit-ulcinj.com"],"url":"https:\/\/www.visit-ulcinj.com\/blog\/author\/admin\/"}]}},"jetpack_featured_media_url":"","jetpack_sharing_enabled":true,"jetpack_shortlink":"https:\/\/wp.me\/pe6lTn-a5","_links":{"self":[{"href":"https:\/\/www.visit-ulcinj.com\/blog\/wp-json\/wp\/v2\/posts\/625"}],"collection":[{"href":"https:\/\/www.visit-ulcinj.com\/blog\/wp-json\/wp\/v2\/posts"}],"about":[{"href":"https:\/\/www.visit-ulcinj.com\/blog\/wp-json\/wp\/v2\/types\/post"}],"author":[{"embeddable":true,"href":"https:\/\/www.visit-ulcinj.com\/blog\/wp-json\/wp\/v2\/users\/1"}],"replies":[{"embeddable":true,"href":"https:\/\/www.visit-ulcinj.com\/blog\/wp-json\/wp\/v2\/comments?post=625"}],"version-history":[{"count":0,"href":"https:\/\/www.visit-ulcinj.com\/blog\/wp-json\/wp\/v2\/posts\/625\/revisions"}],"wp:attachment":[{"href":"https:\/\/www.visit-ulcinj.com\/blog\/wp-json\/wp\/v2\/media?parent=625"}],"wp:term":[{"taxonomy":"category","embeddable":true,"href":"https:\/\/www.visit-ulcinj.com\/blog\/wp-json\/wp\/v2\/categories?post=625"},{"taxonomy":"post_tag","embeddable":true,"href":"https:\/\/www.visit-ulcinj.com\/blog\/wp-json\/wp\/v2\/tags?post=625"}],"curies":[{"name":"wp","href":"https:\/\/api.w.org\/{rel}","templated":true}]}}