{"id":62512,"date":"2012-08-02T13:12:41","date_gmt":"2012-08-02T12:12:41","guid":{"rendered":"http:\/\/www.visit-ulcinj.com\/blog\/?p=62512"},"modified":"2012-08-02T13:12:41","modified_gmt":"2012-08-02T12:12:41","slug":"dino-mehmeti-ekspert-per-problemet-e-migranteve","status":"publish","type":"post","link":"https:\/\/www.visit-ulcinj.com\/blog\/2012\/08\/02\/dino-mehmeti-ekspert-per-problemet-e-migranteve\/","title":{"rendered":"Dino Mehmeti: Ekspert p\u00ebr problemet e migrant\u00ebve"},"content":{"rendered":"<p><strong><a href=\"http:\/\/www.visit-ulcinj.com\/blog\/wp-content\/uploads\/2012\/08\/Dino-Mehmeti_Ekspert-p\u00ebr-problemet-e-migrant\u00ebve.jpg\"><img loading=\"lazy\" class=\"alignleft  wp-image-62514\" title=\"Dino Mehmeti_Ekspert p\u00ebr problemet e migrant\u00ebve\" src=\"http:\/\/www.visit-ulcinj.com\/blog\/wp-content\/uploads\/2012\/08\/Dino-Mehmeti_Ekspert-p\u00ebr-problemet-e-migrant\u00ebve.jpg\" alt=\"\" width=\"508\" height=\"360\" \/><\/a>P\u00ebr z. Mehmetin me siguri nuk do t\u00eb u gjind\u00ebte nj\u00eb pun\u00eb t\u00eb p\u00ebrshtatshme. Lindur n\u00eb Ulqin t\u00eb Malit t\u00eb Zi, jeton q\u00eb 24 vite n\u00eb Vjen\u00eb, dhe q\u00eb ca koh\u00eb punon n\u00eb administrat\u00ebn e Vjen\u00ebs\/sekcioni 17, p\u00ebrgjegj\u00ebs p\u00ebr \u00e7\u00ebshtjet e integrimit dhe t\u00eb diversitetit.<\/strong><\/p>\n<p>\u201cUn\u00eb jam m\u00eb se i bindur q\u00eb jam n\u00eb vendin adekuat punues dhe q\u00eb me kompetenc\u00ebn time multikulturore mund t\u00eb kontribuoj\u00eb edhe m\u00eb tej, n\u00eb p\u00ebrmir\u00ebsimin e masave integrative midis emigrant\u00ebve dhe popullat\u00ebs vendase\u201d, \u00ebsht\u00eb z.Mehmeti i sigurt.<br \/>\nAi erdhi n\u00eb Vjen\u00eb p\u00ebr shkak dashurije me nj\u00eb vijeneze para 24 viteve, kurse tani e t\u00ebr\u00eb familja e tij jeton n\u00eb metropolen e Danubit. Z.Mehmeti: &#8220;Krahasuar me emigrant\u00ebt tjet\u00ebr ishte adaptimi im n\u00eb \u00b4sistemin austrijak\u00b4 di\u00e7ka m\u00eb i leht\u00eb, e p\u00ebr k\u00ebt\u00eb p\u00ebrkrahje e fal\u00ebnderoj bashk\u00ebshorten time, familjen e saj si dhe shoq\u00ebrin austrijake.&#8221;.<br \/>\nPer t\u00eb u adaptuar sa m\u00eb mir\u00ebn\u00eb nj\u00eb vend t\u00eb ri, nj\u00eb nd\u00ebr parimet m\u00eb t\u00eb r\u00ebnd\u00ebsishme \u00ebsht\u00eb edhe kurioziteti, si dhe d\u00ebshira e njohtimit t\u00eb kultur\u00ebs, gjuh\u00ebs dhe tradicioneve t\u00eb atij vendi. &#8220;Sipas mendimit tim, p\u00ebr emigrant\u00ebt \u00ebsht\u00eb m\u00eb se e r\u00ebnd\u00ebsishme q\u00eb t\u00eb apsorbojn\u00eb dicka nga kultura e re vendase, por pa hequr dor\u00eb nga kultura e tyre q\u00eb e sollen me vehte \u201c. Gjithashtu edhe termi \u201c mall p\u00ebr Vendlindje&#8221; nuk \u00ebsht\u00eb term i huaj p\u00ebr z. Mehmetin i cili thot: \u201cP\u00ebrpara kam vuajtur shum m\u00eb tep\u00ebr p\u00ebr Vendlindjen time, se tani . Nd\u00ebrkoh\u00eb q\u00ebndron situata ashtu q\u00eb kur jam n\u00eb Mal t\u00eb Zi kam mall p\u00ebr Austri dhe e kund\u00ebrta. Por nj\u00eb gj\u00eb \u00ebsht\u00eb e sigurte q\u00eb un\u00eb posedoj &#8216;dy vendlindje&#8217; e p\u00ebr k\u00ebt\u00eb fakt jam\u00eb shum\u00eb i lumtur . &#8221;<\/p>\n<p><strong>Sh\u00ebrbimi Informativ<\/strong><br \/>\n<strong> Shoqata bilaterale Austrijako-Malazeze<\/strong><\/p>\n","protected":false},"excerpt":{"rendered":"<p>P\u00ebr z. Mehmetin me siguri nuk do t\u00eb u gjind\u00ebte nj\u00eb pun\u00eb t\u00eb p\u00ebrshtatshme. Lindur n\u00eb Ulqin t\u00eb Malit t\u00eb Zi, jeton q\u00eb 24 vite n\u00eb Vjen\u00eb, dhe q\u00eb ca koh\u00eb punon n\u00eb administrat\u00ebn e Vjen\u00ebs\/sekcioni 17, p\u00ebrgjegj\u00ebs p\u00ebr \u00e7\u00ebshtjet e integrimit dhe t\u00eb diversitetit. \u201cUn\u00eb jam m\u00eb se i bindur q\u00eb jam n\u00eb vendin [&hellip;]<\/p>\n","protected":false},"author":1,"featured_media":0,"comment_status":"open","ping_status":"closed","sticky":false,"template":"","format":"standard","meta":{"spay_email":"","jetpack_publicize_message":"","jetpack_is_tweetstorm":false,"jetpack_publicize_feature_enabled":true},"categories":[11],"tags":[20849,200],"jetpack_publicize_connections":[],"yoast_head":"<!-- This site is optimized with the Yoast SEO plugin v19.1 - https:\/\/yoast.com\/wordpress\/plugins\/seo\/ -->\n<title>Dino Mehmeti: Ekspert p\u00ebr problemet e migrant\u00ebve - Lajme nga Ulqini<\/title>\n<meta name=\"description\" content=\"P\u00ebr z. Mehmetin me siguri nuk do t\u00eb u gjind\u00ebte nj\u00eb pun\u00eb t\u00eb p\u00ebrshtatshme. Lindur n\u00eb Ulqin t\u00eb Malit t\u00eb Zi, jeton q\u00eb 24 vite n\u00eb Vjen\u00eb, dhe q\u00eb ca koh\u00eb punon\" \/>\n<meta name=\"robots\" content=\"index, follow, max-snippet:-1, max-image-preview:large, max-video-preview:-1\" \/>\n<link rel=\"canonical\" href=\"https:\/\/www.visit-ulcinj.com\/blog\/2012\/08\/02\/dino-mehmeti-ekspert-per-problemet-e-migranteve\/\" \/>\n<meta property=\"og:locale\" content=\"en_US\" \/>\n<meta property=\"og:type\" content=\"article\" \/>\n<meta property=\"og:title\" content=\"Dino Mehmeti: Ekspert p\u00ebr problemet e migrant\u00ebve - Lajme nga Ulqini\" \/>\n<meta property=\"og:description\" content=\"P\u00ebr z. Mehmetin me siguri nuk do t\u00eb u gjind\u00ebte nj\u00eb pun\u00eb t\u00eb p\u00ebrshtatshme. Lindur n\u00eb Ulqin t\u00eb Malit t\u00eb Zi, jeton q\u00eb 24 vite n\u00eb Vjen\u00eb, dhe q\u00eb ca koh\u00eb punon\" \/>\n<meta property=\"og:url\" content=\"https:\/\/www.visit-ulcinj.com\/blog\/2012\/08\/02\/dino-mehmeti-ekspert-per-problemet-e-migranteve\/\" \/>\n<meta property=\"og:site_name\" content=\"Lajme nga Ulqini\" \/>\n<meta property=\"article:published_time\" content=\"2012-08-02T12:12:41+00:00\" \/>\n<meta name=\"twitter:label1\" content=\"Written by\" \/>\n\t<meta name=\"twitter:data1\" content=\"ulqini\" \/>\n\t<meta name=\"twitter:label2\" content=\"Est. reading time\" \/>\n\t<meta name=\"twitter:data2\" content=\"2 minutes\" \/>\n<script type=\"application\/ld+json\" class=\"yoast-schema-graph\">{\"@context\":\"https:\/\/schema.org\",\"@graph\":[{\"@type\":\"WebSite\",\"@id\":\"https:\/\/www.visit-ulcinj.com\/blog\/#website\",\"url\":\"https:\/\/www.visit-ulcinj.com\/blog\/\",\"name\":\"Lajme nga Ulqini\",\"description\":\"Lajme,Vijesti,Ulqini,Ulqin,Crna Gora,Mali i Zi\",\"potentialAction\":[{\"@type\":\"SearchAction\",\"target\":{\"@type\":\"EntryPoint\",\"urlTemplate\":\"https:\/\/www.visit-ulcinj.com\/blog\/?s={search_term_string}\"},\"query-input\":\"required name=search_term_string\"}],\"inLanguage\":\"en-US\"},{\"@type\":\"WebPage\",\"@id\":\"https:\/\/www.visit-ulcinj.com\/blog\/2012\/08\/02\/dino-mehmeti-ekspert-per-problemet-e-migranteve\/#webpage\",\"url\":\"https:\/\/www.visit-ulcinj.com\/blog\/2012\/08\/02\/dino-mehmeti-ekspert-per-problemet-e-migranteve\/\",\"name\":\"Dino Mehmeti: Ekspert p\u00ebr problemet e migrant\u00ebve - Lajme nga Ulqini\",\"isPartOf\":{\"@id\":\"https:\/\/www.visit-ulcinj.com\/blog\/#website\"},\"datePublished\":\"2012-08-02T12:12:41+00:00\",\"dateModified\":\"2012-08-02T12:12:41+00:00\",\"author\":{\"@id\":\"https:\/\/www.visit-ulcinj.com\/blog\/#\/schema\/person\/dcab619c614d3038751c63bc2aadc06d\"},\"description\":\"P\u00ebr z. Mehmetin me siguri nuk do t\u00eb u gjind\u00ebte nj\u00eb pun\u00eb t\u00eb p\u00ebrshtatshme. Lindur n\u00eb Ulqin t\u00eb Malit t\u00eb Zi, jeton q\u00eb 24 vite n\u00eb Vjen\u00eb, dhe q\u00eb ca koh\u00eb punon\",\"breadcrumb\":{\"@id\":\"https:\/\/www.visit-ulcinj.com\/blog\/2012\/08\/02\/dino-mehmeti-ekspert-per-problemet-e-migranteve\/#breadcrumb\"},\"inLanguage\":\"en-US\",\"potentialAction\":[{\"@type\":\"ReadAction\",\"target\":[\"https:\/\/www.visit-ulcinj.com\/blog\/2012\/08\/02\/dino-mehmeti-ekspert-per-problemet-e-migranteve\/\"]}]},{\"@type\":\"BreadcrumbList\",\"@id\":\"https:\/\/www.visit-ulcinj.com\/blog\/2012\/08\/02\/dino-mehmeti-ekspert-per-problemet-e-migranteve\/#breadcrumb\",\"itemListElement\":[{\"@type\":\"ListItem\",\"position\":1,\"name\":\"Dino Mehmeti: Ekspert p\u00ebr problemet e migrant\u00ebve\"}]},{\"@type\":\"Person\",\"@id\":\"https:\/\/www.visit-ulcinj.com\/blog\/#\/schema\/person\/dcab619c614d3038751c63bc2aadc06d\",\"name\":\"ulqini\",\"sameAs\":[\"http:\/\/www.visit-ulcinj.com\"],\"url\":\"https:\/\/www.visit-ulcinj.com\/blog\/author\/admin\/\"}]}<\/script>\n<!-- \/ Yoast SEO plugin. -->","yoast_head_json":{"title":"Dino Mehmeti: Ekspert p\u00ebr problemet e migrant\u00ebve - Lajme nga Ulqini","description":"P\u00ebr z. Mehmetin me siguri nuk do t\u00eb u gjind\u00ebte nj\u00eb pun\u00eb t\u00eb p\u00ebrshtatshme. Lindur n\u00eb Ulqin t\u00eb Malit t\u00eb Zi, jeton q\u00eb 24 vite n\u00eb Vjen\u00eb, dhe q\u00eb ca koh\u00eb punon","robots":{"index":"index","follow":"follow","max-snippet":"max-snippet:-1","max-image-preview":"max-image-preview:large","max-video-preview":"max-video-preview:-1"},"canonical":"https:\/\/www.visit-ulcinj.com\/blog\/2012\/08\/02\/dino-mehmeti-ekspert-per-problemet-e-migranteve\/","og_locale":"en_US","og_type":"article","og_title":"Dino Mehmeti: Ekspert p\u00ebr problemet e migrant\u00ebve - Lajme nga Ulqini","og_description":"P\u00ebr z. Mehmetin me siguri nuk do t\u00eb u gjind\u00ebte nj\u00eb pun\u00eb t\u00eb p\u00ebrshtatshme. Lindur n\u00eb Ulqin t\u00eb Malit t\u00eb Zi, jeton q\u00eb 24 vite n\u00eb Vjen\u00eb, dhe q\u00eb ca koh\u00eb punon","og_url":"https:\/\/www.visit-ulcinj.com\/blog\/2012\/08\/02\/dino-mehmeti-ekspert-per-problemet-e-migranteve\/","og_site_name":"Lajme nga Ulqini","article_published_time":"2012-08-02T12:12:41+00:00","twitter_misc":{"Written by":"ulqini","Est. reading time":"2 minutes"},"schema":{"@context":"https:\/\/schema.org","@graph":[{"@type":"WebSite","@id":"https:\/\/www.visit-ulcinj.com\/blog\/#website","url":"https:\/\/www.visit-ulcinj.com\/blog\/","name":"Lajme nga Ulqini","description":"Lajme,Vijesti,Ulqini,Ulqin,Crna Gora,Mali i Zi","potentialAction":[{"@type":"SearchAction","target":{"@type":"EntryPoint","urlTemplate":"https:\/\/www.visit-ulcinj.com\/blog\/?s={search_term_string}"},"query-input":"required name=search_term_string"}],"inLanguage":"en-US"},{"@type":"WebPage","@id":"https:\/\/www.visit-ulcinj.com\/blog\/2012\/08\/02\/dino-mehmeti-ekspert-per-problemet-e-migranteve\/#webpage","url":"https:\/\/www.visit-ulcinj.com\/blog\/2012\/08\/02\/dino-mehmeti-ekspert-per-problemet-e-migranteve\/","name":"Dino Mehmeti: Ekspert p\u00ebr problemet e migrant\u00ebve - Lajme nga Ulqini","isPartOf":{"@id":"https:\/\/www.visit-ulcinj.com\/blog\/#website"},"datePublished":"2012-08-02T12:12:41+00:00","dateModified":"2012-08-02T12:12:41+00:00","author":{"@id":"https:\/\/www.visit-ulcinj.com\/blog\/#\/schema\/person\/dcab619c614d3038751c63bc2aadc06d"},"description":"P\u00ebr z. Mehmetin me siguri nuk do t\u00eb u gjind\u00ebte nj\u00eb pun\u00eb t\u00eb p\u00ebrshtatshme. Lindur n\u00eb Ulqin t\u00eb Malit t\u00eb Zi, jeton q\u00eb 24 vite n\u00eb Vjen\u00eb, dhe q\u00eb ca koh\u00eb punon","breadcrumb":{"@id":"https:\/\/www.visit-ulcinj.com\/blog\/2012\/08\/02\/dino-mehmeti-ekspert-per-problemet-e-migranteve\/#breadcrumb"},"inLanguage":"en-US","potentialAction":[{"@type":"ReadAction","target":["https:\/\/www.visit-ulcinj.com\/blog\/2012\/08\/02\/dino-mehmeti-ekspert-per-problemet-e-migranteve\/"]}]},{"@type":"BreadcrumbList","@id":"https:\/\/www.visit-ulcinj.com\/blog\/2012\/08\/02\/dino-mehmeti-ekspert-per-problemet-e-migranteve\/#breadcrumb","itemListElement":[{"@type":"ListItem","position":1,"name":"Dino Mehmeti: Ekspert p\u00ebr problemet e migrant\u00ebve"}]},{"@type":"Person","@id":"https:\/\/www.visit-ulcinj.com\/blog\/#\/schema\/person\/dcab619c614d3038751c63bc2aadc06d","name":"ulqini","sameAs":["http:\/\/www.visit-ulcinj.com"],"url":"https:\/\/www.visit-ulcinj.com\/blog\/author\/admin\/"}]}},"jetpack_featured_media_url":"","jetpack_sharing_enabled":true,"jetpack_shortlink":"https:\/\/wp.me\/pe6lTn-ggg","_links":{"self":[{"href":"https:\/\/www.visit-ulcinj.com\/blog\/wp-json\/wp\/v2\/posts\/62512"}],"collection":[{"href":"https:\/\/www.visit-ulcinj.com\/blog\/wp-json\/wp\/v2\/posts"}],"about":[{"href":"https:\/\/www.visit-ulcinj.com\/blog\/wp-json\/wp\/v2\/types\/post"}],"author":[{"embeddable":true,"href":"https:\/\/www.visit-ulcinj.com\/blog\/wp-json\/wp\/v2\/users\/1"}],"replies":[{"embeddable":true,"href":"https:\/\/www.visit-ulcinj.com\/blog\/wp-json\/wp\/v2\/comments?post=62512"}],"version-history":[{"count":2,"href":"https:\/\/www.visit-ulcinj.com\/blog\/wp-json\/wp\/v2\/posts\/62512\/revisions"}],"predecessor-version":[{"id":62516,"href":"https:\/\/www.visit-ulcinj.com\/blog\/wp-json\/wp\/v2\/posts\/62512\/revisions\/62516"}],"wp:attachment":[{"href":"https:\/\/www.visit-ulcinj.com\/blog\/wp-json\/wp\/v2\/media?parent=62512"}],"wp:term":[{"taxonomy":"category","embeddable":true,"href":"https:\/\/www.visit-ulcinj.com\/blog\/wp-json\/wp\/v2\/categories?post=62512"},{"taxonomy":"post_tag","embeddable":true,"href":"https:\/\/www.visit-ulcinj.com\/blog\/wp-json\/wp\/v2\/tags?post=62512"}],"curies":[{"name":"wp","href":"https:\/\/api.w.org\/{rel}","templated":true}]}}