{"id":62522,"date":"2012-08-02T13:20:31","date_gmt":"2012-08-02T12:20:31","guid":{"rendered":"http:\/\/www.visit-ulcinj.com\/blog\/?p=62522"},"modified":"2012-08-02T13:20:31","modified_gmt":"2012-08-02T12:20:31","slug":"dino-mehmeti-ekspert-za-probleme-migranata","status":"publish","type":"post","link":"https:\/\/www.visit-ulcinj.com\/blog\/2012\/08\/02\/dino-mehmeti-ekspert-za-probleme-migranata\/","title":{"rendered":"Dino Mehmeti:  Ekspert za probleme migranata"},"content":{"rendered":"<p><strong><a href=\"http:\/\/www.visit-ulcinj.com\/blog\/wp-content\/uploads\/2012\/08\/Dino-Mehmeti_Ekspert-za-probleme-migranata.jpg\"><img loading=\"lazy\" class=\"alignleft  wp-image-62523\" title=\"Dino Mehmeti_Ekspert za probleme migranata\" src=\"http:\/\/www.visit-ulcinj.com\/blog\/wp-content\/uploads\/2012\/08\/Dino-Mehmeti_Ekspert-za-probleme-migranata.jpg\" alt=\"\" width=\"508\" height=\"360\" \/><\/a>Za g. Mehmetija ne bi se sigurno mogao na\u0107i pogodniji posao. Rodjen je u Ulcinju u Crnoj Gori, \u017eivi ve\u0107 24 godine u Becu, i ve\u0107 par godina je u Be\u010dkoj upravi- Magistratsko odijeljenje 17, i odgovoran za pitanja integracije i diverziteta.<\/strong><\/p>\n<p>&#8221; Uvijeren sam da sjedim \u00a0na pravom mjestu i da moja multikulturalna kompetencija mo\u017ee jo\u0161 vi\u0161e doprinjeti pobolj\u0161anju integrativnih mijera izme\u0111u migranata i lokalnog stanovni\u0161tva&#8221; , siguran je g.Mehmeti.<br \/>\nOn je do\u0161ao u Be\u010d prije 24 godina, zbog ljubavi , a sada cijela njegova porodica \u017eivi u dunavskoj-metropoli . G. Mehmeti: &#8221; U upore\u0111enju sa drugim migrantima, moji \u00a0su po\u010deci u \u201eAustrijski\u00a0 sistem\u201c\u00a0 bili nesto\u00a0 jednostavniji,\u00a0 a za to se puno\u00a0 zahvaljujem mojoj\u00a0 \u017eeni, njenoj porodicu i austrijskom dru\u0161tvu . &#8221;<\/p>\n<p>Da bi se \u010covjek bolje snalazio u jednom novom krugu, jedan od najv\u017eanijih principa je radoznalost upoznavanja\u00a0 kulture lokalnog stanovni\u0161tva kao i \u017eelja\u00a0 u\u010cenje njenog jezika i tradicija.<br \/>\n&#8221; Po mom mi\u0161ljenju , za migrante je veoma va\u017eno da ne\u0161to preuzmu od nove kulture , ali bez odustajanja od\u00a0 njihova stare.&#8221; \u00a0Tako\u0111e rije\u010c \u00a0\u00b4nostalgija za domovinuom\u00b4 za g. Mehmetija, nije strani\u00a0 izraz koji dalje ka\u017ee:&#8221;Prije sam bio puno nostalgi\u010cniji za domovinom, nego \u0161to sam danas. U medjuvremenu\u00a0 kad sam u Crnoj Gori za\u017eelim se Austrije, i suprotno. Ali jedno mogu sa\u00a0 sigurno\u0161\u0107u \u00a0re\u0107i da sam jedan veoma srec\u0301an \u010dovijek, \u00a0jer posijedujem dvije \u00b4 domovine\u00b4. &#8221;<\/p>\n<p><strong>Informativna slu\u017eba <\/strong><br \/>\n<strong> Austrijako \u2013 Crnogorsko bilateralno dru\u0161tvo<\/strong><\/p>\n","protected":false},"excerpt":{"rendered":"<p>Za g. Mehmetija ne bi se sigurno mogao na\u0107i pogodniji posao. Rodjen je u Ulcinju u Crnoj Gori, \u017eivi ve\u0107 24 godine u Becu, i ve\u0107 par godina je u Be\u010dkoj upravi- Magistratsko odijeljenje 17, i odgovoran za pitanja integracije i diverziteta. &#8221; Uvijeren sam da sjedim \u00a0na pravom mjestu i da moja multikulturalna kompetencija [&hellip;]<\/p>\n","protected":false},"author":1,"featured_media":0,"comment_status":"open","ping_status":"closed","sticky":false,"template":"","format":"standard","meta":{"spay_email":"","jetpack_publicize_message":"","jetpack_is_tweetstorm":false,"jetpack_publicize_feature_enabled":true},"categories":[8337],"tags":[16050,19],"jetpack_publicize_connections":[],"yoast_head":"<!-- This site is optimized with the Yoast SEO plugin v19.1 - https:\/\/yoast.com\/wordpress\/plugins\/seo\/ -->\n<title>Dino Mehmeti: Ekspert za probleme migranata - Lajme nga Ulqini<\/title>\n<meta name=\"description\" content=\"Za g. Mehmetija ne bi se sigurno mogao na\u0107i pogodniji posao. Rodjen je u Ulcinju u Crnoj Gori, \u017eivi ve\u0107 24 godine u Becu, i ve\u0107 par godina je u Be\u010dkoj\" \/>\n<meta name=\"robots\" content=\"index, follow, max-snippet:-1, max-image-preview:large, max-video-preview:-1\" \/>\n<link rel=\"canonical\" href=\"https:\/\/www.visit-ulcinj.com\/blog\/2012\/08\/02\/dino-mehmeti-ekspert-za-probleme-migranata\/\" \/>\n<meta property=\"og:locale\" content=\"en_US\" \/>\n<meta property=\"og:type\" content=\"article\" \/>\n<meta property=\"og:title\" content=\"Dino Mehmeti: Ekspert za probleme migranata - Lajme nga Ulqini\" \/>\n<meta property=\"og:description\" content=\"Za g. Mehmetija ne bi se sigurno mogao na\u0107i pogodniji posao. Rodjen je u Ulcinju u Crnoj Gori, \u017eivi ve\u0107 24 godine u Becu, i ve\u0107 par godina je u Be\u010dkoj\" \/>\n<meta property=\"og:url\" content=\"https:\/\/www.visit-ulcinj.com\/blog\/2012\/08\/02\/dino-mehmeti-ekspert-za-probleme-migranata\/\" \/>\n<meta property=\"og:site_name\" content=\"Lajme nga Ulqini\" \/>\n<meta property=\"article:published_time\" content=\"2012-08-02T12:20:31+00:00\" \/>\n<meta property=\"og:image\" content=\"http:\/\/www.visit-ulcinj.com\/blog\/wp-content\/uploads\/2012\/08\/Dino-Mehmeti_Ekspert-za-probleme-migranata.jpg\" \/>\n<meta name=\"twitter:label1\" content=\"Written by\" \/>\n\t<meta name=\"twitter:data1\" content=\"ulqini\" \/>\n\t<meta name=\"twitter:label2\" content=\"Est. reading time\" \/>\n\t<meta name=\"twitter:data2\" content=\"1 minute\" \/>\n<script type=\"application\/ld+json\" class=\"yoast-schema-graph\">{\"@context\":\"https:\/\/schema.org\",\"@graph\":[{\"@type\":\"WebSite\",\"@id\":\"https:\/\/www.visit-ulcinj.com\/blog\/#website\",\"url\":\"https:\/\/www.visit-ulcinj.com\/blog\/\",\"name\":\"Lajme nga Ulqini\",\"description\":\"Lajme,Vijesti,Ulqini,Ulqin,Crna Gora,Mali i Zi\",\"potentialAction\":[{\"@type\":\"SearchAction\",\"target\":{\"@type\":\"EntryPoint\",\"urlTemplate\":\"https:\/\/www.visit-ulcinj.com\/blog\/?s={search_term_string}\"},\"query-input\":\"required name=search_term_string\"}],\"inLanguage\":\"en-US\"},{\"@type\":\"ImageObject\",\"inLanguage\":\"en-US\",\"@id\":\"https:\/\/www.visit-ulcinj.com\/blog\/2012\/08\/02\/dino-mehmeti-ekspert-za-probleme-migranata\/#primaryimage\",\"url\":\"https:\/\/www.visit-ulcinj.com\/blog\/wp-content\/uploads\/2012\/08\/Dino-Mehmeti_Ekspert-za-probleme-migranata.jpg\",\"contentUrl\":\"https:\/\/www.visit-ulcinj.com\/blog\/wp-content\/uploads\/2012\/08\/Dino-Mehmeti_Ekspert-za-probleme-migranata.jpg\",\"width\":\"999\",\"height\":\"491\"},{\"@type\":\"WebPage\",\"@id\":\"https:\/\/www.visit-ulcinj.com\/blog\/2012\/08\/02\/dino-mehmeti-ekspert-za-probleme-migranata\/#webpage\",\"url\":\"https:\/\/www.visit-ulcinj.com\/blog\/2012\/08\/02\/dino-mehmeti-ekspert-za-probleme-migranata\/\",\"name\":\"Dino Mehmeti: Ekspert za probleme migranata - Lajme nga Ulqini\",\"isPartOf\":{\"@id\":\"https:\/\/www.visit-ulcinj.com\/blog\/#website\"},\"primaryImageOfPage\":{\"@id\":\"https:\/\/www.visit-ulcinj.com\/blog\/2012\/08\/02\/dino-mehmeti-ekspert-za-probleme-migranata\/#primaryimage\"},\"datePublished\":\"2012-08-02T12:20:31+00:00\",\"dateModified\":\"2012-08-02T12:20:31+00:00\",\"author\":{\"@id\":\"https:\/\/www.visit-ulcinj.com\/blog\/#\/schema\/person\/dcab619c614d3038751c63bc2aadc06d\"},\"description\":\"Za g. Mehmetija ne bi se sigurno mogao na\u0107i pogodniji posao. Rodjen je u Ulcinju u Crnoj Gori, \u017eivi ve\u0107 24 godine u Becu, i ve\u0107 par godina je u Be\u010dkoj\",\"breadcrumb\":{\"@id\":\"https:\/\/www.visit-ulcinj.com\/blog\/2012\/08\/02\/dino-mehmeti-ekspert-za-probleme-migranata\/#breadcrumb\"},\"inLanguage\":\"en-US\",\"potentialAction\":[{\"@type\":\"ReadAction\",\"target\":[\"https:\/\/www.visit-ulcinj.com\/blog\/2012\/08\/02\/dino-mehmeti-ekspert-za-probleme-migranata\/\"]}]},{\"@type\":\"BreadcrumbList\",\"@id\":\"https:\/\/www.visit-ulcinj.com\/blog\/2012\/08\/02\/dino-mehmeti-ekspert-za-probleme-migranata\/#breadcrumb\",\"itemListElement\":[{\"@type\":\"ListItem\",\"position\":1,\"name\":\"Dino Mehmeti: Ekspert za probleme migranata\"}]},{\"@type\":\"Person\",\"@id\":\"https:\/\/www.visit-ulcinj.com\/blog\/#\/schema\/person\/dcab619c614d3038751c63bc2aadc06d\",\"name\":\"ulqini\",\"sameAs\":[\"http:\/\/www.visit-ulcinj.com\"],\"url\":\"https:\/\/www.visit-ulcinj.com\/blog\/author\/admin\/\"}]}<\/script>\n<!-- \/ Yoast SEO plugin. -->","yoast_head_json":{"title":"Dino Mehmeti: Ekspert za probleme migranata - Lajme nga Ulqini","description":"Za g. Mehmetija ne bi se sigurno mogao na\u0107i pogodniji posao. Rodjen je u Ulcinju u Crnoj Gori, \u017eivi ve\u0107 24 godine u Becu, i ve\u0107 par godina je u Be\u010dkoj","robots":{"index":"index","follow":"follow","max-snippet":"max-snippet:-1","max-image-preview":"max-image-preview:large","max-video-preview":"max-video-preview:-1"},"canonical":"https:\/\/www.visit-ulcinj.com\/blog\/2012\/08\/02\/dino-mehmeti-ekspert-za-probleme-migranata\/","og_locale":"en_US","og_type":"article","og_title":"Dino Mehmeti: Ekspert za probleme migranata - Lajme nga Ulqini","og_description":"Za g. Mehmetija ne bi se sigurno mogao na\u0107i pogodniji posao. Rodjen je u Ulcinju u Crnoj Gori, \u017eivi ve\u0107 24 godine u Becu, i ve\u0107 par godina je u Be\u010dkoj","og_url":"https:\/\/www.visit-ulcinj.com\/blog\/2012\/08\/02\/dino-mehmeti-ekspert-za-probleme-migranata\/","og_site_name":"Lajme nga Ulqini","article_published_time":"2012-08-02T12:20:31+00:00","og_image":[{"url":"http:\/\/www.visit-ulcinj.com\/blog\/wp-content\/uploads\/2012\/08\/Dino-Mehmeti_Ekspert-za-probleme-migranata.jpg"}],"twitter_misc":{"Written by":"ulqini","Est. reading time":"1 minute"},"schema":{"@context":"https:\/\/schema.org","@graph":[{"@type":"WebSite","@id":"https:\/\/www.visit-ulcinj.com\/blog\/#website","url":"https:\/\/www.visit-ulcinj.com\/blog\/","name":"Lajme nga Ulqini","description":"Lajme,Vijesti,Ulqini,Ulqin,Crna Gora,Mali i Zi","potentialAction":[{"@type":"SearchAction","target":{"@type":"EntryPoint","urlTemplate":"https:\/\/www.visit-ulcinj.com\/blog\/?s={search_term_string}"},"query-input":"required name=search_term_string"}],"inLanguage":"en-US"},{"@type":"ImageObject","inLanguage":"en-US","@id":"https:\/\/www.visit-ulcinj.com\/blog\/2012\/08\/02\/dino-mehmeti-ekspert-za-probleme-migranata\/#primaryimage","url":"https:\/\/www.visit-ulcinj.com\/blog\/wp-content\/uploads\/2012\/08\/Dino-Mehmeti_Ekspert-za-probleme-migranata.jpg","contentUrl":"https:\/\/www.visit-ulcinj.com\/blog\/wp-content\/uploads\/2012\/08\/Dino-Mehmeti_Ekspert-za-probleme-migranata.jpg","width":"999","height":"491"},{"@type":"WebPage","@id":"https:\/\/www.visit-ulcinj.com\/blog\/2012\/08\/02\/dino-mehmeti-ekspert-za-probleme-migranata\/#webpage","url":"https:\/\/www.visit-ulcinj.com\/blog\/2012\/08\/02\/dino-mehmeti-ekspert-za-probleme-migranata\/","name":"Dino Mehmeti: Ekspert za probleme migranata - Lajme nga Ulqini","isPartOf":{"@id":"https:\/\/www.visit-ulcinj.com\/blog\/#website"},"primaryImageOfPage":{"@id":"https:\/\/www.visit-ulcinj.com\/blog\/2012\/08\/02\/dino-mehmeti-ekspert-za-probleme-migranata\/#primaryimage"},"datePublished":"2012-08-02T12:20:31+00:00","dateModified":"2012-08-02T12:20:31+00:00","author":{"@id":"https:\/\/www.visit-ulcinj.com\/blog\/#\/schema\/person\/dcab619c614d3038751c63bc2aadc06d"},"description":"Za g. Mehmetija ne bi se sigurno mogao na\u0107i pogodniji posao. Rodjen je u Ulcinju u Crnoj Gori, \u017eivi ve\u0107 24 godine u Becu, i ve\u0107 par godina je u Be\u010dkoj","breadcrumb":{"@id":"https:\/\/www.visit-ulcinj.com\/blog\/2012\/08\/02\/dino-mehmeti-ekspert-za-probleme-migranata\/#breadcrumb"},"inLanguage":"en-US","potentialAction":[{"@type":"ReadAction","target":["https:\/\/www.visit-ulcinj.com\/blog\/2012\/08\/02\/dino-mehmeti-ekspert-za-probleme-migranata\/"]}]},{"@type":"BreadcrumbList","@id":"https:\/\/www.visit-ulcinj.com\/blog\/2012\/08\/02\/dino-mehmeti-ekspert-za-probleme-migranata\/#breadcrumb","itemListElement":[{"@type":"ListItem","position":1,"name":"Dino Mehmeti: Ekspert za probleme migranata"}]},{"@type":"Person","@id":"https:\/\/www.visit-ulcinj.com\/blog\/#\/schema\/person\/dcab619c614d3038751c63bc2aadc06d","name":"ulqini","sameAs":["http:\/\/www.visit-ulcinj.com"],"url":"https:\/\/www.visit-ulcinj.com\/blog\/author\/admin\/"}]}},"jetpack_featured_media_url":"","jetpack_sharing_enabled":true,"jetpack_shortlink":"https:\/\/wp.me\/pe6lTn-ggq","_links":{"self":[{"href":"https:\/\/www.visit-ulcinj.com\/blog\/wp-json\/wp\/v2\/posts\/62522"}],"collection":[{"href":"https:\/\/www.visit-ulcinj.com\/blog\/wp-json\/wp\/v2\/posts"}],"about":[{"href":"https:\/\/www.visit-ulcinj.com\/blog\/wp-json\/wp\/v2\/types\/post"}],"author":[{"embeddable":true,"href":"https:\/\/www.visit-ulcinj.com\/blog\/wp-json\/wp\/v2\/users\/1"}],"replies":[{"embeddable":true,"href":"https:\/\/www.visit-ulcinj.com\/blog\/wp-json\/wp\/v2\/comments?post=62522"}],"version-history":[{"count":2,"href":"https:\/\/www.visit-ulcinj.com\/blog\/wp-json\/wp\/v2\/posts\/62522\/revisions"}],"predecessor-version":[{"id":62525,"href":"https:\/\/www.visit-ulcinj.com\/blog\/wp-json\/wp\/v2\/posts\/62522\/revisions\/62525"}],"wp:attachment":[{"href":"https:\/\/www.visit-ulcinj.com\/blog\/wp-json\/wp\/v2\/media?parent=62522"}],"wp:term":[{"taxonomy":"category","embeddable":true,"href":"https:\/\/www.visit-ulcinj.com\/blog\/wp-json\/wp\/v2\/categories?post=62522"},{"taxonomy":"post_tag","embeddable":true,"href":"https:\/\/www.visit-ulcinj.com\/blog\/wp-json\/wp\/v2\/tags?post=62522"}],"curies":[{"name":"wp","href":"https:\/\/api.w.org\/{rel}","templated":true}]}}