{"id":62526,"date":"2012-08-02T14:13:14","date_gmt":"2012-08-02T13:13:14","guid":{"rendered":"http:\/\/www.visit-ulcinj.com\/blog\/?p=62526"},"modified":"2012-08-02T14:14:22","modified_gmt":"2012-08-02T13:14:22","slug":"turisticka-posjeta-u-ulcinju-slabija-nego-prosle-godine","status":"publish","type":"post","link":"https:\/\/www.visit-ulcinj.com\/blog\/2012\/08\/02\/turisticka-posjeta-u-ulcinju-slabija-nego-prosle-godine\/","title":{"rendered":"Turisti\u010dka posjeta u Ulcinju slabija nego pro\u0161le godine"},"content":{"rendered":"<p><a href=\"http:\/\/www.visit-ulcinj.com\/blog\/wp-content\/uploads\/2012\/08\/Plaza-Ulcinjska-riviera.jpg\"><img loading=\"lazy\" class=\"alignleft  wp-image-62527\" title=\"Plaza Ulcinjska riviera\" src=\"http:\/\/www.visit-ulcinj.com\/blog\/wp-content\/uploads\/2012\/08\/Plaza-Ulcinjska-riviera.jpg\" alt=\"\" width=\"508\" height=\"360\" \/><\/a>Na maloj ulcinjskoj pla\u017ei prvog dana avgusta ima dosta slobodnog prostora, javlja Pobjeda. Za razliku od prethodnih godina, kada na tom kupali\u0161tu nije imala gdje ni igla da padne na pijesku ovoga ljeta turista je znatno manje.<\/p>\n<p>Turisti\u010dka osjeka je vidljiva na svakom koraku i u svim objektima izuzev kapaciteta HTP Ulcinjska rivijera koji raspola\u017eu sa oko hiljadu kreveta, a koji su skoro stopostotno popunjeni.<\/p>\n<p>Na Autobusku stanicu dnevno sti\u017ee 25 do 30 autobusa, ali je broj putnika, odnosno turista koji \u0161ti\u017eu u njima, znatno manji nego prethodnih godina.<\/p>\n<p>Direktor Ulcinjske rivijere Mikan Zec napominje da se ekonomska kriza najvi\u0161e reflektuje na vanpansionski promet. \u201eOvoga ljeta su u trendu pla\u017eni barovi. U njima jedino bilje\u017eimo dobru potro\u0161nju, naro\u010dito prilikom organizovanja dnevnih i ve\u010dernjih \u017eurki na tim barovima, za koje mogu re\u0107i da su pun pogodak u na\u0161oj vanpansionskoj ponudi\u201c, kazao je Zec.<\/p>\n<p>Najupu\u0107eniji u turisti\u010dke tokove Ulcinja razlog za ovogodi\u0161nji pad posjete u dosada\u0161njem periodu poku\u0161avaju da na\u0111u i u Olimpijadi. Kako Pobjeda prenosi, mnogi ulcinjani smatraju da je jedan broj njihovih potencijalnih gostiju odlo\u017eio dolazak na ljetovanje da bi kod ku\u0107e u\u017eivali u TV prenosima sa ljetnje Olimpijade.<\/p>\n<p>Drugi misle da su odmor i dolazak na more njihovi turisti, posebno iz Bosne i sa Kosova, odlo\u017eili zbog velikog muslimanskog posta Ramazana, koji je upravo u toku. Objektivni su i oni koji smatraju da je i ekonomska kriza i besparica jedan od zna\u010dajnih razloga za pad turisti\u010dkog prometa.<\/p>\n<p><a href=\"http:\/\/www.pobjeda.me\/2012\/08\/01\/turisticka-posjeta-u-ulcinju-slabija-nego-prosle-godine\/\" target=\"_blank\"><strong>Nikola Perkovi\u0107<\/strong><\/a><br \/>\n<a href=\"http:\/\/www.pobjeda.me\/2012\/08\/01\/turisticka-posjeta-u-ulcinju-slabija-nego-prosle-godine\/\" target=\"_blank\"><strong> Ovaj tekst je preuzet sa adrese <span style=\"text-decoration: underline;\">http:\/\/www.pobjeda.me\/2012\/08\/01\/turisticka-posjeta-u-ulcinju-slabija-nego-prosle-godine\/<\/span><\/strong><\/a><\/p>\n","protected":false},"excerpt":{"rendered":"<p>Na maloj ulcinjskoj pla\u017ei prvog dana avgusta ima dosta slobodnog prostora, javlja Pobjeda. Za razliku od prethodnih godina, kada na tom kupali\u0161tu nije imala gdje ni igla da padne na pijesku ovoga ljeta turista je znatno manje. Turisti\u010dka osjeka je vidljiva na svakom koraku i u svim objektima izuzev kapaciteta HTP Ulcinjska rivijera koji raspola\u017eu [&hellip;]<\/p>\n","protected":false},"author":1,"featured_media":0,"comment_status":"open","ping_status":"closed","sticky":false,"template":"","format":"standard","meta":{"spay_email":"","jetpack_publicize_message":"","jetpack_is_tweetstorm":false,"jetpack_publicize_feature_enabled":true},"categories":[8337],"tags":[19],"jetpack_publicize_connections":[],"yoast_head":"<!-- This site is optimized with the Yoast SEO plugin v19.1 - https:\/\/yoast.com\/wordpress\/plugins\/seo\/ -->\n<title>Turisti\u010dka posjeta u Ulcinju slabija nego pro\u0161le godine - Lajme nga Ulqini<\/title>\n<meta name=\"description\" content=\"Na maloj ulcinjskoj pla\u017ei prvog dana avgusta ima dosta slobodnog prostora, javlja Pobjeda. Za razliku od prethodnih godina, kada na tom kupali\u0161tu nije\" \/>\n<meta name=\"robots\" content=\"index, follow, max-snippet:-1, max-image-preview:large, max-video-preview:-1\" \/>\n<link rel=\"canonical\" href=\"https:\/\/www.visit-ulcinj.com\/blog\/2012\/08\/02\/turisticka-posjeta-u-ulcinju-slabija-nego-prosle-godine\/\" \/>\n<meta property=\"og:locale\" content=\"en_US\" \/>\n<meta property=\"og:type\" content=\"article\" \/>\n<meta property=\"og:title\" content=\"Turisti\u010dka posjeta u Ulcinju slabija nego pro\u0161le godine - Lajme nga Ulqini\" \/>\n<meta property=\"og:description\" content=\"Na maloj ulcinjskoj pla\u017ei prvog dana avgusta ima dosta slobodnog prostora, javlja Pobjeda. Za razliku od prethodnih godina, kada na tom kupali\u0161tu nije\" \/>\n<meta property=\"og:url\" content=\"https:\/\/www.visit-ulcinj.com\/blog\/2012\/08\/02\/turisticka-posjeta-u-ulcinju-slabija-nego-prosle-godine\/\" \/>\n<meta property=\"og:site_name\" content=\"Lajme nga Ulqini\" \/>\n<meta property=\"article:published_time\" content=\"2012-08-02T13:13:14+00:00\" \/>\n<meta property=\"article:modified_time\" content=\"2012-08-02T13:14:22+00:00\" \/>\n<meta property=\"og:image\" content=\"http:\/\/www.visit-ulcinj.com\/blog\/wp-content\/uploads\/2012\/08\/Plaza-Ulcinjska-riviera.jpg\" \/>\n<meta name=\"twitter:label1\" content=\"Written by\" \/>\n\t<meta name=\"twitter:data1\" content=\"ulqini\" \/>\n\t<meta name=\"twitter:label2\" content=\"Est. reading time\" \/>\n\t<meta name=\"twitter:data2\" content=\"1 minute\" \/>\n<script type=\"application\/ld+json\" class=\"yoast-schema-graph\">{\"@context\":\"https:\/\/schema.org\",\"@graph\":[{\"@type\":\"WebSite\",\"@id\":\"https:\/\/www.visit-ulcinj.com\/blog\/#website\",\"url\":\"https:\/\/www.visit-ulcinj.com\/blog\/\",\"name\":\"Lajme nga Ulqini\",\"description\":\"Lajme,Vijesti,Ulqini,Ulqin,Crna Gora,Mali i Zi\",\"potentialAction\":[{\"@type\":\"SearchAction\",\"target\":{\"@type\":\"EntryPoint\",\"urlTemplate\":\"https:\/\/www.visit-ulcinj.com\/blog\/?s={search_term_string}\"},\"query-input\":\"required name=search_term_string\"}],\"inLanguage\":\"en-US\"},{\"@type\":\"ImageObject\",\"inLanguage\":\"en-US\",\"@id\":\"https:\/\/www.visit-ulcinj.com\/blog\/2012\/08\/02\/turisticka-posjeta-u-ulcinju-slabija-nego-prosle-godine\/#primaryimage\",\"url\":\"https:\/\/www.visit-ulcinj.com\/blog\/wp-content\/uploads\/2012\/08\/Plaza-Ulcinjska-riviera.jpg\",\"contentUrl\":\"https:\/\/www.visit-ulcinj.com\/blog\/wp-content\/uploads\/2012\/08\/Plaza-Ulcinjska-riviera.jpg\",\"width\":\"720\",\"height\":\"543\"},{\"@type\":\"WebPage\",\"@id\":\"https:\/\/www.visit-ulcinj.com\/blog\/2012\/08\/02\/turisticka-posjeta-u-ulcinju-slabija-nego-prosle-godine\/#webpage\",\"url\":\"https:\/\/www.visit-ulcinj.com\/blog\/2012\/08\/02\/turisticka-posjeta-u-ulcinju-slabija-nego-prosle-godine\/\",\"name\":\"Turisti\u010dka posjeta u Ulcinju slabija nego pro\u0161le godine - Lajme nga Ulqini\",\"isPartOf\":{\"@id\":\"https:\/\/www.visit-ulcinj.com\/blog\/#website\"},\"primaryImageOfPage\":{\"@id\":\"https:\/\/www.visit-ulcinj.com\/blog\/2012\/08\/02\/turisticka-posjeta-u-ulcinju-slabija-nego-prosle-godine\/#primaryimage\"},\"datePublished\":\"2012-08-02T13:13:14+00:00\",\"dateModified\":\"2012-08-02T13:14:22+00:00\",\"author\":{\"@id\":\"https:\/\/www.visit-ulcinj.com\/blog\/#\/schema\/person\/dcab619c614d3038751c63bc2aadc06d\"},\"description\":\"Na maloj ulcinjskoj pla\u017ei prvog dana avgusta ima dosta slobodnog prostora, javlja Pobjeda. Za razliku od prethodnih godina, kada na tom kupali\u0161tu nije\",\"breadcrumb\":{\"@id\":\"https:\/\/www.visit-ulcinj.com\/blog\/2012\/08\/02\/turisticka-posjeta-u-ulcinju-slabija-nego-prosle-godine\/#breadcrumb\"},\"inLanguage\":\"en-US\",\"potentialAction\":[{\"@type\":\"ReadAction\",\"target\":[\"https:\/\/www.visit-ulcinj.com\/blog\/2012\/08\/02\/turisticka-posjeta-u-ulcinju-slabija-nego-prosle-godine\/\"]}]},{\"@type\":\"BreadcrumbList\",\"@id\":\"https:\/\/www.visit-ulcinj.com\/blog\/2012\/08\/02\/turisticka-posjeta-u-ulcinju-slabija-nego-prosle-godine\/#breadcrumb\",\"itemListElement\":[{\"@type\":\"ListItem\",\"position\":1,\"name\":\"Turisti\u010dka posjeta u Ulcinju slabija nego pro\u0161le godine\"}]},{\"@type\":\"Person\",\"@id\":\"https:\/\/www.visit-ulcinj.com\/blog\/#\/schema\/person\/dcab619c614d3038751c63bc2aadc06d\",\"name\":\"ulqini\",\"sameAs\":[\"http:\/\/www.visit-ulcinj.com\"],\"url\":\"https:\/\/www.visit-ulcinj.com\/blog\/author\/admin\/\"}]}<\/script>\n<!-- \/ Yoast SEO plugin. -->","yoast_head_json":{"title":"Turisti\u010dka posjeta u Ulcinju slabija nego pro\u0161le godine - Lajme nga Ulqini","description":"Na maloj ulcinjskoj pla\u017ei prvog dana avgusta ima dosta slobodnog prostora, javlja Pobjeda. Za razliku od prethodnih godina, kada na tom kupali\u0161tu nije","robots":{"index":"index","follow":"follow","max-snippet":"max-snippet:-1","max-image-preview":"max-image-preview:large","max-video-preview":"max-video-preview:-1"},"canonical":"https:\/\/www.visit-ulcinj.com\/blog\/2012\/08\/02\/turisticka-posjeta-u-ulcinju-slabija-nego-prosle-godine\/","og_locale":"en_US","og_type":"article","og_title":"Turisti\u010dka posjeta u Ulcinju slabija nego pro\u0161le godine - Lajme nga Ulqini","og_description":"Na maloj ulcinjskoj pla\u017ei prvog dana avgusta ima dosta slobodnog prostora, javlja Pobjeda. Za razliku od prethodnih godina, kada na tom kupali\u0161tu nije","og_url":"https:\/\/www.visit-ulcinj.com\/blog\/2012\/08\/02\/turisticka-posjeta-u-ulcinju-slabija-nego-prosle-godine\/","og_site_name":"Lajme nga Ulqini","article_published_time":"2012-08-02T13:13:14+00:00","article_modified_time":"2012-08-02T13:14:22+00:00","og_image":[{"url":"http:\/\/www.visit-ulcinj.com\/blog\/wp-content\/uploads\/2012\/08\/Plaza-Ulcinjska-riviera.jpg"}],"twitter_misc":{"Written by":"ulqini","Est. reading time":"1 minute"},"schema":{"@context":"https:\/\/schema.org","@graph":[{"@type":"WebSite","@id":"https:\/\/www.visit-ulcinj.com\/blog\/#website","url":"https:\/\/www.visit-ulcinj.com\/blog\/","name":"Lajme nga Ulqini","description":"Lajme,Vijesti,Ulqini,Ulqin,Crna Gora,Mali i Zi","potentialAction":[{"@type":"SearchAction","target":{"@type":"EntryPoint","urlTemplate":"https:\/\/www.visit-ulcinj.com\/blog\/?s={search_term_string}"},"query-input":"required name=search_term_string"}],"inLanguage":"en-US"},{"@type":"ImageObject","inLanguage":"en-US","@id":"https:\/\/www.visit-ulcinj.com\/blog\/2012\/08\/02\/turisticka-posjeta-u-ulcinju-slabija-nego-prosle-godine\/#primaryimage","url":"https:\/\/www.visit-ulcinj.com\/blog\/wp-content\/uploads\/2012\/08\/Plaza-Ulcinjska-riviera.jpg","contentUrl":"https:\/\/www.visit-ulcinj.com\/blog\/wp-content\/uploads\/2012\/08\/Plaza-Ulcinjska-riviera.jpg","width":"720","height":"543"},{"@type":"WebPage","@id":"https:\/\/www.visit-ulcinj.com\/blog\/2012\/08\/02\/turisticka-posjeta-u-ulcinju-slabija-nego-prosle-godine\/#webpage","url":"https:\/\/www.visit-ulcinj.com\/blog\/2012\/08\/02\/turisticka-posjeta-u-ulcinju-slabija-nego-prosle-godine\/","name":"Turisti\u010dka posjeta u Ulcinju slabija nego pro\u0161le godine - Lajme nga Ulqini","isPartOf":{"@id":"https:\/\/www.visit-ulcinj.com\/blog\/#website"},"primaryImageOfPage":{"@id":"https:\/\/www.visit-ulcinj.com\/blog\/2012\/08\/02\/turisticka-posjeta-u-ulcinju-slabija-nego-prosle-godine\/#primaryimage"},"datePublished":"2012-08-02T13:13:14+00:00","dateModified":"2012-08-02T13:14:22+00:00","author":{"@id":"https:\/\/www.visit-ulcinj.com\/blog\/#\/schema\/person\/dcab619c614d3038751c63bc2aadc06d"},"description":"Na maloj ulcinjskoj pla\u017ei prvog dana avgusta ima dosta slobodnog prostora, javlja Pobjeda. Za razliku od prethodnih godina, kada na tom kupali\u0161tu nije","breadcrumb":{"@id":"https:\/\/www.visit-ulcinj.com\/blog\/2012\/08\/02\/turisticka-posjeta-u-ulcinju-slabija-nego-prosle-godine\/#breadcrumb"},"inLanguage":"en-US","potentialAction":[{"@type":"ReadAction","target":["https:\/\/www.visit-ulcinj.com\/blog\/2012\/08\/02\/turisticka-posjeta-u-ulcinju-slabija-nego-prosle-godine\/"]}]},{"@type":"BreadcrumbList","@id":"https:\/\/www.visit-ulcinj.com\/blog\/2012\/08\/02\/turisticka-posjeta-u-ulcinju-slabija-nego-prosle-godine\/#breadcrumb","itemListElement":[{"@type":"ListItem","position":1,"name":"Turisti\u010dka posjeta u Ulcinju slabija nego pro\u0161le godine"}]},{"@type":"Person","@id":"https:\/\/www.visit-ulcinj.com\/blog\/#\/schema\/person\/dcab619c614d3038751c63bc2aadc06d","name":"ulqini","sameAs":["http:\/\/www.visit-ulcinj.com"],"url":"https:\/\/www.visit-ulcinj.com\/blog\/author\/admin\/"}]}},"jetpack_featured_media_url":"","jetpack_sharing_enabled":true,"jetpack_shortlink":"https:\/\/wp.me\/pe6lTn-ggu","_links":{"self":[{"href":"https:\/\/www.visit-ulcinj.com\/blog\/wp-json\/wp\/v2\/posts\/62526"}],"collection":[{"href":"https:\/\/www.visit-ulcinj.com\/blog\/wp-json\/wp\/v2\/posts"}],"about":[{"href":"https:\/\/www.visit-ulcinj.com\/blog\/wp-json\/wp\/v2\/types\/post"}],"author":[{"embeddable":true,"href":"https:\/\/www.visit-ulcinj.com\/blog\/wp-json\/wp\/v2\/users\/1"}],"replies":[{"embeddable":true,"href":"https:\/\/www.visit-ulcinj.com\/blog\/wp-json\/wp\/v2\/comments?post=62526"}],"version-history":[{"count":3,"href":"https:\/\/www.visit-ulcinj.com\/blog\/wp-json\/wp\/v2\/posts\/62526\/revisions"}],"predecessor-version":[{"id":62530,"href":"https:\/\/www.visit-ulcinj.com\/blog\/wp-json\/wp\/v2\/posts\/62526\/revisions\/62530"}],"wp:attachment":[{"href":"https:\/\/www.visit-ulcinj.com\/blog\/wp-json\/wp\/v2\/media?parent=62526"}],"wp:term":[{"taxonomy":"category","embeddable":true,"href":"https:\/\/www.visit-ulcinj.com\/blog\/wp-json\/wp\/v2\/categories?post=62526"},{"taxonomy":"post_tag","embeddable":true,"href":"https:\/\/www.visit-ulcinj.com\/blog\/wp-json\/wp\/v2\/tags?post=62526"}],"curies":[{"name":"wp","href":"https:\/\/api.w.org\/{rel}","templated":true}]}}