{"id":6253,"date":"2008-11-17T14:05:08","date_gmt":"2008-11-17T19:05:08","guid":{"rendered":"http:\/\/www.visit-ulcinj.com\/blog\/?p=6253"},"modified":"2008-11-17T14:05:08","modified_gmt":"2008-11-17T19:05:08","slug":"najava-prezentacija-konkursa-za-prijem-kandidata-na-amricke-vojne-akademije","status":"publish","type":"post","link":"https:\/\/www.visit-ulcinj.com\/blog\/2008\/11\/17\/najava-prezentacija-konkursa-za-prijem-kandidata-na-amricke-vojne-akademije\/","title":{"rendered":"Najava: Prezentacija konkursa za prijem kandidata na amri?ke vojne akademije"},"content":{"rendered":"<p><a href=\"http:\/\/www.visit-ulcinj.com\/blog\/wp-content\/uploads\/2008\/11\/prezentacija-konkursa-za-prijem-kandidata-na-amricke-vojne-akademije.jpg\"><img loading=\"lazy\" class=\"alignleft size-medium wp-image-6254\" title=\"prezentacija-konkursa-za-prijem-kandidata-na-amricke-vojne-akademije\" src=\"http:\/\/www.visit-ulcinj.com\/blog\/wp-content\/uploads\/2008\/11\/prezentacija-konkursa-za-prijem-kandidata-na-amricke-vojne-akademije.jpg\" alt=\"\" width=\"329\" height=\"207\" \/><\/a>Na?elnik odjeljenja za ljudske resurse u General\u0161tabu VCG, pukovnik ?edomir Marinovi? i vojni ata\u0161e Sjedinjenih Ameri?kih Dr\u017eava Dejvid Ni? obi?i ?e srednje \u0161kole u Crnoj Gori radi predstavljanja Konkursa za prijem kandidata za \u0161kolovanje na United States Military Academy &#8211; West Point, New York i United States Naval Academy &#8211; Annapolis, Maryland.<br \/>\nKonkurs je raspisalo Ministarstvo odbrane Sjedinjenih Ameri?kih Dr\u017eava u saradnji sa Ministarstvom odbrane Crne Gore, a otvoren je do 30. novembra 2008. godine. Informacije o uslovima prijema mogu se na?i na sajtu Ministarstva odbrane (<strong><a title=\"VLADA CG\" href=\"www.vlada.cg.yu\/odbrana\" target=\"_blank\">www.vlada.cg.yu\/odbrana<\/a><\/strong>).<\/p>\n<p>Planom je predvi?eno da se obi?e 21 \u0161kola u Crnoj Gore i to prema sljede?em rasporedu:<\/p>\n<p><strong>Pljevlja<\/strong> \u2013 utorak, 18. novembar<br \/>\nGimnazija \u201eTanasije Pejatovi?\u201c- od 10,00 do 11,00 sati<br \/>\nSrednja stru?na \u0161kola \u2013 od 11,15 do 12,15 sati<\/p>\n<p><strong>Mojkovac <\/strong>&#8211; utorak, 18. novembar<br \/>\nSrednja mje\u0161ovita \u0161kola \u201eVuksan ?uki?\u201c \u2013 od 14,30 do 15,30 sati<\/p>\n<p><strong>Bijelo Polje <\/strong>&#8211; utorak, 18. novembar<br \/>\nGimnazija \u201eMiloje Dobra\u0161inovi?\u201c \u2013 od 16,30 do 17,30 sati<br \/>\nSrednja stru?na i Srednja mje\u0161ovita \u0161kola \u2013 od 17,45 do 18,45 sati<\/p>\n<p><strong>Plav <\/strong>\u2013 srijeda, 19.novembar<br \/>\nSrednja mje\u0161ovita \u0161kola \u201eBe?o Ba\u0161i?\u201c \u2013 od 09,15 do 10,15 sati<\/p>\n<p><strong>Berane<\/strong> \u2013 srijeda, 19.novembar<br \/>\nSrednja stru?na \u0161kola \u201eVukadin Vukadinovi?\u201c \u2013 od 11,15 do 12,15 sati<br \/>\nSrednja medicinska \u0161kola \u201edr Branko Zogovi?\u201c i Gimnazija \u201ePanto Mali\u0161i?\u201c \u2013 od 12,30 do 13,30 sati<\/p>\n<p><strong>Ro\u017eaje <\/strong>&#8211; srijeda, 19.novembar<br \/>\nGimnazija \u201e30. septembar\u201c i Srednja stru?na \u0161kola \u2013 od 15,30 do 16,30 sat<\/p>\n<p><strong>Podgorica <\/strong>\u2013 ?etvrtak, 20. novembar<br \/>\nSrednja elektrotehni?ka \u0161kola \u201eVaso Aligrudi?\u201c &#8211; od 10,00 do 11,00 sati<br \/>\nSrednja medicinska \u0161kola \u2013 od 11,00 do 12,00 sati<br \/>\nSrednja ekonomska \u0161kola \u201eMirko Ve\u0161ovi?\u201c \u2013 od 12,00 do 13,00 sati<br \/>\nGimnazija \u201eSlobodan \u0160kerovi?\u201c \u2013 od 13,00 do 14,00 sati<\/p>\n<p><strong>Nik\u0161i? <\/strong>&#8211; ?etvrtak, 20. novembar<br \/>\nGimnazija \u201eStojan Cerovi?\u201c &#8211; od 15,30 do 16,30 sati<br \/>\nSrednja ekonomska \u0161kola \u2013 od 16,45 do 17,45 sati<\/p>\n<p><strong>Cetinje <\/strong>\u2013 petak, 21. novembar<br \/>\nGimnazija \u2013 od 08,15 do 09,15 sati<\/p>\n<p><strong>Kotor <\/strong>&#8211; petak, 21. novembar<br \/>\nSrednja pomorska \u0161kola \u2013 od 10,30 do 11,30 sati<br \/>\nGimnazija \u2013 od 11,45 do 12,45 sati<\/p>\n<p><strong>Bar <\/strong>&#8211; petak, 21. novembar<br \/>\nGimnazija \u201eNiko Rolovi?\u201c \u2013 od 14,15 do 15,15 sati<br \/>\nSrednja ekonomska \u0161kola \u2013 od 15,30 do 16,30 sati<\/p>\n<p><strong>Ulcinj <\/strong>&#8211; ponedeljak, 24. novembar<br \/>\nSrednja mje\u0161ovita \u0161kola \u201eBratstvo jedinstvo\u201c \u2013 od 17,15 do 18,15 sati<\/p>\n<p><strong>Tom prilikom bi?e rije?i o mogu?nostima zaposlenja u Vojsci Crne Gore.<\/strong><\/p>\n<p><strong>Pozivamo predstavnike medija i gra?ane da prisustvuju prezentaciji.<\/strong><\/p>\n<p><strong>17.11.2008 17:03<br \/>\nIzvor \/ Vlada CG \/ Ministarstvo odbrane<\/strong><\/p>\n","protected":false},"excerpt":{"rendered":"<p>Na?elnik odjeljenja za ljudske resurse u General\u0161tabu VCG, pukovnik ?edomir Marinovi? i vojni ata\u0161e Sjedinjenih Ameri?kih Dr\u017eava Dejvid Ni? obi?i ?e srednje \u0161kole u Crnoj Gori radi predstavljanja Konkursa za prijem kandidata za \u0161kolovanje na United States Military Academy &#8211; West Point, New York i United States Naval Academy &#8211; Annapolis, Maryland. Konkurs je raspisalo [&hellip;]<\/p>\n","protected":false},"author":1,"featured_media":0,"comment_status":"open","ping_status":"closed","sticky":false,"template":"","format":"standard","meta":{"spay_email":"","jetpack_publicize_message":"","jetpack_is_tweetstorm":false,"jetpack_publicize_feature_enabled":true},"categories":[11],"tags":[19,5076],"jetpack_publicize_connections":[],"yoast_head":"<!-- This site is optimized with the Yoast SEO plugin v19.1 - https:\/\/yoast.com\/wordpress\/plugins\/seo\/ -->\n<title>Najava: Prezentacija konkursa za prijem kandidata na amri?ke vojne akademije - Lajme nga Ulqini<\/title>\n<meta name=\"description\" content=\"Na?elnik odjeljenja za ljudske resurse u General\u0161tabu VCG, pukovnik ?edomir Marinovi? i vojni ata\u0161e Sjedinjenih Ameri?kih Dr\u017eava Dejvid Ni? obi?i ?e\" \/>\n<meta name=\"robots\" content=\"index, follow, max-snippet:-1, max-image-preview:large, max-video-preview:-1\" \/>\n<link rel=\"canonical\" href=\"https:\/\/www.visit-ulcinj.com\/blog\/2008\/11\/17\/najava-prezentacija-konkursa-za-prijem-kandidata-na-amricke-vojne-akademije\/\" \/>\n<meta property=\"og:locale\" content=\"en_US\" \/>\n<meta property=\"og:type\" content=\"article\" \/>\n<meta property=\"og:title\" content=\"Najava: Prezentacija konkursa za prijem kandidata na amri?ke vojne akademije - Lajme nga Ulqini\" \/>\n<meta property=\"og:description\" content=\"Na?elnik odjeljenja za ljudske resurse u General\u0161tabu VCG, pukovnik ?edomir Marinovi? i vojni ata\u0161e Sjedinjenih Ameri?kih Dr\u017eava Dejvid Ni? obi?i ?e\" \/>\n<meta property=\"og:url\" content=\"https:\/\/www.visit-ulcinj.com\/blog\/2008\/11\/17\/najava-prezentacija-konkursa-za-prijem-kandidata-na-amricke-vojne-akademije\/\" \/>\n<meta property=\"og:site_name\" content=\"Lajme nga Ulqini\" \/>\n<meta property=\"article:published_time\" content=\"2008-11-17T19:05:08+00:00\" \/>\n<meta property=\"og:image\" content=\"http:\/\/www.visit-ulcinj.com\/blog\/wp-content\/uploads\/2008\/11\/prezentacija-konkursa-za-prijem-kandidata-na-amricke-vojne-akademije.jpg\" \/>\n<meta name=\"twitter:label1\" content=\"Written by\" \/>\n\t<meta name=\"twitter:data1\" content=\"ulqini\" \/>\n\t<meta name=\"twitter:label2\" content=\"Est. reading time\" \/>\n\t<meta name=\"twitter:data2\" content=\"2 minutes\" \/>\n<script type=\"application\/ld+json\" class=\"yoast-schema-graph\">{\"@context\":\"https:\/\/schema.org\",\"@graph\":[{\"@type\":\"WebSite\",\"@id\":\"https:\/\/www.visit-ulcinj.com\/blog\/#website\",\"url\":\"https:\/\/www.visit-ulcinj.com\/blog\/\",\"name\":\"Lajme nga Ulqini\",\"description\":\"Lajme,Vijesti,Ulqini,Ulqin,Crna Gora,Mali i Zi\",\"potentialAction\":[{\"@type\":\"SearchAction\",\"target\":{\"@type\":\"EntryPoint\",\"urlTemplate\":\"https:\/\/www.visit-ulcinj.com\/blog\/?s={search_term_string}\"},\"query-input\":\"required name=search_term_string\"}],\"inLanguage\":\"en-US\"},{\"@type\":\"ImageObject\",\"inLanguage\":\"en-US\",\"@id\":\"https:\/\/www.visit-ulcinj.com\/blog\/2008\/11\/17\/najava-prezentacija-konkursa-za-prijem-kandidata-na-amricke-vojne-akademije\/#primaryimage\",\"url\":\"http:\/\/www.visit-ulcinj.com\/blog\/wp-content\/uploads\/2008\/11\/prezentacija-konkursa-za-prijem-kandidata-na-amricke-vojne-akademije.jpg\",\"contentUrl\":\"http:\/\/www.visit-ulcinj.com\/blog\/wp-content\/uploads\/2008\/11\/prezentacija-konkursa-za-prijem-kandidata-na-amricke-vojne-akademije.jpg\"},{\"@type\":\"WebPage\",\"@id\":\"https:\/\/www.visit-ulcinj.com\/blog\/2008\/11\/17\/najava-prezentacija-konkursa-za-prijem-kandidata-na-amricke-vojne-akademije\/#webpage\",\"url\":\"https:\/\/www.visit-ulcinj.com\/blog\/2008\/11\/17\/najava-prezentacija-konkursa-za-prijem-kandidata-na-amricke-vojne-akademije\/\",\"name\":\"Najava: Prezentacija konkursa za prijem kandidata na amri?ke vojne akademije - Lajme nga Ulqini\",\"isPartOf\":{\"@id\":\"https:\/\/www.visit-ulcinj.com\/blog\/#website\"},\"primaryImageOfPage\":{\"@id\":\"https:\/\/www.visit-ulcinj.com\/blog\/2008\/11\/17\/najava-prezentacija-konkursa-za-prijem-kandidata-na-amricke-vojne-akademije\/#primaryimage\"},\"datePublished\":\"2008-11-17T19:05:08+00:00\",\"dateModified\":\"2008-11-17T19:05:08+00:00\",\"author\":{\"@id\":\"https:\/\/www.visit-ulcinj.com\/blog\/#\/schema\/person\/dcab619c614d3038751c63bc2aadc06d\"},\"description\":\"Na?elnik odjeljenja za ljudske resurse u General\u0161tabu VCG, pukovnik ?edomir Marinovi? i vojni ata\u0161e Sjedinjenih Ameri?kih Dr\u017eava Dejvid Ni? obi?i ?e\",\"breadcrumb\":{\"@id\":\"https:\/\/www.visit-ulcinj.com\/blog\/2008\/11\/17\/najava-prezentacija-konkursa-za-prijem-kandidata-na-amricke-vojne-akademije\/#breadcrumb\"},\"inLanguage\":\"en-US\",\"potentialAction\":[{\"@type\":\"ReadAction\",\"target\":[\"https:\/\/www.visit-ulcinj.com\/blog\/2008\/11\/17\/najava-prezentacija-konkursa-za-prijem-kandidata-na-amricke-vojne-akademije\/\"]}]},{\"@type\":\"BreadcrumbList\",\"@id\":\"https:\/\/www.visit-ulcinj.com\/blog\/2008\/11\/17\/najava-prezentacija-konkursa-za-prijem-kandidata-na-amricke-vojne-akademije\/#breadcrumb\",\"itemListElement\":[{\"@type\":\"ListItem\",\"position\":1,\"name\":\"Najava: Prezentacija konkursa za prijem kandidata na amri?ke vojne akademije\"}]},{\"@type\":\"Person\",\"@id\":\"https:\/\/www.visit-ulcinj.com\/blog\/#\/schema\/person\/dcab619c614d3038751c63bc2aadc06d\",\"name\":\"ulqini\",\"sameAs\":[\"http:\/\/www.visit-ulcinj.com\"],\"url\":\"https:\/\/www.visit-ulcinj.com\/blog\/author\/admin\/\"}]}<\/script>\n<!-- \/ Yoast SEO plugin. -->","yoast_head_json":{"title":"Najava: Prezentacija konkursa za prijem kandidata na amri?ke vojne akademije - Lajme nga Ulqini","description":"Na?elnik odjeljenja za ljudske resurse u General\u0161tabu VCG, pukovnik ?edomir Marinovi? i vojni ata\u0161e Sjedinjenih Ameri?kih Dr\u017eava Dejvid Ni? obi?i ?e","robots":{"index":"index","follow":"follow","max-snippet":"max-snippet:-1","max-image-preview":"max-image-preview:large","max-video-preview":"max-video-preview:-1"},"canonical":"https:\/\/www.visit-ulcinj.com\/blog\/2008\/11\/17\/najava-prezentacija-konkursa-za-prijem-kandidata-na-amricke-vojne-akademije\/","og_locale":"en_US","og_type":"article","og_title":"Najava: Prezentacija konkursa za prijem kandidata na amri?ke vojne akademije - Lajme nga Ulqini","og_description":"Na?elnik odjeljenja za ljudske resurse u General\u0161tabu VCG, pukovnik ?edomir Marinovi? i vojni ata\u0161e Sjedinjenih Ameri?kih Dr\u017eava Dejvid Ni? obi?i ?e","og_url":"https:\/\/www.visit-ulcinj.com\/blog\/2008\/11\/17\/najava-prezentacija-konkursa-za-prijem-kandidata-na-amricke-vojne-akademije\/","og_site_name":"Lajme nga Ulqini","article_published_time":"2008-11-17T19:05:08+00:00","og_image":[{"url":"http:\/\/www.visit-ulcinj.com\/blog\/wp-content\/uploads\/2008\/11\/prezentacija-konkursa-za-prijem-kandidata-na-amricke-vojne-akademije.jpg"}],"twitter_misc":{"Written by":"ulqini","Est. reading time":"2 minutes"},"schema":{"@context":"https:\/\/schema.org","@graph":[{"@type":"WebSite","@id":"https:\/\/www.visit-ulcinj.com\/blog\/#website","url":"https:\/\/www.visit-ulcinj.com\/blog\/","name":"Lajme nga Ulqini","description":"Lajme,Vijesti,Ulqini,Ulqin,Crna Gora,Mali i Zi","potentialAction":[{"@type":"SearchAction","target":{"@type":"EntryPoint","urlTemplate":"https:\/\/www.visit-ulcinj.com\/blog\/?s={search_term_string}"},"query-input":"required name=search_term_string"}],"inLanguage":"en-US"},{"@type":"ImageObject","inLanguage":"en-US","@id":"https:\/\/www.visit-ulcinj.com\/blog\/2008\/11\/17\/najava-prezentacija-konkursa-za-prijem-kandidata-na-amricke-vojne-akademije\/#primaryimage","url":"http:\/\/www.visit-ulcinj.com\/blog\/wp-content\/uploads\/2008\/11\/prezentacija-konkursa-za-prijem-kandidata-na-amricke-vojne-akademije.jpg","contentUrl":"http:\/\/www.visit-ulcinj.com\/blog\/wp-content\/uploads\/2008\/11\/prezentacija-konkursa-za-prijem-kandidata-na-amricke-vojne-akademije.jpg"},{"@type":"WebPage","@id":"https:\/\/www.visit-ulcinj.com\/blog\/2008\/11\/17\/najava-prezentacija-konkursa-za-prijem-kandidata-na-amricke-vojne-akademije\/#webpage","url":"https:\/\/www.visit-ulcinj.com\/blog\/2008\/11\/17\/najava-prezentacija-konkursa-za-prijem-kandidata-na-amricke-vojne-akademije\/","name":"Najava: Prezentacija konkursa za prijem kandidata na amri?ke vojne akademije - Lajme nga Ulqini","isPartOf":{"@id":"https:\/\/www.visit-ulcinj.com\/blog\/#website"},"primaryImageOfPage":{"@id":"https:\/\/www.visit-ulcinj.com\/blog\/2008\/11\/17\/najava-prezentacija-konkursa-za-prijem-kandidata-na-amricke-vojne-akademije\/#primaryimage"},"datePublished":"2008-11-17T19:05:08+00:00","dateModified":"2008-11-17T19:05:08+00:00","author":{"@id":"https:\/\/www.visit-ulcinj.com\/blog\/#\/schema\/person\/dcab619c614d3038751c63bc2aadc06d"},"description":"Na?elnik odjeljenja za ljudske resurse u General\u0161tabu VCG, pukovnik ?edomir Marinovi? i vojni ata\u0161e Sjedinjenih Ameri?kih Dr\u017eava Dejvid Ni? obi?i ?e","breadcrumb":{"@id":"https:\/\/www.visit-ulcinj.com\/blog\/2008\/11\/17\/najava-prezentacija-konkursa-za-prijem-kandidata-na-amricke-vojne-akademije\/#breadcrumb"},"inLanguage":"en-US","potentialAction":[{"@type":"ReadAction","target":["https:\/\/www.visit-ulcinj.com\/blog\/2008\/11\/17\/najava-prezentacija-konkursa-za-prijem-kandidata-na-amricke-vojne-akademije\/"]}]},{"@type":"BreadcrumbList","@id":"https:\/\/www.visit-ulcinj.com\/blog\/2008\/11\/17\/najava-prezentacija-konkursa-za-prijem-kandidata-na-amricke-vojne-akademije\/#breadcrumb","itemListElement":[{"@type":"ListItem","position":1,"name":"Najava: Prezentacija konkursa za prijem kandidata na amri?ke vojne akademije"}]},{"@type":"Person","@id":"https:\/\/www.visit-ulcinj.com\/blog\/#\/schema\/person\/dcab619c614d3038751c63bc2aadc06d","name":"ulqini","sameAs":["http:\/\/www.visit-ulcinj.com"],"url":"https:\/\/www.visit-ulcinj.com\/blog\/author\/admin\/"}]}},"jetpack_featured_media_url":"","jetpack_sharing_enabled":true,"jetpack_shortlink":"https:\/\/wp.me\/pe6lTn-1CR","_links":{"self":[{"href":"https:\/\/www.visit-ulcinj.com\/blog\/wp-json\/wp\/v2\/posts\/6253"}],"collection":[{"href":"https:\/\/www.visit-ulcinj.com\/blog\/wp-json\/wp\/v2\/posts"}],"about":[{"href":"https:\/\/www.visit-ulcinj.com\/blog\/wp-json\/wp\/v2\/types\/post"}],"author":[{"embeddable":true,"href":"https:\/\/www.visit-ulcinj.com\/blog\/wp-json\/wp\/v2\/users\/1"}],"replies":[{"embeddable":true,"href":"https:\/\/www.visit-ulcinj.com\/blog\/wp-json\/wp\/v2\/comments?post=6253"}],"version-history":[{"count":0,"href":"https:\/\/www.visit-ulcinj.com\/blog\/wp-json\/wp\/v2\/posts\/6253\/revisions"}],"wp:attachment":[{"href":"https:\/\/www.visit-ulcinj.com\/blog\/wp-json\/wp\/v2\/media?parent=6253"}],"wp:term":[{"taxonomy":"category","embeddable":true,"href":"https:\/\/www.visit-ulcinj.com\/blog\/wp-json\/wp\/v2\/categories?post=6253"},{"taxonomy":"post_tag","embeddable":true,"href":"https:\/\/www.visit-ulcinj.com\/blog\/wp-json\/wp\/v2\/tags?post=6253"}],"curies":[{"name":"wp","href":"https:\/\/api.w.org\/{rel}","templated":true}]}}