{"id":62531,"date":"2012-08-02T14:25:35","date_gmt":"2012-08-02T13:25:35","guid":{"rendered":"http:\/\/www.visit-ulcinj.com\/blog\/?p=62531"},"modified":"2012-08-02T14:26:15","modified_gmt":"2012-08-02T13:26:15","slug":"danas-velika-smjena-gostiju-u-svim-ljetovalistima","status":"publish","type":"post","link":"https:\/\/www.visit-ulcinj.com\/blog\/2012\/08\/02\/danas-velika-smjena-gostiju-u-svim-ljetovalistima\/","title":{"rendered":"Danas velika smjena gostiju u svim ljetovali\u0161tima"},"content":{"rendered":"<p><strong><a href=\"http:\/\/www.visit-ulcinj.com\/blog\/wp-content\/uploads\/2012\/08\/mala-plaza-ulcinj.jpg\"><img loading=\"lazy\" class=\"alignleft  wp-image-62532\" title=\"mala plaza ulcinj\" src=\"http:\/\/www.visit-ulcinj.com\/blog\/wp-content\/uploads\/2012\/08\/mala-plaza-ulcinj.jpg\" alt=\"\" width=\"508\" height=\"300\" \/><\/a>PODGORICA \u2013 Prvi avgust je dan kada se masovno kre\u0107e na godi\u0161nji odmor. Najve\u0107i ovoljeto\u0161nji turisti\u010dki talas zapljusnu\u0107e danas sva ljetovali\u0161tima. Najmasovnija smjena turista, po ustaljenoj tradiciji, tokom dana\u0161njeg dana obavi\u0107e se u svim vrstama turisti\u010dkog smje\u0161taja na morskoj obali i u planinskim turisti\u010dkim centrima.<\/strong><\/p>\n<p>Najnovija smjena turista najvi\u0161e \u0107e se odraziti na pove\u0107anje broja gostiju koji koriste smje\u0161taj u doma\u0107oj radinosti \u2013 privatnim sobama i apartmanima u kojima ima slobodnih mjesta, dok su hoteli skoro stopostotno ve\u0107 popunjeni. U ljetovali\u0161tima od Igala do Ulcinja o\u010dekuju najve\u0107i priliv onih gostiju iz regiona i evropskih zemalja koji sti\u017eu u sopstvenom aran\u017emanu.<\/p>\n<p>Danas po\u010dinje Feragosto kada Italijani tradicionalno kre\u0107u na kolektivni godi\u0161nji odmor. Znatan broj italijanskih turista rezervisali su smje\u0161taj u ljetovali\u0161tima na na\u0161em Primorju. Oni uglavnom na odmor putuju u svom aran\u017emanu tako da se narednih dana o\u010dekuje njihov masovniji dolazak.<\/p>\n<p>&nbsp;<\/p>\n<p><a href=\"http:\/\/www.pobjeda.me\/2012\/08\/01\/danas-velika-smjena-gostiju-u-svim-ljetovalistima\/\" target=\"_blank\"><strong><em>N. P.<\/em><\/strong><\/a><\/p>\n<p><a href=\"http:\/\/www.pobjeda.me\/2012\/08\/01\/danas-velika-smjena-gostiju-u-svim-ljetovalistima\/\" target=\"_blank\"><strong>Ovaj tekst je preuzet sa adrese http:\/\/www.pobjeda.me\/2012\/08\/01\/danas-velika-smjena-gostiju-u-svim-ljetovalistima\/<\/strong><\/a><\/p>\n","protected":false},"excerpt":{"rendered":"<p>PODGORICA \u2013 Prvi avgust je dan kada se masovno kre\u0107e na godi\u0161nji odmor. Najve\u0107i ovoljeto\u0161nji turisti\u010dki talas zapljusnu\u0107e danas sva ljetovali\u0161tima. Najmasovnija smjena turista, po ustaljenoj tradiciji, tokom dana\u0161njeg dana obavi\u0107e se u svim vrstama turisti\u010dkog smje\u0161taja na morskoj obali i u planinskim turisti\u010dkim centrima. Najnovija smjena turista najvi\u0161e \u0107e se odraziti na pove\u0107anje broja [&hellip;]<\/p>\n","protected":false},"author":1,"featured_media":0,"comment_status":"open","ping_status":"closed","sticky":false,"template":"","format":"standard","meta":{"spay_email":"","jetpack_publicize_message":"","jetpack_is_tweetstorm":false,"jetpack_publicize_feature_enabled":true},"categories":[6950],"tags":[2392,19],"jetpack_publicize_connections":[],"yoast_head":"<!-- This site is optimized with the Yoast SEO plugin v19.1 - https:\/\/yoast.com\/wordpress\/plugins\/seo\/ -->\n<title>Danas velika smjena gostiju u svim ljetovali\u0161tima  - Lajme nga Ulqini<\/title>\n<meta name=\"description\" content=\"PODGORICA \u2013 Prvi avgust je dan kada se masovno kre\u0107e na godi\u0161nji odmor. Najve\u0107i ovoljeto\u0161nji turisti\u010dki talas zapljusnu\u0107e danas sva ljetovali\u0161tima.\" \/>\n<meta name=\"robots\" content=\"index, follow, max-snippet:-1, max-image-preview:large, max-video-preview:-1\" \/>\n<link rel=\"canonical\" href=\"https:\/\/www.visit-ulcinj.com\/blog\/2012\/08\/02\/danas-velika-smjena-gostiju-u-svim-ljetovalistima\/\" \/>\n<meta property=\"og:locale\" content=\"en_US\" \/>\n<meta property=\"og:type\" content=\"article\" \/>\n<meta property=\"og:title\" content=\"Danas velika smjena gostiju u svim ljetovali\u0161tima  - Lajme nga Ulqini\" \/>\n<meta property=\"og:description\" content=\"PODGORICA \u2013 Prvi avgust je dan kada se masovno kre\u0107e na godi\u0161nji odmor. Najve\u0107i ovoljeto\u0161nji turisti\u010dki talas zapljusnu\u0107e danas sva ljetovali\u0161tima.\" \/>\n<meta property=\"og:url\" content=\"https:\/\/www.visit-ulcinj.com\/blog\/2012\/08\/02\/danas-velika-smjena-gostiju-u-svim-ljetovalistima\/\" \/>\n<meta property=\"og:site_name\" content=\"Lajme nga Ulqini\" \/>\n<meta property=\"article:published_time\" content=\"2012-08-02T13:25:35+00:00\" \/>\n<meta property=\"article:modified_time\" content=\"2012-08-02T13:26:15+00:00\" \/>\n<meta property=\"og:image\" content=\"http:\/\/www.visit-ulcinj.com\/blog\/wp-content\/uploads\/2012\/08\/mala-plaza-ulcinj.jpg\" \/>\n<meta name=\"twitter:label1\" content=\"Written by\" \/>\n\t<meta name=\"twitter:data1\" content=\"ulqini\" \/>\n\t<meta name=\"twitter:label2\" content=\"Est. reading time\" \/>\n\t<meta name=\"twitter:data2\" content=\"1 minute\" \/>\n<script type=\"application\/ld+json\" class=\"yoast-schema-graph\">{\"@context\":\"https:\/\/schema.org\",\"@graph\":[{\"@type\":\"WebSite\",\"@id\":\"https:\/\/www.visit-ulcinj.com\/blog\/#website\",\"url\":\"https:\/\/www.visit-ulcinj.com\/blog\/\",\"name\":\"Lajme nga Ulqini\",\"description\":\"Lajme,Vijesti,Ulqini,Ulqin,Crna Gora,Mali i Zi\",\"potentialAction\":[{\"@type\":\"SearchAction\",\"target\":{\"@type\":\"EntryPoint\",\"urlTemplate\":\"https:\/\/www.visit-ulcinj.com\/blog\/?s={search_term_string}\"},\"query-input\":\"required name=search_term_string\"}],\"inLanguage\":\"en-US\"},{\"@type\":\"ImageObject\",\"inLanguage\":\"en-US\",\"@id\":\"https:\/\/www.visit-ulcinj.com\/blog\/2012\/08\/02\/danas-velika-smjena-gostiju-u-svim-ljetovalistima\/#primaryimage\",\"url\":\"https:\/\/www.visit-ulcinj.com\/blog\/wp-content\/uploads\/2012\/08\/mala-plaza-ulcinj.jpg\",\"contentUrl\":\"https:\/\/www.visit-ulcinj.com\/blog\/wp-content\/uploads\/2012\/08\/mala-plaza-ulcinj.jpg\",\"width\":\"468\",\"height\":\"285\"},{\"@type\":\"WebPage\",\"@id\":\"https:\/\/www.visit-ulcinj.com\/blog\/2012\/08\/02\/danas-velika-smjena-gostiju-u-svim-ljetovalistima\/#webpage\",\"url\":\"https:\/\/www.visit-ulcinj.com\/blog\/2012\/08\/02\/danas-velika-smjena-gostiju-u-svim-ljetovalistima\/\",\"name\":\"Danas velika smjena gostiju u svim ljetovali\u0161tima - Lajme nga Ulqini\",\"isPartOf\":{\"@id\":\"https:\/\/www.visit-ulcinj.com\/blog\/#website\"},\"primaryImageOfPage\":{\"@id\":\"https:\/\/www.visit-ulcinj.com\/blog\/2012\/08\/02\/danas-velika-smjena-gostiju-u-svim-ljetovalistima\/#primaryimage\"},\"datePublished\":\"2012-08-02T13:25:35+00:00\",\"dateModified\":\"2012-08-02T13:26:15+00:00\",\"author\":{\"@id\":\"https:\/\/www.visit-ulcinj.com\/blog\/#\/schema\/person\/dcab619c614d3038751c63bc2aadc06d\"},\"description\":\"PODGORICA \u2013 Prvi avgust je dan kada se masovno kre\u0107e na godi\u0161nji odmor. Najve\u0107i ovoljeto\u0161nji turisti\u010dki talas zapljusnu\u0107e danas sva ljetovali\u0161tima.\",\"breadcrumb\":{\"@id\":\"https:\/\/www.visit-ulcinj.com\/blog\/2012\/08\/02\/danas-velika-smjena-gostiju-u-svim-ljetovalistima\/#breadcrumb\"},\"inLanguage\":\"en-US\",\"potentialAction\":[{\"@type\":\"ReadAction\",\"target\":[\"https:\/\/www.visit-ulcinj.com\/blog\/2012\/08\/02\/danas-velika-smjena-gostiju-u-svim-ljetovalistima\/\"]}]},{\"@type\":\"BreadcrumbList\",\"@id\":\"https:\/\/www.visit-ulcinj.com\/blog\/2012\/08\/02\/danas-velika-smjena-gostiju-u-svim-ljetovalistima\/#breadcrumb\",\"itemListElement\":[{\"@type\":\"ListItem\",\"position\":1,\"name\":\"Danas velika smjena gostiju u svim ljetovali\u0161tima\"}]},{\"@type\":\"Person\",\"@id\":\"https:\/\/www.visit-ulcinj.com\/blog\/#\/schema\/person\/dcab619c614d3038751c63bc2aadc06d\",\"name\":\"ulqini\",\"sameAs\":[\"http:\/\/www.visit-ulcinj.com\"],\"url\":\"https:\/\/www.visit-ulcinj.com\/blog\/author\/admin\/\"}]}<\/script>\n<!-- \/ Yoast SEO plugin. -->","yoast_head_json":{"title":"Danas velika smjena gostiju u svim ljetovali\u0161tima  - Lajme nga Ulqini","description":"PODGORICA \u2013 Prvi avgust je dan kada se masovno kre\u0107e na godi\u0161nji odmor. Najve\u0107i ovoljeto\u0161nji turisti\u010dki talas zapljusnu\u0107e danas sva ljetovali\u0161tima.","robots":{"index":"index","follow":"follow","max-snippet":"max-snippet:-1","max-image-preview":"max-image-preview:large","max-video-preview":"max-video-preview:-1"},"canonical":"https:\/\/www.visit-ulcinj.com\/blog\/2012\/08\/02\/danas-velika-smjena-gostiju-u-svim-ljetovalistima\/","og_locale":"en_US","og_type":"article","og_title":"Danas velika smjena gostiju u svim ljetovali\u0161tima  - Lajme nga Ulqini","og_description":"PODGORICA \u2013 Prvi avgust je dan kada se masovno kre\u0107e na godi\u0161nji odmor. Najve\u0107i ovoljeto\u0161nji turisti\u010dki talas zapljusnu\u0107e danas sva ljetovali\u0161tima.","og_url":"https:\/\/www.visit-ulcinj.com\/blog\/2012\/08\/02\/danas-velika-smjena-gostiju-u-svim-ljetovalistima\/","og_site_name":"Lajme nga Ulqini","article_published_time":"2012-08-02T13:25:35+00:00","article_modified_time":"2012-08-02T13:26:15+00:00","og_image":[{"url":"http:\/\/www.visit-ulcinj.com\/blog\/wp-content\/uploads\/2012\/08\/mala-plaza-ulcinj.jpg"}],"twitter_misc":{"Written by":"ulqini","Est. reading time":"1 minute"},"schema":{"@context":"https:\/\/schema.org","@graph":[{"@type":"WebSite","@id":"https:\/\/www.visit-ulcinj.com\/blog\/#website","url":"https:\/\/www.visit-ulcinj.com\/blog\/","name":"Lajme nga Ulqini","description":"Lajme,Vijesti,Ulqini,Ulqin,Crna Gora,Mali i Zi","potentialAction":[{"@type":"SearchAction","target":{"@type":"EntryPoint","urlTemplate":"https:\/\/www.visit-ulcinj.com\/blog\/?s={search_term_string}"},"query-input":"required name=search_term_string"}],"inLanguage":"en-US"},{"@type":"ImageObject","inLanguage":"en-US","@id":"https:\/\/www.visit-ulcinj.com\/blog\/2012\/08\/02\/danas-velika-smjena-gostiju-u-svim-ljetovalistima\/#primaryimage","url":"https:\/\/www.visit-ulcinj.com\/blog\/wp-content\/uploads\/2012\/08\/mala-plaza-ulcinj.jpg","contentUrl":"https:\/\/www.visit-ulcinj.com\/blog\/wp-content\/uploads\/2012\/08\/mala-plaza-ulcinj.jpg","width":"468","height":"285"},{"@type":"WebPage","@id":"https:\/\/www.visit-ulcinj.com\/blog\/2012\/08\/02\/danas-velika-smjena-gostiju-u-svim-ljetovalistima\/#webpage","url":"https:\/\/www.visit-ulcinj.com\/blog\/2012\/08\/02\/danas-velika-smjena-gostiju-u-svim-ljetovalistima\/","name":"Danas velika smjena gostiju u svim ljetovali\u0161tima - Lajme nga Ulqini","isPartOf":{"@id":"https:\/\/www.visit-ulcinj.com\/blog\/#website"},"primaryImageOfPage":{"@id":"https:\/\/www.visit-ulcinj.com\/blog\/2012\/08\/02\/danas-velika-smjena-gostiju-u-svim-ljetovalistima\/#primaryimage"},"datePublished":"2012-08-02T13:25:35+00:00","dateModified":"2012-08-02T13:26:15+00:00","author":{"@id":"https:\/\/www.visit-ulcinj.com\/blog\/#\/schema\/person\/dcab619c614d3038751c63bc2aadc06d"},"description":"PODGORICA \u2013 Prvi avgust je dan kada se masovno kre\u0107e na godi\u0161nji odmor. Najve\u0107i ovoljeto\u0161nji turisti\u010dki talas zapljusnu\u0107e danas sva ljetovali\u0161tima.","breadcrumb":{"@id":"https:\/\/www.visit-ulcinj.com\/blog\/2012\/08\/02\/danas-velika-smjena-gostiju-u-svim-ljetovalistima\/#breadcrumb"},"inLanguage":"en-US","potentialAction":[{"@type":"ReadAction","target":["https:\/\/www.visit-ulcinj.com\/blog\/2012\/08\/02\/danas-velika-smjena-gostiju-u-svim-ljetovalistima\/"]}]},{"@type":"BreadcrumbList","@id":"https:\/\/www.visit-ulcinj.com\/blog\/2012\/08\/02\/danas-velika-smjena-gostiju-u-svim-ljetovalistima\/#breadcrumb","itemListElement":[{"@type":"ListItem","position":1,"name":"Danas velika smjena gostiju u svim ljetovali\u0161tima"}]},{"@type":"Person","@id":"https:\/\/www.visit-ulcinj.com\/blog\/#\/schema\/person\/dcab619c614d3038751c63bc2aadc06d","name":"ulqini","sameAs":["http:\/\/www.visit-ulcinj.com"],"url":"https:\/\/www.visit-ulcinj.com\/blog\/author\/admin\/"}]}},"jetpack_featured_media_url":"","jetpack_sharing_enabled":true,"jetpack_shortlink":"https:\/\/wp.me\/pe6lTn-ggz","_links":{"self":[{"href":"https:\/\/www.visit-ulcinj.com\/blog\/wp-json\/wp\/v2\/posts\/62531"}],"collection":[{"href":"https:\/\/www.visit-ulcinj.com\/blog\/wp-json\/wp\/v2\/posts"}],"about":[{"href":"https:\/\/www.visit-ulcinj.com\/blog\/wp-json\/wp\/v2\/types\/post"}],"author":[{"embeddable":true,"href":"https:\/\/www.visit-ulcinj.com\/blog\/wp-json\/wp\/v2\/users\/1"}],"replies":[{"embeddable":true,"href":"https:\/\/www.visit-ulcinj.com\/blog\/wp-json\/wp\/v2\/comments?post=62531"}],"version-history":[{"count":3,"href":"https:\/\/www.visit-ulcinj.com\/blog\/wp-json\/wp\/v2\/posts\/62531\/revisions"}],"predecessor-version":[{"id":62535,"href":"https:\/\/www.visit-ulcinj.com\/blog\/wp-json\/wp\/v2\/posts\/62531\/revisions\/62535"}],"wp:attachment":[{"href":"https:\/\/www.visit-ulcinj.com\/blog\/wp-json\/wp\/v2\/media?parent=62531"}],"wp:term":[{"taxonomy":"category","embeddable":true,"href":"https:\/\/www.visit-ulcinj.com\/blog\/wp-json\/wp\/v2\/categories?post=62531"},{"taxonomy":"post_tag","embeddable":true,"href":"https:\/\/www.visit-ulcinj.com\/blog\/wp-json\/wp\/v2\/tags?post=62531"}],"curies":[{"name":"wp","href":"https:\/\/api.w.org\/{rel}","templated":true}]}}