{"id":62557,"date":"2012-08-03T07:20:32","date_gmt":"2012-08-03T06:20:32","guid":{"rendered":"http:\/\/www.visit-ulcinj.com\/blog\/?p=62557"},"modified":"2012-08-03T07:22:51","modified_gmt":"2012-08-03T06:22:51","slug":"punesim-i-lehtesuar-ne-gjermani-per-persona-me-kualifikim-te-larte","status":"publish","type":"post","link":"https:\/\/www.visit-ulcinj.com\/blog\/2012\/08\/03\/punesim-i-lehtesuar-ne-gjermani-per-persona-me-kualifikim-te-larte\/","title":{"rendered":"Pun\u00ebsim i leht\u00ebsuar n\u00eb Gjermani p\u00ebr persona me kualifikim t\u00eb lart\u00eb"},"content":{"rendered":"<p><a href=\"http:\/\/www.visit-ulcinj.com\/blog\/wp-content\/uploads\/2012\/08\/Ambasadori-i-Republik\u00ebs-Federale-t\u00eb-Gjermanis\u00eb-n\u00eb-Kosov\u00eb-Dr.-Ernst-Reishel.jpg\"><img loading=\"lazy\" class=\"alignleft  wp-image-62558\" title=\"...\" src=\"http:\/\/www.visit-ulcinj.com\/blog\/wp-content\/uploads\/2012\/08\/Ambasadori-i-Republik\u00ebs-Federale-t\u00eb-Gjermanis\u00eb-n\u00eb-Kosov\u00eb-Dr.-Ernst-Reishel.jpg\" alt=\"\" width=\"508\" height=\"360\" \/><\/a>Ambasadori i Republik\u00ebs Federale t\u00eb Gjermanis\u00eb n\u00eb Kosov\u00eb, Dr. Ernst Reishel, i referohet sot leht\u00ebsimeve, t\u00eb cilat kan\u00eb hyr\u00eb n\u00eb fuqi, p\u00ebr sa i p\u00ebrket pun\u00ebsimit t\u00eb personave me kualifikim t\u00eb lart\u00eb n\u00eb Gjermani. &#8220;N\u00eb Gjermani ka munges\u00eb t\u00eb fuqis\u00eb pun\u00ebtore n\u00eb nj\u00eb s\u00ebr\u00eb profesionesh t\u00eb kualifikimit t\u00eb lart\u00eb. Q\u00eb nga dje, parakushtet, p\u00ebrmbushja e t\u00eb cilave iu mund\u00ebson absolvent\u00ebve shkollave t\u00eb larta dhe universiteteve pun\u00ebsimin n\u00eb Gjermani, jan\u00eb reduktuar ndjesh\u00ebm. Un\u00eb jam i bindur se pik\u00ebrisht n\u00eb Kosov\u00eb ka njer\u00ebz, t\u00eb cil\u00ebt i p\u00ebrmbushin k\u00ebto kushte dhe t\u00eb cil\u00ebt p\u00ebr shkak t\u00eb lidhjeve familjare&#8221;, tha Reishell.<br \/>\n<strong>Kosovasot<\/strong><\/p>\n<h3><a href=\"http:\/\/www.pristina.diplo.de\/Vertretung\/pristina\/sq\/01\/Kopie_20von_20Visabestimmungen\/__Seite-Blaue-Karte.html\" target=\"_blank\">Nga Ambasada Gjermane Prishtin\u00eb njoftohet<\/a><\/h3>\n<p><a href=\"http:\/\/www.pristina.diplo.de\/Vertretung\/pristina\/sq\/01\/Kopie_20von_20Visabestimmungen\/__Seite-Blaue-Karte.html\" target=\"_blank\">M\u00eb 1 gusht 2012 jan\u00eb vendosur leht\u00ebsime n\u00eb parakushtet ligjore p\u00ebr pun\u00ebsim t\u00eb ekspert\u00ebve me kualifikim t\u00eb lart\u00eb n\u00eb Gjermani. Ky vendim ka p\u00ebr q\u00ebllim q\u00eb Republik\u00ebn Federale t\u00eb Gjermanis\u00eb ta b\u00ebj\u00eb m\u00eb atraktive p\u00ebr imigrant\u00ebt e huaj me nj\u00eb kualifikim t\u00eb mir\u00eb arsimor. Titulli i ri i q\u00ebndrimit zyrtarisht quhet \u201eKarta e kalt\u00ebr BE\u201c (Blaue Karte EU). Krahas k\u00ebsaj p\u00ebr ekspert\u00eb t\u00eb kualifikuar \u00ebsht\u00eb vendosur edhe nj\u00eb titull i q\u00ebndrimit p\u00ebr k\u00ebrkim t\u00eb vendit t\u00eb pun\u00ebs.<\/a><\/p>\n<h3><a href=\"http:\/\/www.pristina.diplo.de\/Vertretung\/pristina\/sq\/01\/Kopie_20von_20Visabestimmungen\/__Seite-Blaue-Karte.html\" target=\"_blank\">Ambasada Gjermane Prishtin\u00eb<\/a><\/h3>\n<p><a href=\"http:\/\/www.pristina.diplo.de\/Vertretung\/pristina\/sq\/01\/Kopie_20von_20Visabestimmungen\/__Seite-Blaue-Karte.html\" target=\"_blank\">\u00a0<\/a><\/p>\n<ul>\n<li><a href=\"http:\/\/www.pristina.diplo.de\/Vertretung\/pristina\/sq\/01\/Kopie_20von_20Visabestimmungen\/__Seite-Blaue-Karte.html\" target=\"_blank\"><strong>&#8212;<\/strong> <strong>K\u00ebrkesat dhe parakushtet<\/strong> <strong>&#8212;<\/strong><\/a><\/li>\n<li><a href=\"http:\/\/www.pristina.diplo.de\/Vertretung\/pristina\/sq\/01\/Kopie_20von_20Visabestimmungen\/__Seite-Blaue-Karte.html\" target=\"_blank\"><strong>&#8212;<\/strong> <strong>T\u00eb ve\u00e7an\u00ebtat p\u00ebr personat me kualifikim t\u00eb lart\u00eb n\u00eb profesione, n\u00eb t\u00eb cilat ka munges\u00eb t\u00eb fuqis\u00eb pun\u00ebtore<\/strong> <strong>&#8212;<\/strong><\/a><\/li>\n<li><a href=\"http:\/\/www.pristina.diplo.de\/Vertretung\/pristina\/sq\/01\/Kopie_20von_20Visabestimmungen\/__Seite-Blaue-Karte.html\" target=\"_blank\"><strong>&#8212;<\/strong> <strong>Procedura e viz\u00ebs<\/strong> <strong>&#8212;<\/strong><\/a><\/li>\n<li><a href=\"http:\/\/www.pristina.diplo.de\/Vertretung\/pristina\/sq\/01\/Kopie_20von_20Visabestimmungen\/__Seite-Blaue-Karte.html\" target=\"_blank\"><strong>&#8212;<\/strong> <strong>Vlefshm\u00ebria e \u201eKart\u00ebs s\u00eb Kalt\u00ebr BE\u201c<\/strong> <strong>&#8212;<\/strong><\/a><\/li>\n<li><a href=\"http:\/\/www.pristina.diplo.de\/Vertretung\/pristina\/sq\/01\/Kopie_20von_20Visabestimmungen\/__Seite-Blaue-Karte.html\" target=\"_blank\"><strong>&#8211;Bashk\u00ebshorti\/ja dhe f\u00ebmij\u00ebt\u2014<\/strong><\/a><\/li>\n<\/ul>\n","protected":false},"excerpt":{"rendered":"<p>Ambasadori i Republik\u00ebs Federale t\u00eb Gjermanis\u00eb n\u00eb Kosov\u00eb, Dr. Ernst Reishel, i referohet sot leht\u00ebsimeve, t\u00eb cilat kan\u00eb hyr\u00eb n\u00eb fuqi, p\u00ebr sa i p\u00ebrket pun\u00ebsimit t\u00eb personave me kualifikim t\u00eb lart\u00eb n\u00eb Gjermani. &#8220;N\u00eb Gjermani ka munges\u00eb t\u00eb fuqis\u00eb pun\u00ebtore n\u00eb nj\u00eb s\u00ebr\u00eb profesionesh t\u00eb kualifikimit t\u00eb lart\u00eb. Q\u00eb nga dje, parakushtet, p\u00ebrmbushja e [&hellip;]<\/p>\n","protected":false},"author":1,"featured_media":0,"comment_status":"open","ping_status":"closed","sticky":false,"template":"","format":"standard","meta":{"spay_email":"","jetpack_publicize_message":"","jetpack_is_tweetstorm":false,"jetpack_publicize_feature_enabled":true},"categories":[14],"tags":[20850,20851],"jetpack_publicize_connections":[],"yoast_head":"<!-- This site is optimized with the Yoast SEO plugin v19.1 - https:\/\/yoast.com\/wordpress\/plugins\/seo\/ -->\n<title>Pun\u00ebsim i leht\u00ebsuar n\u00eb Gjermani p\u00ebr persona me kualifikim t\u00eb lart\u00eb - Lajme nga Ulqini<\/title>\n<meta name=\"description\" content=\"Ambasadori i Republik\u00ebs Federale t\u00eb Gjermanis\u00eb n\u00eb Kosov\u00eb, Dr. Ernst Reishel, i referohet sot leht\u00ebsimeve, t\u00eb cilat kan\u00eb hyr\u00eb n\u00eb fuqi, p\u00ebr sa i p\u00ebrket\" \/>\n<meta name=\"robots\" content=\"index, follow, max-snippet:-1, max-image-preview:large, max-video-preview:-1\" \/>\n<link rel=\"canonical\" href=\"https:\/\/www.visit-ulcinj.com\/blog\/2012\/08\/03\/punesim-i-lehtesuar-ne-gjermani-per-persona-me-kualifikim-te-larte\/\" \/>\n<meta property=\"og:locale\" content=\"en_US\" \/>\n<meta property=\"og:type\" content=\"article\" \/>\n<meta property=\"og:title\" content=\"Pun\u00ebsim i leht\u00ebsuar n\u00eb Gjermani p\u00ebr persona me kualifikim t\u00eb lart\u00eb - Lajme nga Ulqini\" \/>\n<meta property=\"og:description\" content=\"Ambasadori i Republik\u00ebs Federale t\u00eb Gjermanis\u00eb n\u00eb Kosov\u00eb, Dr. Ernst Reishel, i referohet sot leht\u00ebsimeve, t\u00eb cilat kan\u00eb hyr\u00eb n\u00eb fuqi, p\u00ebr sa i p\u00ebrket\" \/>\n<meta property=\"og:url\" content=\"https:\/\/www.visit-ulcinj.com\/blog\/2012\/08\/03\/punesim-i-lehtesuar-ne-gjermani-per-persona-me-kualifikim-te-larte\/\" \/>\n<meta property=\"og:site_name\" content=\"Lajme nga Ulqini\" \/>\n<meta property=\"article:published_time\" content=\"2012-08-03T06:20:32+00:00\" \/>\n<meta property=\"article:modified_time\" content=\"2012-08-03T06:22:51+00:00\" \/>\n<meta name=\"twitter:label1\" content=\"Written by\" \/>\n\t<meta name=\"twitter:data1\" content=\"ulqini\" \/>\n\t<meta name=\"twitter:label2\" content=\"Est. reading time\" \/>\n\t<meta name=\"twitter:data2\" content=\"1 minute\" \/>\n<script type=\"application\/ld+json\" class=\"yoast-schema-graph\">{\"@context\":\"https:\/\/schema.org\",\"@graph\":[{\"@type\":\"WebSite\",\"@id\":\"https:\/\/www.visit-ulcinj.com\/blog\/#website\",\"url\":\"https:\/\/www.visit-ulcinj.com\/blog\/\",\"name\":\"Lajme nga Ulqini\",\"description\":\"Lajme,Vijesti,Ulqini,Ulqin,Crna Gora,Mali i Zi\",\"potentialAction\":[{\"@type\":\"SearchAction\",\"target\":{\"@type\":\"EntryPoint\",\"urlTemplate\":\"https:\/\/www.visit-ulcinj.com\/blog\/?s={search_term_string}\"},\"query-input\":\"required name=search_term_string\"}],\"inLanguage\":\"en-US\"},{\"@type\":\"WebPage\",\"@id\":\"https:\/\/www.visit-ulcinj.com\/blog\/2012\/08\/03\/punesim-i-lehtesuar-ne-gjermani-per-persona-me-kualifikim-te-larte\/#webpage\",\"url\":\"https:\/\/www.visit-ulcinj.com\/blog\/2012\/08\/03\/punesim-i-lehtesuar-ne-gjermani-per-persona-me-kualifikim-te-larte\/\",\"name\":\"Pun\u00ebsim i leht\u00ebsuar n\u00eb Gjermani p\u00ebr persona me kualifikim t\u00eb lart\u00eb - Lajme nga Ulqini\",\"isPartOf\":{\"@id\":\"https:\/\/www.visit-ulcinj.com\/blog\/#website\"},\"datePublished\":\"2012-08-03T06:20:32+00:00\",\"dateModified\":\"2012-08-03T06:22:51+00:00\",\"author\":{\"@id\":\"https:\/\/www.visit-ulcinj.com\/blog\/#\/schema\/person\/dcab619c614d3038751c63bc2aadc06d\"},\"description\":\"Ambasadori i Republik\u00ebs Federale t\u00eb Gjermanis\u00eb n\u00eb Kosov\u00eb, Dr. Ernst Reishel, i referohet sot leht\u00ebsimeve, t\u00eb cilat kan\u00eb hyr\u00eb n\u00eb fuqi, p\u00ebr sa i p\u00ebrket\",\"breadcrumb\":{\"@id\":\"https:\/\/www.visit-ulcinj.com\/blog\/2012\/08\/03\/punesim-i-lehtesuar-ne-gjermani-per-persona-me-kualifikim-te-larte\/#breadcrumb\"},\"inLanguage\":\"en-US\",\"potentialAction\":[{\"@type\":\"ReadAction\",\"target\":[\"https:\/\/www.visit-ulcinj.com\/blog\/2012\/08\/03\/punesim-i-lehtesuar-ne-gjermani-per-persona-me-kualifikim-te-larte\/\"]}]},{\"@type\":\"BreadcrumbList\",\"@id\":\"https:\/\/www.visit-ulcinj.com\/blog\/2012\/08\/03\/punesim-i-lehtesuar-ne-gjermani-per-persona-me-kualifikim-te-larte\/#breadcrumb\",\"itemListElement\":[{\"@type\":\"ListItem\",\"position\":1,\"name\":\"Pun\u00ebsim i leht\u00ebsuar n\u00eb Gjermani p\u00ebr persona me kualifikim t\u00eb lart\u00eb\"}]},{\"@type\":\"Person\",\"@id\":\"https:\/\/www.visit-ulcinj.com\/blog\/#\/schema\/person\/dcab619c614d3038751c63bc2aadc06d\",\"name\":\"ulqini\",\"sameAs\":[\"http:\/\/www.visit-ulcinj.com\"],\"url\":\"https:\/\/www.visit-ulcinj.com\/blog\/author\/admin\/\"}]}<\/script>\n<!-- \/ Yoast SEO plugin. -->","yoast_head_json":{"title":"Pun\u00ebsim i leht\u00ebsuar n\u00eb Gjermani p\u00ebr persona me kualifikim t\u00eb lart\u00eb - Lajme nga Ulqini","description":"Ambasadori i Republik\u00ebs Federale t\u00eb Gjermanis\u00eb n\u00eb Kosov\u00eb, Dr. Ernst Reishel, i referohet sot leht\u00ebsimeve, t\u00eb cilat kan\u00eb hyr\u00eb n\u00eb fuqi, p\u00ebr sa i p\u00ebrket","robots":{"index":"index","follow":"follow","max-snippet":"max-snippet:-1","max-image-preview":"max-image-preview:large","max-video-preview":"max-video-preview:-1"},"canonical":"https:\/\/www.visit-ulcinj.com\/blog\/2012\/08\/03\/punesim-i-lehtesuar-ne-gjermani-per-persona-me-kualifikim-te-larte\/","og_locale":"en_US","og_type":"article","og_title":"Pun\u00ebsim i leht\u00ebsuar n\u00eb Gjermani p\u00ebr persona me kualifikim t\u00eb lart\u00eb - Lajme nga Ulqini","og_description":"Ambasadori i Republik\u00ebs Federale t\u00eb Gjermanis\u00eb n\u00eb Kosov\u00eb, Dr. Ernst Reishel, i referohet sot leht\u00ebsimeve, t\u00eb cilat kan\u00eb hyr\u00eb n\u00eb fuqi, p\u00ebr sa i p\u00ebrket","og_url":"https:\/\/www.visit-ulcinj.com\/blog\/2012\/08\/03\/punesim-i-lehtesuar-ne-gjermani-per-persona-me-kualifikim-te-larte\/","og_site_name":"Lajme nga Ulqini","article_published_time":"2012-08-03T06:20:32+00:00","article_modified_time":"2012-08-03T06:22:51+00:00","twitter_misc":{"Written by":"ulqini","Est. reading time":"1 minute"},"schema":{"@context":"https:\/\/schema.org","@graph":[{"@type":"WebSite","@id":"https:\/\/www.visit-ulcinj.com\/blog\/#website","url":"https:\/\/www.visit-ulcinj.com\/blog\/","name":"Lajme nga Ulqini","description":"Lajme,Vijesti,Ulqini,Ulqin,Crna Gora,Mali i Zi","potentialAction":[{"@type":"SearchAction","target":{"@type":"EntryPoint","urlTemplate":"https:\/\/www.visit-ulcinj.com\/blog\/?s={search_term_string}"},"query-input":"required name=search_term_string"}],"inLanguage":"en-US"},{"@type":"WebPage","@id":"https:\/\/www.visit-ulcinj.com\/blog\/2012\/08\/03\/punesim-i-lehtesuar-ne-gjermani-per-persona-me-kualifikim-te-larte\/#webpage","url":"https:\/\/www.visit-ulcinj.com\/blog\/2012\/08\/03\/punesim-i-lehtesuar-ne-gjermani-per-persona-me-kualifikim-te-larte\/","name":"Pun\u00ebsim i leht\u00ebsuar n\u00eb Gjermani p\u00ebr persona me kualifikim t\u00eb lart\u00eb - Lajme nga Ulqini","isPartOf":{"@id":"https:\/\/www.visit-ulcinj.com\/blog\/#website"},"datePublished":"2012-08-03T06:20:32+00:00","dateModified":"2012-08-03T06:22:51+00:00","author":{"@id":"https:\/\/www.visit-ulcinj.com\/blog\/#\/schema\/person\/dcab619c614d3038751c63bc2aadc06d"},"description":"Ambasadori i Republik\u00ebs Federale t\u00eb Gjermanis\u00eb n\u00eb Kosov\u00eb, Dr. Ernst Reishel, i referohet sot leht\u00ebsimeve, t\u00eb cilat kan\u00eb hyr\u00eb n\u00eb fuqi, p\u00ebr sa i p\u00ebrket","breadcrumb":{"@id":"https:\/\/www.visit-ulcinj.com\/blog\/2012\/08\/03\/punesim-i-lehtesuar-ne-gjermani-per-persona-me-kualifikim-te-larte\/#breadcrumb"},"inLanguage":"en-US","potentialAction":[{"@type":"ReadAction","target":["https:\/\/www.visit-ulcinj.com\/blog\/2012\/08\/03\/punesim-i-lehtesuar-ne-gjermani-per-persona-me-kualifikim-te-larte\/"]}]},{"@type":"BreadcrumbList","@id":"https:\/\/www.visit-ulcinj.com\/blog\/2012\/08\/03\/punesim-i-lehtesuar-ne-gjermani-per-persona-me-kualifikim-te-larte\/#breadcrumb","itemListElement":[{"@type":"ListItem","position":1,"name":"Pun\u00ebsim i leht\u00ebsuar n\u00eb Gjermani p\u00ebr persona me kualifikim t\u00eb lart\u00eb"}]},{"@type":"Person","@id":"https:\/\/www.visit-ulcinj.com\/blog\/#\/schema\/person\/dcab619c614d3038751c63bc2aadc06d","name":"ulqini","sameAs":["http:\/\/www.visit-ulcinj.com"],"url":"https:\/\/www.visit-ulcinj.com\/blog\/author\/admin\/"}]}},"jetpack_featured_media_url":"","jetpack_sharing_enabled":true,"jetpack_shortlink":"https:\/\/wp.me\/pe6lTn-ggZ","_links":{"self":[{"href":"https:\/\/www.visit-ulcinj.com\/blog\/wp-json\/wp\/v2\/posts\/62557"}],"collection":[{"href":"https:\/\/www.visit-ulcinj.com\/blog\/wp-json\/wp\/v2\/posts"}],"about":[{"href":"https:\/\/www.visit-ulcinj.com\/blog\/wp-json\/wp\/v2\/types\/post"}],"author":[{"embeddable":true,"href":"https:\/\/www.visit-ulcinj.com\/blog\/wp-json\/wp\/v2\/users\/1"}],"replies":[{"embeddable":true,"href":"https:\/\/www.visit-ulcinj.com\/blog\/wp-json\/wp\/v2\/comments?post=62557"}],"version-history":[{"count":2,"href":"https:\/\/www.visit-ulcinj.com\/blog\/wp-json\/wp\/v2\/posts\/62557\/revisions"}],"predecessor-version":[{"id":62560,"href":"https:\/\/www.visit-ulcinj.com\/blog\/wp-json\/wp\/v2\/posts\/62557\/revisions\/62560"}],"wp:attachment":[{"href":"https:\/\/www.visit-ulcinj.com\/blog\/wp-json\/wp\/v2\/media?parent=62557"}],"wp:term":[{"taxonomy":"category","embeddable":true,"href":"https:\/\/www.visit-ulcinj.com\/blog\/wp-json\/wp\/v2\/categories?post=62557"},{"taxonomy":"post_tag","embeddable":true,"href":"https:\/\/www.visit-ulcinj.com\/blog\/wp-json\/wp\/v2\/tags?post=62557"}],"curies":[{"name":"wp","href":"https:\/\/api.w.org\/{rel}","templated":true}]}}