{"id":62578,"date":"2012-08-03T13:50:10","date_gmt":"2012-08-03T12:50:10","guid":{"rendered":"http:\/\/www.visit-ulcinj.com\/blog\/?p=62578"},"modified":"2012-08-04T12:03:14","modified_gmt":"2012-08-04T11:03:14","slug":"bilanci-periodike-i-turisteve-ne-ulqin-nga-otu","status":"publish","type":"post","link":"https:\/\/www.visit-ulcinj.com\/blog\/2012\/08\/03\/bilanci-periodike-i-turisteve-ne-ulqin-nga-otu\/","title":{"rendered":"Bilanci periodik\u00eb i turist\u00ebve n\u00eb Ulqin nga OTU"},"content":{"rendered":"<p><a href=\"http:\/\/www.visit-ulcinj.com\/blog\/wp-content\/uploads\/2012\/08\/Organizata-Turistike-e-Ulqinit.jpg\"><img loading=\"lazy\" class=\"alignleft size-full wp-image-62606\" title=\"Organizata Turistike e Ulqinit\" src=\"http:\/\/www.visit-ulcinj.com\/blog\/wp-content\/uploads\/2012\/08\/Organizata-Turistike-e-Ulqinit.jpg\" alt=\"\" width=\"349\" height=\"173\" srcset=\"https:\/\/www.visit-ulcinj.com\/blog\/wp-content\/uploads\/2012\/08\/Organizata-Turistike-e-Ulqinit.jpg 349w, https:\/\/www.visit-ulcinj.com\/blog\/wp-content\/uploads\/2012\/08\/Organizata-Turistike-e-Ulqinit-300x148.jpg 300w\" sizes=\"(max-width: 349px) 100vw, 349px\" \/><\/a>Kriza ekonomike u pasqyrua edhe n\u00eb numrin e turist\u00ebve n\u00eb k\u00ebt\u00eb sezon veror 2012 edhe n\u00eb bregdetin e Ulqinit. Pas nj\u00eb sezoni shum\u00eb t\u00eb mbar\u00eb t\u00eb nj\u00eb viti m\u00eb par\u00eb, t\u00eb gjith\u00eb menduam e shpresuam se viti 2012 do t\u00eb sillte nj\u00eb boom n\u00eb nj\u00eb prej sektor\u00ebve m\u00eb potencial\u00eb n\u00eb vend.<br \/>\nArdhjet e shumta t\u00eb turist\u00ebve nga Bosna,Maqedonia dhe atyre Kosovar\u00eb gjat\u00eb ver\u00ebs s\u00eb vitit 2011 na dhan\u00eb shpresa t\u00eb mira p\u00ebr nj\u00eb sezon edhe m\u00eb t\u00eb mir\u00eb, por duket se nuk ndodhi k\u00ebshtu.<br \/>\nSe sa esht\u00eb numri i turist\u00ebve n\u00eb hotelet e komun\u00ebs s\u00eb Ulqinit,kallxon tabela e d\u00ebrguar nga Organizata turistike e Ulqinit ku thot\u00eb se jan\u00eb 186 turist\u00eb nga rajoni,dhe 2201 turist\u00eb t\u00eb huaj,ku gjith\u00ebsejt turist\u00eb q\u00eb buajn\u00eb n\u00eb hotele jan\u00eb 2387 vet\u00eb.<br \/>\nNe kampe gjenden dhe jan\u00eb 17 turist\u00eb nga rajoni,dhe 127 turist\u00eb t\u00eb huaj ku gjith\u00ebsejt turist\u00eb q\u00eb buajn\u00eb n\u00eb kampe jan\u00eb 144 vet\u00eb.Ne pushimore\u00a0 jan\u00eb 167 turist\u00eb t\u00eb huaj,\u00e7ka do t\u00eb thot\u00eb se jan\u00eb 2956 turist\u00eb nga rajoni,dhe 18.325 turist\u00eb t\u00eb huaj,ku gjith\u00ebsejt turist\u00eb q\u00eb buajn\u00eb n\u00eb hotele jan\u00eb 21.281 vet\u00eb.<\/p>\n<p><strong>Ja pra edhe informacioni i d\u00ebrguar nga Organizata turistike e Ulqinit:<\/strong><\/p>\n<p>Sa i perket hoteleve kemi rritje per 11% me teper ne krahasim me vitin e kaluar ne kete kohe.<br \/>\nNe kampe kemi 38% me shume, ndersa ne akomodimin privat poashtu me pak se sa vitin e kaluar rreth 4 %.<br \/>\nKeshtu qe gjithsejt ne komunen tone kemi te regjistruar 23.812 turiste, cka do te thote 4% me pak ne krahasim me vitin e kaluar,thuhet ne deklarat\u00ebn e l\u00ebshuar nga Organizata Turistike e Ulqinit .<\/p>\n<!--YouTube Error: bad URL entered-->\n","protected":false},"excerpt":{"rendered":"<p>Kriza ekonomike u pasqyrua edhe n\u00eb numrin e turist\u00ebve n\u00eb k\u00ebt\u00eb sezon veror 2012 edhe n\u00eb bregdetin e Ulqinit. Pas nj\u00eb sezoni shum\u00eb t\u00eb mbar\u00eb t\u00eb nj\u00eb viti m\u00eb par\u00eb, t\u00eb gjith\u00eb menduam e shpresuam se viti 2012 do t\u00eb sillte nj\u00eb boom n\u00eb nj\u00eb prej sektor\u00ebve m\u00eb potencial\u00eb n\u00eb vend. Ardhjet e shumta t\u00eb [&hellip;]<\/p>\n","protected":false},"author":1,"featured_media":0,"comment_status":"open","ping_status":"closed","sticky":false,"template":"","format":"standard","meta":{"spay_email":"","jetpack_publicize_message":"","jetpack_is_tweetstorm":false,"jetpack_publicize_feature_enabled":true},"categories":[12],"tags":[5657],"jetpack_publicize_connections":[],"yoast_head":"<!-- This site is optimized with the Yoast SEO plugin v19.1 - https:\/\/yoast.com\/wordpress\/plugins\/seo\/ -->\n<title>Bilanci periodik\u00eb i turist\u00ebve n\u00eb Ulqin nga OTU - Lajme nga Ulqini<\/title>\n<meta name=\"description\" content=\"Kriza ekonomike u pasqyrua edhe n\u00eb numrin e turist\u00ebve n\u00eb k\u00ebt\u00eb sezon veror 2012 edhe n\u00eb bregdetin e Ulqinit. Pas nj\u00eb sezoni shum\u00eb t\u00eb mbar\u00eb t\u00eb nj\u00eb viti m\u00eb\" \/>\n<meta name=\"robots\" content=\"index, follow, max-snippet:-1, max-image-preview:large, max-video-preview:-1\" \/>\n<link rel=\"canonical\" href=\"https:\/\/www.visit-ulcinj.com\/blog\/2012\/08\/03\/bilanci-periodike-i-turisteve-ne-ulqin-nga-otu\/\" \/>\n<meta property=\"og:locale\" content=\"en_US\" \/>\n<meta property=\"og:type\" content=\"article\" \/>\n<meta property=\"og:title\" content=\"Bilanci periodik\u00eb i turist\u00ebve n\u00eb Ulqin nga OTU - Lajme nga Ulqini\" \/>\n<meta property=\"og:description\" content=\"Kriza ekonomike u pasqyrua edhe n\u00eb numrin e turist\u00ebve n\u00eb k\u00ebt\u00eb sezon veror 2012 edhe n\u00eb bregdetin e Ulqinit. Pas nj\u00eb sezoni shum\u00eb t\u00eb mbar\u00eb t\u00eb nj\u00eb viti m\u00eb\" \/>\n<meta property=\"og:url\" content=\"https:\/\/www.visit-ulcinj.com\/blog\/2012\/08\/03\/bilanci-periodike-i-turisteve-ne-ulqin-nga-otu\/\" \/>\n<meta property=\"og:site_name\" content=\"Lajme nga Ulqini\" \/>\n<meta property=\"article:published_time\" content=\"2012-08-03T12:50:10+00:00\" \/>\n<meta property=\"article:modified_time\" content=\"2012-08-04T11:03:14+00:00\" \/>\n<meta property=\"og:image\" content=\"http:\/\/www.visit-ulcinj.com\/blog\/wp-content\/uploads\/2012\/08\/Organizata-Turistike-e-Ulqinit.jpg\" \/>\n<meta name=\"twitter:label1\" content=\"Written by\" \/>\n\t<meta name=\"twitter:data1\" content=\"ulqini\" \/>\n\t<meta name=\"twitter:label2\" content=\"Est. reading time\" \/>\n\t<meta name=\"twitter:data2\" content=\"1 minute\" \/>\n<script type=\"application\/ld+json\" class=\"yoast-schema-graph\">{\"@context\":\"https:\/\/schema.org\",\"@graph\":[{\"@type\":\"WebSite\",\"@id\":\"https:\/\/www.visit-ulcinj.com\/blog\/#website\",\"url\":\"https:\/\/www.visit-ulcinj.com\/blog\/\",\"name\":\"Lajme nga Ulqini\",\"description\":\"Lajme,Vijesti,Ulqini,Ulqin,Crna Gora,Mali i Zi\",\"potentialAction\":[{\"@type\":\"SearchAction\",\"target\":{\"@type\":\"EntryPoint\",\"urlTemplate\":\"https:\/\/www.visit-ulcinj.com\/blog\/?s={search_term_string}\"},\"query-input\":\"required name=search_term_string\"}],\"inLanguage\":\"en-US\"},{\"@type\":\"ImageObject\",\"inLanguage\":\"en-US\",\"@id\":\"https:\/\/www.visit-ulcinj.com\/blog\/2012\/08\/03\/bilanci-periodike-i-turisteve-ne-ulqin-nga-otu\/#primaryimage\",\"url\":\"https:\/\/www.visit-ulcinj.com\/blog\/wp-content\/uploads\/2012\/08\/Organizata-Turistike-e-Ulqinit.jpg\",\"contentUrl\":\"https:\/\/www.visit-ulcinj.com\/blog\/wp-content\/uploads\/2012\/08\/Organizata-Turistike-e-Ulqinit.jpg\",\"width\":\"349\",\"height\":\"173\"},{\"@type\":\"WebPage\",\"@id\":\"https:\/\/www.visit-ulcinj.com\/blog\/2012\/08\/03\/bilanci-periodike-i-turisteve-ne-ulqin-nga-otu\/#webpage\",\"url\":\"https:\/\/www.visit-ulcinj.com\/blog\/2012\/08\/03\/bilanci-periodike-i-turisteve-ne-ulqin-nga-otu\/\",\"name\":\"Bilanci periodik\u00eb i turist\u00ebve n\u00eb Ulqin nga OTU - Lajme nga Ulqini\",\"isPartOf\":{\"@id\":\"https:\/\/www.visit-ulcinj.com\/blog\/#website\"},\"primaryImageOfPage\":{\"@id\":\"https:\/\/www.visit-ulcinj.com\/blog\/2012\/08\/03\/bilanci-periodike-i-turisteve-ne-ulqin-nga-otu\/#primaryimage\"},\"datePublished\":\"2012-08-03T12:50:10+00:00\",\"dateModified\":\"2012-08-04T11:03:14+00:00\",\"author\":{\"@id\":\"https:\/\/www.visit-ulcinj.com\/blog\/#\/schema\/person\/dcab619c614d3038751c63bc2aadc06d\"},\"description\":\"Kriza ekonomike u pasqyrua edhe n\u00eb numrin e turist\u00ebve n\u00eb k\u00ebt\u00eb sezon veror 2012 edhe n\u00eb bregdetin e Ulqinit. Pas nj\u00eb sezoni shum\u00eb t\u00eb mbar\u00eb t\u00eb nj\u00eb viti m\u00eb\",\"breadcrumb\":{\"@id\":\"https:\/\/www.visit-ulcinj.com\/blog\/2012\/08\/03\/bilanci-periodike-i-turisteve-ne-ulqin-nga-otu\/#breadcrumb\"},\"inLanguage\":\"en-US\",\"potentialAction\":[{\"@type\":\"ReadAction\",\"target\":[\"https:\/\/www.visit-ulcinj.com\/blog\/2012\/08\/03\/bilanci-periodike-i-turisteve-ne-ulqin-nga-otu\/\"]}]},{\"@type\":\"BreadcrumbList\",\"@id\":\"https:\/\/www.visit-ulcinj.com\/blog\/2012\/08\/03\/bilanci-periodike-i-turisteve-ne-ulqin-nga-otu\/#breadcrumb\",\"itemListElement\":[{\"@type\":\"ListItem\",\"position\":1,\"name\":\"Bilanci periodik\u00eb i turist\u00ebve n\u00eb Ulqin nga OTU\"}]},{\"@type\":\"Person\",\"@id\":\"https:\/\/www.visit-ulcinj.com\/blog\/#\/schema\/person\/dcab619c614d3038751c63bc2aadc06d\",\"name\":\"ulqini\",\"sameAs\":[\"http:\/\/www.visit-ulcinj.com\"],\"url\":\"https:\/\/www.visit-ulcinj.com\/blog\/author\/admin\/\"}]}<\/script>\n<!-- \/ Yoast SEO plugin. -->","yoast_head_json":{"title":"Bilanci periodik\u00eb i turist\u00ebve n\u00eb Ulqin nga OTU - Lajme nga Ulqini","description":"Kriza ekonomike u pasqyrua edhe n\u00eb numrin e turist\u00ebve n\u00eb k\u00ebt\u00eb sezon veror 2012 edhe n\u00eb bregdetin e Ulqinit. Pas nj\u00eb sezoni shum\u00eb t\u00eb mbar\u00eb t\u00eb nj\u00eb viti m\u00eb","robots":{"index":"index","follow":"follow","max-snippet":"max-snippet:-1","max-image-preview":"max-image-preview:large","max-video-preview":"max-video-preview:-1"},"canonical":"https:\/\/www.visit-ulcinj.com\/blog\/2012\/08\/03\/bilanci-periodike-i-turisteve-ne-ulqin-nga-otu\/","og_locale":"en_US","og_type":"article","og_title":"Bilanci periodik\u00eb i turist\u00ebve n\u00eb Ulqin nga OTU - Lajme nga Ulqini","og_description":"Kriza ekonomike u pasqyrua edhe n\u00eb numrin e turist\u00ebve n\u00eb k\u00ebt\u00eb sezon veror 2012 edhe n\u00eb bregdetin e Ulqinit. Pas nj\u00eb sezoni shum\u00eb t\u00eb mbar\u00eb t\u00eb nj\u00eb viti m\u00eb","og_url":"https:\/\/www.visit-ulcinj.com\/blog\/2012\/08\/03\/bilanci-periodike-i-turisteve-ne-ulqin-nga-otu\/","og_site_name":"Lajme nga Ulqini","article_published_time":"2012-08-03T12:50:10+00:00","article_modified_time":"2012-08-04T11:03:14+00:00","og_image":[{"url":"http:\/\/www.visit-ulcinj.com\/blog\/wp-content\/uploads\/2012\/08\/Organizata-Turistike-e-Ulqinit.jpg"}],"twitter_misc":{"Written by":"ulqini","Est. reading time":"1 minute"},"schema":{"@context":"https:\/\/schema.org","@graph":[{"@type":"WebSite","@id":"https:\/\/www.visit-ulcinj.com\/blog\/#website","url":"https:\/\/www.visit-ulcinj.com\/blog\/","name":"Lajme nga Ulqini","description":"Lajme,Vijesti,Ulqini,Ulqin,Crna Gora,Mali i Zi","potentialAction":[{"@type":"SearchAction","target":{"@type":"EntryPoint","urlTemplate":"https:\/\/www.visit-ulcinj.com\/blog\/?s={search_term_string}"},"query-input":"required name=search_term_string"}],"inLanguage":"en-US"},{"@type":"ImageObject","inLanguage":"en-US","@id":"https:\/\/www.visit-ulcinj.com\/blog\/2012\/08\/03\/bilanci-periodike-i-turisteve-ne-ulqin-nga-otu\/#primaryimage","url":"https:\/\/www.visit-ulcinj.com\/blog\/wp-content\/uploads\/2012\/08\/Organizata-Turistike-e-Ulqinit.jpg","contentUrl":"https:\/\/www.visit-ulcinj.com\/blog\/wp-content\/uploads\/2012\/08\/Organizata-Turistike-e-Ulqinit.jpg","width":"349","height":"173"},{"@type":"WebPage","@id":"https:\/\/www.visit-ulcinj.com\/blog\/2012\/08\/03\/bilanci-periodike-i-turisteve-ne-ulqin-nga-otu\/#webpage","url":"https:\/\/www.visit-ulcinj.com\/blog\/2012\/08\/03\/bilanci-periodike-i-turisteve-ne-ulqin-nga-otu\/","name":"Bilanci periodik\u00eb i turist\u00ebve n\u00eb Ulqin nga OTU - Lajme nga Ulqini","isPartOf":{"@id":"https:\/\/www.visit-ulcinj.com\/blog\/#website"},"primaryImageOfPage":{"@id":"https:\/\/www.visit-ulcinj.com\/blog\/2012\/08\/03\/bilanci-periodike-i-turisteve-ne-ulqin-nga-otu\/#primaryimage"},"datePublished":"2012-08-03T12:50:10+00:00","dateModified":"2012-08-04T11:03:14+00:00","author":{"@id":"https:\/\/www.visit-ulcinj.com\/blog\/#\/schema\/person\/dcab619c614d3038751c63bc2aadc06d"},"description":"Kriza ekonomike u pasqyrua edhe n\u00eb numrin e turist\u00ebve n\u00eb k\u00ebt\u00eb sezon veror 2012 edhe n\u00eb bregdetin e Ulqinit. Pas nj\u00eb sezoni shum\u00eb t\u00eb mbar\u00eb t\u00eb nj\u00eb viti m\u00eb","breadcrumb":{"@id":"https:\/\/www.visit-ulcinj.com\/blog\/2012\/08\/03\/bilanci-periodike-i-turisteve-ne-ulqin-nga-otu\/#breadcrumb"},"inLanguage":"en-US","potentialAction":[{"@type":"ReadAction","target":["https:\/\/www.visit-ulcinj.com\/blog\/2012\/08\/03\/bilanci-periodike-i-turisteve-ne-ulqin-nga-otu\/"]}]},{"@type":"BreadcrumbList","@id":"https:\/\/www.visit-ulcinj.com\/blog\/2012\/08\/03\/bilanci-periodike-i-turisteve-ne-ulqin-nga-otu\/#breadcrumb","itemListElement":[{"@type":"ListItem","position":1,"name":"Bilanci periodik\u00eb i turist\u00ebve n\u00eb Ulqin nga OTU"}]},{"@type":"Person","@id":"https:\/\/www.visit-ulcinj.com\/blog\/#\/schema\/person\/dcab619c614d3038751c63bc2aadc06d","name":"ulqini","sameAs":["http:\/\/www.visit-ulcinj.com"],"url":"https:\/\/www.visit-ulcinj.com\/blog\/author\/admin\/"}]}},"jetpack_featured_media_url":"","jetpack_sharing_enabled":true,"jetpack_shortlink":"https:\/\/wp.me\/pe6lTn-ghk","_links":{"self":[{"href":"https:\/\/www.visit-ulcinj.com\/blog\/wp-json\/wp\/v2\/posts\/62578"}],"collection":[{"href":"https:\/\/www.visit-ulcinj.com\/blog\/wp-json\/wp\/v2\/posts"}],"about":[{"href":"https:\/\/www.visit-ulcinj.com\/blog\/wp-json\/wp\/v2\/types\/post"}],"author":[{"embeddable":true,"href":"https:\/\/www.visit-ulcinj.com\/blog\/wp-json\/wp\/v2\/users\/1"}],"replies":[{"embeddable":true,"href":"https:\/\/www.visit-ulcinj.com\/blog\/wp-json\/wp\/v2\/comments?post=62578"}],"version-history":[{"count":6,"href":"https:\/\/www.visit-ulcinj.com\/blog\/wp-json\/wp\/v2\/posts\/62578\/revisions"}],"predecessor-version":[{"id":62610,"href":"https:\/\/www.visit-ulcinj.com\/blog\/wp-json\/wp\/v2\/posts\/62578\/revisions\/62610"}],"wp:attachment":[{"href":"https:\/\/www.visit-ulcinj.com\/blog\/wp-json\/wp\/v2\/media?parent=62578"}],"wp:term":[{"taxonomy":"category","embeddable":true,"href":"https:\/\/www.visit-ulcinj.com\/blog\/wp-json\/wp\/v2\/categories?post=62578"},{"taxonomy":"post_tag","embeddable":true,"href":"https:\/\/www.visit-ulcinj.com\/blog\/wp-json\/wp\/v2\/tags?post=62578"}],"curies":[{"name":"wp","href":"https:\/\/api.w.org\/{rel}","templated":true}]}}