{"id":62583,"date":"2012-08-03T21:44:32","date_gmt":"2012-08-03T20:44:32","guid":{"rendered":"http:\/\/www.visit-ulcinj.com\/blog\/?p=62583"},"modified":"2012-08-04T10:51:01","modified_gmt":"2012-08-04T09:51:01","slug":"nimanbegu-sinishtaj-dorzimi-i-inciatives-ne-kuvend-te-mzper-formimin-e-komunes-se-tuzit","status":"publish","type":"post","link":"https:\/\/www.visit-ulcinj.com\/blog\/2012\/08\/03\/nimanbegu-sinishtaj-dorzimi-i-inciatives-ne-kuvend-te-mzper-formimin-e-komunes-se-tuzit\/","title":{"rendered":"Nimanbegu &#8211; Sinishtaj: Dorzimi i inciativ\u00ebs n\u00eb Kuvend t\u00eb MZ,p\u00ebr formimin e komun\u00ebs s\u00eb Tuzit"},"content":{"rendered":"<p><strong>\u00a0\u00a0<a href=\"http:\/\/www.visit-ulcinj.com\/blog\/wp-content\/uploads\/2012\/08\/Vasel-Sinistaj_Genci-Nimanbegu.jpg\"><img loading=\"lazy\" class=\"alignleft  wp-image-62584\" title=\"Vasel-Sinistaj_Genci-Nimanbegu\" src=\"http:\/\/www.visit-ulcinj.com\/blog\/wp-content\/uploads\/2012\/08\/Vasel-Sinistaj_Genci-Nimanbegu.jpg\" alt=\"\" width=\"350\" height=\"400\" \/><\/a>PROPOZIMI PER NDRYSHIMIN DHE PLOTESIMIN\u00a0 E LIGJIT MBI ORGANIZIMIN TERITORIJAL TE MALIT TE ZI<\/strong><\/p>\n<p>&nbsp;<\/p>\n<p>Deputetet shqiptare ne Parlamentin e Malit te Zi, Genci Nimanbegu dhe Vasel Sinishtaj kane dorezuar sot ne\u00a0 Kuvendin e Malit te Zi propozimin per ndryshimin dhe plotesimin e ligjit mbi organizimin teritorijal te Malit te Zi. Se bashku me propozim ligjin, ne baze te nenit 32 te Ligjit\u00a0 mbi organizimin territorial te Malit te Zi deputetet dorezuan edhe Studimin\/elaboratin mbi arsyetueshmerine e ndryshimit territorial. Elaboratin per formimin e Komunes\u00a0 Malesi\/Tuz e ka kryer z.Nikolle Sinishtaj ne baze te autorizimit nga dy deputetet te dhene dhe ne harmonizim me ligjin aktual dhe Rregulloren per permbajtjen dhe metodologjine e hartimit te elaboratit per arsyetueshmerine e ndrrimit territorial.<\/p>\n<p>Ne baze te elaboratit te punuar shifet qarte se Malesia posedon kapacitete dhe resurse te mjaftueshme qe te egzistoje dhe veproje si Komune e pavarur per cgje ne si FORCE\u00a0 jemi angazhuar cdohere dhe jemi te kenaqur qe me ne fund kjo pune po rezulton edhe me vepra konkrete per te cilat po punojme\u00a0 tash sa kohe. Komuna e pavarur e Malesise ne asnje menyre nuk do te rrezikoje zhvillimin ekonomik te Malit te Zi, por perkundrazi\u00a0 me kete hap te decentralizimit te pushtetit Malesise do ti jepet statusi I Komunes se plote dhe do te funksionoje ne menyre me efikase me te gjitha kapacitetet e veta e ne kete menyre edhe shteti I Malit te Zi do te respektoje Kushtetuten dhe ligjet e veta .<\/p>\n<p>Ne si FORCE ne parlamentin e Malit te zi me plote te drejte tash sa vite kerkojme qe Malesija te behet komune e plote dhe ti fitoje te drejtat e dhe nga ana e pjestareve te pushtetit\u00a0 nuk eshte verejtur se egziston vullneti I plote me arsyetim te qendrueshmerise,por pasiqe qendrueshmeria egziston dhe eshte dokumentuar, tani mbetet te shohim se a do te perkrahet ky veprim\u00a0 madhor per banoret e Malesise.<\/p>\n<p>Genci Nimanbegu<\/p>\n<p>Kryetare I Klubit te deputeteve shqiptar ne parlamentin e Malit te Zi<\/p>\n","protected":false},"excerpt":{"rendered":"<p>\u00a0\u00a0PROPOZIMI PER NDRYSHIMIN DHE PLOTESIMIN\u00a0 E LIGJIT MBI ORGANIZIMIN TERITORIJAL TE MALIT TE ZI &nbsp; Deputetet shqiptare ne Parlamentin e Malit te Zi, Genci Nimanbegu dhe Vasel Sinishtaj kane dorezuar sot ne\u00a0 Kuvendin e Malit te Zi propozimin per ndryshimin dhe plotesimin e ligjit mbi organizimin teritorijal te Malit te Zi. Se bashku me propozim [&hellip;]<\/p>\n","protected":false},"author":1,"featured_media":0,"comment_status":"open","ping_status":"closed","sticky":false,"template":"","format":"standard","meta":{"spay_email":"","jetpack_publicize_message":"","jetpack_is_tweetstorm":false,"jetpack_publicize_feature_enabled":true},"categories":[1,6],"tags":[1073,348],"jetpack_publicize_connections":[],"yoast_head":"<!-- This site is optimized with the Yoast SEO plugin v19.1 - https:\/\/yoast.com\/wordpress\/plugins\/seo\/ -->\n<title>Nimanbegu - Sinishtaj: Dorzimi i inciativ\u00ebs n\u00eb Kuvend t\u00eb MZ,p\u00ebr formimin e komun\u00ebs s\u00eb Tuzit - Lajme nga Ulqini<\/title>\n<meta name=\"description\" content=\"\u00a0\u00a0PROPOZIMI PER NDRYSHIMIN DHE PLOTESIMIN\u00a0 E LIGJIT MBI ORGANIZIMIN TERITORIJAL TE MALIT TE ZI &nbsp; Deputetet shqiptare ne Parlamentin e Malit te Zi,\" \/>\n<meta name=\"robots\" content=\"index, follow, max-snippet:-1, max-image-preview:large, max-video-preview:-1\" \/>\n<link rel=\"canonical\" href=\"https:\/\/www.visit-ulcinj.com\/blog\/2012\/08\/03\/nimanbegu-sinishtaj-dorzimi-i-inciatives-ne-kuvend-te-mzper-formimin-e-komunes-se-tuzit\/\" \/>\n<meta property=\"og:locale\" content=\"en_US\" \/>\n<meta property=\"og:type\" content=\"article\" \/>\n<meta property=\"og:title\" content=\"Nimanbegu - Sinishtaj: Dorzimi i inciativ\u00ebs n\u00eb Kuvend t\u00eb MZ,p\u00ebr formimin e komun\u00ebs s\u00eb Tuzit - Lajme nga Ulqini\" \/>\n<meta property=\"og:description\" content=\"\u00a0\u00a0PROPOZIMI PER NDRYSHIMIN DHE PLOTESIMIN\u00a0 E LIGJIT MBI ORGANIZIMIN TERITORIJAL TE MALIT TE ZI &nbsp; Deputetet shqiptare ne Parlamentin e Malit te Zi,\" \/>\n<meta property=\"og:url\" content=\"https:\/\/www.visit-ulcinj.com\/blog\/2012\/08\/03\/nimanbegu-sinishtaj-dorzimi-i-inciatives-ne-kuvend-te-mzper-formimin-e-komunes-se-tuzit\/\" \/>\n<meta property=\"og:site_name\" content=\"Lajme nga Ulqini\" \/>\n<meta property=\"article:published_time\" content=\"2012-08-03T20:44:32+00:00\" \/>\n<meta property=\"article:modified_time\" content=\"2012-08-04T09:51:01+00:00\" \/>\n<meta property=\"og:image\" content=\"http:\/\/www.visit-ulcinj.com\/blog\/wp-content\/uploads\/2012\/08\/Vasel-Sinistaj_Genci-Nimanbegu.jpg\" \/>\n<meta name=\"twitter:label1\" content=\"Written by\" \/>\n\t<meta name=\"twitter:data1\" content=\"ulqini\" \/>\n\t<meta name=\"twitter:label2\" content=\"Est. reading time\" \/>\n\t<meta name=\"twitter:data2\" content=\"2 minutes\" \/>\n<script type=\"application\/ld+json\" class=\"yoast-schema-graph\">{\"@context\":\"https:\/\/schema.org\",\"@graph\":[{\"@type\":\"WebSite\",\"@id\":\"https:\/\/www.visit-ulcinj.com\/blog\/#website\",\"url\":\"https:\/\/www.visit-ulcinj.com\/blog\/\",\"name\":\"Lajme nga Ulqini\",\"description\":\"Lajme,Vijesti,Ulqini,Ulqin,Crna Gora,Mali i Zi\",\"potentialAction\":[{\"@type\":\"SearchAction\",\"target\":{\"@type\":\"EntryPoint\",\"urlTemplate\":\"https:\/\/www.visit-ulcinj.com\/blog\/?s={search_term_string}\"},\"query-input\":\"required name=search_term_string\"}],\"inLanguage\":\"en-US\"},{\"@type\":\"ImageObject\",\"inLanguage\":\"en-US\",\"@id\":\"https:\/\/www.visit-ulcinj.com\/blog\/2012\/08\/03\/nimanbegu-sinishtaj-dorzimi-i-inciatives-ne-kuvend-te-mzper-formimin-e-komunes-se-tuzit\/#primaryimage\",\"url\":\"https:\/\/www.visit-ulcinj.com\/blog\/wp-content\/uploads\/2012\/08\/Vasel-Sinistaj_Genci-Nimanbegu.jpg\",\"contentUrl\":\"https:\/\/www.visit-ulcinj.com\/blog\/wp-content\/uploads\/2012\/08\/Vasel-Sinistaj_Genci-Nimanbegu.jpg\",\"width\":\"546\",\"height\":\"676\"},{\"@type\":\"WebPage\",\"@id\":\"https:\/\/www.visit-ulcinj.com\/blog\/2012\/08\/03\/nimanbegu-sinishtaj-dorzimi-i-inciatives-ne-kuvend-te-mzper-formimin-e-komunes-se-tuzit\/#webpage\",\"url\":\"https:\/\/www.visit-ulcinj.com\/blog\/2012\/08\/03\/nimanbegu-sinishtaj-dorzimi-i-inciatives-ne-kuvend-te-mzper-formimin-e-komunes-se-tuzit\/\",\"name\":\"Nimanbegu - Sinishtaj: Dorzimi i inciativ\u00ebs n\u00eb Kuvend t\u00eb MZ,p\u00ebr formimin e komun\u00ebs s\u00eb Tuzit - Lajme nga Ulqini\",\"isPartOf\":{\"@id\":\"https:\/\/www.visit-ulcinj.com\/blog\/#website\"},\"primaryImageOfPage\":{\"@id\":\"https:\/\/www.visit-ulcinj.com\/blog\/2012\/08\/03\/nimanbegu-sinishtaj-dorzimi-i-inciatives-ne-kuvend-te-mzper-formimin-e-komunes-se-tuzit\/#primaryimage\"},\"datePublished\":\"2012-08-03T20:44:32+00:00\",\"dateModified\":\"2012-08-04T09:51:01+00:00\",\"author\":{\"@id\":\"https:\/\/www.visit-ulcinj.com\/blog\/#\/schema\/person\/dcab619c614d3038751c63bc2aadc06d\"},\"description\":\"\u00a0\u00a0PROPOZIMI PER NDRYSHIMIN DHE PLOTESIMIN\u00a0 E LIGJIT MBI ORGANIZIMIN TERITORIJAL TE MALIT TE ZI &nbsp; Deputetet shqiptare ne Parlamentin e Malit te Zi,\",\"breadcrumb\":{\"@id\":\"https:\/\/www.visit-ulcinj.com\/blog\/2012\/08\/03\/nimanbegu-sinishtaj-dorzimi-i-inciatives-ne-kuvend-te-mzper-formimin-e-komunes-se-tuzit\/#breadcrumb\"},\"inLanguage\":\"en-US\",\"potentialAction\":[{\"@type\":\"ReadAction\",\"target\":[\"https:\/\/www.visit-ulcinj.com\/blog\/2012\/08\/03\/nimanbegu-sinishtaj-dorzimi-i-inciatives-ne-kuvend-te-mzper-formimin-e-komunes-se-tuzit\/\"]}]},{\"@type\":\"BreadcrumbList\",\"@id\":\"https:\/\/www.visit-ulcinj.com\/blog\/2012\/08\/03\/nimanbegu-sinishtaj-dorzimi-i-inciatives-ne-kuvend-te-mzper-formimin-e-komunes-se-tuzit\/#breadcrumb\",\"itemListElement\":[{\"@type\":\"ListItem\",\"position\":1,\"name\":\"Nimanbegu &#8211; Sinishtaj: Dorzimi i inciativ\u00ebs n\u00eb Kuvend t\u00eb MZ,p\u00ebr formimin e komun\u00ebs s\u00eb Tuzit\"}]},{\"@type\":\"Person\",\"@id\":\"https:\/\/www.visit-ulcinj.com\/blog\/#\/schema\/person\/dcab619c614d3038751c63bc2aadc06d\",\"name\":\"ulqini\",\"sameAs\":[\"http:\/\/www.visit-ulcinj.com\"],\"url\":\"https:\/\/www.visit-ulcinj.com\/blog\/author\/admin\/\"}]}<\/script>\n<!-- \/ Yoast SEO plugin. -->","yoast_head_json":{"title":"Nimanbegu - Sinishtaj: Dorzimi i inciativ\u00ebs n\u00eb Kuvend t\u00eb MZ,p\u00ebr formimin e komun\u00ebs s\u00eb Tuzit - Lajme nga Ulqini","description":"\u00a0\u00a0PROPOZIMI PER NDRYSHIMIN DHE PLOTESIMIN\u00a0 E LIGJIT MBI ORGANIZIMIN TERITORIJAL TE MALIT TE ZI &nbsp; Deputetet shqiptare ne Parlamentin e Malit te Zi,","robots":{"index":"index","follow":"follow","max-snippet":"max-snippet:-1","max-image-preview":"max-image-preview:large","max-video-preview":"max-video-preview:-1"},"canonical":"https:\/\/www.visit-ulcinj.com\/blog\/2012\/08\/03\/nimanbegu-sinishtaj-dorzimi-i-inciatives-ne-kuvend-te-mzper-formimin-e-komunes-se-tuzit\/","og_locale":"en_US","og_type":"article","og_title":"Nimanbegu - Sinishtaj: Dorzimi i inciativ\u00ebs n\u00eb Kuvend t\u00eb MZ,p\u00ebr formimin e komun\u00ebs s\u00eb Tuzit - Lajme nga Ulqini","og_description":"\u00a0\u00a0PROPOZIMI PER NDRYSHIMIN DHE PLOTESIMIN\u00a0 E LIGJIT MBI ORGANIZIMIN TERITORIJAL TE MALIT TE ZI &nbsp; Deputetet shqiptare ne Parlamentin e Malit te Zi,","og_url":"https:\/\/www.visit-ulcinj.com\/blog\/2012\/08\/03\/nimanbegu-sinishtaj-dorzimi-i-inciatives-ne-kuvend-te-mzper-formimin-e-komunes-se-tuzit\/","og_site_name":"Lajme nga Ulqini","article_published_time":"2012-08-03T20:44:32+00:00","article_modified_time":"2012-08-04T09:51:01+00:00","og_image":[{"url":"http:\/\/www.visit-ulcinj.com\/blog\/wp-content\/uploads\/2012\/08\/Vasel-Sinistaj_Genci-Nimanbegu.jpg"}],"twitter_misc":{"Written by":"ulqini","Est. reading time":"2 minutes"},"schema":{"@context":"https:\/\/schema.org","@graph":[{"@type":"WebSite","@id":"https:\/\/www.visit-ulcinj.com\/blog\/#website","url":"https:\/\/www.visit-ulcinj.com\/blog\/","name":"Lajme nga Ulqini","description":"Lajme,Vijesti,Ulqini,Ulqin,Crna Gora,Mali i Zi","potentialAction":[{"@type":"SearchAction","target":{"@type":"EntryPoint","urlTemplate":"https:\/\/www.visit-ulcinj.com\/blog\/?s={search_term_string}"},"query-input":"required name=search_term_string"}],"inLanguage":"en-US"},{"@type":"ImageObject","inLanguage":"en-US","@id":"https:\/\/www.visit-ulcinj.com\/blog\/2012\/08\/03\/nimanbegu-sinishtaj-dorzimi-i-inciatives-ne-kuvend-te-mzper-formimin-e-komunes-se-tuzit\/#primaryimage","url":"https:\/\/www.visit-ulcinj.com\/blog\/wp-content\/uploads\/2012\/08\/Vasel-Sinistaj_Genci-Nimanbegu.jpg","contentUrl":"https:\/\/www.visit-ulcinj.com\/blog\/wp-content\/uploads\/2012\/08\/Vasel-Sinistaj_Genci-Nimanbegu.jpg","width":"546","height":"676"},{"@type":"WebPage","@id":"https:\/\/www.visit-ulcinj.com\/blog\/2012\/08\/03\/nimanbegu-sinishtaj-dorzimi-i-inciatives-ne-kuvend-te-mzper-formimin-e-komunes-se-tuzit\/#webpage","url":"https:\/\/www.visit-ulcinj.com\/blog\/2012\/08\/03\/nimanbegu-sinishtaj-dorzimi-i-inciatives-ne-kuvend-te-mzper-formimin-e-komunes-se-tuzit\/","name":"Nimanbegu - Sinishtaj: Dorzimi i inciativ\u00ebs n\u00eb Kuvend t\u00eb MZ,p\u00ebr formimin e komun\u00ebs s\u00eb Tuzit - Lajme nga Ulqini","isPartOf":{"@id":"https:\/\/www.visit-ulcinj.com\/blog\/#website"},"primaryImageOfPage":{"@id":"https:\/\/www.visit-ulcinj.com\/blog\/2012\/08\/03\/nimanbegu-sinishtaj-dorzimi-i-inciatives-ne-kuvend-te-mzper-formimin-e-komunes-se-tuzit\/#primaryimage"},"datePublished":"2012-08-03T20:44:32+00:00","dateModified":"2012-08-04T09:51:01+00:00","author":{"@id":"https:\/\/www.visit-ulcinj.com\/blog\/#\/schema\/person\/dcab619c614d3038751c63bc2aadc06d"},"description":"\u00a0\u00a0PROPOZIMI PER NDRYSHIMIN DHE PLOTESIMIN\u00a0 E LIGJIT MBI ORGANIZIMIN TERITORIJAL TE MALIT TE ZI &nbsp; Deputetet shqiptare ne Parlamentin e Malit te Zi,","breadcrumb":{"@id":"https:\/\/www.visit-ulcinj.com\/blog\/2012\/08\/03\/nimanbegu-sinishtaj-dorzimi-i-inciatives-ne-kuvend-te-mzper-formimin-e-komunes-se-tuzit\/#breadcrumb"},"inLanguage":"en-US","potentialAction":[{"@type":"ReadAction","target":["https:\/\/www.visit-ulcinj.com\/blog\/2012\/08\/03\/nimanbegu-sinishtaj-dorzimi-i-inciatives-ne-kuvend-te-mzper-formimin-e-komunes-se-tuzit\/"]}]},{"@type":"BreadcrumbList","@id":"https:\/\/www.visit-ulcinj.com\/blog\/2012\/08\/03\/nimanbegu-sinishtaj-dorzimi-i-inciatives-ne-kuvend-te-mzper-formimin-e-komunes-se-tuzit\/#breadcrumb","itemListElement":[{"@type":"ListItem","position":1,"name":"Nimanbegu &#8211; Sinishtaj: Dorzimi i inciativ\u00ebs n\u00eb Kuvend t\u00eb MZ,p\u00ebr formimin e komun\u00ebs s\u00eb Tuzit"}]},{"@type":"Person","@id":"https:\/\/www.visit-ulcinj.com\/blog\/#\/schema\/person\/dcab619c614d3038751c63bc2aadc06d","name":"ulqini","sameAs":["http:\/\/www.visit-ulcinj.com"],"url":"https:\/\/www.visit-ulcinj.com\/blog\/author\/admin\/"}]}},"jetpack_featured_media_url":"","jetpack_sharing_enabled":true,"jetpack_shortlink":"https:\/\/wp.me\/pe6lTn-ghp","_links":{"self":[{"href":"https:\/\/www.visit-ulcinj.com\/blog\/wp-json\/wp\/v2\/posts\/62583"}],"collection":[{"href":"https:\/\/www.visit-ulcinj.com\/blog\/wp-json\/wp\/v2\/posts"}],"about":[{"href":"https:\/\/www.visit-ulcinj.com\/blog\/wp-json\/wp\/v2\/types\/post"}],"author":[{"embeddable":true,"href":"https:\/\/www.visit-ulcinj.com\/blog\/wp-json\/wp\/v2\/users\/1"}],"replies":[{"embeddable":true,"href":"https:\/\/www.visit-ulcinj.com\/blog\/wp-json\/wp\/v2\/comments?post=62583"}],"version-history":[{"count":2,"href":"https:\/\/www.visit-ulcinj.com\/blog\/wp-json\/wp\/v2\/posts\/62583\/revisions"}],"predecessor-version":[{"id":62597,"href":"https:\/\/www.visit-ulcinj.com\/blog\/wp-json\/wp\/v2\/posts\/62583\/revisions\/62597"}],"wp:attachment":[{"href":"https:\/\/www.visit-ulcinj.com\/blog\/wp-json\/wp\/v2\/media?parent=62583"}],"wp:term":[{"taxonomy":"category","embeddable":true,"href":"https:\/\/www.visit-ulcinj.com\/blog\/wp-json\/wp\/v2\/categories?post=62583"},{"taxonomy":"post_tag","embeddable":true,"href":"https:\/\/www.visit-ulcinj.com\/blog\/wp-json\/wp\/v2\/tags?post=62583"}],"curies":[{"name":"wp","href":"https:\/\/api.w.org\/{rel}","templated":true}]}}